{"id":1381,"date":"2016-08-31T10:49:24","date_gmt":"2016-08-31T13:49:24","guid":{"rendered":"http:\/\/blog.panrotas.com.br\/mktdestinos\/?p=1381"},"modified":"2016-08-31T10:49:24","modified_gmt":"2016-08-31T13:49:24","slug":"entrada-liberada","status":"publish","type":"post","link":"https:\/\/blog.panrotas.com.br\/mktdestinos\/2016\/08\/31\/entrada-liberada\/","title":{"rendered":"Entrada liberada"},"content":{"rendered":"<p style=\"text-align: justify\"><a href=\"http:\/\/blog.panrotas.com.br\/mktdestinos\/index.php\/2016\/08\/31\/entrada-liberada\/vistobrasil\/\" rel=\"attachment wp-att-1385\"><img loading=\"lazy\" class=\"alignleft wp-image-1385 size-medium\" src=\"http:\/\/panrotas.blog.br\/mktdestinos\/wp-content\/uploads\/sites\/23\/2016\/08\/vistobrasil-300x132.jpg\" alt=\"vistobrasil\" width=\"300\" height=\"132\" srcset=\"https:\/\/blog.panrotas.com.br\/mktdestinos\/wp-content\/uploads\/sites\/23\/2016\/08\/vistobrasil-300x132.jpg 300w, https:\/\/blog.panrotas.com.br\/mktdestinos\/wp-content\/uploads\/sites\/23\/2016\/08\/vistobrasil-768x337.jpg 768w, https:\/\/blog.panrotas.com.br\/mktdestinos\/wp-content\/uploads\/sites\/23\/2016\/08\/vistobrasil-1024x450.jpg 1024w, https:\/\/blog.panrotas.com.br\/mktdestinos\/wp-content\/uploads\/sites\/23\/2016\/08\/vistobrasil.jpg 1040w\" sizes=\"(max-width: 300px) 100vw, 300px\" \/><\/a>A Olimp\u00edada acabou, mas alguns dados do turismo no per\u00edodo dos jogos continuam sendo divulgados. O Minist\u00e9rio do Turismo informou nesta ter\u00e7a-feira (30) os resultados da isen\u00e7\u00e3o unilateral e tempor\u00e1ria de vistos para turistas americanos, japoneses, australianos e canadenses. A medida foi bem sucedida: segundo o MTur, de 28 de julho a 15 de agosto, 40 mil turistas destes pa\u00edses foram beneficiados com a entrada facilitada no Brasil e injetaram U$$ 48,5 milh\u00f5es na economia do pa\u00eds.<\/p>\n<p style=\"text-align: justify\"><span style=\"font-weight: 400\">No entanto, os turistas advindos desses pa\u00edses n\u00e3o foram a maioria. Das quatro nacionalidades beneficiadas com a isen\u00e7\u00e3o de visto, apenas os EUA est\u00e3o entre os pa\u00edses que trouxeram mais visitantes \u00e0 Rio 2016 (na primeira coloca\u00e7\u00e3o, diga-se de passagem). Em seguida est\u00e3o a Argentina e a Inglaterra; j\u00e1 Austr\u00e1lia, Jap\u00e3o e Canad\u00e1 n\u00e3o est\u00e3o nem entre os dez primeiros.<\/span><\/p>\n<p style=\"text-align: justify\"><span style=\"font-weight: 400\">Especialmente nos Estados Unidos a isen\u00e7\u00e3o foi amplamente divulgada, a embaixada criou um blog para informar os cidad\u00e3o americanos a respeito e fez campanha em redes sociais. <\/span><span style=\"font-weight: 400\">Bom para n\u00f3s, j\u00e1 que o turista norte-americano \u00e9 o que mais gasta no Brasil no segmento lazer. O gasto m\u00e9dio por dia do visitante aqui \u00e9 de US$ 125,21, enquanto a m\u00e9dia global \u00e9 de US$ 87.<\/span><\/p>\n<p style=\"text-align: justify\"><b>E se adotarmos a medida permanentemente? <\/b><span style=\"font-weight: 400\">O MTur comunica que o fluxo de turistas aumentaria em 20% e ter\u00edamos um impacto de U$$ 175,2 milh\u00f5es na economia ao ano. Mas ainda h\u00e1 muito a ser debatido antes de tornar vigente a perman\u00eancia da medida de incentivo e na contabiliza\u00e7\u00e3o dos efeitos da isen\u00e7\u00e3o.<\/span><\/p>\n<p style=\"text-align: justify\"><span style=\"font-weight: 400\">Vale ressaltar que os resultados do levantamento s\u00e3o parciais e restritos \u00e0 Rio 2016, uma vez que a isen\u00e7\u00e3o de vistos passou a valer em 1\u00ba de junho e continuar\u00e1 at\u00e9 18 de setembro, data em que se encerram os Jogos Paral\u00edmpicos. Essa e outras medidas que possam significar a retirada de barreiras para a entrada de visitantes s\u00e3o debatidas h\u00e1 muitos anos, continuar insistindo e convencendo as lideran\u00e7as parlamentares \u00e9 uma importante tarefa dos profissionais e entidades do setor.<\/span><\/p>\n<p style=\"text-align: justify\">\n","protected":false},"excerpt":{"rendered":"<p>A Olimp\u00edada acabou, mas alguns dados do turismo no per\u00edodo dos jogos continuam sendo divulgados. O Minist\u00e9rio do Turismo informou nesta ter\u00e7a-feira (30) os resultados da isen\u00e7\u00e3o unilateral e tempor\u00e1ria de vistos para turistas americanos, japoneses, australianos e canadenses. A medida foi bem sucedida: segundo o MTur, de 28 de julho a 15 de agosto,&hellip; <a class=\"more-link\" href=\"https:\/\/blog.panrotas.com.br\/mktdestinos\/2016\/08\/31\/entrada-liberada\/\">Continue reading &rarr;<\/a><\/p>\n","protected":false},"author":21,"featured_media":0,"comment_status":"open","ping_status":"open","sticky":false,"template":"","format":"standard","meta":{"spay_email":""},"categories":[3],"tags":[103,290,452,497,631,785,886,1023,1025],"yoast_head":"<!-- This site is optimized with the Yoast SEO plugin v17.3 - https:\/\/yoast.com\/wordpress\/plugins\/seo\/ -->\n<title>Entrada liberada - Marketing Destinos<\/title>\n<meta name=\"robots\" content=\"index, follow, max-snippet:-1, max-image-preview:large, max-video-preview:-1\" \/>\n<link rel=\"canonical\" href=\"https:\/\/blog.panrotas.com.br\/mktdestinos\/2016\/08\/31\/entrada-liberada\/\" \/>\n<meta property=\"og:locale\" content=\"pt_BR\" \/>\n<meta property=\"og:type\" content=\"article\" \/>\n<meta property=\"og:title\" content=\"Entrada liberada - Marketing Destinos\" \/>\n<meta property=\"og:description\" content=\"A Olimp\u00edada acabou, mas alguns dados do turismo no per\u00edodo dos jogos continuam sendo divulgados. O Minist\u00e9rio do Turismo informou nesta ter\u00e7a-feira (30) os resultados da isen\u00e7\u00e3o unilateral e tempor\u00e1ria de vistos para turistas americanos, japoneses, australianos e canadenses. A medida foi bem sucedida: segundo o MTur, de 28 de julho a 15 de agosto,&hellip; Continue reading &rarr;\" \/>\n<meta property=\"og:url\" content=\"https:\/\/blog.panrotas.com.br\/mktdestinos\/2016\/08\/31\/entrada-liberada\/\" \/>\n<meta property=\"og:site_name\" content=\"Marketing Destinos\" \/>\n<meta property=\"article:published_time\" content=\"2016-08-31T13:49:24+00:00\" \/>\n<meta property=\"og:image\" content=\"http:\/\/panrotas.blog.br\/mktdestinos\/wp-content\/uploads\/sites\/23\/2016\/08\/vistobrasil-300x132.jpg\" \/>\n<meta name=\"twitter:card\" content=\"summary_large_image\" \/>\n<meta name=\"twitter:label1\" content=\"Escrito por\" \/>\n\t<meta name=\"twitter:data1\" content=\"Jeanine Pires\" \/>\n\t<meta name=\"twitter:label2\" content=\"Est. tempo de leitura\" \/>\n\t<meta name=\"twitter:data2\" content=\"2 minutos\" \/>\n<script type=\"application\/ld+json\" class=\"yoast-schema-graph\">{\"@context\":\"https:\/\/schema.org\",\"@graph\":[{\"@type\":\"WebSite\",\"@id\":\"https:\/\/blog.panrotas.com.br\/mktdestinos\/#website\",\"url\":\"https:\/\/blog.panrotas.com.br\/mktdestinos\/\",\"name\":\"Marketing Destinos\",\"description\":\"\",\"potentialAction\":[{\"@type\":\"SearchAction\",\"target\":{\"@type\":\"EntryPoint\",\"urlTemplate\":\"https:\/\/blog.panrotas.com.br\/mktdestinos\/?s={search_term_string}\"},\"query-input\":\"required name=search_term_string\"}],\"inLanguage\":\"pt-BR\"},{\"@type\":\"ImageObject\",\"@id\":\"https:\/\/blog.panrotas.com.br\/mktdestinos\/2016\/08\/31\/entrada-liberada\/#primaryimage\",\"inLanguage\":\"pt-BR\",\"url\":\"http:\/\/panrotas.blog.br\/mktdestinos\/wp-content\/uploads\/sites\/23\/2016\/08\/vistobrasil-300x132.jpg\",\"contentUrl\":\"http:\/\/panrotas.blog.br\/mktdestinos\/wp-content\/uploads\/sites\/23\/2016\/08\/vistobrasil-300x132.jpg\"},{\"@type\":\"WebPage\",\"@id\":\"https:\/\/blog.panrotas.com.br\/mktdestinos\/2016\/08\/31\/entrada-liberada\/#webpage\",\"url\":\"https:\/\/blog.panrotas.com.br\/mktdestinos\/2016\/08\/31\/entrada-liberada\/\",\"name\":\"Entrada liberada - Marketing Destinos\",\"isPartOf\":{\"@id\":\"https:\/\/blog.panrotas.com.br\/mktdestinos\/#website\"},\"primaryImageOfPage\":{\"@id\":\"https:\/\/blog.panrotas.com.br\/mktdestinos\/2016\/08\/31\/entrada-liberada\/#primaryimage\"},\"datePublished\":\"2016-08-31T13:49:24+00:00\",\"dateModified\":\"2016-08-31T13:49:24+00:00\",\"author\":{\"@id\":\"https:\/\/blog.panrotas.com.br\/mktdestinos\/#\/schema\/person\/6b7480064d4010fed7920e2a06e2472e\"},\"breadcrumb\":{\"@id\":\"https:\/\/blog.panrotas.com.br\/mktdestinos\/2016\/08\/31\/entrada-liberada\/#breadcrumb\"},\"inLanguage\":\"pt-BR\",\"potentialAction\":[{\"@type\":\"ReadAction\",\"target\":[\"https:\/\/blog.panrotas.com.br\/mktdestinos\/2016\/08\/31\/entrada-liberada\/\"]}]},{\"@type\":\"BreadcrumbList\",\"@id\":\"https:\/\/blog.panrotas.com.br\/mktdestinos\/2016\/08\/31\/entrada-liberada\/#breadcrumb\",\"itemListElement\":[{\"@type\":\"ListItem\",\"position\":1,\"name\":\"In\\u00edcio\",\"item\":\"https:\/\/blog.panrotas.com.br\/mktdestinos\/\"},{\"@type\":\"ListItem\",\"position\":2,\"name\":\"Entrada liberada\"}]},{\"@type\":\"Person\",\"@id\":\"https:\/\/blog.panrotas.com.br\/mktdestinos\/#\/schema\/person\/6b7480064d4010fed7920e2a06e2472e\",\"name\":\"Jeanine Pires\",\"image\":{\"@type\":\"ImageObject\",\"@id\":\"https:\/\/blog.panrotas.com.br\/mktdestinos\/#personlogo\",\"inLanguage\":\"pt-BR\",\"url\":\"https:\/\/secure.gravatar.com\/avatar\/4eff31f2a3aee87600bf1f78d5953f48?s=96&d=mm&r=g\",\"contentUrl\":\"https:\/\/secure.gravatar.com\/avatar\/4eff31f2a3aee87600bf1f78d5953f48?s=96&d=mm&r=g\",\"caption\":\"Jeanine Pires\"},\"description\":\"Apaixonada pela ind\\u00fastria de viagens e turismo, h\\u00e1 31 anos atua como l\\u00edder do setor no Brasil e no exterior. J\\u00e1 Presidiu e foi Diretora da EMBRATUR entre 2003 e 2010; \\u00e9 Diretora da Pires Intelig\\u00eancia em Destinos e, no final de 2022, entrou para a CVC Corp como Diretora de Alian\\u00e7as e Rela\\u00e7\\u00f5es Governamentais. Jeanine foi Co-fundadora da startup ONER Travel em 2020 e j\\u00e1 atuou como Presidente do Conselho da Fecom\\u00e9rcio S\\u00e3o Paulo e da WTM Latin America. Com forma\\u00e7\\u00e3o e especialidade em marketing de destinos e economia do turismo, Jeanine faz palestras, cursos e consultorias.\",\"url\":\"https:\/\/blog.panrotas.com.br\/mktdestinos\/author\/jeanine\/\"}]}<\/script>\n<!-- \/ Yoast SEO plugin. -->","yoast_head_json":{"title":"Entrada liberada - Marketing Destinos","robots":{"index":"index","follow":"follow","max-snippet":"max-snippet:-1","max-image-preview":"max-image-preview:large","max-video-preview":"max-video-preview:-1"},"canonical":"https:\/\/blog.panrotas.com.br\/mktdestinos\/2016\/08\/31\/entrada-liberada\/","og_locale":"pt_BR","og_type":"article","og_title":"Entrada liberada - Marketing Destinos","og_description":"A Olimp\u00edada acabou, mas alguns dados do turismo no per\u00edodo dos jogos continuam sendo divulgados. O Minist\u00e9rio do Turismo informou nesta ter\u00e7a-feira (30) os resultados da isen\u00e7\u00e3o unilateral e tempor\u00e1ria de vistos para turistas americanos, japoneses, australianos e canadenses. A medida foi bem sucedida: segundo o MTur, de 28 de julho a 15 de agosto,&hellip; Continue reading &rarr;","og_url":"https:\/\/blog.panrotas.com.br\/mktdestinos\/2016\/08\/31\/entrada-liberada\/","og_site_name":"Marketing Destinos","article_published_time":"2016-08-31T13:49:24+00:00","og_image":[{"url":"http:\/\/panrotas.blog.br\/mktdestinos\/wp-content\/uploads\/sites\/23\/2016\/08\/vistobrasil-300x132.jpg"}],"twitter_card":"summary_large_image","twitter_misc":{"Escrito por":"Jeanine Pires","Est. tempo de leitura":"2 minutos"},"schema":{"@context":"https:\/\/schema.org","@graph":[{"@type":"WebSite","@id":"https:\/\/blog.panrotas.com.br\/mktdestinos\/#website","url":"https:\/\/blog.panrotas.com.br\/mktdestinos\/","name":"Marketing Destinos","description":"","potentialAction":[{"@type":"SearchAction","target":{"@type":"EntryPoint","urlTemplate":"https:\/\/blog.panrotas.com.br\/mktdestinos\/?s={search_term_string}"},"query-input":"required name=search_term_string"}],"inLanguage":"pt-BR"},{"@type":"ImageObject","@id":"https:\/\/blog.panrotas.com.br\/mktdestinos\/2016\/08\/31\/entrada-liberada\/#primaryimage","inLanguage":"pt-BR","url":"http:\/\/panrotas.blog.br\/mktdestinos\/wp-content\/uploads\/sites\/23\/2016\/08\/vistobrasil-300x132.jpg","contentUrl":"http:\/\/panrotas.blog.br\/mktdestinos\/wp-content\/uploads\/sites\/23\/2016\/08\/vistobrasil-300x132.jpg"},{"@type":"WebPage","@id":"https:\/\/blog.panrotas.com.br\/mktdestinos\/2016\/08\/31\/entrada-liberada\/#webpage","url":"https:\/\/blog.panrotas.com.br\/mktdestinos\/2016\/08\/31\/entrada-liberada\/","name":"Entrada liberada - Marketing Destinos","isPartOf":{"@id":"https:\/\/blog.panrotas.com.br\/mktdestinos\/#website"},"primaryImageOfPage":{"@id":"https:\/\/blog.panrotas.com.br\/mktdestinos\/2016\/08\/31\/entrada-liberada\/#primaryimage"},"datePublished":"2016-08-31T13:49:24+00:00","dateModified":"2016-08-31T13:49:24+00:00","author":{"@id":"https:\/\/blog.panrotas.com.br\/mktdestinos\/#\/schema\/person\/6b7480064d4010fed7920e2a06e2472e"},"breadcrumb":{"@id":"https:\/\/blog.panrotas.com.br\/mktdestinos\/2016\/08\/31\/entrada-liberada\/#breadcrumb"},"inLanguage":"pt-BR","potentialAction":[{"@type":"ReadAction","target":["https:\/\/blog.panrotas.com.br\/mktdestinos\/2016\/08\/31\/entrada-liberada\/"]}]},{"@type":"BreadcrumbList","@id":"https:\/\/blog.panrotas.com.br\/mktdestinos\/2016\/08\/31\/entrada-liberada\/#breadcrumb","itemListElement":[{"@type":"ListItem","position":1,"name":"In\u00edcio","item":"https:\/\/blog.panrotas.com.br\/mktdestinos\/"},{"@type":"ListItem","position":2,"name":"Entrada liberada"}]},{"@type":"Person","@id":"https:\/\/blog.panrotas.com.br\/mktdestinos\/#\/schema\/person\/6b7480064d4010fed7920e2a06e2472e","name":"Jeanine Pires","image":{"@type":"ImageObject","@id":"https:\/\/blog.panrotas.com.br\/mktdestinos\/#personlogo","inLanguage":"pt-BR","url":"https:\/\/secure.gravatar.com\/avatar\/4eff31f2a3aee87600bf1f78d5953f48?s=96&d=mm&r=g","contentUrl":"https:\/\/secure.gravatar.com\/avatar\/4eff31f2a3aee87600bf1f78d5953f48?s=96&d=mm&r=g","caption":"Jeanine Pires"},"description":"Apaixonada pela ind\u00fastria de viagens e turismo, h\u00e1 31 anos atua como l\u00edder do setor no Brasil e no exterior. J\u00e1 Presidiu e foi Diretora da EMBRATUR entre 2003 e 2010; \u00e9 Diretora da Pires Intelig\u00eancia em Destinos e, no final de 2022, entrou para a CVC Corp como Diretora de Alian\u00e7as e Rela\u00e7\u00f5es Governamentais. Jeanine foi Co-fundadora da startup ONER Travel em 2020 e j\u00e1 atuou como Presidente do Conselho da Fecom\u00e9rcio S\u00e3o Paulo e da WTM Latin America. Com forma\u00e7\u00e3o e especialidade em marketing de destinos e economia do turismo, Jeanine faz palestras, cursos e consultorias.","url":"https:\/\/blog.panrotas.com.br\/mktdestinos\/author\/jeanine\/"}]}},"jetpack_featured_media_url":"","_links":{"self":[{"href":"https:\/\/blog.panrotas.com.br\/mktdestinos\/wp-json\/wp\/v2\/posts\/1381"}],"collection":[{"href":"https:\/\/blog.panrotas.com.br\/mktdestinos\/wp-json\/wp\/v2\/posts"}],"about":[{"href":"https:\/\/blog.panrotas.com.br\/mktdestinos\/wp-json\/wp\/v2\/types\/post"}],"author":[{"embeddable":true,"href":"https:\/\/blog.panrotas.com.br\/mktdestinos\/wp-json\/wp\/v2\/users\/21"}],"replies":[{"embeddable":true,"href":"https:\/\/blog.panrotas.com.br\/mktdestinos\/wp-json\/wp\/v2\/comments?post=1381"}],"version-history":[{"count":0,"href":"https:\/\/blog.panrotas.com.br\/mktdestinos\/wp-json\/wp\/v2\/posts\/1381\/revisions"}],"wp:attachment":[{"href":"https:\/\/blog.panrotas.com.br\/mktdestinos\/wp-json\/wp\/v2\/media?parent=1381"}],"wp:term":[{"taxonomy":"category","embeddable":true,"href":"https:\/\/blog.panrotas.com.br\/mktdestinos\/wp-json\/wp\/v2\/categories?post=1381"},{"taxonomy":"post_tag","embeddable":true,"href":"https:\/\/blog.panrotas.com.br\/mktdestinos\/wp-json\/wp\/v2\/tags?post=1381"}],"curies":[{"name":"wp","href":"https:\/\/api.w.org\/{rel}","templated":true}]}}