{"id":1518,"date":"2016-10-25T14:54:17","date_gmt":"2016-10-25T17:54:17","guid":{"rendered":"http:\/\/blog.panrotas.com.br\/mktdestinos\/?p=1518"},"modified":"2016-10-25T14:54:17","modified_gmt":"2016-10-25T17:54:17","slug":"receita-e-despesa-cambiais-turisticas-em-setembro","status":"publish","type":"post","link":"https:\/\/blog.panrotas.com.br\/mktdestinos\/2016\/10\/25\/receita-e-despesa-cambiais-turisticas-em-setembro\/","title":{"rendered":"Receita e despesa cambiais tur\u00edsticas em setembro"},"content":{"rendered":"<p style=\"text-align: justify\"><a href=\"http:\/\/blog.panrotas.com.br\/mktdestinos\/index.php\/2016\/10\/25\/receita-e-despesa-cambiais-turisticas-em-setembro\/aaaaaadolar\/\" rel=\"attachment wp-att-1520\"><img loading=\"lazy\" class=\"alignleft size-full wp-image-1520\" src=\"http:\/\/panrotas.blog.br\/mktdestinos\/wp-content\/uploads\/sites\/23\/2016\/10\/aaaaaadolar.jpg\" alt=\"aaaaaadolar\" width=\"278\" height=\"182\" \/><\/a>O Banco Central divulgou nesta ter\u00e7a-feira (25) o relat\u00f3rio mensal da receita e despesa cambial tur\u00edstica. De acordo\u00a0com os dados oficiais apresentados, o gasto dos brasileiros no exterior foram de U$$ 1,294 bilh\u00e3o, um acr\u00e9scimo de 2,7% se comparado aos n\u00fameros do mesmo m\u00eas em 2015 (U$$ 1,260 bilh\u00e3o). \u00c9 o segundo m\u00eas seguido que esse valor tem crescimento, j\u00e1 que o m\u00eas de agosto, ainda segundo o comparativo anual, tamb\u00e9m apresentou 2,3% de acr\u00e9scimo, sendo o primeiro registro de expans\u00e3o desde janeiro de 2015.<\/p>\n<p style=\"text-align: justify\">J\u00e1 os estrangeiros gastaram aqui U$$ 443 milh\u00f5es, configurando um d\u00e9ficit de U$$ 851 milh\u00f5es na na balan\u00e7a do turismo do pa\u00eds. A receita do per\u00edodo de janeiro a setembro deste ano \u00e9 de US$ 4,667 bilh\u00f5es, tendo um d\u00e9ficit, neste per\u00edodo de\u00a0US$ 5,814 bilh\u00f5es.<\/p>\n<p style=\"text-align: justify\">De acordo com Tulio Maciel,\u00a0 chefe do Departamento Econ\u00f4mico do BC, a despesas est\u00e3o em patamar historicamente baixo e a tend\u00eancia \u00e9 que elas cres\u00e7am de fato e aumentem ainda mais em outubro, j\u00e1 que, at\u00e9 o dia 21 deste m\u00eas, estavam calculados U$$ 1,045 bilh\u00e3o nos gastos dos brasileiros.<\/p>\n<p>Dados que nos fazem compreender um pouco mais o per\u00edodo que atravessa o nosso turismo. Seguimos acompanhando.<\/p>\n<p>&nbsp;<\/p>\n<p>&nbsp;<\/p>\n<p>&nbsp;<\/p>\n<p>&nbsp;<\/p>\n<p>&nbsp;<\/p>\n","protected":false},"excerpt":{"rendered":"<p>O Banco Central divulgou nesta ter\u00e7a-feira (25) o relat\u00f3rio mensal da receita e despesa cambial tur\u00edstica. De acordo\u00a0com os dados oficiais apresentados, o gasto dos brasileiros no exterior foram de U$$ 1,294 bilh\u00e3o, um acr\u00e9scimo de 2,7% se comparado aos n\u00fameros do mesmo m\u00eas em 2015 (U$$ 1,260 bilh\u00e3o). \u00c9 o segundo m\u00eas seguido que&hellip; <a class=\"more-link\" href=\"https:\/\/blog.panrotas.com.br\/mktdestinos\/2016\/10\/25\/receita-e-despesa-cambiais-turisticas-em-setembro\/\">Continue reading &rarr;<\/a><\/p>\n","protected":false},"author":21,"featured_media":0,"comment_status":"open","ping_status":"open","sticky":false,"template":"","format":"standard","meta":{"spay_email":""},"categories":[3],"tags":[85,769],"yoast_head":"<!-- This site is optimized with the Yoast SEO plugin v17.3 - https:\/\/yoast.com\/wordpress\/plugins\/seo\/ -->\n<title>Receita e despesa cambiais tur\u00edsticas em setembro - Marketing Destinos<\/title>\n<meta name=\"robots\" content=\"index, follow, max-snippet:-1, max-image-preview:large, max-video-preview:-1\" \/>\n<link rel=\"canonical\" href=\"https:\/\/blog.panrotas.com.br\/mktdestinos\/2016\/10\/25\/receita-e-despesa-cambiais-turisticas-em-setembro\/\" \/>\n<meta property=\"og:locale\" content=\"pt_BR\" \/>\n<meta property=\"og:type\" content=\"article\" \/>\n<meta property=\"og:title\" content=\"Receita e despesa cambiais tur\u00edsticas em setembro - Marketing Destinos\" \/>\n<meta property=\"og:description\" content=\"O Banco Central divulgou nesta ter\u00e7a-feira (25) o relat\u00f3rio mensal da receita e despesa cambial tur\u00edstica. De acordo\u00a0com os dados oficiais apresentados, o gasto dos brasileiros no exterior foram de U$$ 1,294 bilh\u00e3o, um acr\u00e9scimo de 2,7% se comparado aos n\u00fameros do mesmo m\u00eas em 2015 (U$$ 1,260 bilh\u00e3o). \u00c9 o segundo m\u00eas seguido que&hellip; Continue reading &rarr;\" \/>\n<meta property=\"og:url\" content=\"https:\/\/blog.panrotas.com.br\/mktdestinos\/2016\/10\/25\/receita-e-despesa-cambiais-turisticas-em-setembro\/\" \/>\n<meta property=\"og:site_name\" content=\"Marketing Destinos\" \/>\n<meta property=\"article:published_time\" content=\"2016-10-25T17:54:17+00:00\" \/>\n<meta property=\"og:image\" content=\"http:\/\/panrotas.blog.br\/mktdestinos\/wp-content\/uploads\/sites\/23\/2016\/10\/aaaaaadolar.jpg\" \/>\n<meta name=\"twitter:card\" content=\"summary_large_image\" \/>\n<meta name=\"twitter:label1\" content=\"Escrito por\" \/>\n\t<meta name=\"twitter:data1\" content=\"Jeanine Pires\" \/>\n\t<meta name=\"twitter:label2\" content=\"Est. tempo de leitura\" \/>\n\t<meta name=\"twitter:data2\" content=\"1 minuto\" \/>\n<script type=\"application\/ld+json\" class=\"yoast-schema-graph\">{\"@context\":\"https:\/\/schema.org\",\"@graph\":[{\"@type\":\"WebSite\",\"@id\":\"https:\/\/blog.panrotas.com.br\/mktdestinos\/#website\",\"url\":\"https:\/\/blog.panrotas.com.br\/mktdestinos\/\",\"name\":\"Marketing Destinos\",\"description\":\"\",\"potentialAction\":[{\"@type\":\"SearchAction\",\"target\":{\"@type\":\"EntryPoint\",\"urlTemplate\":\"https:\/\/blog.panrotas.com.br\/mktdestinos\/?s={search_term_string}\"},\"query-input\":\"required name=search_term_string\"}],\"inLanguage\":\"pt-BR\"},{\"@type\":\"ImageObject\",\"@id\":\"https:\/\/blog.panrotas.com.br\/mktdestinos\/2016\/10\/25\/receita-e-despesa-cambiais-turisticas-em-setembro\/#primaryimage\",\"inLanguage\":\"pt-BR\",\"url\":\"http:\/\/panrotas.blog.br\/mktdestinos\/wp-content\/uploads\/sites\/23\/2016\/10\/aaaaaadolar.jpg\",\"contentUrl\":\"http:\/\/panrotas.blog.br\/mktdestinos\/wp-content\/uploads\/sites\/23\/2016\/10\/aaaaaadolar.jpg\"},{\"@type\":\"WebPage\",\"@id\":\"https:\/\/blog.panrotas.com.br\/mktdestinos\/2016\/10\/25\/receita-e-despesa-cambiais-turisticas-em-setembro\/#webpage\",\"url\":\"https:\/\/blog.panrotas.com.br\/mktdestinos\/2016\/10\/25\/receita-e-despesa-cambiais-turisticas-em-setembro\/\",\"name\":\"Receita e despesa cambiais tur\\u00edsticas em setembro - Marketing Destinos\",\"isPartOf\":{\"@id\":\"https:\/\/blog.panrotas.com.br\/mktdestinos\/#website\"},\"primaryImageOfPage\":{\"@id\":\"https:\/\/blog.panrotas.com.br\/mktdestinos\/2016\/10\/25\/receita-e-despesa-cambiais-turisticas-em-setembro\/#primaryimage\"},\"datePublished\":\"2016-10-25T17:54:17+00:00\",\"dateModified\":\"2016-10-25T17:54:17+00:00\",\"author\":{\"@id\":\"https:\/\/blog.panrotas.com.br\/mktdestinos\/#\/schema\/person\/6b7480064d4010fed7920e2a06e2472e\"},\"breadcrumb\":{\"@id\":\"https:\/\/blog.panrotas.com.br\/mktdestinos\/2016\/10\/25\/receita-e-despesa-cambiais-turisticas-em-setembro\/#breadcrumb\"},\"inLanguage\":\"pt-BR\",\"potentialAction\":[{\"@type\":\"ReadAction\",\"target\":[\"https:\/\/blog.panrotas.com.br\/mktdestinos\/2016\/10\/25\/receita-e-despesa-cambiais-turisticas-em-setembro\/\"]}]},{\"@type\":\"BreadcrumbList\",\"@id\":\"https:\/\/blog.panrotas.com.br\/mktdestinos\/2016\/10\/25\/receita-e-despesa-cambiais-turisticas-em-setembro\/#breadcrumb\",\"itemListElement\":[{\"@type\":\"ListItem\",\"position\":1,\"name\":\"In\\u00edcio\",\"item\":\"https:\/\/blog.panrotas.com.br\/mktdestinos\/\"},{\"@type\":\"ListItem\",\"position\":2,\"name\":\"Receita e despesa cambiais tur\\u00edsticas em setembro\"}]},{\"@type\":\"Person\",\"@id\":\"https:\/\/blog.panrotas.com.br\/mktdestinos\/#\/schema\/person\/6b7480064d4010fed7920e2a06e2472e\",\"name\":\"Jeanine Pires\",\"image\":{\"@type\":\"ImageObject\",\"@id\":\"https:\/\/blog.panrotas.com.br\/mktdestinos\/#personlogo\",\"inLanguage\":\"pt-BR\",\"url\":\"https:\/\/secure.gravatar.com\/avatar\/4eff31f2a3aee87600bf1f78d5953f48?s=96&d=mm&r=g\",\"contentUrl\":\"https:\/\/secure.gravatar.com\/avatar\/4eff31f2a3aee87600bf1f78d5953f48?s=96&d=mm&r=g\",\"caption\":\"Jeanine Pires\"},\"description\":\"Apaixonada pela ind\\u00fastria de viagens e turismo, h\\u00e1 31 anos atua como l\\u00edder do setor no Brasil e no exterior. J\\u00e1 Presidiu e foi Diretora da EMBRATUR entre 2003 e 2010; \\u00e9 Diretora da Pires Intelig\\u00eancia em Destinos e, no final de 2022, entrou para a CVC Corp como Diretora de Alian\\u00e7as e Rela\\u00e7\\u00f5es Governamentais. Jeanine foi Co-fundadora da startup ONER Travel em 2020 e j\\u00e1 atuou como Presidente do Conselho da Fecom\\u00e9rcio S\\u00e3o Paulo e da WTM Latin America. Com forma\\u00e7\\u00e3o e especialidade em marketing de destinos e economia do turismo, Jeanine faz palestras, cursos e consultorias.\",\"url\":\"https:\/\/blog.panrotas.com.br\/mktdestinos\/author\/jeanine\/\"}]}<\/script>\n<!-- \/ Yoast SEO plugin. -->","yoast_head_json":{"title":"Receita e despesa cambiais tur\u00edsticas em setembro - Marketing Destinos","robots":{"index":"index","follow":"follow","max-snippet":"max-snippet:-1","max-image-preview":"max-image-preview:large","max-video-preview":"max-video-preview:-1"},"canonical":"https:\/\/blog.panrotas.com.br\/mktdestinos\/2016\/10\/25\/receita-e-despesa-cambiais-turisticas-em-setembro\/","og_locale":"pt_BR","og_type":"article","og_title":"Receita e despesa cambiais tur\u00edsticas em setembro - Marketing Destinos","og_description":"O Banco Central divulgou nesta ter\u00e7a-feira (25) o relat\u00f3rio mensal da receita e despesa cambial tur\u00edstica. De acordo\u00a0com os dados oficiais apresentados, o gasto dos brasileiros no exterior foram de U$$ 1,294 bilh\u00e3o, um acr\u00e9scimo de 2,7% se comparado aos n\u00fameros do mesmo m\u00eas em 2015 (U$$ 1,260 bilh\u00e3o). \u00c9 o segundo m\u00eas seguido que&hellip; Continue reading &rarr;","og_url":"https:\/\/blog.panrotas.com.br\/mktdestinos\/2016\/10\/25\/receita-e-despesa-cambiais-turisticas-em-setembro\/","og_site_name":"Marketing Destinos","article_published_time":"2016-10-25T17:54:17+00:00","og_image":[{"url":"http:\/\/panrotas.blog.br\/mktdestinos\/wp-content\/uploads\/sites\/23\/2016\/10\/aaaaaadolar.jpg"}],"twitter_card":"summary_large_image","twitter_misc":{"Escrito por":"Jeanine Pires","Est. tempo de leitura":"1 minuto"},"schema":{"@context":"https:\/\/schema.org","@graph":[{"@type":"WebSite","@id":"https:\/\/blog.panrotas.com.br\/mktdestinos\/#website","url":"https:\/\/blog.panrotas.com.br\/mktdestinos\/","name":"Marketing Destinos","description":"","potentialAction":[{"@type":"SearchAction","target":{"@type":"EntryPoint","urlTemplate":"https:\/\/blog.panrotas.com.br\/mktdestinos\/?s={search_term_string}"},"query-input":"required name=search_term_string"}],"inLanguage":"pt-BR"},{"@type":"ImageObject","@id":"https:\/\/blog.panrotas.com.br\/mktdestinos\/2016\/10\/25\/receita-e-despesa-cambiais-turisticas-em-setembro\/#primaryimage","inLanguage":"pt-BR","url":"http:\/\/panrotas.blog.br\/mktdestinos\/wp-content\/uploads\/sites\/23\/2016\/10\/aaaaaadolar.jpg","contentUrl":"http:\/\/panrotas.blog.br\/mktdestinos\/wp-content\/uploads\/sites\/23\/2016\/10\/aaaaaadolar.jpg"},{"@type":"WebPage","@id":"https:\/\/blog.panrotas.com.br\/mktdestinos\/2016\/10\/25\/receita-e-despesa-cambiais-turisticas-em-setembro\/#webpage","url":"https:\/\/blog.panrotas.com.br\/mktdestinos\/2016\/10\/25\/receita-e-despesa-cambiais-turisticas-em-setembro\/","name":"Receita e despesa cambiais tur\u00edsticas em setembro - Marketing Destinos","isPartOf":{"@id":"https:\/\/blog.panrotas.com.br\/mktdestinos\/#website"},"primaryImageOfPage":{"@id":"https:\/\/blog.panrotas.com.br\/mktdestinos\/2016\/10\/25\/receita-e-despesa-cambiais-turisticas-em-setembro\/#primaryimage"},"datePublished":"2016-10-25T17:54:17+00:00","dateModified":"2016-10-25T17:54:17+00:00","author":{"@id":"https:\/\/blog.panrotas.com.br\/mktdestinos\/#\/schema\/person\/6b7480064d4010fed7920e2a06e2472e"},"breadcrumb":{"@id":"https:\/\/blog.panrotas.com.br\/mktdestinos\/2016\/10\/25\/receita-e-despesa-cambiais-turisticas-em-setembro\/#breadcrumb"},"inLanguage":"pt-BR","potentialAction":[{"@type":"ReadAction","target":["https:\/\/blog.panrotas.com.br\/mktdestinos\/2016\/10\/25\/receita-e-despesa-cambiais-turisticas-em-setembro\/"]}]},{"@type":"BreadcrumbList","@id":"https:\/\/blog.panrotas.com.br\/mktdestinos\/2016\/10\/25\/receita-e-despesa-cambiais-turisticas-em-setembro\/#breadcrumb","itemListElement":[{"@type":"ListItem","position":1,"name":"In\u00edcio","item":"https:\/\/blog.panrotas.com.br\/mktdestinos\/"},{"@type":"ListItem","position":2,"name":"Receita e despesa cambiais tur\u00edsticas em setembro"}]},{"@type":"Person","@id":"https:\/\/blog.panrotas.com.br\/mktdestinos\/#\/schema\/person\/6b7480064d4010fed7920e2a06e2472e","name":"Jeanine Pires","image":{"@type":"ImageObject","@id":"https:\/\/blog.panrotas.com.br\/mktdestinos\/#personlogo","inLanguage":"pt-BR","url":"https:\/\/secure.gravatar.com\/avatar\/4eff31f2a3aee87600bf1f78d5953f48?s=96&d=mm&r=g","contentUrl":"https:\/\/secure.gravatar.com\/avatar\/4eff31f2a3aee87600bf1f78d5953f48?s=96&d=mm&r=g","caption":"Jeanine Pires"},"description":"Apaixonada pela ind\u00fastria de viagens e turismo, h\u00e1 31 anos atua como l\u00edder do setor no Brasil e no exterior. J\u00e1 Presidiu e foi Diretora da EMBRATUR entre 2003 e 2010; \u00e9 Diretora da Pires Intelig\u00eancia em Destinos e, no final de 2022, entrou para a CVC Corp como Diretora de Alian\u00e7as e Rela\u00e7\u00f5es Governamentais. Jeanine foi Co-fundadora da startup ONER Travel em 2020 e j\u00e1 atuou como Presidente do Conselho da Fecom\u00e9rcio S\u00e3o Paulo e da WTM Latin America. Com forma\u00e7\u00e3o e especialidade em marketing de destinos e economia do turismo, Jeanine faz palestras, cursos e consultorias.","url":"https:\/\/blog.panrotas.com.br\/mktdestinos\/author\/jeanine\/"}]}},"jetpack_featured_media_url":"","_links":{"self":[{"href":"https:\/\/blog.panrotas.com.br\/mktdestinos\/wp-json\/wp\/v2\/posts\/1518"}],"collection":[{"href":"https:\/\/blog.panrotas.com.br\/mktdestinos\/wp-json\/wp\/v2\/posts"}],"about":[{"href":"https:\/\/blog.panrotas.com.br\/mktdestinos\/wp-json\/wp\/v2\/types\/post"}],"author":[{"embeddable":true,"href":"https:\/\/blog.panrotas.com.br\/mktdestinos\/wp-json\/wp\/v2\/users\/21"}],"replies":[{"embeddable":true,"href":"https:\/\/blog.panrotas.com.br\/mktdestinos\/wp-json\/wp\/v2\/comments?post=1518"}],"version-history":[{"count":0,"href":"https:\/\/blog.panrotas.com.br\/mktdestinos\/wp-json\/wp\/v2\/posts\/1518\/revisions"}],"wp:attachment":[{"href":"https:\/\/blog.panrotas.com.br\/mktdestinos\/wp-json\/wp\/v2\/media?parent=1518"}],"wp:term":[{"taxonomy":"category","embeddable":true,"href":"https:\/\/blog.panrotas.com.br\/mktdestinos\/wp-json\/wp\/v2\/categories?post=1518"},{"taxonomy":"post_tag","embeddable":true,"href":"https:\/\/blog.panrotas.com.br\/mktdestinos\/wp-json\/wp\/v2\/tags?post=1518"}],"curies":[{"name":"wp","href":"https:\/\/api.w.org\/{rel}","templated":true}]}}