{"id":1617,"date":"2016-12-08T08:40:28","date_gmt":"2016-12-08T10:40:28","guid":{"rendered":"http:\/\/blog.panrotas.com.br\/mktdestinos\/?p=1617"},"modified":"2016-12-08T08:40:28","modified_gmt":"2016-12-08T10:40:28","slug":"2017-o-ano-do-turismo-sustentavel","status":"publish","type":"post","link":"https:\/\/blog.panrotas.com.br\/mktdestinos\/2016\/12\/08\/2017-o-ano-do-turismo-sustentavel\/","title":{"rendered":"2017: o ano do Turismo Sustent\u00e1vel"},"content":{"rendered":"<figure id=\"attachment_1618\" aria-describedby=\"caption-attachment-1618\" style=\"width: 300px\" class=\"wp-caption alignleft\"><a href=\"http:\/\/blog.panrotas.com.br\/mktdestinos\/index.php\/2016\/12\/08\/2017-o-ano-do-turismo-sustentavel\/bonito\/\" rel=\"attachment wp-att-1618\"><img loading=\"lazy\" class=\"wp-image-1618 size-medium\" src=\"http:\/\/panrotas.blog.br\/mktdestinos\/wp-content\/uploads\/sites\/23\/2016\/12\/bonito-300x196.jpg\" alt=\"bonito\" width=\"300\" height=\"196\" srcset=\"https:\/\/blog.panrotas.com.br\/mktdestinos\/wp-content\/uploads\/sites\/23\/2016\/12\/bonito-300x196.jpg 300w, https:\/\/blog.panrotas.com.br\/mktdestinos\/wp-content\/uploads\/sites\/23\/2016\/12\/bonito.jpg 536w\" sizes=\"(max-width: 300px) 100vw, 300px\" \/><\/a><figcaption id=\"caption-attachment-1618\" class=\"wp-caption-text\">Lagoa Misteriosa, Bonito (MS), considerado o melhor destino respons\u00e1vel do mundo. (Foto: Divulga\u00e7\u00e3o)<\/figcaption><\/figure>\n<p style=\"text-align: justify\"><span style=\"font-weight: 400\">Com vistas na promo\u00e7\u00e3o da conscientiza\u00e7\u00e3o a respeito de todo patrim\u00f4nio natural mundial e considerando que ind\u00fastria de Turismo e Viagens permanece em crescimento (com <a href=\"http:\/\/blog.panrotas.com.br\/mktdestinos\/index.php\/2016\/11\/22\/numeros-do-turismo-no-brasil-e-no-mundo\/\">aumento de 4% no n\u00famero de turistas pelo mundo<\/a> no per\u00edodo de janeiro a setembro deste ano), a Organiza\u00e7\u00e3o das Na\u00e7\u00f5es Unidas (ONU) definiu 2017 como o ano do Turismo Sustent\u00e1vel.<\/span><\/p>\n<p style=\"text-align: justify\"><span style=\"font-weight: 400\">Falei sobre o tema aqui no blog h\u00e1 pouco tempo (veja <a href=\"http:\/\/blog.panrotas.com.br\/mktdestinos\/index.php\/2016\/09\/05\/sustentabilidade-no-turismo\/\">aqui<\/a>) explicando a fragilidade das estrat\u00e9gias do nosso turismo, de maneira geral, a respeito de sustentabilidade. O termo, quando se refere ao setor, ainda possui defini\u00e7\u00e3o um pouco vaga e uma aplicabilidade mais inconsistente ainda na maior parcela da nossa ind\u00fastria.<\/span><\/p>\n<p style=\"text-align: justify\"><span style=\"font-weight: 400\">A sustentabilidade no turismo, que, entenda-se, vai muito al\u00e9m da preserva\u00e7\u00e3o ambiental de destinos de ecoturismo, tem mais chances de ser compreendida e transformada em pr\u00e1tica, agora que, muito possivelmente, ser\u00e1 \u00a0mais debatida por aqui. <\/span><\/p>\n<p style=\"text-align: justify\"><span style=\"font-weight: 400\">Quais medidas de preserva\u00e7\u00e3o s\u00e3o passadas aos turistas? H\u00e1 refor\u00e7o de pr\u00e1ticas de manuten\u00e7\u00e3o de \u00e1reas p\u00fablicas? Como o crescimento do turismo no pa\u00eds afeta a nossa condi\u00e7\u00e3o socio-cultural? \u00a0Qual o impacto ambiental causado pelos visitantes no destino? Qual o papel dos agentes da ind\u00fastria dentro do tema? S\u00e3o perguntas b\u00e1sicas que devem ser respondidas se quisermos a continuidade do turismo a longo prazo no Brasil.<\/span><\/p>\n<p style=\"text-align: justify\"><span style=\"font-weight: 400\">No caminho<\/span><\/p>\n<p style=\"text-align: justify\"><span style=\"font-weight: 400\">Alguns destinos no pa\u00eds possuem estrat\u00e9gias e an\u00e1lises de risco voltadas ao planejamento, pr\u00e1tica e promo\u00e7\u00e3o do turismo sustent\u00e1vel. A cidade de Bonito, no Mato Grosso do Sul, recebeu neste ano o pr\u00eamio de melhor destino de turismo respons\u00e1vel do mundo (World Responsible Tourism Awards), entregue na WTM London. A cidade de Curitiba tamb\u00e9m se destacou no segmento de sustentabilidade no setor, sendo considerada a cidade mais verde toda Am\u00e9rica Latina, no relat\u00f3rio Green City Index (\u00cdndice Cidades Verdes).<\/span><\/p>\n<p style=\"text-align: justify\"><span style=\"font-weight: 400\">Tamb\u00e9m dentro do tema, o MTur apresentou neste ano o Mapa da Sustentabilidade, um guia para consultas que promove e incentiva turistas a visitarem destinos que t\u00eam destaque por suas a\u00e7\u00f5es sustent\u00e1veis.<\/span><\/p>\n","protected":false},"excerpt":{"rendered":"<p>Com vistas na promo\u00e7\u00e3o da conscientiza\u00e7\u00e3o a respeito de todo patrim\u00f4nio natural mundial e considerando que ind\u00fastria de Turismo e Viagens permanece em crescimento (com aumento de 4% no n\u00famero de turistas pelo mundo no per\u00edodo de janeiro a setembro deste ano), a Organiza\u00e7\u00e3o das Na\u00e7\u00f5es Unidas (ONU) definiu 2017 como o ano do Turismo&hellip; <a class=\"more-link\" href=\"https:\/\/blog.panrotas.com.br\/mktdestinos\/2016\/12\/08\/2017-o-ano-do-turismo-sustentavel\/\">Continue reading &rarr;<\/a><\/p>\n","protected":false},"author":21,"featured_media":0,"comment_status":"open","ping_status":"open","sticky":false,"template":"","format":"standard","meta":{"spay_email":""},"categories":[3],"tags":[491,634,694,830,951,963],"yoast_head":"<!-- This site is optimized with the Yoast SEO plugin v17.3 - https:\/\/yoast.com\/wordpress\/plugins\/seo\/ -->\n<title>2017: o ano do Turismo Sustent\u00e1vel - Marketing Destinos<\/title>\n<meta name=\"robots\" content=\"index, follow, max-snippet:-1, max-image-preview:large, max-video-preview:-1\" \/>\n<link rel=\"canonical\" href=\"https:\/\/blog.panrotas.com.br\/mktdestinos\/2016\/12\/08\/2017-o-ano-do-turismo-sustentavel\/\" \/>\n<meta property=\"og:locale\" content=\"pt_BR\" \/>\n<meta property=\"og:type\" content=\"article\" \/>\n<meta property=\"og:title\" content=\"2017: o ano do Turismo Sustent\u00e1vel - Marketing Destinos\" \/>\n<meta property=\"og:description\" content=\"Com vistas na promo\u00e7\u00e3o da conscientiza\u00e7\u00e3o a respeito de todo patrim\u00f4nio natural mundial e considerando que ind\u00fastria de Turismo e Viagens permanece em crescimento (com aumento de 4% no n\u00famero de turistas pelo mundo no per\u00edodo de janeiro a setembro deste ano), a Organiza\u00e7\u00e3o das Na\u00e7\u00f5es Unidas (ONU) definiu 2017 como o ano do Turismo&hellip; Continue reading &rarr;\" \/>\n<meta property=\"og:url\" content=\"https:\/\/blog.panrotas.com.br\/mktdestinos\/2016\/12\/08\/2017-o-ano-do-turismo-sustentavel\/\" \/>\n<meta property=\"og:site_name\" content=\"Marketing Destinos\" \/>\n<meta property=\"article:published_time\" content=\"2016-12-08T10:40:28+00:00\" \/>\n<meta property=\"og:image\" content=\"http:\/\/panrotas.blog.br\/mktdestinos\/wp-content\/uploads\/sites\/23\/2016\/12\/bonito-300x196.jpg\" \/>\n<meta name=\"twitter:card\" content=\"summary_large_image\" \/>\n<meta name=\"twitter:label1\" content=\"Escrito por\" \/>\n\t<meta name=\"twitter:data1\" content=\"Jeanine Pires\" \/>\n\t<meta name=\"twitter:label2\" content=\"Est. tempo de leitura\" \/>\n\t<meta name=\"twitter:data2\" content=\"2 minutos\" \/>\n<script type=\"application\/ld+json\" class=\"yoast-schema-graph\">{\"@context\":\"https:\/\/schema.org\",\"@graph\":[{\"@type\":\"WebSite\",\"@id\":\"https:\/\/blog.panrotas.com.br\/mktdestinos\/#website\",\"url\":\"https:\/\/blog.panrotas.com.br\/mktdestinos\/\",\"name\":\"Marketing Destinos\",\"description\":\"\",\"potentialAction\":[{\"@type\":\"SearchAction\",\"target\":{\"@type\":\"EntryPoint\",\"urlTemplate\":\"https:\/\/blog.panrotas.com.br\/mktdestinos\/?s={search_term_string}\"},\"query-input\":\"required name=search_term_string\"}],\"inLanguage\":\"pt-BR\"},{\"@type\":\"ImageObject\",\"@id\":\"https:\/\/blog.panrotas.com.br\/mktdestinos\/2016\/12\/08\/2017-o-ano-do-turismo-sustentavel\/#primaryimage\",\"inLanguage\":\"pt-BR\",\"url\":\"http:\/\/panrotas.blog.br\/mktdestinos\/wp-content\/uploads\/sites\/23\/2016\/12\/bonito-300x196.jpg\",\"contentUrl\":\"http:\/\/panrotas.blog.br\/mktdestinos\/wp-content\/uploads\/sites\/23\/2016\/12\/bonito-300x196.jpg\"},{\"@type\":\"WebPage\",\"@id\":\"https:\/\/blog.panrotas.com.br\/mktdestinos\/2016\/12\/08\/2017-o-ano-do-turismo-sustentavel\/#webpage\",\"url\":\"https:\/\/blog.panrotas.com.br\/mktdestinos\/2016\/12\/08\/2017-o-ano-do-turismo-sustentavel\/\",\"name\":\"2017: o ano do Turismo Sustent\\u00e1vel - Marketing Destinos\",\"isPartOf\":{\"@id\":\"https:\/\/blog.panrotas.com.br\/mktdestinos\/#website\"},\"primaryImageOfPage\":{\"@id\":\"https:\/\/blog.panrotas.com.br\/mktdestinos\/2016\/12\/08\/2017-o-ano-do-turismo-sustentavel\/#primaryimage\"},\"datePublished\":\"2016-12-08T10:40:28+00:00\",\"dateModified\":\"2016-12-08T10:40:28+00:00\",\"author\":{\"@id\":\"https:\/\/blog.panrotas.com.br\/mktdestinos\/#\/schema\/person\/6b7480064d4010fed7920e2a06e2472e\"},\"breadcrumb\":{\"@id\":\"https:\/\/blog.panrotas.com.br\/mktdestinos\/2016\/12\/08\/2017-o-ano-do-turismo-sustentavel\/#breadcrumb\"},\"inLanguage\":\"pt-BR\",\"potentialAction\":[{\"@type\":\"ReadAction\",\"target\":[\"https:\/\/blog.panrotas.com.br\/mktdestinos\/2016\/12\/08\/2017-o-ano-do-turismo-sustentavel\/\"]}]},{\"@type\":\"BreadcrumbList\",\"@id\":\"https:\/\/blog.panrotas.com.br\/mktdestinos\/2016\/12\/08\/2017-o-ano-do-turismo-sustentavel\/#breadcrumb\",\"itemListElement\":[{\"@type\":\"ListItem\",\"position\":1,\"name\":\"In\\u00edcio\",\"item\":\"https:\/\/blog.panrotas.com.br\/mktdestinos\/\"},{\"@type\":\"ListItem\",\"position\":2,\"name\":\"2017: o ano do Turismo Sustent\\u00e1vel\"}]},{\"@type\":\"Person\",\"@id\":\"https:\/\/blog.panrotas.com.br\/mktdestinos\/#\/schema\/person\/6b7480064d4010fed7920e2a06e2472e\",\"name\":\"Jeanine Pires\",\"image\":{\"@type\":\"ImageObject\",\"@id\":\"https:\/\/blog.panrotas.com.br\/mktdestinos\/#personlogo\",\"inLanguage\":\"pt-BR\",\"url\":\"https:\/\/secure.gravatar.com\/avatar\/4eff31f2a3aee87600bf1f78d5953f48?s=96&d=mm&r=g\",\"contentUrl\":\"https:\/\/secure.gravatar.com\/avatar\/4eff31f2a3aee87600bf1f78d5953f48?s=96&d=mm&r=g\",\"caption\":\"Jeanine Pires\"},\"description\":\"Apaixonada pela ind\\u00fastria de viagens e turismo, h\\u00e1 31 anos atua como l\\u00edder do setor no Brasil e no exterior. J\\u00e1 Presidiu e foi Diretora da EMBRATUR entre 2003 e 2010; \\u00e9 Diretora da Pires Intelig\\u00eancia em Destinos e, no final de 2022, entrou para a CVC Corp como Diretora de Alian\\u00e7as e Rela\\u00e7\\u00f5es Governamentais. Jeanine foi Co-fundadora da startup ONER Travel em 2020 e j\\u00e1 atuou como Presidente do Conselho da Fecom\\u00e9rcio S\\u00e3o Paulo e da WTM Latin America. Com forma\\u00e7\\u00e3o e especialidade em marketing de destinos e economia do turismo, Jeanine faz palestras, cursos e consultorias.\",\"url\":\"https:\/\/blog.panrotas.com.br\/mktdestinos\/author\/jeanine\/\"}]}<\/script>\n<!-- \/ Yoast SEO plugin. -->","yoast_head_json":{"title":"2017: o ano do Turismo Sustent\u00e1vel - Marketing Destinos","robots":{"index":"index","follow":"follow","max-snippet":"max-snippet:-1","max-image-preview":"max-image-preview:large","max-video-preview":"max-video-preview:-1"},"canonical":"https:\/\/blog.panrotas.com.br\/mktdestinos\/2016\/12\/08\/2017-o-ano-do-turismo-sustentavel\/","og_locale":"pt_BR","og_type":"article","og_title":"2017: o ano do Turismo Sustent\u00e1vel - Marketing Destinos","og_description":"Com vistas na promo\u00e7\u00e3o da conscientiza\u00e7\u00e3o a respeito de todo patrim\u00f4nio natural mundial e considerando que ind\u00fastria de Turismo e Viagens permanece em crescimento (com aumento de 4% no n\u00famero de turistas pelo mundo no per\u00edodo de janeiro a setembro deste ano), a Organiza\u00e7\u00e3o das Na\u00e7\u00f5es Unidas (ONU) definiu 2017 como o ano do Turismo&hellip; Continue reading &rarr;","og_url":"https:\/\/blog.panrotas.com.br\/mktdestinos\/2016\/12\/08\/2017-o-ano-do-turismo-sustentavel\/","og_site_name":"Marketing Destinos","article_published_time":"2016-12-08T10:40:28+00:00","og_image":[{"url":"http:\/\/panrotas.blog.br\/mktdestinos\/wp-content\/uploads\/sites\/23\/2016\/12\/bonito-300x196.jpg"}],"twitter_card":"summary_large_image","twitter_misc":{"Escrito por":"Jeanine Pires","Est. tempo de leitura":"2 minutos"},"schema":{"@context":"https:\/\/schema.org","@graph":[{"@type":"WebSite","@id":"https:\/\/blog.panrotas.com.br\/mktdestinos\/#website","url":"https:\/\/blog.panrotas.com.br\/mktdestinos\/","name":"Marketing Destinos","description":"","potentialAction":[{"@type":"SearchAction","target":{"@type":"EntryPoint","urlTemplate":"https:\/\/blog.panrotas.com.br\/mktdestinos\/?s={search_term_string}"},"query-input":"required name=search_term_string"}],"inLanguage":"pt-BR"},{"@type":"ImageObject","@id":"https:\/\/blog.panrotas.com.br\/mktdestinos\/2016\/12\/08\/2017-o-ano-do-turismo-sustentavel\/#primaryimage","inLanguage":"pt-BR","url":"http:\/\/panrotas.blog.br\/mktdestinos\/wp-content\/uploads\/sites\/23\/2016\/12\/bonito-300x196.jpg","contentUrl":"http:\/\/panrotas.blog.br\/mktdestinos\/wp-content\/uploads\/sites\/23\/2016\/12\/bonito-300x196.jpg"},{"@type":"WebPage","@id":"https:\/\/blog.panrotas.com.br\/mktdestinos\/2016\/12\/08\/2017-o-ano-do-turismo-sustentavel\/#webpage","url":"https:\/\/blog.panrotas.com.br\/mktdestinos\/2016\/12\/08\/2017-o-ano-do-turismo-sustentavel\/","name":"2017: o ano do Turismo Sustent\u00e1vel - Marketing Destinos","isPartOf":{"@id":"https:\/\/blog.panrotas.com.br\/mktdestinos\/#website"},"primaryImageOfPage":{"@id":"https:\/\/blog.panrotas.com.br\/mktdestinos\/2016\/12\/08\/2017-o-ano-do-turismo-sustentavel\/#primaryimage"},"datePublished":"2016-12-08T10:40:28+00:00","dateModified":"2016-12-08T10:40:28+00:00","author":{"@id":"https:\/\/blog.panrotas.com.br\/mktdestinos\/#\/schema\/person\/6b7480064d4010fed7920e2a06e2472e"},"breadcrumb":{"@id":"https:\/\/blog.panrotas.com.br\/mktdestinos\/2016\/12\/08\/2017-o-ano-do-turismo-sustentavel\/#breadcrumb"},"inLanguage":"pt-BR","potentialAction":[{"@type":"ReadAction","target":["https:\/\/blog.panrotas.com.br\/mktdestinos\/2016\/12\/08\/2017-o-ano-do-turismo-sustentavel\/"]}]},{"@type":"BreadcrumbList","@id":"https:\/\/blog.panrotas.com.br\/mktdestinos\/2016\/12\/08\/2017-o-ano-do-turismo-sustentavel\/#breadcrumb","itemListElement":[{"@type":"ListItem","position":1,"name":"In\u00edcio","item":"https:\/\/blog.panrotas.com.br\/mktdestinos\/"},{"@type":"ListItem","position":2,"name":"2017: o ano do Turismo Sustent\u00e1vel"}]},{"@type":"Person","@id":"https:\/\/blog.panrotas.com.br\/mktdestinos\/#\/schema\/person\/6b7480064d4010fed7920e2a06e2472e","name":"Jeanine Pires","image":{"@type":"ImageObject","@id":"https:\/\/blog.panrotas.com.br\/mktdestinos\/#personlogo","inLanguage":"pt-BR","url":"https:\/\/secure.gravatar.com\/avatar\/4eff31f2a3aee87600bf1f78d5953f48?s=96&d=mm&r=g","contentUrl":"https:\/\/secure.gravatar.com\/avatar\/4eff31f2a3aee87600bf1f78d5953f48?s=96&d=mm&r=g","caption":"Jeanine Pires"},"description":"Apaixonada pela ind\u00fastria de viagens e turismo, h\u00e1 31 anos atua como l\u00edder do setor no Brasil e no exterior. J\u00e1 Presidiu e foi Diretora da EMBRATUR entre 2003 e 2010; \u00e9 Diretora da Pires Intelig\u00eancia em Destinos e, no final de 2022, entrou para a CVC Corp como Diretora de Alian\u00e7as e Rela\u00e7\u00f5es Governamentais. Jeanine foi Co-fundadora da startup ONER Travel em 2020 e j\u00e1 atuou como Presidente do Conselho da Fecom\u00e9rcio S\u00e3o Paulo e da WTM Latin America. Com forma\u00e7\u00e3o e especialidade em marketing de destinos e economia do turismo, Jeanine faz palestras, cursos e consultorias.","url":"https:\/\/blog.panrotas.com.br\/mktdestinos\/author\/jeanine\/"}]}},"jetpack_featured_media_url":"","_links":{"self":[{"href":"https:\/\/blog.panrotas.com.br\/mktdestinos\/wp-json\/wp\/v2\/posts\/1617"}],"collection":[{"href":"https:\/\/blog.panrotas.com.br\/mktdestinos\/wp-json\/wp\/v2\/posts"}],"about":[{"href":"https:\/\/blog.panrotas.com.br\/mktdestinos\/wp-json\/wp\/v2\/types\/post"}],"author":[{"embeddable":true,"href":"https:\/\/blog.panrotas.com.br\/mktdestinos\/wp-json\/wp\/v2\/users\/21"}],"replies":[{"embeddable":true,"href":"https:\/\/blog.panrotas.com.br\/mktdestinos\/wp-json\/wp\/v2\/comments?post=1617"}],"version-history":[{"count":0,"href":"https:\/\/blog.panrotas.com.br\/mktdestinos\/wp-json\/wp\/v2\/posts\/1617\/revisions"}],"wp:attachment":[{"href":"https:\/\/blog.panrotas.com.br\/mktdestinos\/wp-json\/wp\/v2\/media?parent=1617"}],"wp:term":[{"taxonomy":"category","embeddable":true,"href":"https:\/\/blog.panrotas.com.br\/mktdestinos\/wp-json\/wp\/v2\/categories?post=1617"},{"taxonomy":"post_tag","embeddable":true,"href":"https:\/\/blog.panrotas.com.br\/mktdestinos\/wp-json\/wp\/v2\/tags?post=1617"}],"curies":[{"name":"wp","href":"https:\/\/api.w.org\/{rel}","templated":true}]}}