{"id":1700,"date":"2017-01-31T13:42:18","date_gmt":"2017-01-31T15:42:18","guid":{"rendered":"http:\/\/blog.panrotas.com.br\/mktdestinos\/?p=1700"},"modified":"2017-01-31T13:42:18","modified_gmt":"2017-01-31T15:42:18","slug":"a-vez-do-turismo-de-negocios-e-eventos","status":"publish","type":"post","link":"https:\/\/blog.panrotas.com.br\/mktdestinos\/2017\/01\/31\/a-vez-do-turismo-de-negocios-e-eventos\/","title":{"rendered":"A vez do turismo de neg\u00f3cios e eventos"},"content":{"rendered":"<p><span style=\"font-weight: 400\"><a href=\"http:\/\/blog.panrotas.com.br\/mktdestinos\/index.php\/2017\/01\/31\/a-vez-do-turismo-de-negocios-e-eventos\/30_01_17_feira_negocios_messina\/\" rel=\"attachment wp-att-1701\"><img loading=\"lazy\" class=\"alignleft wp-image-1701 size-medium\" src=\"http:\/\/panrotas.blog.br\/mktdestinos\/wp-content\/uploads\/sites\/23\/2017\/01\/30_01_17_feira_negocios_Messina-300x170.jpg\" width=\"300\" height=\"170\" srcset=\"https:\/\/blog.panrotas.com.br\/mktdestinos\/wp-content\/uploads\/sites\/23\/2017\/01\/30_01_17_feira_negocios_Messina-300x170.jpg 300w, https:\/\/blog.panrotas.com.br\/mktdestinos\/wp-content\/uploads\/sites\/23\/2017\/01\/30_01_17_feira_negocios_Messina.jpg 746w\" sizes=\"(max-width: 300px) 100vw, 300px\" \/><\/a>Aqui no blog, al\u00e9m das not\u00edcias de capa que surgem semanalmente, procuro comentar sempre as novidades do turismo de eventos. O turismo de neg\u00f3cios e eventos \u00e9 o terceiro principal motivo da vinda de turistas estrangeiros para o Brasil e \u00e9 um apoio indispens\u00e1vel para a economia do setor. De acordo com dados oficiais, em 2015, a modalidade movimentou mais de R$13 bilh\u00f5es no pa\u00eds e cresceu 400% de 2005 a 2015.<\/span><\/p>\n<p><span style=\"font-weight: 400\">Todo esse <\/span><i><span style=\"font-weight: 400\">boom<\/span><\/i><span style=\"font-weight: 400\">\u00a0de realiza\u00e7\u00e3o e promo\u00e7\u00e3o de eventos e neg\u00f3cios tem raz\u00e3o de ser: h\u00e1 in\u00fameros benef\u00edcios \u00e0 ind\u00fastria por tr\u00e1s desse ramo. Combate \u00e0 sazonalidade, atra\u00e7\u00e3o de novos p\u00fablicos, aproxima\u00e7\u00e3o com o trade tur\u00edstico s\u00e3o alguns exemplos. A gera\u00e7\u00e3o de novas receitas tamb\u00e9m \u00e9 tamb\u00e9m um dos resultados, j\u00e1 que o turista de neg\u00f3cios tem o gasto m\u00e9dio 3 vezes maior que o turista de lazer (mais de US$ 300\/dia), de acordo com dados do MTur em 2015. \u00c9 um impulso a mais para a economia e capitaliza\u00e7\u00e3o do potencial tur\u00edstico de um destino.<\/span><\/p>\n<p><span style=\"font-weight: 400\">Segundo o MTur, em 2016, o Brasil sediou quase 900 eventos tur\u00edsticos em todas as regi\u00f5es.<\/span><\/p>\n<p><span style=\"font-weight: 400\">Para 2017, a expectativa \u00e9 que o turismo de neg\u00f3cios e eventos ganhe mais visibilidade, desenvolvendo ainda mais esta \u00e1rea do turismo no pa\u00eds. A Ubrafe (Uni\u00e3o Brasileira de Promotores de Feiras) divulgou a agenda de 2017 com mais de 2 mil feiras no calend\u00e1rio (das quais 834 s\u00e3o na regi\u00e3o sudeste).<\/span><\/p>\n<p><span style=\"font-weight: 400\">Temos falado muito a respeito dos dados coletados em 2016 e receita do turismo, n\u00fameros que nos ajudam a entender um pouco mais a engrenagem da ind\u00fastria e, principalmente, a criar novos m\u00e9todos e estrat\u00e9gias. Para o turismo de neg\u00f3cios e eventos, este ano ser\u00e1, al\u00e9m do desenvolvimento de realiza\u00e7\u00e3o, tamb\u00e9m um ano que oportuniza a an\u00e1lise de evolu\u00e7\u00e3o e andamento das pr\u00e1ticas do ramo. Pelos benef\u00edcios, pela import\u00e2ncia para a ind\u00fastria e pelos resultados significativos, a expectativa \u00e9 que o turismo de neg\u00f3cios e eventos receba n\u00e3o s\u00f3 a aten\u00e7\u00e3o de quem faz o turismo no Brasil, mas tamb\u00e9m a dedica\u00e7\u00e3o e empenho em gerar \u00a0novas pr\u00e1ticas que acompanhem o desenvolvimento mundial do ramo. <\/span><\/p>\n","protected":false},"excerpt":{"rendered":"<p>Aqui no blog, al\u00e9m das not\u00edcias de capa que surgem semanalmente, procuro comentar sempre as novidades do turismo de eventos. O turismo de neg\u00f3cios e eventos \u00e9 o terceiro principal motivo da vinda de turistas estrangeiros para o Brasil e \u00e9 um apoio indispens\u00e1vel para a economia do setor. De acordo com dados oficiais, em&hellip; <a class=\"more-link\" href=\"https:\/\/blog.panrotas.com.br\/mktdestinos\/2017\/01\/31\/a-vez-do-turismo-de-negocios-e-eventos\/\">Continue reading &rarr;<\/a><\/p>\n","protected":false},"author":21,"featured_media":0,"comment_status":"open","ping_status":"open","sticky":false,"template":"","format":"standard","meta":{"spay_email":""},"categories":[3],"tags":[218,491,548,583,894,904,909,982],"yoast_head":"<!-- This site is optimized with the Yoast SEO plugin v17.3 - https:\/\/yoast.com\/wordpress\/plugins\/seo\/ -->\n<title>A vez do turismo de neg\u00f3cios e eventos - Marketing Destinos<\/title>\n<meta name=\"robots\" content=\"index, follow, max-snippet:-1, max-image-preview:large, max-video-preview:-1\" \/>\n<link rel=\"canonical\" href=\"https:\/\/blog.panrotas.com.br\/mktdestinos\/2017\/01\/31\/a-vez-do-turismo-de-negocios-e-eventos\/\" \/>\n<meta property=\"og:locale\" content=\"pt_BR\" \/>\n<meta property=\"og:type\" content=\"article\" \/>\n<meta property=\"og:title\" content=\"A vez do turismo de neg\u00f3cios e eventos - Marketing Destinos\" \/>\n<meta property=\"og:description\" content=\"Aqui no blog, al\u00e9m das not\u00edcias de capa que surgem semanalmente, procuro comentar sempre as novidades do turismo de eventos. O turismo de neg\u00f3cios e eventos \u00e9 o terceiro principal motivo da vinda de turistas estrangeiros para o Brasil e \u00e9 um apoio indispens\u00e1vel para a economia do setor. De acordo com dados oficiais, em&hellip; Continue reading &rarr;\" \/>\n<meta property=\"og:url\" content=\"https:\/\/blog.panrotas.com.br\/mktdestinos\/2017\/01\/31\/a-vez-do-turismo-de-negocios-e-eventos\/\" \/>\n<meta property=\"og:site_name\" content=\"Marketing Destinos\" \/>\n<meta property=\"article:published_time\" content=\"2017-01-31T15:42:18+00:00\" \/>\n<meta property=\"og:image\" content=\"http:\/\/panrotas.blog.br\/mktdestinos\/wp-content\/uploads\/sites\/23\/2017\/01\/30_01_17_feira_negocios_Messina-300x170.jpg\" \/>\n<meta name=\"twitter:card\" content=\"summary_large_image\" \/>\n<meta name=\"twitter:label1\" content=\"Escrito por\" \/>\n\t<meta name=\"twitter:data1\" content=\"Jeanine Pires\" \/>\n\t<meta name=\"twitter:label2\" content=\"Est. tempo de leitura\" \/>\n\t<meta name=\"twitter:data2\" content=\"2 minutos\" \/>\n<script type=\"application\/ld+json\" class=\"yoast-schema-graph\">{\"@context\":\"https:\/\/schema.org\",\"@graph\":[{\"@type\":\"WebSite\",\"@id\":\"https:\/\/blog.panrotas.com.br\/mktdestinos\/#website\",\"url\":\"https:\/\/blog.panrotas.com.br\/mktdestinos\/\",\"name\":\"Marketing Destinos\",\"description\":\"\",\"potentialAction\":[{\"@type\":\"SearchAction\",\"target\":{\"@type\":\"EntryPoint\",\"urlTemplate\":\"https:\/\/blog.panrotas.com.br\/mktdestinos\/?s={search_term_string}\"},\"query-input\":\"required name=search_term_string\"}],\"inLanguage\":\"pt-BR\"},{\"@type\":\"ImageObject\",\"@id\":\"https:\/\/blog.panrotas.com.br\/mktdestinos\/2017\/01\/31\/a-vez-do-turismo-de-negocios-e-eventos\/#primaryimage\",\"inLanguage\":\"pt-BR\",\"url\":\"http:\/\/panrotas.blog.br\/mktdestinos\/wp-content\/uploads\/sites\/23\/2017\/01\/30_01_17_feira_negocios_Messina-300x170.jpg\",\"contentUrl\":\"http:\/\/panrotas.blog.br\/mktdestinos\/wp-content\/uploads\/sites\/23\/2017\/01\/30_01_17_feira_negocios_Messina-300x170.jpg\"},{\"@type\":\"WebPage\",\"@id\":\"https:\/\/blog.panrotas.com.br\/mktdestinos\/2017\/01\/31\/a-vez-do-turismo-de-negocios-e-eventos\/#webpage\",\"url\":\"https:\/\/blog.panrotas.com.br\/mktdestinos\/2017\/01\/31\/a-vez-do-turismo-de-negocios-e-eventos\/\",\"name\":\"A vez do turismo de neg\\u00f3cios e eventos - Marketing Destinos\",\"isPartOf\":{\"@id\":\"https:\/\/blog.panrotas.com.br\/mktdestinos\/#website\"},\"primaryImageOfPage\":{\"@id\":\"https:\/\/blog.panrotas.com.br\/mktdestinos\/2017\/01\/31\/a-vez-do-turismo-de-negocios-e-eventos\/#primaryimage\"},\"datePublished\":\"2017-01-31T15:42:18+00:00\",\"dateModified\":\"2017-01-31T15:42:18+00:00\",\"author\":{\"@id\":\"https:\/\/blog.panrotas.com.br\/mktdestinos\/#\/schema\/person\/6b7480064d4010fed7920e2a06e2472e\"},\"breadcrumb\":{\"@id\":\"https:\/\/blog.panrotas.com.br\/mktdestinos\/2017\/01\/31\/a-vez-do-turismo-de-negocios-e-eventos\/#breadcrumb\"},\"inLanguage\":\"pt-BR\",\"potentialAction\":[{\"@type\":\"ReadAction\",\"target\":[\"https:\/\/blog.panrotas.com.br\/mktdestinos\/2017\/01\/31\/a-vez-do-turismo-de-negocios-e-eventos\/\"]}]},{\"@type\":\"BreadcrumbList\",\"@id\":\"https:\/\/blog.panrotas.com.br\/mktdestinos\/2017\/01\/31\/a-vez-do-turismo-de-negocios-e-eventos\/#breadcrumb\",\"itemListElement\":[{\"@type\":\"ListItem\",\"position\":1,\"name\":\"In\\u00edcio\",\"item\":\"https:\/\/blog.panrotas.com.br\/mktdestinos\/\"},{\"@type\":\"ListItem\",\"position\":2,\"name\":\"A vez do turismo de neg\\u00f3cios e eventos\"}]},{\"@type\":\"Person\",\"@id\":\"https:\/\/blog.panrotas.com.br\/mktdestinos\/#\/schema\/person\/6b7480064d4010fed7920e2a06e2472e\",\"name\":\"Jeanine Pires\",\"image\":{\"@type\":\"ImageObject\",\"@id\":\"https:\/\/blog.panrotas.com.br\/mktdestinos\/#personlogo\",\"inLanguage\":\"pt-BR\",\"url\":\"https:\/\/secure.gravatar.com\/avatar\/4eff31f2a3aee87600bf1f78d5953f48?s=96&d=mm&r=g\",\"contentUrl\":\"https:\/\/secure.gravatar.com\/avatar\/4eff31f2a3aee87600bf1f78d5953f48?s=96&d=mm&r=g\",\"caption\":\"Jeanine Pires\"},\"description\":\"Apaixonada pela ind\\u00fastria de viagens e turismo, h\\u00e1 31 anos atua como l\\u00edder do setor no Brasil e no exterior. J\\u00e1 Presidiu e foi Diretora da EMBRATUR entre 2003 e 2010; \\u00e9 Diretora da Pires Intelig\\u00eancia em Destinos e, no final de 2022, entrou para a CVC Corp como Diretora de Alian\\u00e7as e Rela\\u00e7\\u00f5es Governamentais. Jeanine foi Co-fundadora da startup ONER Travel em 2020 e j\\u00e1 atuou como Presidente do Conselho da Fecom\\u00e9rcio S\\u00e3o Paulo e da WTM Latin America. Com forma\\u00e7\\u00e3o e especialidade em marketing de destinos e economia do turismo, Jeanine faz palestras, cursos e consultorias.\",\"url\":\"https:\/\/blog.panrotas.com.br\/mktdestinos\/author\/jeanine\/\"}]}<\/script>\n<!-- \/ Yoast SEO plugin. -->","yoast_head_json":{"title":"A vez do turismo de neg\u00f3cios e eventos - Marketing Destinos","robots":{"index":"index","follow":"follow","max-snippet":"max-snippet:-1","max-image-preview":"max-image-preview:large","max-video-preview":"max-video-preview:-1"},"canonical":"https:\/\/blog.panrotas.com.br\/mktdestinos\/2017\/01\/31\/a-vez-do-turismo-de-negocios-e-eventos\/","og_locale":"pt_BR","og_type":"article","og_title":"A vez do turismo de neg\u00f3cios e eventos - Marketing Destinos","og_description":"Aqui no blog, al\u00e9m das not\u00edcias de capa que surgem semanalmente, procuro comentar sempre as novidades do turismo de eventos. O turismo de neg\u00f3cios e eventos \u00e9 o terceiro principal motivo da vinda de turistas estrangeiros para o Brasil e \u00e9 um apoio indispens\u00e1vel para a economia do setor. De acordo com dados oficiais, em&hellip; Continue reading &rarr;","og_url":"https:\/\/blog.panrotas.com.br\/mktdestinos\/2017\/01\/31\/a-vez-do-turismo-de-negocios-e-eventos\/","og_site_name":"Marketing Destinos","article_published_time":"2017-01-31T15:42:18+00:00","og_image":[{"url":"http:\/\/panrotas.blog.br\/mktdestinos\/wp-content\/uploads\/sites\/23\/2017\/01\/30_01_17_feira_negocios_Messina-300x170.jpg"}],"twitter_card":"summary_large_image","twitter_misc":{"Escrito por":"Jeanine Pires","Est. tempo de leitura":"2 minutos"},"schema":{"@context":"https:\/\/schema.org","@graph":[{"@type":"WebSite","@id":"https:\/\/blog.panrotas.com.br\/mktdestinos\/#website","url":"https:\/\/blog.panrotas.com.br\/mktdestinos\/","name":"Marketing Destinos","description":"","potentialAction":[{"@type":"SearchAction","target":{"@type":"EntryPoint","urlTemplate":"https:\/\/blog.panrotas.com.br\/mktdestinos\/?s={search_term_string}"},"query-input":"required name=search_term_string"}],"inLanguage":"pt-BR"},{"@type":"ImageObject","@id":"https:\/\/blog.panrotas.com.br\/mktdestinos\/2017\/01\/31\/a-vez-do-turismo-de-negocios-e-eventos\/#primaryimage","inLanguage":"pt-BR","url":"http:\/\/panrotas.blog.br\/mktdestinos\/wp-content\/uploads\/sites\/23\/2017\/01\/30_01_17_feira_negocios_Messina-300x170.jpg","contentUrl":"http:\/\/panrotas.blog.br\/mktdestinos\/wp-content\/uploads\/sites\/23\/2017\/01\/30_01_17_feira_negocios_Messina-300x170.jpg"},{"@type":"WebPage","@id":"https:\/\/blog.panrotas.com.br\/mktdestinos\/2017\/01\/31\/a-vez-do-turismo-de-negocios-e-eventos\/#webpage","url":"https:\/\/blog.panrotas.com.br\/mktdestinos\/2017\/01\/31\/a-vez-do-turismo-de-negocios-e-eventos\/","name":"A vez do turismo de neg\u00f3cios e eventos - Marketing Destinos","isPartOf":{"@id":"https:\/\/blog.panrotas.com.br\/mktdestinos\/#website"},"primaryImageOfPage":{"@id":"https:\/\/blog.panrotas.com.br\/mktdestinos\/2017\/01\/31\/a-vez-do-turismo-de-negocios-e-eventos\/#primaryimage"},"datePublished":"2017-01-31T15:42:18+00:00","dateModified":"2017-01-31T15:42:18+00:00","author":{"@id":"https:\/\/blog.panrotas.com.br\/mktdestinos\/#\/schema\/person\/6b7480064d4010fed7920e2a06e2472e"},"breadcrumb":{"@id":"https:\/\/blog.panrotas.com.br\/mktdestinos\/2017\/01\/31\/a-vez-do-turismo-de-negocios-e-eventos\/#breadcrumb"},"inLanguage":"pt-BR","potentialAction":[{"@type":"ReadAction","target":["https:\/\/blog.panrotas.com.br\/mktdestinos\/2017\/01\/31\/a-vez-do-turismo-de-negocios-e-eventos\/"]}]},{"@type":"BreadcrumbList","@id":"https:\/\/blog.panrotas.com.br\/mktdestinos\/2017\/01\/31\/a-vez-do-turismo-de-negocios-e-eventos\/#breadcrumb","itemListElement":[{"@type":"ListItem","position":1,"name":"In\u00edcio","item":"https:\/\/blog.panrotas.com.br\/mktdestinos\/"},{"@type":"ListItem","position":2,"name":"A vez do turismo de neg\u00f3cios e eventos"}]},{"@type":"Person","@id":"https:\/\/blog.panrotas.com.br\/mktdestinos\/#\/schema\/person\/6b7480064d4010fed7920e2a06e2472e","name":"Jeanine Pires","image":{"@type":"ImageObject","@id":"https:\/\/blog.panrotas.com.br\/mktdestinos\/#personlogo","inLanguage":"pt-BR","url":"https:\/\/secure.gravatar.com\/avatar\/4eff31f2a3aee87600bf1f78d5953f48?s=96&d=mm&r=g","contentUrl":"https:\/\/secure.gravatar.com\/avatar\/4eff31f2a3aee87600bf1f78d5953f48?s=96&d=mm&r=g","caption":"Jeanine Pires"},"description":"Apaixonada pela ind\u00fastria de viagens e turismo, h\u00e1 31 anos atua como l\u00edder do setor no Brasil e no exterior. J\u00e1 Presidiu e foi Diretora da EMBRATUR entre 2003 e 2010; \u00e9 Diretora da Pires Intelig\u00eancia em Destinos e, no final de 2022, entrou para a CVC Corp como Diretora de Alian\u00e7as e Rela\u00e7\u00f5es Governamentais. Jeanine foi Co-fundadora da startup ONER Travel em 2020 e j\u00e1 atuou como Presidente do Conselho da Fecom\u00e9rcio S\u00e3o Paulo e da WTM Latin America. Com forma\u00e7\u00e3o e especialidade em marketing de destinos e economia do turismo, Jeanine faz palestras, cursos e consultorias.","url":"https:\/\/blog.panrotas.com.br\/mktdestinos\/author\/jeanine\/"}]}},"jetpack_featured_media_url":"","_links":{"self":[{"href":"https:\/\/blog.panrotas.com.br\/mktdestinos\/wp-json\/wp\/v2\/posts\/1700"}],"collection":[{"href":"https:\/\/blog.panrotas.com.br\/mktdestinos\/wp-json\/wp\/v2\/posts"}],"about":[{"href":"https:\/\/blog.panrotas.com.br\/mktdestinos\/wp-json\/wp\/v2\/types\/post"}],"author":[{"embeddable":true,"href":"https:\/\/blog.panrotas.com.br\/mktdestinos\/wp-json\/wp\/v2\/users\/21"}],"replies":[{"embeddable":true,"href":"https:\/\/blog.panrotas.com.br\/mktdestinos\/wp-json\/wp\/v2\/comments?post=1700"}],"version-history":[{"count":0,"href":"https:\/\/blog.panrotas.com.br\/mktdestinos\/wp-json\/wp\/v2\/posts\/1700\/revisions"}],"wp:attachment":[{"href":"https:\/\/blog.panrotas.com.br\/mktdestinos\/wp-json\/wp\/v2\/media?parent=1700"}],"wp:term":[{"taxonomy":"category","embeddable":true,"href":"https:\/\/blog.panrotas.com.br\/mktdestinos\/wp-json\/wp\/v2\/categories?post=1700"},{"taxonomy":"post_tag","embeddable":true,"href":"https:\/\/blog.panrotas.com.br\/mktdestinos\/wp-json\/wp\/v2\/tags?post=1700"}],"curies":[{"name":"wp","href":"https:\/\/api.w.org\/{rel}","templated":true}]}}