{"id":183,"date":"2011-07-29T20:10:28","date_gmt":"2011-07-29T23:10:28","guid":{"rendered":"http:\/\/blog.panrotas.com.br\/contagemregressiva\/?p=183"},"modified":"2011-07-29T20:10:28","modified_gmt":"2011-07-29T23:10:28","slug":"as-frutas-do-nordeste","status":"publish","type":"post","link":"https:\/\/blog.panrotas.com.br\/mktdestinos\/2011\/07\/29\/as-frutas-do-nordeste\/","title":{"rendered":"As frutas do nordeste"},"content":{"rendered":"<p>A edi\u00e7\u00e3o 972 do Jornal Panrotas traz algumas p\u00e1ginas e um debate bastante amplo e interessante sobre o nordeste e sua promo\u00e7\u00e3o internacional. As avalia\u00e7\u00f5es se complementam e a diversidade de opini\u00f5es ajuda na reflex\u00e3o importante que o Panrotas coloca aos leitores e \u00e0 ind\u00fastria.<\/p>\n<p>Como todos sabem, adoro um bom debate. Opini\u00f5es e entendimentos diferentes, com pessoas que possuem experi\u00eancias em campos diversos s\u00f3 faz aumentar nossa capacidade de pensar e buscar solu\u00e7\u00f5es melhores para todos.<\/p>\n<p>Claro que o tema n\u00e3o est\u00e1 esgotado, e a reflex\u00e3o que trago \u00e9 exatamente que todos os profissionais busquem ir adiante no debate, e se temos um problema novo ou antigo, nossa forma de pensar sobre ele e as solu\u00e7\u00f5es a buscar devem devem ser inovadoras, grandes na vis\u00e3o, amplas o suficiente para aproveitar as oportunidades que o mercado interno e a d\u00e9cada dos eventos nos proporciona.<\/p>\n<p>Vamos fazer dos lim\u00f5es a limonada?  S\u00f3 isso ? Ou vamos fazer a caipirosca de lim\u00e3o, lima, de pitanga, caju, e de todas as frutas poss\u00edveis e mesmo daquelas que n\u00e3o conhecemos ainda?<\/p>\n","protected":false},"excerpt":{"rendered":"<p>A edi\u00e7\u00e3o 972 do Jornal Panrotas traz algumas p\u00e1ginas e um debate bastante amplo e interessante sobre o nordeste e sua promo\u00e7\u00e3o internacional. As avalia\u00e7\u00f5es se complementam e a diversidade de opini\u00f5es ajuda na reflex\u00e3o importante que o Panrotas coloca aos leitores e \u00e0 ind\u00fastria. Como todos sabem, adoro um bom debate. Opini\u00f5es e entendimentos&hellip; <a class=\"more-link\" href=\"https:\/\/blog.panrotas.com.br\/mktdestinos\/2011\/07\/29\/as-frutas-do-nordeste\/\">Continue reading &rarr;<\/a><\/p>\n","protected":false},"author":21,"featured_media":0,"comment_status":"open","ping_status":"open","sticky":false,"template":"","format":"standard","meta":{"spay_email":""},"categories":[4],"tags":[],"yoast_head":"<!-- This site is optimized with the Yoast SEO plugin v17.3 - https:\/\/yoast.com\/wordpress\/plugins\/seo\/ -->\n<title>As frutas do nordeste - Marketing Destinos<\/title>\n<meta name=\"robots\" content=\"index, follow, max-snippet:-1, max-image-preview:large, max-video-preview:-1\" \/>\n<link rel=\"canonical\" href=\"https:\/\/blog.panrotas.com.br\/mktdestinos\/2011\/07\/29\/as-frutas-do-nordeste\/\" \/>\n<meta property=\"og:locale\" content=\"pt_BR\" \/>\n<meta property=\"og:type\" content=\"article\" \/>\n<meta property=\"og:title\" content=\"As frutas do nordeste - Marketing Destinos\" \/>\n<meta property=\"og:description\" content=\"A edi\u00e7\u00e3o 972 do Jornal Panrotas traz algumas p\u00e1ginas e um debate bastante amplo e interessante sobre o nordeste e sua promo\u00e7\u00e3o internacional. As avalia\u00e7\u00f5es se complementam e a diversidade de opini\u00f5es ajuda na reflex\u00e3o importante que o Panrotas coloca aos leitores e \u00e0 ind\u00fastria. Como todos sabem, adoro um bom debate. Opini\u00f5es e entendimentos&hellip; Continue reading &rarr;\" \/>\n<meta property=\"og:url\" content=\"https:\/\/blog.panrotas.com.br\/mktdestinos\/2011\/07\/29\/as-frutas-do-nordeste\/\" \/>\n<meta property=\"og:site_name\" content=\"Marketing Destinos\" \/>\n<meta property=\"article:published_time\" content=\"2011-07-29T23:10:28+00:00\" \/>\n<meta name=\"twitter:card\" content=\"summary_large_image\" \/>\n<meta name=\"twitter:label1\" content=\"Escrito por\" \/>\n\t<meta name=\"twitter:data1\" content=\"Jeanine Pires\" \/>\n\t<meta name=\"twitter:label2\" content=\"Est. tempo de leitura\" \/>\n\t<meta name=\"twitter:data2\" content=\"1 minuto\" \/>\n<script type=\"application\/ld+json\" class=\"yoast-schema-graph\">{\"@context\":\"https:\/\/schema.org\",\"@graph\":[{\"@type\":\"WebSite\",\"@id\":\"https:\/\/blog.panrotas.com.br\/mktdestinos\/#website\",\"url\":\"https:\/\/blog.panrotas.com.br\/mktdestinos\/\",\"name\":\"Marketing Destinos\",\"description\":\"\",\"potentialAction\":[{\"@type\":\"SearchAction\",\"target\":{\"@type\":\"EntryPoint\",\"urlTemplate\":\"https:\/\/blog.panrotas.com.br\/mktdestinos\/?s={search_term_string}\"},\"query-input\":\"required name=search_term_string\"}],\"inLanguage\":\"pt-BR\"},{\"@type\":\"WebPage\",\"@id\":\"https:\/\/blog.panrotas.com.br\/mktdestinos\/2011\/07\/29\/as-frutas-do-nordeste\/#webpage\",\"url\":\"https:\/\/blog.panrotas.com.br\/mktdestinos\/2011\/07\/29\/as-frutas-do-nordeste\/\",\"name\":\"As frutas do nordeste - Marketing Destinos\",\"isPartOf\":{\"@id\":\"https:\/\/blog.panrotas.com.br\/mktdestinos\/#website\"},\"datePublished\":\"2011-07-29T23:10:28+00:00\",\"dateModified\":\"2011-07-29T23:10:28+00:00\",\"author\":{\"@id\":\"https:\/\/blog.panrotas.com.br\/mktdestinos\/#\/schema\/person\/6b7480064d4010fed7920e2a06e2472e\"},\"breadcrumb\":{\"@id\":\"https:\/\/blog.panrotas.com.br\/mktdestinos\/2011\/07\/29\/as-frutas-do-nordeste\/#breadcrumb\"},\"inLanguage\":\"pt-BR\",\"potentialAction\":[{\"@type\":\"ReadAction\",\"target\":[\"https:\/\/blog.panrotas.com.br\/mktdestinos\/2011\/07\/29\/as-frutas-do-nordeste\/\"]}]},{\"@type\":\"BreadcrumbList\",\"@id\":\"https:\/\/blog.panrotas.com.br\/mktdestinos\/2011\/07\/29\/as-frutas-do-nordeste\/#breadcrumb\",\"itemListElement\":[{\"@type\":\"ListItem\",\"position\":1,\"name\":\"In\\u00edcio\",\"item\":\"https:\/\/blog.panrotas.com.br\/mktdestinos\/\"},{\"@type\":\"ListItem\",\"position\":2,\"name\":\"As frutas do nordeste\"}]},{\"@type\":\"Person\",\"@id\":\"https:\/\/blog.panrotas.com.br\/mktdestinos\/#\/schema\/person\/6b7480064d4010fed7920e2a06e2472e\",\"name\":\"Jeanine Pires\",\"image\":{\"@type\":\"ImageObject\",\"@id\":\"https:\/\/blog.panrotas.com.br\/mktdestinos\/#personlogo\",\"inLanguage\":\"pt-BR\",\"url\":\"https:\/\/secure.gravatar.com\/avatar\/4eff31f2a3aee87600bf1f78d5953f48?s=96&d=mm&r=g\",\"contentUrl\":\"https:\/\/secure.gravatar.com\/avatar\/4eff31f2a3aee87600bf1f78d5953f48?s=96&d=mm&r=g\",\"caption\":\"Jeanine Pires\"},\"description\":\"Apaixonada pela ind\\u00fastria de viagens e turismo, h\\u00e1 31 anos atua como l\\u00edder do setor no Brasil e no exterior. J\\u00e1 Presidiu e foi Diretora da EMBRATUR entre 2003 e 2010; \\u00e9 Diretora da Pires Intelig\\u00eancia em Destinos e, no final de 2022, entrou para a CVC Corp como Diretora de Alian\\u00e7as e Rela\\u00e7\\u00f5es Governamentais. Jeanine foi Co-fundadora da startup ONER Travel em 2020 e j\\u00e1 atuou como Presidente do Conselho da Fecom\\u00e9rcio S\\u00e3o Paulo e da WTM Latin America. Com forma\\u00e7\\u00e3o e especialidade em marketing de destinos e economia do turismo, Jeanine faz palestras, cursos e consultorias.\",\"url\":\"https:\/\/blog.panrotas.com.br\/mktdestinos\/author\/jeanine\/\"}]}<\/script>\n<!-- \/ Yoast SEO plugin. -->","yoast_head_json":{"title":"As frutas do nordeste - Marketing Destinos","robots":{"index":"index","follow":"follow","max-snippet":"max-snippet:-1","max-image-preview":"max-image-preview:large","max-video-preview":"max-video-preview:-1"},"canonical":"https:\/\/blog.panrotas.com.br\/mktdestinos\/2011\/07\/29\/as-frutas-do-nordeste\/","og_locale":"pt_BR","og_type":"article","og_title":"As frutas do nordeste - Marketing Destinos","og_description":"A edi\u00e7\u00e3o 972 do Jornal Panrotas traz algumas p\u00e1ginas e um debate bastante amplo e interessante sobre o nordeste e sua promo\u00e7\u00e3o internacional. As avalia\u00e7\u00f5es se complementam e a diversidade de opini\u00f5es ajuda na reflex\u00e3o importante que o Panrotas coloca aos leitores e \u00e0 ind\u00fastria. Como todos sabem, adoro um bom debate. Opini\u00f5es e entendimentos&hellip; Continue reading &rarr;","og_url":"https:\/\/blog.panrotas.com.br\/mktdestinos\/2011\/07\/29\/as-frutas-do-nordeste\/","og_site_name":"Marketing Destinos","article_published_time":"2011-07-29T23:10:28+00:00","twitter_card":"summary_large_image","twitter_misc":{"Escrito por":"Jeanine Pires","Est. tempo de leitura":"1 minuto"},"schema":{"@context":"https:\/\/schema.org","@graph":[{"@type":"WebSite","@id":"https:\/\/blog.panrotas.com.br\/mktdestinos\/#website","url":"https:\/\/blog.panrotas.com.br\/mktdestinos\/","name":"Marketing Destinos","description":"","potentialAction":[{"@type":"SearchAction","target":{"@type":"EntryPoint","urlTemplate":"https:\/\/blog.panrotas.com.br\/mktdestinos\/?s={search_term_string}"},"query-input":"required name=search_term_string"}],"inLanguage":"pt-BR"},{"@type":"WebPage","@id":"https:\/\/blog.panrotas.com.br\/mktdestinos\/2011\/07\/29\/as-frutas-do-nordeste\/#webpage","url":"https:\/\/blog.panrotas.com.br\/mktdestinos\/2011\/07\/29\/as-frutas-do-nordeste\/","name":"As frutas do nordeste - Marketing Destinos","isPartOf":{"@id":"https:\/\/blog.panrotas.com.br\/mktdestinos\/#website"},"datePublished":"2011-07-29T23:10:28+00:00","dateModified":"2011-07-29T23:10:28+00:00","author":{"@id":"https:\/\/blog.panrotas.com.br\/mktdestinos\/#\/schema\/person\/6b7480064d4010fed7920e2a06e2472e"},"breadcrumb":{"@id":"https:\/\/blog.panrotas.com.br\/mktdestinos\/2011\/07\/29\/as-frutas-do-nordeste\/#breadcrumb"},"inLanguage":"pt-BR","potentialAction":[{"@type":"ReadAction","target":["https:\/\/blog.panrotas.com.br\/mktdestinos\/2011\/07\/29\/as-frutas-do-nordeste\/"]}]},{"@type":"BreadcrumbList","@id":"https:\/\/blog.panrotas.com.br\/mktdestinos\/2011\/07\/29\/as-frutas-do-nordeste\/#breadcrumb","itemListElement":[{"@type":"ListItem","position":1,"name":"In\u00edcio","item":"https:\/\/blog.panrotas.com.br\/mktdestinos\/"},{"@type":"ListItem","position":2,"name":"As frutas do nordeste"}]},{"@type":"Person","@id":"https:\/\/blog.panrotas.com.br\/mktdestinos\/#\/schema\/person\/6b7480064d4010fed7920e2a06e2472e","name":"Jeanine Pires","image":{"@type":"ImageObject","@id":"https:\/\/blog.panrotas.com.br\/mktdestinos\/#personlogo","inLanguage":"pt-BR","url":"https:\/\/secure.gravatar.com\/avatar\/4eff31f2a3aee87600bf1f78d5953f48?s=96&d=mm&r=g","contentUrl":"https:\/\/secure.gravatar.com\/avatar\/4eff31f2a3aee87600bf1f78d5953f48?s=96&d=mm&r=g","caption":"Jeanine Pires"},"description":"Apaixonada pela ind\u00fastria de viagens e turismo, h\u00e1 31 anos atua como l\u00edder do setor no Brasil e no exterior. J\u00e1 Presidiu e foi Diretora da EMBRATUR entre 2003 e 2010; \u00e9 Diretora da Pires Intelig\u00eancia em Destinos e, no final de 2022, entrou para a CVC Corp como Diretora de Alian\u00e7as e Rela\u00e7\u00f5es Governamentais. Jeanine foi Co-fundadora da startup ONER Travel em 2020 e j\u00e1 atuou como Presidente do Conselho da Fecom\u00e9rcio S\u00e3o Paulo e da WTM Latin America. Com forma\u00e7\u00e3o e especialidade em marketing de destinos e economia do turismo, Jeanine faz palestras, cursos e consultorias.","url":"https:\/\/blog.panrotas.com.br\/mktdestinos\/author\/jeanine\/"}]}},"jetpack_featured_media_url":"","_links":{"self":[{"href":"https:\/\/blog.panrotas.com.br\/mktdestinos\/wp-json\/wp\/v2\/posts\/183"}],"collection":[{"href":"https:\/\/blog.panrotas.com.br\/mktdestinos\/wp-json\/wp\/v2\/posts"}],"about":[{"href":"https:\/\/blog.panrotas.com.br\/mktdestinos\/wp-json\/wp\/v2\/types\/post"}],"author":[{"embeddable":true,"href":"https:\/\/blog.panrotas.com.br\/mktdestinos\/wp-json\/wp\/v2\/users\/21"}],"replies":[{"embeddable":true,"href":"https:\/\/blog.panrotas.com.br\/mktdestinos\/wp-json\/wp\/v2\/comments?post=183"}],"version-history":[{"count":0,"href":"https:\/\/blog.panrotas.com.br\/mktdestinos\/wp-json\/wp\/v2\/posts\/183\/revisions"}],"wp:attachment":[{"href":"https:\/\/blog.panrotas.com.br\/mktdestinos\/wp-json\/wp\/v2\/media?parent=183"}],"wp:term":[{"taxonomy":"category","embeddable":true,"href":"https:\/\/blog.panrotas.com.br\/mktdestinos\/wp-json\/wp\/v2\/categories?post=183"},{"taxonomy":"post_tag","embeddable":true,"href":"https:\/\/blog.panrotas.com.br\/mktdestinos\/wp-json\/wp\/v2\/tags?post=183"}],"curies":[{"name":"wp","href":"https:\/\/api.w.org\/{rel}","templated":true}]}}