{"id":1879,"date":"2017-05-25T08:36:58","date_gmt":"2017-05-25T11:36:58","guid":{"rendered":"http:\/\/blog.panrotas.com.br\/mktdestinos\/?p=1879"},"modified":"2019-09-27T19:06:20","modified_gmt":"2019-09-27T22:06:20","slug":"turismo-dos-eua-em-defesa-de-cuba","status":"publish","type":"post","link":"https:\/\/blog.panrotas.com.br\/mktdestinos\/2017\/05\/25\/turismo-dos-eua-em-defesa-de-cuba\/","title":{"rendered":"Turismo dos EUA em defesa de Cuba"},"content":{"rendered":"<p><a href=\"http:\/\/blog.panrotas.com.br\/mktdestinos\/index.php\/2017\/05\/25\/turismo-dos-eua-em-defesa-de-cuba\/attachment\/1495712221220\/\" rel=\"attachment wp-att-1880\"><br \/>\n<\/a>Mais um cap\u00edtulo da trama do Turismo estadunidense no governo Trump se iniciou ap\u00f3s o ent\u00e3o presidente norte-americano afirmar que est\u00e1 se dedicando a uma \u201crevis\u00e3o integral\u201d da pol\u00edtica com Cuba e que as novas diretrizes ter\u00e3o \u201cimportantes diferen\u00e7as\u201d em rela\u00e7\u00e3o \u00e0s medidas adotadas por Obama.<\/p>\n<p>Ap\u00f3s o an\u00fancio e temendo um retrocesso na reaproxima\u00e7\u00e3o, um grupo de mais de 40 empresas e associa\u00e7\u00f5es de turismo dos Estados Unidos pediram, nesta quarta-feira (24), em carta a Donald Trump, que ele n\u00e3o voltasse atr\u00e1s no processo de normaliza\u00e7\u00e3o das rela\u00e7\u00f5es bilaterais entre os EUA e Cuba, iniciado em 2014 por Obama.<\/p>\n<p>Al\u00e9m de tentar impedir um poss\u00edvel retrocesso no relacionamento com Cuba, a carta pede ainda que Trump reduza as exig\u00eancias burocr\u00e1ticas a fim de facilitar as viagens para o pa\u00eds e contribuir para a expans\u00e3o do Turismo na ilha.<\/p>\n<p>O processo iniciado por Obama traz reflexos de desenvolvimento no setor na rela\u00e7\u00e3o entre os dois pa\u00edses: segundo dados oficiais do governo de Havana, 284.937 turistas americanos passaram por Cuba, o que consiste em 74% a mais do que no ano anterior.<\/p>\n<p>Tamb\u00e9m como parte do processo de reaproxima\u00e7\u00e3o entre os dois pa\u00edses, em maio do ano passado, partiu dos EUA o primeiro cruzeiro em dire\u00e7\u00e3o a Cuba em mais de 50 anos. Pouco depois, em agosto de 2016, o primeiro v\u00f4o comercial ligando Washington e Havana come\u00e7ou a operar, o que tamb\u00e9m n\u00e3o ocorria h\u00e1 mais de meio s\u00e9culo.<br \/>\nO Turismo \u00e9, antes de tudo, um produto de<br \/>\nintegra\u00e7\u00e3o. As conquistas adquiridas atrav\u00e9s do projeto facilitador da rela\u00e7\u00e3o entre Estados Unidos e Cuba (relacionamento historicamente conturbado) n\u00e3o s\u00e3o apenas dos pa\u00edses mencionados: s\u00e3o vit\u00f3rias para o setor como um todo, pois conferem desenvolvimento \u00e0 ind\u00fastria, integralmente. O que ser\u00e1 feito deste processo no governo Trump e quais as consequ\u00eancias para o Turismo entre os dois pa\u00edses, ainda n\u00e3o podemos prever ao certo. Seguimos acompanhando o setor por aqui e no mundo.<\/p>\n","protected":false},"excerpt":{"rendered":"<p>Mais um cap\u00edtulo da trama do Turismo estadunidense no governo Trump se iniciou ap\u00f3s o ent\u00e3o presidente norte-americano afirmar que est\u00e1 se dedicando a uma \u201crevis\u00e3o integral\u201d da pol\u00edtica com Cuba e que as novas diretrizes ter\u00e3o \u201cimportantes diferen\u00e7as\u201d em rela\u00e7\u00e3o \u00e0s medidas adotadas por Obama. Ap\u00f3s o an\u00fancio e temendo um retrocesso na reaproxima\u00e7\u00e3o,&hellip; <a class=\"more-link\" href=\"https:\/\/blog.panrotas.com.br\/mktdestinos\/2017\/05\/25\/turismo-dos-eua-em-defesa-de-cuba\/\">Continue reading &rarr;<\/a><\/p>\n","protected":false},"author":21,"featured_media":0,"comment_status":"open","ping_status":"open","sticky":false,"template":"","format":"standard","meta":{"spay_email":""},"categories":[3],"tags":[206,265,296,491,779,945],"yoast_head":"<!-- This site is optimized with the Yoast SEO plugin v17.3 - https:\/\/yoast.com\/wordpress\/plugins\/seo\/ -->\n<title>Turismo dos EUA em defesa de Cuba - Marketing Destinos<\/title>\n<meta name=\"robots\" content=\"index, follow, max-snippet:-1, max-image-preview:large, max-video-preview:-1\" \/>\n<link rel=\"canonical\" href=\"https:\/\/blog.panrotas.com.br\/mktdestinos\/2017\/05\/25\/turismo-dos-eua-em-defesa-de-cuba\/\" \/>\n<meta property=\"og:locale\" content=\"pt_BR\" \/>\n<meta property=\"og:type\" content=\"article\" \/>\n<meta property=\"og:title\" content=\"Turismo dos EUA em defesa de Cuba - Marketing Destinos\" \/>\n<meta property=\"og:description\" content=\"Mais um cap\u00edtulo da trama do Turismo estadunidense no governo Trump se iniciou ap\u00f3s o ent\u00e3o presidente norte-americano afirmar que est\u00e1 se dedicando a uma \u201crevis\u00e3o integral\u201d da pol\u00edtica com Cuba e que as novas diretrizes ter\u00e3o \u201cimportantes diferen\u00e7as\u201d em rela\u00e7\u00e3o \u00e0s medidas adotadas por Obama. Ap\u00f3s o an\u00fancio e temendo um retrocesso na reaproxima\u00e7\u00e3o,&hellip; Continue reading &rarr;\" \/>\n<meta property=\"og:url\" content=\"https:\/\/blog.panrotas.com.br\/mktdestinos\/2017\/05\/25\/turismo-dos-eua-em-defesa-de-cuba\/\" \/>\n<meta property=\"og:site_name\" content=\"Marketing Destinos\" \/>\n<meta property=\"article:published_time\" content=\"2017-05-25T11:36:58+00:00\" \/>\n<meta property=\"article:modified_time\" content=\"2019-09-27T22:06:20+00:00\" \/>\n<meta name=\"twitter:card\" content=\"summary_large_image\" \/>\n<meta name=\"twitter:label1\" content=\"Escrito por\" \/>\n\t<meta name=\"twitter:data1\" content=\"Jeanine Pires\" \/>\n\t<meta name=\"twitter:label2\" content=\"Est. tempo de leitura\" \/>\n\t<meta name=\"twitter:data2\" content=\"2 minutos\" \/>\n<script type=\"application\/ld+json\" class=\"yoast-schema-graph\">{\"@context\":\"https:\/\/schema.org\",\"@graph\":[{\"@type\":\"WebSite\",\"@id\":\"https:\/\/blog.panrotas.com.br\/mktdestinos\/#website\",\"url\":\"https:\/\/blog.panrotas.com.br\/mktdestinos\/\",\"name\":\"Marketing Destinos\",\"description\":\"\",\"potentialAction\":[{\"@type\":\"SearchAction\",\"target\":{\"@type\":\"EntryPoint\",\"urlTemplate\":\"https:\/\/blog.panrotas.com.br\/mktdestinos\/?s={search_term_string}\"},\"query-input\":\"required name=search_term_string\"}],\"inLanguage\":\"pt-BR\"},{\"@type\":\"WebPage\",\"@id\":\"https:\/\/blog.panrotas.com.br\/mktdestinos\/2017\/05\/25\/turismo-dos-eua-em-defesa-de-cuba\/#webpage\",\"url\":\"https:\/\/blog.panrotas.com.br\/mktdestinos\/2017\/05\/25\/turismo-dos-eua-em-defesa-de-cuba\/\",\"name\":\"Turismo dos EUA em defesa de Cuba - Marketing Destinos\",\"isPartOf\":{\"@id\":\"https:\/\/blog.panrotas.com.br\/mktdestinos\/#website\"},\"datePublished\":\"2017-05-25T11:36:58+00:00\",\"dateModified\":\"2019-09-27T22:06:20+00:00\",\"author\":{\"@id\":\"https:\/\/blog.panrotas.com.br\/mktdestinos\/#\/schema\/person\/6b7480064d4010fed7920e2a06e2472e\"},\"breadcrumb\":{\"@id\":\"https:\/\/blog.panrotas.com.br\/mktdestinos\/2017\/05\/25\/turismo-dos-eua-em-defesa-de-cuba\/#breadcrumb\"},\"inLanguage\":\"pt-BR\",\"potentialAction\":[{\"@type\":\"ReadAction\",\"target\":[\"https:\/\/blog.panrotas.com.br\/mktdestinos\/2017\/05\/25\/turismo-dos-eua-em-defesa-de-cuba\/\"]}]},{\"@type\":\"BreadcrumbList\",\"@id\":\"https:\/\/blog.panrotas.com.br\/mktdestinos\/2017\/05\/25\/turismo-dos-eua-em-defesa-de-cuba\/#breadcrumb\",\"itemListElement\":[{\"@type\":\"ListItem\",\"position\":1,\"name\":\"In\\u00edcio\",\"item\":\"https:\/\/blog.panrotas.com.br\/mktdestinos\/\"},{\"@type\":\"ListItem\",\"position\":2,\"name\":\"Turismo dos EUA em defesa de Cuba\"}]},{\"@type\":\"Person\",\"@id\":\"https:\/\/blog.panrotas.com.br\/mktdestinos\/#\/schema\/person\/6b7480064d4010fed7920e2a06e2472e\",\"name\":\"Jeanine Pires\",\"image\":{\"@type\":\"ImageObject\",\"@id\":\"https:\/\/blog.panrotas.com.br\/mktdestinos\/#personlogo\",\"inLanguage\":\"pt-BR\",\"url\":\"https:\/\/secure.gravatar.com\/avatar\/4eff31f2a3aee87600bf1f78d5953f48?s=96&d=mm&r=g\",\"contentUrl\":\"https:\/\/secure.gravatar.com\/avatar\/4eff31f2a3aee87600bf1f78d5953f48?s=96&d=mm&r=g\",\"caption\":\"Jeanine Pires\"},\"description\":\"Apaixonada pela ind\\u00fastria de viagens e turismo, h\\u00e1 31 anos atua como l\\u00edder do setor no Brasil e no exterior. J\\u00e1 Presidiu e foi Diretora da EMBRATUR entre 2003 e 2010; \\u00e9 Diretora da Pires Intelig\\u00eancia em Destinos e, no final de 2022, entrou para a CVC Corp como Diretora de Alian\\u00e7as e Rela\\u00e7\\u00f5es Governamentais. Jeanine foi Co-fundadora da startup ONER Travel em 2020 e j\\u00e1 atuou como Presidente do Conselho da Fecom\\u00e9rcio S\\u00e3o Paulo e da WTM Latin America. Com forma\\u00e7\\u00e3o e especialidade em marketing de destinos e economia do turismo, Jeanine faz palestras, cursos e consultorias.\",\"url\":\"https:\/\/blog.panrotas.com.br\/mktdestinos\/author\/jeanine\/\"}]}<\/script>\n<!-- \/ Yoast SEO plugin. -->","yoast_head_json":{"title":"Turismo dos EUA em defesa de Cuba - Marketing Destinos","robots":{"index":"index","follow":"follow","max-snippet":"max-snippet:-1","max-image-preview":"max-image-preview:large","max-video-preview":"max-video-preview:-1"},"canonical":"https:\/\/blog.panrotas.com.br\/mktdestinos\/2017\/05\/25\/turismo-dos-eua-em-defesa-de-cuba\/","og_locale":"pt_BR","og_type":"article","og_title":"Turismo dos EUA em defesa de Cuba - Marketing Destinos","og_description":"Mais um cap\u00edtulo da trama do Turismo estadunidense no governo Trump se iniciou ap\u00f3s o ent\u00e3o presidente norte-americano afirmar que est\u00e1 se dedicando a uma \u201crevis\u00e3o integral\u201d da pol\u00edtica com Cuba e que as novas diretrizes ter\u00e3o \u201cimportantes diferen\u00e7as\u201d em rela\u00e7\u00e3o \u00e0s medidas adotadas por Obama. Ap\u00f3s o an\u00fancio e temendo um retrocesso na reaproxima\u00e7\u00e3o,&hellip; Continue reading &rarr;","og_url":"https:\/\/blog.panrotas.com.br\/mktdestinos\/2017\/05\/25\/turismo-dos-eua-em-defesa-de-cuba\/","og_site_name":"Marketing Destinos","article_published_time":"2017-05-25T11:36:58+00:00","article_modified_time":"2019-09-27T22:06:20+00:00","twitter_card":"summary_large_image","twitter_misc":{"Escrito por":"Jeanine Pires","Est. tempo de leitura":"2 minutos"},"schema":{"@context":"https:\/\/schema.org","@graph":[{"@type":"WebSite","@id":"https:\/\/blog.panrotas.com.br\/mktdestinos\/#website","url":"https:\/\/blog.panrotas.com.br\/mktdestinos\/","name":"Marketing Destinos","description":"","potentialAction":[{"@type":"SearchAction","target":{"@type":"EntryPoint","urlTemplate":"https:\/\/blog.panrotas.com.br\/mktdestinos\/?s={search_term_string}"},"query-input":"required name=search_term_string"}],"inLanguage":"pt-BR"},{"@type":"WebPage","@id":"https:\/\/blog.panrotas.com.br\/mktdestinos\/2017\/05\/25\/turismo-dos-eua-em-defesa-de-cuba\/#webpage","url":"https:\/\/blog.panrotas.com.br\/mktdestinos\/2017\/05\/25\/turismo-dos-eua-em-defesa-de-cuba\/","name":"Turismo dos EUA em defesa de Cuba - Marketing Destinos","isPartOf":{"@id":"https:\/\/blog.panrotas.com.br\/mktdestinos\/#website"},"datePublished":"2017-05-25T11:36:58+00:00","dateModified":"2019-09-27T22:06:20+00:00","author":{"@id":"https:\/\/blog.panrotas.com.br\/mktdestinos\/#\/schema\/person\/6b7480064d4010fed7920e2a06e2472e"},"breadcrumb":{"@id":"https:\/\/blog.panrotas.com.br\/mktdestinos\/2017\/05\/25\/turismo-dos-eua-em-defesa-de-cuba\/#breadcrumb"},"inLanguage":"pt-BR","potentialAction":[{"@type":"ReadAction","target":["https:\/\/blog.panrotas.com.br\/mktdestinos\/2017\/05\/25\/turismo-dos-eua-em-defesa-de-cuba\/"]}]},{"@type":"BreadcrumbList","@id":"https:\/\/blog.panrotas.com.br\/mktdestinos\/2017\/05\/25\/turismo-dos-eua-em-defesa-de-cuba\/#breadcrumb","itemListElement":[{"@type":"ListItem","position":1,"name":"In\u00edcio","item":"https:\/\/blog.panrotas.com.br\/mktdestinos\/"},{"@type":"ListItem","position":2,"name":"Turismo dos EUA em defesa de Cuba"}]},{"@type":"Person","@id":"https:\/\/blog.panrotas.com.br\/mktdestinos\/#\/schema\/person\/6b7480064d4010fed7920e2a06e2472e","name":"Jeanine Pires","image":{"@type":"ImageObject","@id":"https:\/\/blog.panrotas.com.br\/mktdestinos\/#personlogo","inLanguage":"pt-BR","url":"https:\/\/secure.gravatar.com\/avatar\/4eff31f2a3aee87600bf1f78d5953f48?s=96&d=mm&r=g","contentUrl":"https:\/\/secure.gravatar.com\/avatar\/4eff31f2a3aee87600bf1f78d5953f48?s=96&d=mm&r=g","caption":"Jeanine Pires"},"description":"Apaixonada pela ind\u00fastria de viagens e turismo, h\u00e1 31 anos atua como l\u00edder do setor no Brasil e no exterior. J\u00e1 Presidiu e foi Diretora da EMBRATUR entre 2003 e 2010; \u00e9 Diretora da Pires Intelig\u00eancia em Destinos e, no final de 2022, entrou para a CVC Corp como Diretora de Alian\u00e7as e Rela\u00e7\u00f5es Governamentais. Jeanine foi Co-fundadora da startup ONER Travel em 2020 e j\u00e1 atuou como Presidente do Conselho da Fecom\u00e9rcio S\u00e3o Paulo e da WTM Latin America. Com forma\u00e7\u00e3o e especialidade em marketing de destinos e economia do turismo, Jeanine faz palestras, cursos e consultorias.","url":"https:\/\/blog.panrotas.com.br\/mktdestinos\/author\/jeanine\/"}]}},"jetpack_featured_media_url":"","_links":{"self":[{"href":"https:\/\/blog.panrotas.com.br\/mktdestinos\/wp-json\/wp\/v2\/posts\/1879"}],"collection":[{"href":"https:\/\/blog.panrotas.com.br\/mktdestinos\/wp-json\/wp\/v2\/posts"}],"about":[{"href":"https:\/\/blog.panrotas.com.br\/mktdestinos\/wp-json\/wp\/v2\/types\/post"}],"author":[{"embeddable":true,"href":"https:\/\/blog.panrotas.com.br\/mktdestinos\/wp-json\/wp\/v2\/users\/21"}],"replies":[{"embeddable":true,"href":"https:\/\/blog.panrotas.com.br\/mktdestinos\/wp-json\/wp\/v2\/comments?post=1879"}],"version-history":[{"count":1,"href":"https:\/\/blog.panrotas.com.br\/mktdestinos\/wp-json\/wp\/v2\/posts\/1879\/revisions"}],"predecessor-version":[{"id":3041,"href":"https:\/\/blog.panrotas.com.br\/mktdestinos\/wp-json\/wp\/v2\/posts\/1879\/revisions\/3041"}],"wp:attachment":[{"href":"https:\/\/blog.panrotas.com.br\/mktdestinos\/wp-json\/wp\/v2\/media?parent=1879"}],"wp:term":[{"taxonomy":"category","embeddable":true,"href":"https:\/\/blog.panrotas.com.br\/mktdestinos\/wp-json\/wp\/v2\/categories?post=1879"},{"taxonomy":"post_tag","embeddable":true,"href":"https:\/\/blog.panrotas.com.br\/mktdestinos\/wp-json\/wp\/v2\/tags?post=1879"}],"curies":[{"name":"wp","href":"https:\/\/api.w.org\/{rel}","templated":true}]}}