{"id":2088,"date":"2017-08-31T08:52:26","date_gmt":"2017-08-31T11:52:26","guid":{"rendered":"http:\/\/blog.panrotas.com.br\/mktdestinos\/?p=2088"},"modified":"2017-08-31T08:52:26","modified_gmt":"2017-08-31T11:52:26","slug":"brasileiros-voando-mais","status":"publish","type":"post","link":"https:\/\/blog.panrotas.com.br\/mktdestinos\/2017\/08\/31\/brasileiros-voando-mais\/","title":{"rendered":"Brasileiros voando mais"},"content":{"rendered":"<p><span style=\"font-weight: 400\"><a href=\"http:\/\/blog.panrotas.com.br\/mktdestinos\/index.php\/2017\/07\/27\/voos-domesticos-em-foco\/agenciabrasil17-02-2012_jfc8115a\/\" rel=\"attachment wp-att-1998\"><img loading=\"lazy\" class=\"alignleft wp-image-1998 size-medium\" src=\"http:\/\/panrotas.blog.br\/mktdestinos\/wp-content\/uploads\/sites\/23\/2017\/07\/agenciabrasil17.02.2012_jfc8115a-300x226.jpg\" alt=\"\" width=\"300\" height=\"226\" srcset=\"https:\/\/blog.panrotas.com.br\/mktdestinos\/wp-content\/uploads\/sites\/23\/2017\/07\/agenciabrasil17.02.2012_jfc8115a-300x226.jpg 300w, https:\/\/blog.panrotas.com.br\/mktdestinos\/wp-content\/uploads\/sites\/23\/2017\/07\/agenciabrasil17.02.2012_jfc8115a.jpg 625w\" sizes=\"(max-width: 300px) 100vw, 300px\" \/><\/a>A inten\u00e7\u00e3o do brasileiro em viajar de avi\u00e3o aumentou 3 pontos percentuais de acordo com a \u00faltima pesquisa de Sondagem do Consumidor \u00a0&#8211; Inten\u00e7\u00e3o de Viagem, do Mtur, divulgada ontem. O resultado mais recente, de julho, informa que, dos brasileiros que pretendem viajar num horizonte de 6 meses, 62% pretende ir de avi\u00e3o, inten\u00e7\u00e3o maior do que a observada em junho deste ano (que foi de 57%).<\/span><\/p>\n<p><span style=\"font-weight: 400\">J\u00e1 a inten\u00e7\u00e3o de viajar de autom\u00f3vel e de \u00f4nibus caiu 2 pontos percentuais cada uma em julho, se compararmos a junho deste ano.<\/span><\/p>\n<p><span style=\"font-weight: 400\">A prefer\u00eancia pelo o transporte a\u00e9reo tamb\u00e9m \u00e9 uma das maiores do ano, que chegou a ter 50% das inten\u00e7\u00f5es no in\u00edcio de 2017. Paulatinamente, os brasileiros t\u00eam mostrado mais confian\u00e7a econ\u00f4mica para realizar viagens, o que tem movimentado o ramo da avia\u00e7\u00e3o. Entretanto, o momento ainda \u00e9 de incertezas por aqui. <\/span><\/p>\n<p><span style=\"font-weight: 400\">Mas, por enquanto, est\u00e1 dando pra ser otimista: de acordo com dados da Associa\u00e7\u00e3o Brasileira das Empresas A\u00e9reas (ABEAR), em julho deste ano houve um crescimento de 3,83% na busca por voos dom\u00e9sticos e de 4,43% no volume de passageiros transportados, somando 8,6 milh\u00f5es viagens realizadas. Esse percentual obtido quando comparado o m\u00eas de julho de 2017 a julho do ano passado.<\/span><\/p>\n<p><span style=\"font-weight: 400\">Ainda segundo a ABEAR, al\u00e9m da procura, a oferta de transporte oferecida por companhias como Avianca, Gol, Latam e Azul teve um aumento de 4,59% em rela\u00e7\u00e3o a julho do ano passado.<\/span><\/p>\n<p><span style=\"font-weight: 400\">Atualmente, o governo possui a meta de chegar a 100 milh\u00f5es de brasileiros viajando em 2022. Nos dias de hoje, esse n\u00famero \u00e9 de 60 milh\u00f5es. A que velocidade precisamos andar para conseguir os 100 milh\u00f5es? Ser\u00e1 que, em menos de 5 anos, conseguiremos o feito, dado o momento pol\u00edtico e econ\u00f4mico que (ainda) temos atravessado? <\/span><\/p>\n<p><span style=\"font-weight: 400\">Enquanto n\u00e3o temos respostas, seguimos fazendo o turismo da melhor forma que sabemos e acompanhando de perto todos percal\u00e7os e est\u00edmulos do setor.<\/span><\/p>\n","protected":false},"excerpt":{"rendered":"<p>A inten\u00e7\u00e3o do brasileiro em viajar de avi\u00e3o aumentou 3 pontos percentuais de acordo com a \u00faltima pesquisa de Sondagem do Consumidor \u00a0&#8211; Inten\u00e7\u00e3o de Viagem, do Mtur, divulgada ontem. O resultado mais recente, de julho, informa que, dos brasileiros que pretendem viajar num horizonte de 6 meses, 62% pretende ir de avi\u00e3o, inten\u00e7\u00e3o maior&hellip; <a class=\"more-link\" href=\"https:\/\/blog.panrotas.com.br\/mktdestinos\/2017\/08\/31\/brasileiros-voando-mais\/\">Continue reading &rarr;<\/a><\/p>\n","protected":false},"author":21,"featured_media":0,"comment_status":"open","ping_status":"open","sticky":false,"template":"","format":"standard","meta":{"spay_email":""},"categories":[3],"tags":[22,71,218,469,491,583,820,894],"yoast_head":"<!-- This site is optimized with the Yoast SEO plugin v17.3 - https:\/\/yoast.com\/wordpress\/plugins\/seo\/ -->\n<title>Brasileiros voando mais - Marketing Destinos<\/title>\n<meta name=\"robots\" content=\"index, follow, max-snippet:-1, max-image-preview:large, max-video-preview:-1\" \/>\n<link rel=\"canonical\" href=\"https:\/\/blog.panrotas.com.br\/mktdestinos\/2017\/08\/31\/brasileiros-voando-mais\/\" \/>\n<meta property=\"og:locale\" content=\"pt_BR\" \/>\n<meta property=\"og:type\" content=\"article\" \/>\n<meta property=\"og:title\" content=\"Brasileiros voando mais - Marketing Destinos\" \/>\n<meta property=\"og:description\" content=\"A inten\u00e7\u00e3o do brasileiro em viajar de avi\u00e3o aumentou 3 pontos percentuais de acordo com a \u00faltima pesquisa de Sondagem do Consumidor \u00a0&#8211; Inten\u00e7\u00e3o de Viagem, do Mtur, divulgada ontem. O resultado mais recente, de julho, informa que, dos brasileiros que pretendem viajar num horizonte de 6 meses, 62% pretende ir de avi\u00e3o, inten\u00e7\u00e3o maior&hellip; Continue reading &rarr;\" \/>\n<meta property=\"og:url\" content=\"https:\/\/blog.panrotas.com.br\/mktdestinos\/2017\/08\/31\/brasileiros-voando-mais\/\" \/>\n<meta property=\"og:site_name\" content=\"Marketing Destinos\" \/>\n<meta property=\"article:published_time\" content=\"2017-08-31T11:52:26+00:00\" \/>\n<meta property=\"og:image\" content=\"http:\/\/panrotas.blog.br\/mktdestinos\/wp-content\/uploads\/sites\/23\/2017\/07\/agenciabrasil17.02.2012_jfc8115a-300x226.jpg\" \/>\n<meta name=\"twitter:card\" content=\"summary_large_image\" \/>\n<meta name=\"twitter:label1\" content=\"Escrito por\" \/>\n\t<meta name=\"twitter:data1\" content=\"Jeanine Pires\" \/>\n\t<meta name=\"twitter:label2\" content=\"Est. tempo de leitura\" \/>\n\t<meta name=\"twitter:data2\" content=\"2 minutos\" \/>\n<script type=\"application\/ld+json\" class=\"yoast-schema-graph\">{\"@context\":\"https:\/\/schema.org\",\"@graph\":[{\"@type\":\"WebSite\",\"@id\":\"https:\/\/blog.panrotas.com.br\/mktdestinos\/#website\",\"url\":\"https:\/\/blog.panrotas.com.br\/mktdestinos\/\",\"name\":\"Marketing Destinos\",\"description\":\"\",\"potentialAction\":[{\"@type\":\"SearchAction\",\"target\":{\"@type\":\"EntryPoint\",\"urlTemplate\":\"https:\/\/blog.panrotas.com.br\/mktdestinos\/?s={search_term_string}\"},\"query-input\":\"required name=search_term_string\"}],\"inLanguage\":\"pt-BR\"},{\"@type\":\"ImageObject\",\"@id\":\"https:\/\/blog.panrotas.com.br\/mktdestinos\/2017\/08\/31\/brasileiros-voando-mais\/#primaryimage\",\"inLanguage\":\"pt-BR\",\"url\":\"http:\/\/panrotas.blog.br\/mktdestinos\/wp-content\/uploads\/sites\/23\/2017\/07\/agenciabrasil17.02.2012_jfc8115a-300x226.jpg\",\"contentUrl\":\"http:\/\/panrotas.blog.br\/mktdestinos\/wp-content\/uploads\/sites\/23\/2017\/07\/agenciabrasil17.02.2012_jfc8115a-300x226.jpg\"},{\"@type\":\"WebPage\",\"@id\":\"https:\/\/blog.panrotas.com.br\/mktdestinos\/2017\/08\/31\/brasileiros-voando-mais\/#webpage\",\"url\":\"https:\/\/blog.panrotas.com.br\/mktdestinos\/2017\/08\/31\/brasileiros-voando-mais\/\",\"name\":\"Brasileiros voando mais - Marketing Destinos\",\"isPartOf\":{\"@id\":\"https:\/\/blog.panrotas.com.br\/mktdestinos\/#website\"},\"primaryImageOfPage\":{\"@id\":\"https:\/\/blog.panrotas.com.br\/mktdestinos\/2017\/08\/31\/brasileiros-voando-mais\/#primaryimage\"},\"datePublished\":\"2017-08-31T11:52:26+00:00\",\"dateModified\":\"2017-08-31T11:52:26+00:00\",\"author\":{\"@id\":\"https:\/\/blog.panrotas.com.br\/mktdestinos\/#\/schema\/person\/6b7480064d4010fed7920e2a06e2472e\"},\"breadcrumb\":{\"@id\":\"https:\/\/blog.panrotas.com.br\/mktdestinos\/2017\/08\/31\/brasileiros-voando-mais\/#breadcrumb\"},\"inLanguage\":\"pt-BR\",\"potentialAction\":[{\"@type\":\"ReadAction\",\"target\":[\"https:\/\/blog.panrotas.com.br\/mktdestinos\/2017\/08\/31\/brasileiros-voando-mais\/\"]}]},{\"@type\":\"BreadcrumbList\",\"@id\":\"https:\/\/blog.panrotas.com.br\/mktdestinos\/2017\/08\/31\/brasileiros-voando-mais\/#breadcrumb\",\"itemListElement\":[{\"@type\":\"ListItem\",\"position\":1,\"name\":\"In\\u00edcio\",\"item\":\"https:\/\/blog.panrotas.com.br\/mktdestinos\/\"},{\"@type\":\"ListItem\",\"position\":2,\"name\":\"Brasileiros voando mais\"}]},{\"@type\":\"Person\",\"@id\":\"https:\/\/blog.panrotas.com.br\/mktdestinos\/#\/schema\/person\/6b7480064d4010fed7920e2a06e2472e\",\"name\":\"Jeanine Pires\",\"image\":{\"@type\":\"ImageObject\",\"@id\":\"https:\/\/blog.panrotas.com.br\/mktdestinos\/#personlogo\",\"inLanguage\":\"pt-BR\",\"url\":\"https:\/\/secure.gravatar.com\/avatar\/4eff31f2a3aee87600bf1f78d5953f48?s=96&d=mm&r=g\",\"contentUrl\":\"https:\/\/secure.gravatar.com\/avatar\/4eff31f2a3aee87600bf1f78d5953f48?s=96&d=mm&r=g\",\"caption\":\"Jeanine Pires\"},\"description\":\"Apaixonada pela ind\\u00fastria de viagens e turismo, h\\u00e1 31 anos atua como l\\u00edder do setor no Brasil e no exterior. J\\u00e1 Presidiu e foi Diretora da EMBRATUR entre 2003 e 2010; \\u00e9 Diretora da Pires Intelig\\u00eancia em Destinos e, no final de 2022, entrou para a CVC Corp como Diretora de Alian\\u00e7as e Rela\\u00e7\\u00f5es Governamentais. Jeanine foi Co-fundadora da startup ONER Travel em 2020 e j\\u00e1 atuou como Presidente do Conselho da Fecom\\u00e9rcio S\\u00e3o Paulo e da WTM Latin America. Com forma\\u00e7\\u00e3o e especialidade em marketing de destinos e economia do turismo, Jeanine faz palestras, cursos e consultorias.\",\"url\":\"https:\/\/blog.panrotas.com.br\/mktdestinos\/author\/jeanine\/\"}]}<\/script>\n<!-- \/ Yoast SEO plugin. -->","yoast_head_json":{"title":"Brasileiros voando mais - Marketing Destinos","robots":{"index":"index","follow":"follow","max-snippet":"max-snippet:-1","max-image-preview":"max-image-preview:large","max-video-preview":"max-video-preview:-1"},"canonical":"https:\/\/blog.panrotas.com.br\/mktdestinos\/2017\/08\/31\/brasileiros-voando-mais\/","og_locale":"pt_BR","og_type":"article","og_title":"Brasileiros voando mais - Marketing Destinos","og_description":"A inten\u00e7\u00e3o do brasileiro em viajar de avi\u00e3o aumentou 3 pontos percentuais de acordo com a \u00faltima pesquisa de Sondagem do Consumidor \u00a0&#8211; Inten\u00e7\u00e3o de Viagem, do Mtur, divulgada ontem. O resultado mais recente, de julho, informa que, dos brasileiros que pretendem viajar num horizonte de 6 meses, 62% pretende ir de avi\u00e3o, inten\u00e7\u00e3o maior&hellip; Continue reading &rarr;","og_url":"https:\/\/blog.panrotas.com.br\/mktdestinos\/2017\/08\/31\/brasileiros-voando-mais\/","og_site_name":"Marketing Destinos","article_published_time":"2017-08-31T11:52:26+00:00","og_image":[{"url":"http:\/\/panrotas.blog.br\/mktdestinos\/wp-content\/uploads\/sites\/23\/2017\/07\/agenciabrasil17.02.2012_jfc8115a-300x226.jpg"}],"twitter_card":"summary_large_image","twitter_misc":{"Escrito por":"Jeanine Pires","Est. tempo de leitura":"2 minutos"},"schema":{"@context":"https:\/\/schema.org","@graph":[{"@type":"WebSite","@id":"https:\/\/blog.panrotas.com.br\/mktdestinos\/#website","url":"https:\/\/blog.panrotas.com.br\/mktdestinos\/","name":"Marketing Destinos","description":"","potentialAction":[{"@type":"SearchAction","target":{"@type":"EntryPoint","urlTemplate":"https:\/\/blog.panrotas.com.br\/mktdestinos\/?s={search_term_string}"},"query-input":"required name=search_term_string"}],"inLanguage":"pt-BR"},{"@type":"ImageObject","@id":"https:\/\/blog.panrotas.com.br\/mktdestinos\/2017\/08\/31\/brasileiros-voando-mais\/#primaryimage","inLanguage":"pt-BR","url":"http:\/\/panrotas.blog.br\/mktdestinos\/wp-content\/uploads\/sites\/23\/2017\/07\/agenciabrasil17.02.2012_jfc8115a-300x226.jpg","contentUrl":"http:\/\/panrotas.blog.br\/mktdestinos\/wp-content\/uploads\/sites\/23\/2017\/07\/agenciabrasil17.02.2012_jfc8115a-300x226.jpg"},{"@type":"WebPage","@id":"https:\/\/blog.panrotas.com.br\/mktdestinos\/2017\/08\/31\/brasileiros-voando-mais\/#webpage","url":"https:\/\/blog.panrotas.com.br\/mktdestinos\/2017\/08\/31\/brasileiros-voando-mais\/","name":"Brasileiros voando mais - Marketing Destinos","isPartOf":{"@id":"https:\/\/blog.panrotas.com.br\/mktdestinos\/#website"},"primaryImageOfPage":{"@id":"https:\/\/blog.panrotas.com.br\/mktdestinos\/2017\/08\/31\/brasileiros-voando-mais\/#primaryimage"},"datePublished":"2017-08-31T11:52:26+00:00","dateModified":"2017-08-31T11:52:26+00:00","author":{"@id":"https:\/\/blog.panrotas.com.br\/mktdestinos\/#\/schema\/person\/6b7480064d4010fed7920e2a06e2472e"},"breadcrumb":{"@id":"https:\/\/blog.panrotas.com.br\/mktdestinos\/2017\/08\/31\/brasileiros-voando-mais\/#breadcrumb"},"inLanguage":"pt-BR","potentialAction":[{"@type":"ReadAction","target":["https:\/\/blog.panrotas.com.br\/mktdestinos\/2017\/08\/31\/brasileiros-voando-mais\/"]}]},{"@type":"BreadcrumbList","@id":"https:\/\/blog.panrotas.com.br\/mktdestinos\/2017\/08\/31\/brasileiros-voando-mais\/#breadcrumb","itemListElement":[{"@type":"ListItem","position":1,"name":"In\u00edcio","item":"https:\/\/blog.panrotas.com.br\/mktdestinos\/"},{"@type":"ListItem","position":2,"name":"Brasileiros voando mais"}]},{"@type":"Person","@id":"https:\/\/blog.panrotas.com.br\/mktdestinos\/#\/schema\/person\/6b7480064d4010fed7920e2a06e2472e","name":"Jeanine Pires","image":{"@type":"ImageObject","@id":"https:\/\/blog.panrotas.com.br\/mktdestinos\/#personlogo","inLanguage":"pt-BR","url":"https:\/\/secure.gravatar.com\/avatar\/4eff31f2a3aee87600bf1f78d5953f48?s=96&d=mm&r=g","contentUrl":"https:\/\/secure.gravatar.com\/avatar\/4eff31f2a3aee87600bf1f78d5953f48?s=96&d=mm&r=g","caption":"Jeanine Pires"},"description":"Apaixonada pela ind\u00fastria de viagens e turismo, h\u00e1 31 anos atua como l\u00edder do setor no Brasil e no exterior. J\u00e1 Presidiu e foi Diretora da EMBRATUR entre 2003 e 2010; \u00e9 Diretora da Pires Intelig\u00eancia em Destinos e, no final de 2022, entrou para a CVC Corp como Diretora de Alian\u00e7as e Rela\u00e7\u00f5es Governamentais. Jeanine foi Co-fundadora da startup ONER Travel em 2020 e j\u00e1 atuou como Presidente do Conselho da Fecom\u00e9rcio S\u00e3o Paulo e da WTM Latin America. Com forma\u00e7\u00e3o e especialidade em marketing de destinos e economia do turismo, Jeanine faz palestras, cursos e consultorias.","url":"https:\/\/blog.panrotas.com.br\/mktdestinos\/author\/jeanine\/"}]}},"jetpack_featured_media_url":"","_links":{"self":[{"href":"https:\/\/blog.panrotas.com.br\/mktdestinos\/wp-json\/wp\/v2\/posts\/2088"}],"collection":[{"href":"https:\/\/blog.panrotas.com.br\/mktdestinos\/wp-json\/wp\/v2\/posts"}],"about":[{"href":"https:\/\/blog.panrotas.com.br\/mktdestinos\/wp-json\/wp\/v2\/types\/post"}],"author":[{"embeddable":true,"href":"https:\/\/blog.panrotas.com.br\/mktdestinos\/wp-json\/wp\/v2\/users\/21"}],"replies":[{"embeddable":true,"href":"https:\/\/blog.panrotas.com.br\/mktdestinos\/wp-json\/wp\/v2\/comments?post=2088"}],"version-history":[{"count":0,"href":"https:\/\/blog.panrotas.com.br\/mktdestinos\/wp-json\/wp\/v2\/posts\/2088\/revisions"}],"wp:attachment":[{"href":"https:\/\/blog.panrotas.com.br\/mktdestinos\/wp-json\/wp\/v2\/media?parent=2088"}],"wp:term":[{"taxonomy":"category","embeddable":true,"href":"https:\/\/blog.panrotas.com.br\/mktdestinos\/wp-json\/wp\/v2\/categories?post=2088"},{"taxonomy":"post_tag","embeddable":true,"href":"https:\/\/blog.panrotas.com.br\/mktdestinos\/wp-json\/wp\/v2\/tags?post=2088"}],"curies":[{"name":"wp","href":"https:\/\/api.w.org\/{rel}","templated":true}]}}