{"id":2117,"date":"2017-09-21T15:40:56","date_gmt":"2017-09-21T18:40:56","guid":{"rendered":"http:\/\/blog.panrotas.com.br\/mktdestinos\/?p=2117"},"modified":"2017-09-21T15:40:56","modified_gmt":"2017-09-21T18:40:56","slug":"nordeste-e-desembarques-internacionais-em-alta","status":"publish","type":"post","link":"https:\/\/blog.panrotas.com.br\/mktdestinos\/2017\/09\/21\/nordeste-e-desembarques-internacionais-em-alta\/","title":{"rendered":"Nordeste e desembarques internacionais em alta"},"content":{"rendered":"<p><span style=\"font-weight: 400\"><a href=\"http:\/\/blog.panrotas.com.br\/mktdestinos\/index.php\/2016\/10\/17\/mais-turistas-estrangeiros-pelo-mundo\/arrivalpost\/\" rel=\"attachment wp-att-1503\"><img loading=\"lazy\" class=\"alignleft wp-image-1503 size-medium\" src=\"http:\/\/panrotas.blog.br\/mktdestinos\/wp-content\/uploads\/sites\/23\/2016\/10\/arrivalpost-300x199.jpg\" alt=\"\" width=\"300\" height=\"199\" srcset=\"https:\/\/blog.panrotas.com.br\/mktdestinos\/wp-content\/uploads\/sites\/23\/2016\/10\/arrivalpost-300x199.jpg 300w, https:\/\/blog.panrotas.com.br\/mktdestinos\/wp-content\/uploads\/sites\/23\/2016\/10\/arrivalpost.jpg 674w\" sizes=\"(max-width: 300px) 100vw, 300px\" \/><\/a>O Nordeste segue sendo o destino de viagem dom\u00e9stico preferido dos brasileiros, \u00e9 o que informa a pesquisa do m\u00eas de agosto do Minist\u00e9rio do Turismo divulgada nesta semana. A regi\u00e3o foi indicada como destino de 50,7% dos brasileiros que pretendem viajar num \u00a0horizonte de 6 meses.<\/span><\/p>\n<p><span style=\"font-weight: 400\">Em agosto, pela primeira vez em 11 meses, a regi\u00e3o Sul <\/span><span style=\"font-weight: 400\">supera o Sudeste como destino de prefer\u00eancia dos entrevistados, com 18,5% da prefer\u00eancia. O que provavelmente ocorre porque os atrativos do Paran\u00e1, Santa Catarina e especialmente do Rio Grande do Sul (Natal Luz) est\u00e3o sendo amplamente divulgadas.<\/span><\/p>\n<p><span style=\"font-weight: 400\">No Sudeste, destinos do Rio de Janeiro, S\u00e3o Paulo, Minas Gerais e Esp\u00edrito Santo devem receber a visita de 17,3% dos brasileiros que planejam viajar at\u00e9 fevereiro de 2018. <\/span><\/p>\n<p><span style=\"font-weight: 400\">De acordo com a pesquisa, a porcentagem de pretens\u00e3o de viagem para os pr\u00f3ximos seis meses na rela\u00e7\u00e3o com a agosto do ano passado n\u00e3o sofreu altera\u00e7\u00e3o expressiva. Em 2016, 21,4% dos brasileiros manifestaram perspectiva de viagem, percentual que chegou a 21,7% em agosto deste ano.<\/span><\/p>\n<p><span style=\"font-weight: 400\">A prefer\u00eancia dos viajantes brasileiros por transporte a\u00e9reo, por sua vez, demonstrou alta de 4% se levarmos em considera\u00e7\u00e3o o m\u00eas de agosto de 2016, chegando a ser a op\u00e7\u00e3o escolhida por 60,5% dos que querem viajar nos pr\u00f3ximos 6 meses.<\/span><\/p>\n<p><strong>Enquanto isso\u2026<\/strong><\/p>\n<p><span style=\"font-weight: 400\">No panorama dom\u00e9stico da avia\u00e7\u00e3o, de acordo com o Minist\u00e9rio do Turismo, de janeiro a junho de 2017, foram registrados 44,2 milh\u00f5es de desembarques nacionais, o que confere uma retra\u00e7\u00e3o de 0,64% em rela\u00e7\u00e3o ao mesmo per\u00edodo no ano passado.<\/span><\/p>\n<p><span style=\"font-weight: 400\">J\u00e1 os n\u00fameros de desembarque internacional do Brasil, ainda segundo o levantamento do MTur, \u00a0tiveram leve alta. O Pa\u00eds registrou, no primeiro semestre, uma alta de 1,97% no n\u00famero de chegadas internacionais, o que equivale a 5 milh\u00f5es de desembarques a mais do que no mesmo per\u00edodo em 2016.<\/span><\/p>\n<p><span style=\"font-weight: 400\">Seguimos acompanhando.<\/span><\/p>\n","protected":false},"excerpt":{"rendered":"<p>O Nordeste segue sendo o destino de viagem dom\u00e9stico preferido dos brasileiros, \u00e9 o que informa a pesquisa do m\u00eas de agosto do Minist\u00e9rio do Turismo divulgada nesta semana. A regi\u00e3o foi indicada como destino de 50,7% dos brasileiros que pretendem viajar num \u00a0horizonte de 6 meses. Em agosto, pela primeira vez em 11 meses,&hellip; <a class=\"more-link\" href=\"https:\/\/blog.panrotas.com.br\/mktdestinos\/2017\/09\/21\/nordeste-e-desembarques-internacionais-em-alta\/\">Continue reading &rarr;<\/a><\/p>\n","protected":false},"author":21,"featured_media":0,"comment_status":"open","ping_status":"open","sticky":false,"template":"","format":"standard","meta":{"spay_email":""},"categories":[3],"tags":[],"yoast_head":"<!-- This site is optimized with the Yoast SEO plugin v17.3 - https:\/\/yoast.com\/wordpress\/plugins\/seo\/ -->\n<title>Nordeste e desembarques internacionais em alta - Marketing Destinos<\/title>\n<meta name=\"robots\" content=\"index, follow, max-snippet:-1, max-image-preview:large, max-video-preview:-1\" \/>\n<link rel=\"canonical\" href=\"https:\/\/blog.panrotas.com.br\/mktdestinos\/2017\/09\/21\/nordeste-e-desembarques-internacionais-em-alta\/\" \/>\n<meta property=\"og:locale\" content=\"pt_BR\" \/>\n<meta property=\"og:type\" content=\"article\" \/>\n<meta property=\"og:title\" content=\"Nordeste e desembarques internacionais em alta - Marketing Destinos\" \/>\n<meta property=\"og:description\" content=\"O Nordeste segue sendo o destino de viagem dom\u00e9stico preferido dos brasileiros, \u00e9 o que informa a pesquisa do m\u00eas de agosto do Minist\u00e9rio do Turismo divulgada nesta semana. A regi\u00e3o foi indicada como destino de 50,7% dos brasileiros que pretendem viajar num \u00a0horizonte de 6 meses. Em agosto, pela primeira vez em 11 meses,&hellip; Continue reading &rarr;\" \/>\n<meta property=\"og:url\" content=\"https:\/\/blog.panrotas.com.br\/mktdestinos\/2017\/09\/21\/nordeste-e-desembarques-internacionais-em-alta\/\" \/>\n<meta property=\"og:site_name\" content=\"Marketing Destinos\" \/>\n<meta property=\"article:published_time\" content=\"2017-09-21T18:40:56+00:00\" \/>\n<meta property=\"og:image\" content=\"http:\/\/panrotas.blog.br\/mktdestinos\/wp-content\/uploads\/sites\/23\/2016\/10\/arrivalpost-300x199.jpg\" \/>\n<meta name=\"twitter:card\" content=\"summary_large_image\" \/>\n<meta name=\"twitter:label1\" content=\"Escrito por\" \/>\n\t<meta name=\"twitter:data1\" content=\"Jeanine Pires\" \/>\n\t<meta name=\"twitter:label2\" content=\"Est. tempo de leitura\" \/>\n\t<meta name=\"twitter:data2\" content=\"2 minutos\" \/>\n<script type=\"application\/ld+json\" class=\"yoast-schema-graph\">{\"@context\":\"https:\/\/schema.org\",\"@graph\":[{\"@type\":\"WebSite\",\"@id\":\"https:\/\/blog.panrotas.com.br\/mktdestinos\/#website\",\"url\":\"https:\/\/blog.panrotas.com.br\/mktdestinos\/\",\"name\":\"Marketing Destinos\",\"description\":\"\",\"potentialAction\":[{\"@type\":\"SearchAction\",\"target\":{\"@type\":\"EntryPoint\",\"urlTemplate\":\"https:\/\/blog.panrotas.com.br\/mktdestinos\/?s={search_term_string}\"},\"query-input\":\"required name=search_term_string\"}],\"inLanguage\":\"pt-BR\"},{\"@type\":\"ImageObject\",\"@id\":\"https:\/\/blog.panrotas.com.br\/mktdestinos\/2017\/09\/21\/nordeste-e-desembarques-internacionais-em-alta\/#primaryimage\",\"inLanguage\":\"pt-BR\",\"url\":\"http:\/\/panrotas.blog.br\/mktdestinos\/wp-content\/uploads\/sites\/23\/2016\/10\/arrivalpost-300x199.jpg\",\"contentUrl\":\"http:\/\/panrotas.blog.br\/mktdestinos\/wp-content\/uploads\/sites\/23\/2016\/10\/arrivalpost-300x199.jpg\"},{\"@type\":\"WebPage\",\"@id\":\"https:\/\/blog.panrotas.com.br\/mktdestinos\/2017\/09\/21\/nordeste-e-desembarques-internacionais-em-alta\/#webpage\",\"url\":\"https:\/\/blog.panrotas.com.br\/mktdestinos\/2017\/09\/21\/nordeste-e-desembarques-internacionais-em-alta\/\",\"name\":\"Nordeste e desembarques internacionais em alta - Marketing Destinos\",\"isPartOf\":{\"@id\":\"https:\/\/blog.panrotas.com.br\/mktdestinos\/#website\"},\"primaryImageOfPage\":{\"@id\":\"https:\/\/blog.panrotas.com.br\/mktdestinos\/2017\/09\/21\/nordeste-e-desembarques-internacionais-em-alta\/#primaryimage\"},\"datePublished\":\"2017-09-21T18:40:56+00:00\",\"dateModified\":\"2017-09-21T18:40:56+00:00\",\"author\":{\"@id\":\"https:\/\/blog.panrotas.com.br\/mktdestinos\/#\/schema\/person\/6b7480064d4010fed7920e2a06e2472e\"},\"breadcrumb\":{\"@id\":\"https:\/\/blog.panrotas.com.br\/mktdestinos\/2017\/09\/21\/nordeste-e-desembarques-internacionais-em-alta\/#breadcrumb\"},\"inLanguage\":\"pt-BR\",\"potentialAction\":[{\"@type\":\"ReadAction\",\"target\":[\"https:\/\/blog.panrotas.com.br\/mktdestinos\/2017\/09\/21\/nordeste-e-desembarques-internacionais-em-alta\/\"]}]},{\"@type\":\"BreadcrumbList\",\"@id\":\"https:\/\/blog.panrotas.com.br\/mktdestinos\/2017\/09\/21\/nordeste-e-desembarques-internacionais-em-alta\/#breadcrumb\",\"itemListElement\":[{\"@type\":\"ListItem\",\"position\":1,\"name\":\"In\\u00edcio\",\"item\":\"https:\/\/blog.panrotas.com.br\/mktdestinos\/\"},{\"@type\":\"ListItem\",\"position\":2,\"name\":\"Nordeste e desembarques internacionais em alta\"}]},{\"@type\":\"Person\",\"@id\":\"https:\/\/blog.panrotas.com.br\/mktdestinos\/#\/schema\/person\/6b7480064d4010fed7920e2a06e2472e\",\"name\":\"Jeanine Pires\",\"image\":{\"@type\":\"ImageObject\",\"@id\":\"https:\/\/blog.panrotas.com.br\/mktdestinos\/#personlogo\",\"inLanguage\":\"pt-BR\",\"url\":\"https:\/\/secure.gravatar.com\/avatar\/4eff31f2a3aee87600bf1f78d5953f48?s=96&d=mm&r=g\",\"contentUrl\":\"https:\/\/secure.gravatar.com\/avatar\/4eff31f2a3aee87600bf1f78d5953f48?s=96&d=mm&r=g\",\"caption\":\"Jeanine Pires\"},\"description\":\"Apaixonada pela ind\\u00fastria de viagens e turismo, h\\u00e1 31 anos atua como l\\u00edder do setor no Brasil e no exterior. J\\u00e1 Presidiu e foi Diretora da EMBRATUR entre 2003 e 2010; \\u00e9 Diretora da Pires Intelig\\u00eancia em Destinos e, no final de 2022, entrou para a CVC Corp como Diretora de Alian\\u00e7as e Rela\\u00e7\\u00f5es Governamentais. Jeanine foi Co-fundadora da startup ONER Travel em 2020 e j\\u00e1 atuou como Presidente do Conselho da Fecom\\u00e9rcio S\\u00e3o Paulo e da WTM Latin America. Com forma\\u00e7\\u00e3o e especialidade em marketing de destinos e economia do turismo, Jeanine faz palestras, cursos e consultorias.\",\"url\":\"https:\/\/blog.panrotas.com.br\/mktdestinos\/author\/jeanine\/\"}]}<\/script>\n<!-- \/ Yoast SEO plugin. -->","yoast_head_json":{"title":"Nordeste e desembarques internacionais em alta - Marketing Destinos","robots":{"index":"index","follow":"follow","max-snippet":"max-snippet:-1","max-image-preview":"max-image-preview:large","max-video-preview":"max-video-preview:-1"},"canonical":"https:\/\/blog.panrotas.com.br\/mktdestinos\/2017\/09\/21\/nordeste-e-desembarques-internacionais-em-alta\/","og_locale":"pt_BR","og_type":"article","og_title":"Nordeste e desembarques internacionais em alta - Marketing Destinos","og_description":"O Nordeste segue sendo o destino de viagem dom\u00e9stico preferido dos brasileiros, \u00e9 o que informa a pesquisa do m\u00eas de agosto do Minist\u00e9rio do Turismo divulgada nesta semana. A regi\u00e3o foi indicada como destino de 50,7% dos brasileiros que pretendem viajar num \u00a0horizonte de 6 meses. Em agosto, pela primeira vez em 11 meses,&hellip; Continue reading &rarr;","og_url":"https:\/\/blog.panrotas.com.br\/mktdestinos\/2017\/09\/21\/nordeste-e-desembarques-internacionais-em-alta\/","og_site_name":"Marketing Destinos","article_published_time":"2017-09-21T18:40:56+00:00","og_image":[{"url":"http:\/\/panrotas.blog.br\/mktdestinos\/wp-content\/uploads\/sites\/23\/2016\/10\/arrivalpost-300x199.jpg"}],"twitter_card":"summary_large_image","twitter_misc":{"Escrito por":"Jeanine Pires","Est. tempo de leitura":"2 minutos"},"schema":{"@context":"https:\/\/schema.org","@graph":[{"@type":"WebSite","@id":"https:\/\/blog.panrotas.com.br\/mktdestinos\/#website","url":"https:\/\/blog.panrotas.com.br\/mktdestinos\/","name":"Marketing Destinos","description":"","potentialAction":[{"@type":"SearchAction","target":{"@type":"EntryPoint","urlTemplate":"https:\/\/blog.panrotas.com.br\/mktdestinos\/?s={search_term_string}"},"query-input":"required name=search_term_string"}],"inLanguage":"pt-BR"},{"@type":"ImageObject","@id":"https:\/\/blog.panrotas.com.br\/mktdestinos\/2017\/09\/21\/nordeste-e-desembarques-internacionais-em-alta\/#primaryimage","inLanguage":"pt-BR","url":"http:\/\/panrotas.blog.br\/mktdestinos\/wp-content\/uploads\/sites\/23\/2016\/10\/arrivalpost-300x199.jpg","contentUrl":"http:\/\/panrotas.blog.br\/mktdestinos\/wp-content\/uploads\/sites\/23\/2016\/10\/arrivalpost-300x199.jpg"},{"@type":"WebPage","@id":"https:\/\/blog.panrotas.com.br\/mktdestinos\/2017\/09\/21\/nordeste-e-desembarques-internacionais-em-alta\/#webpage","url":"https:\/\/blog.panrotas.com.br\/mktdestinos\/2017\/09\/21\/nordeste-e-desembarques-internacionais-em-alta\/","name":"Nordeste e desembarques internacionais em alta - Marketing Destinos","isPartOf":{"@id":"https:\/\/blog.panrotas.com.br\/mktdestinos\/#website"},"primaryImageOfPage":{"@id":"https:\/\/blog.panrotas.com.br\/mktdestinos\/2017\/09\/21\/nordeste-e-desembarques-internacionais-em-alta\/#primaryimage"},"datePublished":"2017-09-21T18:40:56+00:00","dateModified":"2017-09-21T18:40:56+00:00","author":{"@id":"https:\/\/blog.panrotas.com.br\/mktdestinos\/#\/schema\/person\/6b7480064d4010fed7920e2a06e2472e"},"breadcrumb":{"@id":"https:\/\/blog.panrotas.com.br\/mktdestinos\/2017\/09\/21\/nordeste-e-desembarques-internacionais-em-alta\/#breadcrumb"},"inLanguage":"pt-BR","potentialAction":[{"@type":"ReadAction","target":["https:\/\/blog.panrotas.com.br\/mktdestinos\/2017\/09\/21\/nordeste-e-desembarques-internacionais-em-alta\/"]}]},{"@type":"BreadcrumbList","@id":"https:\/\/blog.panrotas.com.br\/mktdestinos\/2017\/09\/21\/nordeste-e-desembarques-internacionais-em-alta\/#breadcrumb","itemListElement":[{"@type":"ListItem","position":1,"name":"In\u00edcio","item":"https:\/\/blog.panrotas.com.br\/mktdestinos\/"},{"@type":"ListItem","position":2,"name":"Nordeste e desembarques internacionais em alta"}]},{"@type":"Person","@id":"https:\/\/blog.panrotas.com.br\/mktdestinos\/#\/schema\/person\/6b7480064d4010fed7920e2a06e2472e","name":"Jeanine Pires","image":{"@type":"ImageObject","@id":"https:\/\/blog.panrotas.com.br\/mktdestinos\/#personlogo","inLanguage":"pt-BR","url":"https:\/\/secure.gravatar.com\/avatar\/4eff31f2a3aee87600bf1f78d5953f48?s=96&d=mm&r=g","contentUrl":"https:\/\/secure.gravatar.com\/avatar\/4eff31f2a3aee87600bf1f78d5953f48?s=96&d=mm&r=g","caption":"Jeanine Pires"},"description":"Apaixonada pela ind\u00fastria de viagens e turismo, h\u00e1 31 anos atua como l\u00edder do setor no Brasil e no exterior. J\u00e1 Presidiu e foi Diretora da EMBRATUR entre 2003 e 2010; \u00e9 Diretora da Pires Intelig\u00eancia em Destinos e, no final de 2022, entrou para a CVC Corp como Diretora de Alian\u00e7as e Rela\u00e7\u00f5es Governamentais. Jeanine foi Co-fundadora da startup ONER Travel em 2020 e j\u00e1 atuou como Presidente do Conselho da Fecom\u00e9rcio S\u00e3o Paulo e da WTM Latin America. Com forma\u00e7\u00e3o e especialidade em marketing de destinos e economia do turismo, Jeanine faz palestras, cursos e consultorias.","url":"https:\/\/blog.panrotas.com.br\/mktdestinos\/author\/jeanine\/"}]}},"jetpack_featured_media_url":"","_links":{"self":[{"href":"https:\/\/blog.panrotas.com.br\/mktdestinos\/wp-json\/wp\/v2\/posts\/2117"}],"collection":[{"href":"https:\/\/blog.panrotas.com.br\/mktdestinos\/wp-json\/wp\/v2\/posts"}],"about":[{"href":"https:\/\/blog.panrotas.com.br\/mktdestinos\/wp-json\/wp\/v2\/types\/post"}],"author":[{"embeddable":true,"href":"https:\/\/blog.panrotas.com.br\/mktdestinos\/wp-json\/wp\/v2\/users\/21"}],"replies":[{"embeddable":true,"href":"https:\/\/blog.panrotas.com.br\/mktdestinos\/wp-json\/wp\/v2\/comments?post=2117"}],"version-history":[{"count":0,"href":"https:\/\/blog.panrotas.com.br\/mktdestinos\/wp-json\/wp\/v2\/posts\/2117\/revisions"}],"wp:attachment":[{"href":"https:\/\/blog.panrotas.com.br\/mktdestinos\/wp-json\/wp\/v2\/media?parent=2117"}],"wp:term":[{"taxonomy":"category","embeddable":true,"href":"https:\/\/blog.panrotas.com.br\/mktdestinos\/wp-json\/wp\/v2\/categories?post=2117"},{"taxonomy":"post_tag","embeddable":true,"href":"https:\/\/blog.panrotas.com.br\/mktdestinos\/wp-json\/wp\/v2\/tags?post=2117"}],"curies":[{"name":"wp","href":"https:\/\/api.w.org\/{rel}","templated":true}]}}