{"id":2294,"date":"2018-01-24T08:50:14","date_gmt":"2018-01-24T10:50:14","guid":{"rendered":"http:\/\/blog.panrotas.com.br\/mktdestinos\/?p=2294"},"modified":"2018-01-24T08:50:14","modified_gmt":"2018-01-24T10:50:14","slug":"de-ferias-na-siria","status":"publish","type":"post","link":"https:\/\/blog.panrotas.com.br\/mktdestinos\/2018\/01\/24\/de-ferias-na-siria\/","title":{"rendered":"De f\u00e9rias na S\u00edria"},"content":{"rendered":"<p><a href=\"http:\/\/blog.panrotas.com.br\/mktdestinos\/index.php\/2016\/09\/02\/ferias-na-guerra\/siria_video\/\" rel=\"attachment wp-att-1396\"><img loading=\"lazy\" class=\"alignleft wp-image-1396 size-medium\" src=\"http:\/\/panrotas.blog.br\/mktdestinos\/wp-content\/uploads\/sites\/23\/2016\/09\/Siria_video-300x154.png\" alt=\"\" width=\"300\" height=\"154\" srcset=\"https:\/\/blog.panrotas.com.br\/mktdestinos\/wp-content\/uploads\/sites\/23\/2016\/09\/Siria_video-300x154.png 300w, https:\/\/blog.panrotas.com.br\/mktdestinos\/wp-content\/uploads\/sites\/23\/2016\/09\/Siria_video-768x394.png 768w, https:\/\/blog.panrotas.com.br\/mktdestinos\/wp-content\/uploads\/sites\/23\/2016\/09\/Siria_video.png 854w\" sizes=\"(max-width: 300px) 100vw, 300px\" \/><\/a>Comentei, em setembro de 2016, as tentativas do Minist\u00e9rio do Turismo da S\u00edria de promover o setor no pa\u00eds apesar do cen\u00e1rio ca\u00f3tico gerado pelo conflito no pa\u00eds desde janeiro de 2011. Hoje, a dois dias do in\u00edcio do conflito completar 7 anos, com edif\u00edcios em ru\u00edna, patrim\u00f4nios hist\u00f3ricos destru\u00eddos e milh\u00f5es de s\u00edrios espalhados pelo continente, o pa\u00eds permanece investindo em Turismo e as autoridades s\u00edrias esperam que visitantes estrangeiros visitem o lugar.<\/p>\n<p>\u00c9 certo que o pa\u00eds recuperou controle de boa parte de seu territ\u00f3rio, mas as investidas para o turismo tornam-se suscet\u00edveis a cr\u00edticas quando o governo s\u00edrio praticamente ignora as consequ\u00eancias de uma guerra longa, que devastou marcos importantes da S\u00edria.<\/p>\n<p>O setor do Turismo, antes dos conflitos come\u00e7arem no pa\u00eds, era uma parcela importante da economia s\u00edria. O pa\u00eds estava desenvolvendo sua ind\u00fastria e possu\u00eda grandes marcos tur\u00edsticos, mas uma parte significativa destes foi danificada ou inteiramente destru\u00edda. A constante sensa\u00e7\u00e3o de inseguran\u00e7a no pa\u00eds provocada pela guerra afastou milhares de turistas, como previs\u00edvel.<\/p>\n<p>A mesma afirma\u00e7\u00e3o que fiz h\u00e1 alguns meses ainda \u00e9 aplic\u00e1vel hoje: a tentativa do Minist\u00e9rio do Turismo S\u00edrio de mostrar uma outra imagem da S\u00edria \u00e9 coerente e perfeitamente compreens\u00edvel, por\u00e9m os convites para f\u00e9rias no destino podem ser interpretados ainda como uma ideia ins\u00f3lita, principalmente ap\u00f3s a repercuss\u00e3o do v\u00eddeo &#8220;Syria always beautiful&#8221;, publicado no YouTube pelo Minist\u00e9rio do Turismo s\u00edrio, enquanto o derramamento de sangue assolava o pa\u00eds em larga escala.<\/p>\n<p>Acertadamente, o pa\u00eds tenta reconstruir sua hist\u00f3ria e seu Turismo; erroneamente, o governo n\u00e3o prioriza a reconstru\u00e7\u00e3o de seus marcos e de sua seguran\u00e7a. Investir em projetos que tragam resultados a longo prazo pode ser mais efetivo do que impulsionar o pa\u00eds enquanto a ordem n\u00e3o foi totalmente restabelecida. Enquanto isso, convidar turistas para visitarem a S\u00edria logo ap\u00f3s o um per\u00edodo turbulento pode n\u00e3o ser t\u00e3o eficaz e gerar cr\u00edticas duras ao pa\u00eds.<\/p>\n<p>Continuamos acompanhando.<\/p>\n","protected":false},"excerpt":{"rendered":"<p>Comentei, em setembro de 2016, as tentativas do Minist\u00e9rio do Turismo da S\u00edria de promover o setor no pa\u00eds apesar do cen\u00e1rio ca\u00f3tico gerado pelo conflito no pa\u00eds desde janeiro de 2011. Hoje, a dois dias do in\u00edcio do conflito completar 7 anos, com edif\u00edcios em ru\u00edna, patrim\u00f4nios hist\u00f3ricos destru\u00eddos e milh\u00f5es de s\u00edrios espalhados&hellip; <a class=\"more-link\" href=\"https:\/\/blog.panrotas.com.br\/mktdestinos\/2018\/01\/24\/de-ferias-na-siria\/\">Continue reading &rarr;<\/a><\/p>\n","protected":false},"author":21,"featured_media":0,"comment_status":"open","ping_status":"open","sticky":false,"template":"","format":"standard","meta":{"spay_email":""},"categories":[3],"tags":[215,491,546,812,832,952],"yoast_head":"<!-- This site is optimized with the Yoast SEO plugin v17.3 - https:\/\/yoast.com\/wordpress\/plugins\/seo\/ -->\n<title>De f\u00e9rias na S\u00edria - Marketing Destinos<\/title>\n<meta name=\"robots\" content=\"index, follow, max-snippet:-1, max-image-preview:large, max-video-preview:-1\" \/>\n<link rel=\"canonical\" href=\"https:\/\/blog.panrotas.com.br\/mktdestinos\/2018\/01\/24\/de-ferias-na-siria\/\" \/>\n<meta property=\"og:locale\" content=\"pt_BR\" \/>\n<meta property=\"og:type\" content=\"article\" \/>\n<meta property=\"og:title\" content=\"De f\u00e9rias na S\u00edria - Marketing Destinos\" \/>\n<meta property=\"og:description\" content=\"Comentei, em setembro de 2016, as tentativas do Minist\u00e9rio do Turismo da S\u00edria de promover o setor no pa\u00eds apesar do cen\u00e1rio ca\u00f3tico gerado pelo conflito no pa\u00eds desde janeiro de 2011. Hoje, a dois dias do in\u00edcio do conflito completar 7 anos, com edif\u00edcios em ru\u00edna, patrim\u00f4nios hist\u00f3ricos destru\u00eddos e milh\u00f5es de s\u00edrios espalhados&hellip; Continue reading &rarr;\" \/>\n<meta property=\"og:url\" content=\"https:\/\/blog.panrotas.com.br\/mktdestinos\/2018\/01\/24\/de-ferias-na-siria\/\" \/>\n<meta property=\"og:site_name\" content=\"Marketing Destinos\" \/>\n<meta property=\"article:published_time\" content=\"2018-01-24T10:50:14+00:00\" \/>\n<meta property=\"og:image\" content=\"http:\/\/panrotas.blog.br\/mktdestinos\/wp-content\/uploads\/sites\/23\/2016\/09\/Siria_video-300x154.png\" \/>\n<meta name=\"twitter:card\" content=\"summary_large_image\" \/>\n<meta name=\"twitter:label1\" content=\"Escrito por\" \/>\n\t<meta name=\"twitter:data1\" content=\"Jeanine Pires\" \/>\n\t<meta name=\"twitter:label2\" content=\"Est. tempo de leitura\" \/>\n\t<meta name=\"twitter:data2\" content=\"2 minutos\" \/>\n<script type=\"application\/ld+json\" class=\"yoast-schema-graph\">{\"@context\":\"https:\/\/schema.org\",\"@graph\":[{\"@type\":\"WebSite\",\"@id\":\"https:\/\/blog.panrotas.com.br\/mktdestinos\/#website\",\"url\":\"https:\/\/blog.panrotas.com.br\/mktdestinos\/\",\"name\":\"Marketing Destinos\",\"description\":\"\",\"potentialAction\":[{\"@type\":\"SearchAction\",\"target\":{\"@type\":\"EntryPoint\",\"urlTemplate\":\"https:\/\/blog.panrotas.com.br\/mktdestinos\/?s={search_term_string}\"},\"query-input\":\"required name=search_term_string\"}],\"inLanguage\":\"pt-BR\"},{\"@type\":\"ImageObject\",\"@id\":\"https:\/\/blog.panrotas.com.br\/mktdestinos\/2018\/01\/24\/de-ferias-na-siria\/#primaryimage\",\"inLanguage\":\"pt-BR\",\"url\":\"http:\/\/panrotas.blog.br\/mktdestinos\/wp-content\/uploads\/sites\/23\/2016\/09\/Siria_video-300x154.png\",\"contentUrl\":\"http:\/\/panrotas.blog.br\/mktdestinos\/wp-content\/uploads\/sites\/23\/2016\/09\/Siria_video-300x154.png\"},{\"@type\":\"WebPage\",\"@id\":\"https:\/\/blog.panrotas.com.br\/mktdestinos\/2018\/01\/24\/de-ferias-na-siria\/#webpage\",\"url\":\"https:\/\/blog.panrotas.com.br\/mktdestinos\/2018\/01\/24\/de-ferias-na-siria\/\",\"name\":\"De f\\u00e9rias na S\\u00edria - Marketing Destinos\",\"isPartOf\":{\"@id\":\"https:\/\/blog.panrotas.com.br\/mktdestinos\/#website\"},\"primaryImageOfPage\":{\"@id\":\"https:\/\/blog.panrotas.com.br\/mktdestinos\/2018\/01\/24\/de-ferias-na-siria\/#primaryimage\"},\"datePublished\":\"2018-01-24T10:50:14+00:00\",\"dateModified\":\"2018-01-24T10:50:14+00:00\",\"author\":{\"@id\":\"https:\/\/blog.panrotas.com.br\/mktdestinos\/#\/schema\/person\/6b7480064d4010fed7920e2a06e2472e\"},\"breadcrumb\":{\"@id\":\"https:\/\/blog.panrotas.com.br\/mktdestinos\/2018\/01\/24\/de-ferias-na-siria\/#breadcrumb\"},\"inLanguage\":\"pt-BR\",\"potentialAction\":[{\"@type\":\"ReadAction\",\"target\":[\"https:\/\/blog.panrotas.com.br\/mktdestinos\/2018\/01\/24\/de-ferias-na-siria\/\"]}]},{\"@type\":\"BreadcrumbList\",\"@id\":\"https:\/\/blog.panrotas.com.br\/mktdestinos\/2018\/01\/24\/de-ferias-na-siria\/#breadcrumb\",\"itemListElement\":[{\"@type\":\"ListItem\",\"position\":1,\"name\":\"In\\u00edcio\",\"item\":\"https:\/\/blog.panrotas.com.br\/mktdestinos\/\"},{\"@type\":\"ListItem\",\"position\":2,\"name\":\"De f\\u00e9rias na S\\u00edria\"}]},{\"@type\":\"Person\",\"@id\":\"https:\/\/blog.panrotas.com.br\/mktdestinos\/#\/schema\/person\/6b7480064d4010fed7920e2a06e2472e\",\"name\":\"Jeanine Pires\",\"image\":{\"@type\":\"ImageObject\",\"@id\":\"https:\/\/blog.panrotas.com.br\/mktdestinos\/#personlogo\",\"inLanguage\":\"pt-BR\",\"url\":\"https:\/\/secure.gravatar.com\/avatar\/4eff31f2a3aee87600bf1f78d5953f48?s=96&d=mm&r=g\",\"contentUrl\":\"https:\/\/secure.gravatar.com\/avatar\/4eff31f2a3aee87600bf1f78d5953f48?s=96&d=mm&r=g\",\"caption\":\"Jeanine Pires\"},\"description\":\"Apaixonada pela ind\\u00fastria de viagens e turismo, h\\u00e1 31 anos atua como l\\u00edder do setor no Brasil e no exterior. J\\u00e1 Presidiu e foi Diretora da EMBRATUR entre 2003 e 2010; \\u00e9 Diretora da Pires Intelig\\u00eancia em Destinos e, no final de 2022, entrou para a CVC Corp como Diretora de Alian\\u00e7as e Rela\\u00e7\\u00f5es Governamentais. Jeanine foi Co-fundadora da startup ONER Travel em 2020 e j\\u00e1 atuou como Presidente do Conselho da Fecom\\u00e9rcio S\\u00e3o Paulo e da WTM Latin America. Com forma\\u00e7\\u00e3o e especialidade em marketing de destinos e economia do turismo, Jeanine faz palestras, cursos e consultorias.\",\"url\":\"https:\/\/blog.panrotas.com.br\/mktdestinos\/author\/jeanine\/\"}]}<\/script>\n<!-- \/ Yoast SEO plugin. -->","yoast_head_json":{"title":"De f\u00e9rias na S\u00edria - Marketing Destinos","robots":{"index":"index","follow":"follow","max-snippet":"max-snippet:-1","max-image-preview":"max-image-preview:large","max-video-preview":"max-video-preview:-1"},"canonical":"https:\/\/blog.panrotas.com.br\/mktdestinos\/2018\/01\/24\/de-ferias-na-siria\/","og_locale":"pt_BR","og_type":"article","og_title":"De f\u00e9rias na S\u00edria - Marketing Destinos","og_description":"Comentei, em setembro de 2016, as tentativas do Minist\u00e9rio do Turismo da S\u00edria de promover o setor no pa\u00eds apesar do cen\u00e1rio ca\u00f3tico gerado pelo conflito no pa\u00eds desde janeiro de 2011. Hoje, a dois dias do in\u00edcio do conflito completar 7 anos, com edif\u00edcios em ru\u00edna, patrim\u00f4nios hist\u00f3ricos destru\u00eddos e milh\u00f5es de s\u00edrios espalhados&hellip; Continue reading &rarr;","og_url":"https:\/\/blog.panrotas.com.br\/mktdestinos\/2018\/01\/24\/de-ferias-na-siria\/","og_site_name":"Marketing Destinos","article_published_time":"2018-01-24T10:50:14+00:00","og_image":[{"url":"http:\/\/panrotas.blog.br\/mktdestinos\/wp-content\/uploads\/sites\/23\/2016\/09\/Siria_video-300x154.png"}],"twitter_card":"summary_large_image","twitter_misc":{"Escrito por":"Jeanine Pires","Est. tempo de leitura":"2 minutos"},"schema":{"@context":"https:\/\/schema.org","@graph":[{"@type":"WebSite","@id":"https:\/\/blog.panrotas.com.br\/mktdestinos\/#website","url":"https:\/\/blog.panrotas.com.br\/mktdestinos\/","name":"Marketing Destinos","description":"","potentialAction":[{"@type":"SearchAction","target":{"@type":"EntryPoint","urlTemplate":"https:\/\/blog.panrotas.com.br\/mktdestinos\/?s={search_term_string}"},"query-input":"required name=search_term_string"}],"inLanguage":"pt-BR"},{"@type":"ImageObject","@id":"https:\/\/blog.panrotas.com.br\/mktdestinos\/2018\/01\/24\/de-ferias-na-siria\/#primaryimage","inLanguage":"pt-BR","url":"http:\/\/panrotas.blog.br\/mktdestinos\/wp-content\/uploads\/sites\/23\/2016\/09\/Siria_video-300x154.png","contentUrl":"http:\/\/panrotas.blog.br\/mktdestinos\/wp-content\/uploads\/sites\/23\/2016\/09\/Siria_video-300x154.png"},{"@type":"WebPage","@id":"https:\/\/blog.panrotas.com.br\/mktdestinos\/2018\/01\/24\/de-ferias-na-siria\/#webpage","url":"https:\/\/blog.panrotas.com.br\/mktdestinos\/2018\/01\/24\/de-ferias-na-siria\/","name":"De f\u00e9rias na S\u00edria - Marketing Destinos","isPartOf":{"@id":"https:\/\/blog.panrotas.com.br\/mktdestinos\/#website"},"primaryImageOfPage":{"@id":"https:\/\/blog.panrotas.com.br\/mktdestinos\/2018\/01\/24\/de-ferias-na-siria\/#primaryimage"},"datePublished":"2018-01-24T10:50:14+00:00","dateModified":"2018-01-24T10:50:14+00:00","author":{"@id":"https:\/\/blog.panrotas.com.br\/mktdestinos\/#\/schema\/person\/6b7480064d4010fed7920e2a06e2472e"},"breadcrumb":{"@id":"https:\/\/blog.panrotas.com.br\/mktdestinos\/2018\/01\/24\/de-ferias-na-siria\/#breadcrumb"},"inLanguage":"pt-BR","potentialAction":[{"@type":"ReadAction","target":["https:\/\/blog.panrotas.com.br\/mktdestinos\/2018\/01\/24\/de-ferias-na-siria\/"]}]},{"@type":"BreadcrumbList","@id":"https:\/\/blog.panrotas.com.br\/mktdestinos\/2018\/01\/24\/de-ferias-na-siria\/#breadcrumb","itemListElement":[{"@type":"ListItem","position":1,"name":"In\u00edcio","item":"https:\/\/blog.panrotas.com.br\/mktdestinos\/"},{"@type":"ListItem","position":2,"name":"De f\u00e9rias na S\u00edria"}]},{"@type":"Person","@id":"https:\/\/blog.panrotas.com.br\/mktdestinos\/#\/schema\/person\/6b7480064d4010fed7920e2a06e2472e","name":"Jeanine Pires","image":{"@type":"ImageObject","@id":"https:\/\/blog.panrotas.com.br\/mktdestinos\/#personlogo","inLanguage":"pt-BR","url":"https:\/\/secure.gravatar.com\/avatar\/4eff31f2a3aee87600bf1f78d5953f48?s=96&d=mm&r=g","contentUrl":"https:\/\/secure.gravatar.com\/avatar\/4eff31f2a3aee87600bf1f78d5953f48?s=96&d=mm&r=g","caption":"Jeanine Pires"},"description":"Apaixonada pela ind\u00fastria de viagens e turismo, h\u00e1 31 anos atua como l\u00edder do setor no Brasil e no exterior. J\u00e1 Presidiu e foi Diretora da EMBRATUR entre 2003 e 2010; \u00e9 Diretora da Pires Intelig\u00eancia em Destinos e, no final de 2022, entrou para a CVC Corp como Diretora de Alian\u00e7as e Rela\u00e7\u00f5es Governamentais. Jeanine foi Co-fundadora da startup ONER Travel em 2020 e j\u00e1 atuou como Presidente do Conselho da Fecom\u00e9rcio S\u00e3o Paulo e da WTM Latin America. Com forma\u00e7\u00e3o e especialidade em marketing de destinos e economia do turismo, Jeanine faz palestras, cursos e consultorias.","url":"https:\/\/blog.panrotas.com.br\/mktdestinos\/author\/jeanine\/"}]}},"jetpack_featured_media_url":"","_links":{"self":[{"href":"https:\/\/blog.panrotas.com.br\/mktdestinos\/wp-json\/wp\/v2\/posts\/2294"}],"collection":[{"href":"https:\/\/blog.panrotas.com.br\/mktdestinos\/wp-json\/wp\/v2\/posts"}],"about":[{"href":"https:\/\/blog.panrotas.com.br\/mktdestinos\/wp-json\/wp\/v2\/types\/post"}],"author":[{"embeddable":true,"href":"https:\/\/blog.panrotas.com.br\/mktdestinos\/wp-json\/wp\/v2\/users\/21"}],"replies":[{"embeddable":true,"href":"https:\/\/blog.panrotas.com.br\/mktdestinos\/wp-json\/wp\/v2\/comments?post=2294"}],"version-history":[{"count":0,"href":"https:\/\/blog.panrotas.com.br\/mktdestinos\/wp-json\/wp\/v2\/posts\/2294\/revisions"}],"wp:attachment":[{"href":"https:\/\/blog.panrotas.com.br\/mktdestinos\/wp-json\/wp\/v2\/media?parent=2294"}],"wp:term":[{"taxonomy":"category","embeddable":true,"href":"https:\/\/blog.panrotas.com.br\/mktdestinos\/wp-json\/wp\/v2\/categories?post=2294"},{"taxonomy":"post_tag","embeddable":true,"href":"https:\/\/blog.panrotas.com.br\/mktdestinos\/wp-json\/wp\/v2\/tags?post=2294"}],"curies":[{"name":"wp","href":"https:\/\/api.w.org\/{rel}","templated":true}]}}