{"id":2429,"date":"2018-05-10T14:00:20","date_gmt":"2018-05-10T17:00:20","guid":{"rendered":"http:\/\/blog.panrotas.com.br\/mktdestinos\/?p=2429"},"modified":"2018-05-10T14:00:20","modified_gmt":"2018-05-10T17:00:20","slug":"dolar-e-viagens","status":"publish","type":"post","link":"https:\/\/blog.panrotas.com.br\/mktdestinos\/2018\/05\/10\/dolar-e-viagens\/","title":{"rendered":"D\u00f3lar e viagens"},"content":{"rendered":"<p>O cen\u00e1rio internacional vem provocando uma alta da moeda americana que tem impactos em diversos setores da economia, inclusive o nosso.<\/p>\n<p><a href=\"http:\/\/blog.panrotas.com.br\/mktdestinos\/index.php\/2016\/10\/25\/receita-e-despesa-cambiais-turisticas-em-setembro\/aaaaaadolar\/\" rel=\"attachment wp-att-1520\"><img loading=\"lazy\" class=\"alignleft size-full wp-image-1520\" src=\"http:\/\/panrotas.blog.br\/mktdestinos\/wp-content\/uploads\/sites\/23\/2016\/10\/aaaaaadolar.jpg\" alt=\"\" width=\"278\" height=\"182\" \/><\/a><\/p>\n<p>Nos \u00faltimos tr\u00eas meses, o d\u00f3lar saiu de R$ 3,2 para quase R$ 3,60. Somamos aqui o cen\u00e1rio nacional de uma situa\u00e7\u00e3o econ\u00f4mica qua ainda n\u00e3o conseguiu superar \u00edndices conforme esperado, e o mundo vivenciando recentemente a decis\u00e3o dos EUA de deixar o acordo nuclear com o Ir\u00e3.<\/p>\n<p>O petr\u00f3leo, produto de alto impacto no custo da avia\u00e7\u00e3o civil cresceu 54% nos \u00faltimos 12 meses, j\u00e1 provocando preju\u00edzos e preocupa\u00e7\u00f5es entre as empresas a\u00e9reas e, consequentemente nos valores das viagens.<\/p>\n<p>Aqui no Brasil, o ano de 2017 apresentou alta de 31% nos gastos dos brasileiros no exterior, e queda dos gastos dos estrangeiros no Brasil (3,5%). Em 2018, o ano come\u00e7ou com a tend\u00eancia de aumento dos gastos e uma confian\u00e7a maior do consumidor que influencia as viagens.<\/p>\n<p>At\u00e9 mar\u00e7o de 2018 os gastos dos brasileiros no exterior aumentaram 10% e os dos estrangeiros no Brasil quase 5%. O novo cen\u00e1rio global e o ano de elei\u00e7\u00f5es mostra proje\u00e7\u00f5es de aumento da moeda, sem perspectivas de diminui\u00e7\u00e3o a m\u00e9dio prazo.<\/p>\n<p>Um ingrediente recente e importante, desvaloriza\u00e7\u00e3o do peso argentino pode ajudar a levar brasileiros para l\u00e1, e como vai impactar a vinda de argentinos ? Nosso maior mercado, \u00a0respons\u00e1vel por 35% dos visitantes ao Brasil?<\/p>\n<p>Resta acompanhar, e orientar os clientes para realizar viagens com dicas de como usar as moedas estrangeiras.<\/p>\n<p>&nbsp;<\/p>\n<p>&nbsp;<\/p>\n","protected":false},"excerpt":{"rendered":"<p>O cen\u00e1rio internacional vem provocando uma alta da moeda americana que tem impactos em diversos setores da economia, inclusive o nosso. Nos \u00faltimos tr\u00eas meses, o d\u00f3lar saiu de R$ 3,2 para quase R$ 3,60. Somamos aqui o cen\u00e1rio nacional de uma situa\u00e7\u00e3o econ\u00f4mica qua ainda n\u00e3o conseguiu superar \u00edndices conforme esperado, e o mundo&hellip; <a class=\"more-link\" href=\"https:\/\/blog.panrotas.com.br\/mktdestinos\/2018\/05\/10\/dolar-e-viagens\/\">Continue reading &rarr;<\/a><\/p>\n","protected":false},"author":21,"featured_media":0,"comment_status":"open","ping_status":"open","sticky":false,"template":"","format":"standard","meta":{"spay_email":""},"categories":[3],"tags":[59,60,125,247,259,263,264,491,541,613,657,659,677,886,1009],"yoast_head":"<!-- This site is optimized with the Yoast SEO plugin v17.3 - https:\/\/yoast.com\/wordpress\/plugins\/seo\/ -->\n<title>D\u00f3lar e viagens - Marketing Destinos<\/title>\n<meta name=\"robots\" content=\"index, follow, max-snippet:-1, max-image-preview:large, max-video-preview:-1\" \/>\n<link rel=\"canonical\" href=\"https:\/\/blog.panrotas.com.br\/mktdestinos\/2018\/05\/10\/dolar-e-viagens\/\" \/>\n<meta property=\"og:locale\" content=\"pt_BR\" \/>\n<meta property=\"og:type\" content=\"article\" \/>\n<meta property=\"og:title\" content=\"D\u00f3lar e viagens - Marketing Destinos\" \/>\n<meta property=\"og:description\" content=\"O cen\u00e1rio internacional vem provocando uma alta da moeda americana que tem impactos em diversos setores da economia, inclusive o nosso. Nos \u00faltimos tr\u00eas meses, o d\u00f3lar saiu de R$ 3,2 para quase R$ 3,60. Somamos aqui o cen\u00e1rio nacional de uma situa\u00e7\u00e3o econ\u00f4mica qua ainda n\u00e3o conseguiu superar \u00edndices conforme esperado, e o mundo&hellip; Continue reading &rarr;\" \/>\n<meta property=\"og:url\" content=\"https:\/\/blog.panrotas.com.br\/mktdestinos\/2018\/05\/10\/dolar-e-viagens\/\" \/>\n<meta property=\"og:site_name\" content=\"Marketing Destinos\" \/>\n<meta property=\"article:published_time\" content=\"2018-05-10T17:00:20+00:00\" \/>\n<meta property=\"og:image\" content=\"http:\/\/panrotas.blog.br\/mktdestinos\/wp-content\/uploads\/sites\/23\/2016\/10\/aaaaaadolar.jpg\" \/>\n<meta name=\"twitter:card\" content=\"summary_large_image\" \/>\n<meta name=\"twitter:label1\" content=\"Escrito por\" \/>\n\t<meta name=\"twitter:data1\" content=\"Jeanine Pires\" \/>\n\t<meta name=\"twitter:label2\" content=\"Est. tempo de leitura\" \/>\n\t<meta name=\"twitter:data2\" content=\"1 minuto\" \/>\n<script type=\"application\/ld+json\" class=\"yoast-schema-graph\">{\"@context\":\"https:\/\/schema.org\",\"@graph\":[{\"@type\":\"WebSite\",\"@id\":\"https:\/\/blog.panrotas.com.br\/mktdestinos\/#website\",\"url\":\"https:\/\/blog.panrotas.com.br\/mktdestinos\/\",\"name\":\"Marketing Destinos\",\"description\":\"\",\"potentialAction\":[{\"@type\":\"SearchAction\",\"target\":{\"@type\":\"EntryPoint\",\"urlTemplate\":\"https:\/\/blog.panrotas.com.br\/mktdestinos\/?s={search_term_string}\"},\"query-input\":\"required name=search_term_string\"}],\"inLanguage\":\"pt-BR\"},{\"@type\":\"ImageObject\",\"@id\":\"https:\/\/blog.panrotas.com.br\/mktdestinos\/2018\/05\/10\/dolar-e-viagens\/#primaryimage\",\"inLanguage\":\"pt-BR\",\"url\":\"http:\/\/panrotas.blog.br\/mktdestinos\/wp-content\/uploads\/sites\/23\/2016\/10\/aaaaaadolar.jpg\",\"contentUrl\":\"http:\/\/panrotas.blog.br\/mktdestinos\/wp-content\/uploads\/sites\/23\/2016\/10\/aaaaaadolar.jpg\"},{\"@type\":\"WebPage\",\"@id\":\"https:\/\/blog.panrotas.com.br\/mktdestinos\/2018\/05\/10\/dolar-e-viagens\/#webpage\",\"url\":\"https:\/\/blog.panrotas.com.br\/mktdestinos\/2018\/05\/10\/dolar-e-viagens\/\",\"name\":\"D\\u00f3lar e viagens - Marketing Destinos\",\"isPartOf\":{\"@id\":\"https:\/\/blog.panrotas.com.br\/mktdestinos\/#website\"},\"primaryImageOfPage\":{\"@id\":\"https:\/\/blog.panrotas.com.br\/mktdestinos\/2018\/05\/10\/dolar-e-viagens\/#primaryimage\"},\"datePublished\":\"2018-05-10T17:00:20+00:00\",\"dateModified\":\"2018-05-10T17:00:20+00:00\",\"author\":{\"@id\":\"https:\/\/blog.panrotas.com.br\/mktdestinos\/#\/schema\/person\/6b7480064d4010fed7920e2a06e2472e\"},\"breadcrumb\":{\"@id\":\"https:\/\/blog.panrotas.com.br\/mktdestinos\/2018\/05\/10\/dolar-e-viagens\/#breadcrumb\"},\"inLanguage\":\"pt-BR\",\"potentialAction\":[{\"@type\":\"ReadAction\",\"target\":[\"https:\/\/blog.panrotas.com.br\/mktdestinos\/2018\/05\/10\/dolar-e-viagens\/\"]}]},{\"@type\":\"BreadcrumbList\",\"@id\":\"https:\/\/blog.panrotas.com.br\/mktdestinos\/2018\/05\/10\/dolar-e-viagens\/#breadcrumb\",\"itemListElement\":[{\"@type\":\"ListItem\",\"position\":1,\"name\":\"In\\u00edcio\",\"item\":\"https:\/\/blog.panrotas.com.br\/mktdestinos\/\"},{\"@type\":\"ListItem\",\"position\":2,\"name\":\"D\\u00f3lar e viagens\"}]},{\"@type\":\"Person\",\"@id\":\"https:\/\/blog.panrotas.com.br\/mktdestinos\/#\/schema\/person\/6b7480064d4010fed7920e2a06e2472e\",\"name\":\"Jeanine Pires\",\"image\":{\"@type\":\"ImageObject\",\"@id\":\"https:\/\/blog.panrotas.com.br\/mktdestinos\/#personlogo\",\"inLanguage\":\"pt-BR\",\"url\":\"https:\/\/secure.gravatar.com\/avatar\/4eff31f2a3aee87600bf1f78d5953f48?s=96&d=mm&r=g\",\"contentUrl\":\"https:\/\/secure.gravatar.com\/avatar\/4eff31f2a3aee87600bf1f78d5953f48?s=96&d=mm&r=g\",\"caption\":\"Jeanine Pires\"},\"description\":\"Apaixonada pela ind\\u00fastria de viagens e turismo, h\\u00e1 31 anos atua como l\\u00edder do setor no Brasil e no exterior. J\\u00e1 Presidiu e foi Diretora da EMBRATUR entre 2003 e 2010; \\u00e9 Diretora da Pires Intelig\\u00eancia em Destinos e, no final de 2022, entrou para a CVC Corp como Diretora de Alian\\u00e7as e Rela\\u00e7\\u00f5es Governamentais. Jeanine foi Co-fundadora da startup ONER Travel em 2020 e j\\u00e1 atuou como Presidente do Conselho da Fecom\\u00e9rcio S\\u00e3o Paulo e da WTM Latin America. Com forma\\u00e7\\u00e3o e especialidade em marketing de destinos e economia do turismo, Jeanine faz palestras, cursos e consultorias.\",\"url\":\"https:\/\/blog.panrotas.com.br\/mktdestinos\/author\/jeanine\/\"}]}<\/script>\n<!-- \/ Yoast SEO plugin. -->","yoast_head_json":{"title":"D\u00f3lar e viagens - Marketing Destinos","robots":{"index":"index","follow":"follow","max-snippet":"max-snippet:-1","max-image-preview":"max-image-preview:large","max-video-preview":"max-video-preview:-1"},"canonical":"https:\/\/blog.panrotas.com.br\/mktdestinos\/2018\/05\/10\/dolar-e-viagens\/","og_locale":"pt_BR","og_type":"article","og_title":"D\u00f3lar e viagens - Marketing Destinos","og_description":"O cen\u00e1rio internacional vem provocando uma alta da moeda americana que tem impactos em diversos setores da economia, inclusive o nosso. Nos \u00faltimos tr\u00eas meses, o d\u00f3lar saiu de R$ 3,2 para quase R$ 3,60. Somamos aqui o cen\u00e1rio nacional de uma situa\u00e7\u00e3o econ\u00f4mica qua ainda n\u00e3o conseguiu superar \u00edndices conforme esperado, e o mundo&hellip; Continue reading &rarr;","og_url":"https:\/\/blog.panrotas.com.br\/mktdestinos\/2018\/05\/10\/dolar-e-viagens\/","og_site_name":"Marketing Destinos","article_published_time":"2018-05-10T17:00:20+00:00","og_image":[{"url":"http:\/\/panrotas.blog.br\/mktdestinos\/wp-content\/uploads\/sites\/23\/2016\/10\/aaaaaadolar.jpg"}],"twitter_card":"summary_large_image","twitter_misc":{"Escrito por":"Jeanine Pires","Est. tempo de leitura":"1 minuto"},"schema":{"@context":"https:\/\/schema.org","@graph":[{"@type":"WebSite","@id":"https:\/\/blog.panrotas.com.br\/mktdestinos\/#website","url":"https:\/\/blog.panrotas.com.br\/mktdestinos\/","name":"Marketing Destinos","description":"","potentialAction":[{"@type":"SearchAction","target":{"@type":"EntryPoint","urlTemplate":"https:\/\/blog.panrotas.com.br\/mktdestinos\/?s={search_term_string}"},"query-input":"required name=search_term_string"}],"inLanguage":"pt-BR"},{"@type":"ImageObject","@id":"https:\/\/blog.panrotas.com.br\/mktdestinos\/2018\/05\/10\/dolar-e-viagens\/#primaryimage","inLanguage":"pt-BR","url":"http:\/\/panrotas.blog.br\/mktdestinos\/wp-content\/uploads\/sites\/23\/2016\/10\/aaaaaadolar.jpg","contentUrl":"http:\/\/panrotas.blog.br\/mktdestinos\/wp-content\/uploads\/sites\/23\/2016\/10\/aaaaaadolar.jpg"},{"@type":"WebPage","@id":"https:\/\/blog.panrotas.com.br\/mktdestinos\/2018\/05\/10\/dolar-e-viagens\/#webpage","url":"https:\/\/blog.panrotas.com.br\/mktdestinos\/2018\/05\/10\/dolar-e-viagens\/","name":"D\u00f3lar e viagens - Marketing Destinos","isPartOf":{"@id":"https:\/\/blog.panrotas.com.br\/mktdestinos\/#website"},"primaryImageOfPage":{"@id":"https:\/\/blog.panrotas.com.br\/mktdestinos\/2018\/05\/10\/dolar-e-viagens\/#primaryimage"},"datePublished":"2018-05-10T17:00:20+00:00","dateModified":"2018-05-10T17:00:20+00:00","author":{"@id":"https:\/\/blog.panrotas.com.br\/mktdestinos\/#\/schema\/person\/6b7480064d4010fed7920e2a06e2472e"},"breadcrumb":{"@id":"https:\/\/blog.panrotas.com.br\/mktdestinos\/2018\/05\/10\/dolar-e-viagens\/#breadcrumb"},"inLanguage":"pt-BR","potentialAction":[{"@type":"ReadAction","target":["https:\/\/blog.panrotas.com.br\/mktdestinos\/2018\/05\/10\/dolar-e-viagens\/"]}]},{"@type":"BreadcrumbList","@id":"https:\/\/blog.panrotas.com.br\/mktdestinos\/2018\/05\/10\/dolar-e-viagens\/#breadcrumb","itemListElement":[{"@type":"ListItem","position":1,"name":"In\u00edcio","item":"https:\/\/blog.panrotas.com.br\/mktdestinos\/"},{"@type":"ListItem","position":2,"name":"D\u00f3lar e viagens"}]},{"@type":"Person","@id":"https:\/\/blog.panrotas.com.br\/mktdestinos\/#\/schema\/person\/6b7480064d4010fed7920e2a06e2472e","name":"Jeanine Pires","image":{"@type":"ImageObject","@id":"https:\/\/blog.panrotas.com.br\/mktdestinos\/#personlogo","inLanguage":"pt-BR","url":"https:\/\/secure.gravatar.com\/avatar\/4eff31f2a3aee87600bf1f78d5953f48?s=96&d=mm&r=g","contentUrl":"https:\/\/secure.gravatar.com\/avatar\/4eff31f2a3aee87600bf1f78d5953f48?s=96&d=mm&r=g","caption":"Jeanine Pires"},"description":"Apaixonada pela ind\u00fastria de viagens e turismo, h\u00e1 31 anos atua como l\u00edder do setor no Brasil e no exterior. J\u00e1 Presidiu e foi Diretora da EMBRATUR entre 2003 e 2010; \u00e9 Diretora da Pires Intelig\u00eancia em Destinos e, no final de 2022, entrou para a CVC Corp como Diretora de Alian\u00e7as e Rela\u00e7\u00f5es Governamentais. Jeanine foi Co-fundadora da startup ONER Travel em 2020 e j\u00e1 atuou como Presidente do Conselho da Fecom\u00e9rcio S\u00e3o Paulo e da WTM Latin America. Com forma\u00e7\u00e3o e especialidade em marketing de destinos e economia do turismo, Jeanine faz palestras, cursos e consultorias.","url":"https:\/\/blog.panrotas.com.br\/mktdestinos\/author\/jeanine\/"}]}},"jetpack_featured_media_url":"","_links":{"self":[{"href":"https:\/\/blog.panrotas.com.br\/mktdestinos\/wp-json\/wp\/v2\/posts\/2429"}],"collection":[{"href":"https:\/\/blog.panrotas.com.br\/mktdestinos\/wp-json\/wp\/v2\/posts"}],"about":[{"href":"https:\/\/blog.panrotas.com.br\/mktdestinos\/wp-json\/wp\/v2\/types\/post"}],"author":[{"embeddable":true,"href":"https:\/\/blog.panrotas.com.br\/mktdestinos\/wp-json\/wp\/v2\/users\/21"}],"replies":[{"embeddable":true,"href":"https:\/\/blog.panrotas.com.br\/mktdestinos\/wp-json\/wp\/v2\/comments?post=2429"}],"version-history":[{"count":0,"href":"https:\/\/blog.panrotas.com.br\/mktdestinos\/wp-json\/wp\/v2\/posts\/2429\/revisions"}],"wp:attachment":[{"href":"https:\/\/blog.panrotas.com.br\/mktdestinos\/wp-json\/wp\/v2\/media?parent=2429"}],"wp:term":[{"taxonomy":"category","embeddable":true,"href":"https:\/\/blog.panrotas.com.br\/mktdestinos\/wp-json\/wp\/v2\/categories?post=2429"},{"taxonomy":"post_tag","embeddable":true,"href":"https:\/\/blog.panrotas.com.br\/mktdestinos\/wp-json\/wp\/v2\/tags?post=2429"}],"curies":[{"name":"wp","href":"https:\/\/api.w.org\/{rel}","templated":true}]}}