{"id":2484,"date":"2018-09-03T17:21:11","date_gmt":"2018-09-03T20:21:11","guid":{"rendered":"http:\/\/blog.panrotas.com.br\/mktdestinos\/?p=2484"},"modified":"2018-09-03T17:21:11","modified_gmt":"2018-09-03T20:21:11","slug":"incendio-no-museu-nacional-como-a-tragedia-impacta-no-turismo","status":"publish","type":"post","link":"https:\/\/blog.panrotas.com.br\/mktdestinos\/2018\/09\/03\/incendio-no-museu-nacional-como-a-tragedia-impacta-no-turismo\/","title":{"rendered":"Inc\u00eandio no Museu Nacional: como a trag\u00e9dia impacta o turismo"},"content":{"rendered":"<p><a href=\"http:\/\/blog.panrotas.com.br\/mktdestinos\/index.php\/2018\/09\/03\/incendio-no-museu-nacional-como-a-tragedia-impacta-no-turismo\/museu\/\" rel=\"attachment wp-att-2485\"><img loading=\"lazy\" class=\"alignleft size-full wp-image-2485\" src=\"http:\/\/panrotas.blog.br\/mktdestinos\/wp-content\/uploads\/sites\/23\/2018\/09\/museu.jpeg\" alt=\"\" width=\"549\" height=\"268\" srcset=\"https:\/\/blog.panrotas.com.br\/mktdestinos\/wp-content\/uploads\/sites\/23\/2018\/09\/museu.jpeg 549w, https:\/\/blog.panrotas.com.br\/mktdestinos\/wp-content\/uploads\/sites\/23\/2018\/09\/museu-300x146.jpeg 300w\" sizes=\"(max-width: 549px) 100vw, 549px\" \/><\/a><\/p>\n<p>&nbsp;<\/p>\n<p>&nbsp;<\/p>\n<p>&nbsp;<\/p>\n<p>&nbsp;<\/p>\n<p>&nbsp;<\/p>\n<p>Com 200 anos de exist\u00eancia, o Museu Nacional foi atingido por um inc\u00eandio de grandes propor\u00e7\u00f5es, na noite de ontem (2), no Rio de Janeiro. Por conter uma grande quantidade de material inflam\u00e1vel e boa parte da estrutura do pr\u00e9dio ser de madeira, o fogo se alastrou rapidamente. Com o inc\u00eandio a maior parte de seu acervo, que era composto por 20 milh\u00f5es de itens, foi perdida. Causando um preju\u00edzo imensur\u00e1vel na mem\u00f3ria nacional.<\/p>\n<p>H\u00e1 alguns anos a institui\u00e7\u00e3o vinha sofrendo com a falta de recursos e apresentava sinais de m\u00e1 conserva\u00e7\u00e3o. O museu operava com uma verba bastante reduzida e diversos danos em sua estrutura. Entre os itens destru\u00eddos pelo fogo estava o cr\u00e2nio de Luzia, o f\u00f3ssil mais antigo das Am\u00e9ricas.<\/p>\n<p><strong>\u00a0<\/strong><\/p>\n<p><strong>O Museu e o Turismo<\/strong><\/p>\n<p>A institui\u00e7\u00e3o museol\u00f3gica \u00e9 um local de preserva\u00e7\u00e3o hist\u00f3rica e cultural, e exatamente por esse motivo ela \u00e9 fomentadora do interesse tur\u00edstico. Como reflexo da singularidade de um lugar, a manuten\u00e7\u00e3o de um museu torna-se algo de extrema import\u00e2ncia. Garantindo a conserva\u00e7\u00e3o da hist\u00f3ria local e, nos casos como os do Museu Nacional, da identidade de um pa\u00eds. Fazer-se valer desse recurso de extremo valor \u00e9 algo que pa\u00edses da Europa, por exemplo, sabem muito bem. E com os quais n\u00f3s precisamos aprender.<\/p>\n<p>Museus s\u00e3o centros de converg\u00eancia de turistas. Eles impulsionam estrat\u00e9gias no setor do turismo, sendo enxergados e utilizados como instrumentos fundamentais desse processo em diversos lugares do mundo.\u00a0Nesse caso, o exerc\u00edcio de reconhecimento entre as partes se faz bastante necess\u00e1rio. Serve como ajuda m\u00fatua. O turismo incentiva a conserva\u00e7\u00e3o dos museus e os museus impulsionam o turismo cultural. O acontecimento de ontem gerou um d\u00e9ficit imensur\u00e1vel no patrim\u00f4nio nacional, afetando, por conseq\u00fc\u00eancia, a \u00e1rea tur\u00edstica. Resta agora um trabalho conjunto a fim de recuperar o que pode ser recuperado e manter o que deve ser mantido.<\/p>\n","protected":false},"excerpt":{"rendered":"<p>&nbsp; &nbsp; &nbsp; &nbsp; &nbsp; Com 200 anos de exist\u00eancia, o Museu Nacional foi atingido por um inc\u00eandio de grandes propor\u00e7\u00f5es, na noite de ontem (2), no Rio de Janeiro. Por conter uma grande quantidade de material inflam\u00e1vel e boa parte da estrutura do pr\u00e9dio ser de madeira, o fogo se alastrou rapidamente. Com o&hellip; <a class=\"more-link\" href=\"https:\/\/blog.panrotas.com.br\/mktdestinos\/2018\/09\/03\/incendio-no-museu-nacional-como-a-tragedia-impacta-no-turismo\/\">Continue reading &rarr;<\/a><\/p>\n","protected":false},"author":21,"featured_media":0,"comment_status":"open","ping_status":"open","sticky":false,"template":"","format":"standard","meta":{"spay_email":""},"categories":[3],"tags":[207,439,451,590,591,886,902,997],"yoast_head":"<!-- This site is optimized with the Yoast SEO plugin v17.3 - https:\/\/yoast.com\/wordpress\/plugins\/seo\/ -->\n<title>Inc\u00eandio no Museu Nacional: como a trag\u00e9dia impacta o turismo - Marketing Destinos<\/title>\n<meta name=\"robots\" content=\"index, follow, max-snippet:-1, max-image-preview:large, max-video-preview:-1\" \/>\n<link rel=\"canonical\" href=\"https:\/\/blog.panrotas.com.br\/mktdestinos\/2018\/09\/03\/incendio-no-museu-nacional-como-a-tragedia-impacta-no-turismo\/\" \/>\n<meta property=\"og:locale\" content=\"pt_BR\" \/>\n<meta property=\"og:type\" content=\"article\" \/>\n<meta property=\"og:title\" content=\"Inc\u00eandio no Museu Nacional: como a trag\u00e9dia impacta o turismo - Marketing Destinos\" \/>\n<meta property=\"og:description\" content=\"&nbsp; &nbsp; &nbsp; &nbsp; &nbsp; Com 200 anos de exist\u00eancia, o Museu Nacional foi atingido por um inc\u00eandio de grandes propor\u00e7\u00f5es, na noite de ontem (2), no Rio de Janeiro. Por conter uma grande quantidade de material inflam\u00e1vel e boa parte da estrutura do pr\u00e9dio ser de madeira, o fogo se alastrou rapidamente. Com o&hellip; Continue reading &rarr;\" \/>\n<meta property=\"og:url\" content=\"https:\/\/blog.panrotas.com.br\/mktdestinos\/2018\/09\/03\/incendio-no-museu-nacional-como-a-tragedia-impacta-no-turismo\/\" \/>\n<meta property=\"og:site_name\" content=\"Marketing Destinos\" \/>\n<meta property=\"article:published_time\" content=\"2018-09-03T20:21:11+00:00\" \/>\n<meta property=\"og:image\" content=\"http:\/\/panrotas.blog.br\/mktdestinos\/wp-content\/uploads\/sites\/23\/2018\/09\/museu.jpeg\" \/>\n<meta name=\"twitter:card\" content=\"summary_large_image\" \/>\n<meta name=\"twitter:label1\" content=\"Escrito por\" \/>\n\t<meta name=\"twitter:data1\" content=\"Jeanine Pires\" \/>\n\t<meta name=\"twitter:label2\" content=\"Est. tempo de leitura\" \/>\n\t<meta name=\"twitter:data2\" content=\"2 minutos\" \/>\n<script type=\"application\/ld+json\" class=\"yoast-schema-graph\">{\"@context\":\"https:\/\/schema.org\",\"@graph\":[{\"@type\":\"WebSite\",\"@id\":\"https:\/\/blog.panrotas.com.br\/mktdestinos\/#website\",\"url\":\"https:\/\/blog.panrotas.com.br\/mktdestinos\/\",\"name\":\"Marketing Destinos\",\"description\":\"\",\"potentialAction\":[{\"@type\":\"SearchAction\",\"target\":{\"@type\":\"EntryPoint\",\"urlTemplate\":\"https:\/\/blog.panrotas.com.br\/mktdestinos\/?s={search_term_string}\"},\"query-input\":\"required name=search_term_string\"}],\"inLanguage\":\"pt-BR\"},{\"@type\":\"ImageObject\",\"@id\":\"https:\/\/blog.panrotas.com.br\/mktdestinos\/2018\/09\/03\/incendio-no-museu-nacional-como-a-tragedia-impacta-no-turismo\/#primaryimage\",\"inLanguage\":\"pt-BR\",\"url\":\"http:\/\/panrotas.blog.br\/mktdestinos\/wp-content\/uploads\/sites\/23\/2018\/09\/museu.jpeg\",\"contentUrl\":\"http:\/\/panrotas.blog.br\/mktdestinos\/wp-content\/uploads\/sites\/23\/2018\/09\/museu.jpeg\"},{\"@type\":\"WebPage\",\"@id\":\"https:\/\/blog.panrotas.com.br\/mktdestinos\/2018\/09\/03\/incendio-no-museu-nacional-como-a-tragedia-impacta-no-turismo\/#webpage\",\"url\":\"https:\/\/blog.panrotas.com.br\/mktdestinos\/2018\/09\/03\/incendio-no-museu-nacional-como-a-tragedia-impacta-no-turismo\/\",\"name\":\"Inc\\u00eandio no Museu Nacional: como a trag\\u00e9dia impacta o turismo - Marketing Destinos\",\"isPartOf\":{\"@id\":\"https:\/\/blog.panrotas.com.br\/mktdestinos\/#website\"},\"primaryImageOfPage\":{\"@id\":\"https:\/\/blog.panrotas.com.br\/mktdestinos\/2018\/09\/03\/incendio-no-museu-nacional-como-a-tragedia-impacta-no-turismo\/#primaryimage\"},\"datePublished\":\"2018-09-03T20:21:11+00:00\",\"dateModified\":\"2018-09-03T20:21:11+00:00\",\"author\":{\"@id\":\"https:\/\/blog.panrotas.com.br\/mktdestinos\/#\/schema\/person\/6b7480064d4010fed7920e2a06e2472e\"},\"breadcrumb\":{\"@id\":\"https:\/\/blog.panrotas.com.br\/mktdestinos\/2018\/09\/03\/incendio-no-museu-nacional-como-a-tragedia-impacta-no-turismo\/#breadcrumb\"},\"inLanguage\":\"pt-BR\",\"potentialAction\":[{\"@type\":\"ReadAction\",\"target\":[\"https:\/\/blog.panrotas.com.br\/mktdestinos\/2018\/09\/03\/incendio-no-museu-nacional-como-a-tragedia-impacta-no-turismo\/\"]}]},{\"@type\":\"BreadcrumbList\",\"@id\":\"https:\/\/blog.panrotas.com.br\/mktdestinos\/2018\/09\/03\/incendio-no-museu-nacional-como-a-tragedia-impacta-no-turismo\/#breadcrumb\",\"itemListElement\":[{\"@type\":\"ListItem\",\"position\":1,\"name\":\"In\\u00edcio\",\"item\":\"https:\/\/blog.panrotas.com.br\/mktdestinos\/\"},{\"@type\":\"ListItem\",\"position\":2,\"name\":\"Inc\\u00eandio no Museu Nacional: como a trag\\u00e9dia impacta o turismo\"}]},{\"@type\":\"Person\",\"@id\":\"https:\/\/blog.panrotas.com.br\/mktdestinos\/#\/schema\/person\/6b7480064d4010fed7920e2a06e2472e\",\"name\":\"Jeanine Pires\",\"image\":{\"@type\":\"ImageObject\",\"@id\":\"https:\/\/blog.panrotas.com.br\/mktdestinos\/#personlogo\",\"inLanguage\":\"pt-BR\",\"url\":\"https:\/\/secure.gravatar.com\/avatar\/4eff31f2a3aee87600bf1f78d5953f48?s=96&d=mm&r=g\",\"contentUrl\":\"https:\/\/secure.gravatar.com\/avatar\/4eff31f2a3aee87600bf1f78d5953f48?s=96&d=mm&r=g\",\"caption\":\"Jeanine Pires\"},\"description\":\"Apaixonada pela ind\\u00fastria de viagens e turismo, h\\u00e1 31 anos atua como l\\u00edder do setor no Brasil e no exterior. J\\u00e1 Presidiu e foi Diretora da EMBRATUR entre 2003 e 2010; \\u00e9 Diretora da Pires Intelig\\u00eancia em Destinos e, no final de 2022, entrou para a CVC Corp como Diretora de Alian\\u00e7as e Rela\\u00e7\\u00f5es Governamentais. Jeanine foi Co-fundadora da startup ONER Travel em 2020 e j\\u00e1 atuou como Presidente do Conselho da Fecom\\u00e9rcio S\\u00e3o Paulo e da WTM Latin America. Com forma\\u00e7\\u00e3o e especialidade em marketing de destinos e economia do turismo, Jeanine faz palestras, cursos e consultorias.\",\"url\":\"https:\/\/blog.panrotas.com.br\/mktdestinos\/author\/jeanine\/\"}]}<\/script>\n<!-- \/ Yoast SEO plugin. -->","yoast_head_json":{"title":"Inc\u00eandio no Museu Nacional: como a trag\u00e9dia impacta o turismo - Marketing Destinos","robots":{"index":"index","follow":"follow","max-snippet":"max-snippet:-1","max-image-preview":"max-image-preview:large","max-video-preview":"max-video-preview:-1"},"canonical":"https:\/\/blog.panrotas.com.br\/mktdestinos\/2018\/09\/03\/incendio-no-museu-nacional-como-a-tragedia-impacta-no-turismo\/","og_locale":"pt_BR","og_type":"article","og_title":"Inc\u00eandio no Museu Nacional: como a trag\u00e9dia impacta o turismo - Marketing Destinos","og_description":"&nbsp; &nbsp; &nbsp; &nbsp; &nbsp; Com 200 anos de exist\u00eancia, o Museu Nacional foi atingido por um inc\u00eandio de grandes propor\u00e7\u00f5es, na noite de ontem (2), no Rio de Janeiro. Por conter uma grande quantidade de material inflam\u00e1vel e boa parte da estrutura do pr\u00e9dio ser de madeira, o fogo se alastrou rapidamente. Com o&hellip; Continue reading &rarr;","og_url":"https:\/\/blog.panrotas.com.br\/mktdestinos\/2018\/09\/03\/incendio-no-museu-nacional-como-a-tragedia-impacta-no-turismo\/","og_site_name":"Marketing Destinos","article_published_time":"2018-09-03T20:21:11+00:00","og_image":[{"url":"http:\/\/panrotas.blog.br\/mktdestinos\/wp-content\/uploads\/sites\/23\/2018\/09\/museu.jpeg"}],"twitter_card":"summary_large_image","twitter_misc":{"Escrito por":"Jeanine Pires","Est. tempo de leitura":"2 minutos"},"schema":{"@context":"https:\/\/schema.org","@graph":[{"@type":"WebSite","@id":"https:\/\/blog.panrotas.com.br\/mktdestinos\/#website","url":"https:\/\/blog.panrotas.com.br\/mktdestinos\/","name":"Marketing Destinos","description":"","potentialAction":[{"@type":"SearchAction","target":{"@type":"EntryPoint","urlTemplate":"https:\/\/blog.panrotas.com.br\/mktdestinos\/?s={search_term_string}"},"query-input":"required name=search_term_string"}],"inLanguage":"pt-BR"},{"@type":"ImageObject","@id":"https:\/\/blog.panrotas.com.br\/mktdestinos\/2018\/09\/03\/incendio-no-museu-nacional-como-a-tragedia-impacta-no-turismo\/#primaryimage","inLanguage":"pt-BR","url":"http:\/\/panrotas.blog.br\/mktdestinos\/wp-content\/uploads\/sites\/23\/2018\/09\/museu.jpeg","contentUrl":"http:\/\/panrotas.blog.br\/mktdestinos\/wp-content\/uploads\/sites\/23\/2018\/09\/museu.jpeg"},{"@type":"WebPage","@id":"https:\/\/blog.panrotas.com.br\/mktdestinos\/2018\/09\/03\/incendio-no-museu-nacional-como-a-tragedia-impacta-no-turismo\/#webpage","url":"https:\/\/blog.panrotas.com.br\/mktdestinos\/2018\/09\/03\/incendio-no-museu-nacional-como-a-tragedia-impacta-no-turismo\/","name":"Inc\u00eandio no Museu Nacional: como a trag\u00e9dia impacta o turismo - Marketing Destinos","isPartOf":{"@id":"https:\/\/blog.panrotas.com.br\/mktdestinos\/#website"},"primaryImageOfPage":{"@id":"https:\/\/blog.panrotas.com.br\/mktdestinos\/2018\/09\/03\/incendio-no-museu-nacional-como-a-tragedia-impacta-no-turismo\/#primaryimage"},"datePublished":"2018-09-03T20:21:11+00:00","dateModified":"2018-09-03T20:21:11+00:00","author":{"@id":"https:\/\/blog.panrotas.com.br\/mktdestinos\/#\/schema\/person\/6b7480064d4010fed7920e2a06e2472e"},"breadcrumb":{"@id":"https:\/\/blog.panrotas.com.br\/mktdestinos\/2018\/09\/03\/incendio-no-museu-nacional-como-a-tragedia-impacta-no-turismo\/#breadcrumb"},"inLanguage":"pt-BR","potentialAction":[{"@type":"ReadAction","target":["https:\/\/blog.panrotas.com.br\/mktdestinos\/2018\/09\/03\/incendio-no-museu-nacional-como-a-tragedia-impacta-no-turismo\/"]}]},{"@type":"BreadcrumbList","@id":"https:\/\/blog.panrotas.com.br\/mktdestinos\/2018\/09\/03\/incendio-no-museu-nacional-como-a-tragedia-impacta-no-turismo\/#breadcrumb","itemListElement":[{"@type":"ListItem","position":1,"name":"In\u00edcio","item":"https:\/\/blog.panrotas.com.br\/mktdestinos\/"},{"@type":"ListItem","position":2,"name":"Inc\u00eandio no Museu Nacional: como a trag\u00e9dia impacta o turismo"}]},{"@type":"Person","@id":"https:\/\/blog.panrotas.com.br\/mktdestinos\/#\/schema\/person\/6b7480064d4010fed7920e2a06e2472e","name":"Jeanine Pires","image":{"@type":"ImageObject","@id":"https:\/\/blog.panrotas.com.br\/mktdestinos\/#personlogo","inLanguage":"pt-BR","url":"https:\/\/secure.gravatar.com\/avatar\/4eff31f2a3aee87600bf1f78d5953f48?s=96&d=mm&r=g","contentUrl":"https:\/\/secure.gravatar.com\/avatar\/4eff31f2a3aee87600bf1f78d5953f48?s=96&d=mm&r=g","caption":"Jeanine Pires"},"description":"Apaixonada pela ind\u00fastria de viagens e turismo, h\u00e1 31 anos atua como l\u00edder do setor no Brasil e no exterior. J\u00e1 Presidiu e foi Diretora da EMBRATUR entre 2003 e 2010; \u00e9 Diretora da Pires Intelig\u00eancia em Destinos e, no final de 2022, entrou para a CVC Corp como Diretora de Alian\u00e7as e Rela\u00e7\u00f5es Governamentais. Jeanine foi Co-fundadora da startup ONER Travel em 2020 e j\u00e1 atuou como Presidente do Conselho da Fecom\u00e9rcio S\u00e3o Paulo e da WTM Latin America. Com forma\u00e7\u00e3o e especialidade em marketing de destinos e economia do turismo, Jeanine faz palestras, cursos e consultorias.","url":"https:\/\/blog.panrotas.com.br\/mktdestinos\/author\/jeanine\/"}]}},"jetpack_featured_media_url":"","_links":{"self":[{"href":"https:\/\/blog.panrotas.com.br\/mktdestinos\/wp-json\/wp\/v2\/posts\/2484"}],"collection":[{"href":"https:\/\/blog.panrotas.com.br\/mktdestinos\/wp-json\/wp\/v2\/posts"}],"about":[{"href":"https:\/\/blog.panrotas.com.br\/mktdestinos\/wp-json\/wp\/v2\/types\/post"}],"author":[{"embeddable":true,"href":"https:\/\/blog.panrotas.com.br\/mktdestinos\/wp-json\/wp\/v2\/users\/21"}],"replies":[{"embeddable":true,"href":"https:\/\/blog.panrotas.com.br\/mktdestinos\/wp-json\/wp\/v2\/comments?post=2484"}],"version-history":[{"count":0,"href":"https:\/\/blog.panrotas.com.br\/mktdestinos\/wp-json\/wp\/v2\/posts\/2484\/revisions"}],"wp:attachment":[{"href":"https:\/\/blog.panrotas.com.br\/mktdestinos\/wp-json\/wp\/v2\/media?parent=2484"}],"wp:term":[{"taxonomy":"category","embeddable":true,"href":"https:\/\/blog.panrotas.com.br\/mktdestinos\/wp-json\/wp\/v2\/categories?post=2484"},{"taxonomy":"post_tag","embeddable":true,"href":"https:\/\/blog.panrotas.com.br\/mktdestinos\/wp-json\/wp\/v2\/tags?post=2484"}],"curies":[{"name":"wp","href":"https:\/\/api.w.org\/{rel}","templated":true}]}}