{"id":2635,"date":"2018-11-28T19:38:34","date_gmt":"2018-11-28T21:38:34","guid":{"rendered":"http:\/\/blog.panrotas.com.br\/mktdestinos\/?p=2635"},"modified":"2018-11-28T19:38:34","modified_gmt":"2018-11-28T21:38:34","slug":"a-pasta-do-turismo","status":"publish","type":"post","link":"https:\/\/blog.panrotas.com.br\/mktdestinos\/2018\/11\/28\/a-pasta-do-turismo\/","title":{"rendered":"A pasta do turismo"},"content":{"rendered":"<p>A manuten\u00e7\u00e3o da pasta do turismo \u00e9 uma boa not\u00edcia recebida pelo setor nessa quarta, 28\/11.<\/p>\n<p>A anunciada fus\u00e3o do Minist\u00e9rio com Cidades e Integra\u00e7\u00e3o traria danos irrevers\u00edveis ao segmento que pode gerar empregos, atrair investimentos e aumentar a arrecada\u00e7\u00e3o de divisas. Depois desse an\u00fancio, os passos importantes ser\u00e3o a nomea\u00e7\u00e3o de pessoas com conhecimento na \u00e1rea e a exist\u00eancia de um or\u00e7amento \u00e0 altura dos desafios que vir\u00e3o pela frente.<\/p>\n<p>Da mesma forma, a continua\u00e7\u00e3o das pol\u00edticas p\u00fablicas essenciais como o <a href=\"http:\/\/www.turismo.gov.br\/images\/mtur-pnt-web2.pdf\">Plano Nacional de Turismo 2018-2022<\/a> e o Conselho Nacional de Turismo, podem fazer com que muitos projetos n\u00e3o sejam come\u00e7ados do zero, ou outros abandonados.<\/p>\n<p>Vale aqui lembrar das <a href=\"http:\/\/cnc.org.br\/central-do-conhecimento\/livros\/turismo\/turismo-mais-desenvolvimento-mais-emprego-mais-sustentabilida\">propostas<\/a> elaboradas pelas entidades de turismo por meio do Conselho Empresarial da CNC, que \u00e9 a contribui\u00e7\u00e3o dos empres\u00e1rios aos rumos do turismo no pa\u00eds. O documento j\u00e1 foi entregue ao ent\u00e3o candidato Jair Bolsonaro, e poder\u00e1 ser tamb\u00e9m um instrumento do novo Ministro e sua equipe.<\/p>\n<p>Cada vez mais, a participa\u00e7\u00e3o efetiva e forte das entidades e empres\u00e1rios se torna uma condi\u00e7\u00e3o fundamental para os avan\u00e7os do setor, sem depender de governos, mas interagindo para que cada um possa fazer bem sua parte. Falamos um pouco sobre isso no\u00a0<a href=\"http:\/\/blog.panrotas.com.br\/mktdestinos\/index.php\/2018\/11\/22\/o-que-vira\/\">post da semana passada.<\/a><\/p>\n<p>Conhe\u00e7a <a href=\"http:\/\/cnc.org.br\/central-do-conhecimento\/livros\/turismo\/turismo-mais-desenvolvimento-mais-emprego-mais-sustentabilida\">aqui as propostas do Conselho Empresarial da CNC<\/a>.<\/p>\n","protected":false},"excerpt":{"rendered":"<p>A manuten\u00e7\u00e3o da pasta do turismo \u00e9 uma boa not\u00edcia recebida pelo setor nessa quarta, 28\/11. A anunciada fus\u00e3o do Minist\u00e9rio com Cidades e Integra\u00e7\u00e3o traria danos irrevers\u00edveis ao segmento que pode gerar empregos, atrair investimentos e aumentar a arrecada\u00e7\u00e3o de divisas. Depois desse an\u00fancio, os passos importantes ser\u00e3o a nomea\u00e7\u00e3o de pessoas com conhecimento&hellip; <a class=\"more-link\" href=\"https:\/\/blog.panrotas.com.br\/mktdestinos\/2018\/11\/28\/a-pasta-do-turismo\/\">Continue reading &rarr;<\/a><\/p>\n","protected":false},"author":21,"featured_media":0,"comment_status":"open","ping_status":"open","sticky":false,"template":"","format":"standard","meta":{"spay_email":""},"categories":[3],"tags":[97,167,403,573,609,610,668,744,745,746,886,919,920],"yoast_head":"<!-- This site is optimized with the Yoast SEO plugin v17.3 - https:\/\/yoast.com\/wordpress\/plugins\/seo\/ -->\n<title>A pasta do turismo - Marketing Destinos<\/title>\n<meta name=\"robots\" content=\"index, follow, max-snippet:-1, max-image-preview:large, max-video-preview:-1\" \/>\n<link rel=\"canonical\" href=\"https:\/\/blog.panrotas.com.br\/mktdestinos\/2018\/11\/28\/a-pasta-do-turismo\/\" \/>\n<meta property=\"og:locale\" content=\"pt_BR\" \/>\n<meta property=\"og:type\" content=\"article\" \/>\n<meta property=\"og:title\" content=\"A pasta do turismo - Marketing Destinos\" \/>\n<meta property=\"og:description\" content=\"A manuten\u00e7\u00e3o da pasta do turismo \u00e9 uma boa not\u00edcia recebida pelo setor nessa quarta, 28\/11. A anunciada fus\u00e3o do Minist\u00e9rio com Cidades e Integra\u00e7\u00e3o traria danos irrevers\u00edveis ao segmento que pode gerar empregos, atrair investimentos e aumentar a arrecada\u00e7\u00e3o de divisas. Depois desse an\u00fancio, os passos importantes ser\u00e3o a nomea\u00e7\u00e3o de pessoas com conhecimento&hellip; Continue reading &rarr;\" \/>\n<meta property=\"og:url\" content=\"https:\/\/blog.panrotas.com.br\/mktdestinos\/2018\/11\/28\/a-pasta-do-turismo\/\" \/>\n<meta property=\"og:site_name\" content=\"Marketing Destinos\" \/>\n<meta property=\"article:published_time\" content=\"2018-11-28T21:38:34+00:00\" \/>\n<meta name=\"twitter:card\" content=\"summary_large_image\" \/>\n<meta name=\"twitter:label1\" content=\"Escrito por\" \/>\n\t<meta name=\"twitter:data1\" content=\"Jeanine Pires\" \/>\n\t<meta name=\"twitter:label2\" content=\"Est. tempo de leitura\" \/>\n\t<meta name=\"twitter:data2\" content=\"1 minuto\" \/>\n<script type=\"application\/ld+json\" class=\"yoast-schema-graph\">{\"@context\":\"https:\/\/schema.org\",\"@graph\":[{\"@type\":\"WebSite\",\"@id\":\"https:\/\/blog.panrotas.com.br\/mktdestinos\/#website\",\"url\":\"https:\/\/blog.panrotas.com.br\/mktdestinos\/\",\"name\":\"Marketing Destinos\",\"description\":\"\",\"potentialAction\":[{\"@type\":\"SearchAction\",\"target\":{\"@type\":\"EntryPoint\",\"urlTemplate\":\"https:\/\/blog.panrotas.com.br\/mktdestinos\/?s={search_term_string}\"},\"query-input\":\"required name=search_term_string\"}],\"inLanguage\":\"pt-BR\"},{\"@type\":\"WebPage\",\"@id\":\"https:\/\/blog.panrotas.com.br\/mktdestinos\/2018\/11\/28\/a-pasta-do-turismo\/#webpage\",\"url\":\"https:\/\/blog.panrotas.com.br\/mktdestinos\/2018\/11\/28\/a-pasta-do-turismo\/\",\"name\":\"A pasta do turismo - Marketing Destinos\",\"isPartOf\":{\"@id\":\"https:\/\/blog.panrotas.com.br\/mktdestinos\/#website\"},\"datePublished\":\"2018-11-28T21:38:34+00:00\",\"dateModified\":\"2018-11-28T21:38:34+00:00\",\"author\":{\"@id\":\"https:\/\/blog.panrotas.com.br\/mktdestinos\/#\/schema\/person\/6b7480064d4010fed7920e2a06e2472e\"},\"breadcrumb\":{\"@id\":\"https:\/\/blog.panrotas.com.br\/mktdestinos\/2018\/11\/28\/a-pasta-do-turismo\/#breadcrumb\"},\"inLanguage\":\"pt-BR\",\"potentialAction\":[{\"@type\":\"ReadAction\",\"target\":[\"https:\/\/blog.panrotas.com.br\/mktdestinos\/2018\/11\/28\/a-pasta-do-turismo\/\"]}]},{\"@type\":\"BreadcrumbList\",\"@id\":\"https:\/\/blog.panrotas.com.br\/mktdestinos\/2018\/11\/28\/a-pasta-do-turismo\/#breadcrumb\",\"itemListElement\":[{\"@type\":\"ListItem\",\"position\":1,\"name\":\"In\\u00edcio\",\"item\":\"https:\/\/blog.panrotas.com.br\/mktdestinos\/\"},{\"@type\":\"ListItem\",\"position\":2,\"name\":\"A pasta do turismo\"}]},{\"@type\":\"Person\",\"@id\":\"https:\/\/blog.panrotas.com.br\/mktdestinos\/#\/schema\/person\/6b7480064d4010fed7920e2a06e2472e\",\"name\":\"Jeanine Pires\",\"image\":{\"@type\":\"ImageObject\",\"@id\":\"https:\/\/blog.panrotas.com.br\/mktdestinos\/#personlogo\",\"inLanguage\":\"pt-BR\",\"url\":\"https:\/\/secure.gravatar.com\/avatar\/4eff31f2a3aee87600bf1f78d5953f48?s=96&d=mm&r=g\",\"contentUrl\":\"https:\/\/secure.gravatar.com\/avatar\/4eff31f2a3aee87600bf1f78d5953f48?s=96&d=mm&r=g\",\"caption\":\"Jeanine Pires\"},\"description\":\"Apaixonada pela ind\\u00fastria de viagens e turismo, h\\u00e1 31 anos atua como l\\u00edder do setor no Brasil e no exterior. J\\u00e1 Presidiu e foi Diretora da EMBRATUR entre 2003 e 2010; \\u00e9 Diretora da Pires Intelig\\u00eancia em Destinos e, no final de 2022, entrou para a CVC Corp como Diretora de Alian\\u00e7as e Rela\\u00e7\\u00f5es Governamentais. Jeanine foi Co-fundadora da startup ONER Travel em 2020 e j\\u00e1 atuou como Presidente do Conselho da Fecom\\u00e9rcio S\\u00e3o Paulo e da WTM Latin America. Com forma\\u00e7\\u00e3o e especialidade em marketing de destinos e economia do turismo, Jeanine faz palestras, cursos e consultorias.\",\"url\":\"https:\/\/blog.panrotas.com.br\/mktdestinos\/author\/jeanine\/\"}]}<\/script>\n<!-- \/ Yoast SEO plugin. -->","yoast_head_json":{"title":"A pasta do turismo - Marketing Destinos","robots":{"index":"index","follow":"follow","max-snippet":"max-snippet:-1","max-image-preview":"max-image-preview:large","max-video-preview":"max-video-preview:-1"},"canonical":"https:\/\/blog.panrotas.com.br\/mktdestinos\/2018\/11\/28\/a-pasta-do-turismo\/","og_locale":"pt_BR","og_type":"article","og_title":"A pasta do turismo - Marketing Destinos","og_description":"A manuten\u00e7\u00e3o da pasta do turismo \u00e9 uma boa not\u00edcia recebida pelo setor nessa quarta, 28\/11. A anunciada fus\u00e3o do Minist\u00e9rio com Cidades e Integra\u00e7\u00e3o traria danos irrevers\u00edveis ao segmento que pode gerar empregos, atrair investimentos e aumentar a arrecada\u00e7\u00e3o de divisas. Depois desse an\u00fancio, os passos importantes ser\u00e3o a nomea\u00e7\u00e3o de pessoas com conhecimento&hellip; Continue reading &rarr;","og_url":"https:\/\/blog.panrotas.com.br\/mktdestinos\/2018\/11\/28\/a-pasta-do-turismo\/","og_site_name":"Marketing Destinos","article_published_time":"2018-11-28T21:38:34+00:00","twitter_card":"summary_large_image","twitter_misc":{"Escrito por":"Jeanine Pires","Est. tempo de leitura":"1 minuto"},"schema":{"@context":"https:\/\/schema.org","@graph":[{"@type":"WebSite","@id":"https:\/\/blog.panrotas.com.br\/mktdestinos\/#website","url":"https:\/\/blog.panrotas.com.br\/mktdestinos\/","name":"Marketing Destinos","description":"","potentialAction":[{"@type":"SearchAction","target":{"@type":"EntryPoint","urlTemplate":"https:\/\/blog.panrotas.com.br\/mktdestinos\/?s={search_term_string}"},"query-input":"required name=search_term_string"}],"inLanguage":"pt-BR"},{"@type":"WebPage","@id":"https:\/\/blog.panrotas.com.br\/mktdestinos\/2018\/11\/28\/a-pasta-do-turismo\/#webpage","url":"https:\/\/blog.panrotas.com.br\/mktdestinos\/2018\/11\/28\/a-pasta-do-turismo\/","name":"A pasta do turismo - Marketing Destinos","isPartOf":{"@id":"https:\/\/blog.panrotas.com.br\/mktdestinos\/#website"},"datePublished":"2018-11-28T21:38:34+00:00","dateModified":"2018-11-28T21:38:34+00:00","author":{"@id":"https:\/\/blog.panrotas.com.br\/mktdestinos\/#\/schema\/person\/6b7480064d4010fed7920e2a06e2472e"},"breadcrumb":{"@id":"https:\/\/blog.panrotas.com.br\/mktdestinos\/2018\/11\/28\/a-pasta-do-turismo\/#breadcrumb"},"inLanguage":"pt-BR","potentialAction":[{"@type":"ReadAction","target":["https:\/\/blog.panrotas.com.br\/mktdestinos\/2018\/11\/28\/a-pasta-do-turismo\/"]}]},{"@type":"BreadcrumbList","@id":"https:\/\/blog.panrotas.com.br\/mktdestinos\/2018\/11\/28\/a-pasta-do-turismo\/#breadcrumb","itemListElement":[{"@type":"ListItem","position":1,"name":"In\u00edcio","item":"https:\/\/blog.panrotas.com.br\/mktdestinos\/"},{"@type":"ListItem","position":2,"name":"A pasta do turismo"}]},{"@type":"Person","@id":"https:\/\/blog.panrotas.com.br\/mktdestinos\/#\/schema\/person\/6b7480064d4010fed7920e2a06e2472e","name":"Jeanine Pires","image":{"@type":"ImageObject","@id":"https:\/\/blog.panrotas.com.br\/mktdestinos\/#personlogo","inLanguage":"pt-BR","url":"https:\/\/secure.gravatar.com\/avatar\/4eff31f2a3aee87600bf1f78d5953f48?s=96&d=mm&r=g","contentUrl":"https:\/\/secure.gravatar.com\/avatar\/4eff31f2a3aee87600bf1f78d5953f48?s=96&d=mm&r=g","caption":"Jeanine Pires"},"description":"Apaixonada pela ind\u00fastria de viagens e turismo, h\u00e1 31 anos atua como l\u00edder do setor no Brasil e no exterior. J\u00e1 Presidiu e foi Diretora da EMBRATUR entre 2003 e 2010; \u00e9 Diretora da Pires Intelig\u00eancia em Destinos e, no final de 2022, entrou para a CVC Corp como Diretora de Alian\u00e7as e Rela\u00e7\u00f5es Governamentais. Jeanine foi Co-fundadora da startup ONER Travel em 2020 e j\u00e1 atuou como Presidente do Conselho da Fecom\u00e9rcio S\u00e3o Paulo e da WTM Latin America. Com forma\u00e7\u00e3o e especialidade em marketing de destinos e economia do turismo, Jeanine faz palestras, cursos e consultorias.","url":"https:\/\/blog.panrotas.com.br\/mktdestinos\/author\/jeanine\/"}]}},"jetpack_featured_media_url":"","_links":{"self":[{"href":"https:\/\/blog.panrotas.com.br\/mktdestinos\/wp-json\/wp\/v2\/posts\/2635"}],"collection":[{"href":"https:\/\/blog.panrotas.com.br\/mktdestinos\/wp-json\/wp\/v2\/posts"}],"about":[{"href":"https:\/\/blog.panrotas.com.br\/mktdestinos\/wp-json\/wp\/v2\/types\/post"}],"author":[{"embeddable":true,"href":"https:\/\/blog.panrotas.com.br\/mktdestinos\/wp-json\/wp\/v2\/users\/21"}],"replies":[{"embeddable":true,"href":"https:\/\/blog.panrotas.com.br\/mktdestinos\/wp-json\/wp\/v2\/comments?post=2635"}],"version-history":[{"count":0,"href":"https:\/\/blog.panrotas.com.br\/mktdestinos\/wp-json\/wp\/v2\/posts\/2635\/revisions"}],"wp:attachment":[{"href":"https:\/\/blog.panrotas.com.br\/mktdestinos\/wp-json\/wp\/v2\/media?parent=2635"}],"wp:term":[{"taxonomy":"category","embeddable":true,"href":"https:\/\/blog.panrotas.com.br\/mktdestinos\/wp-json\/wp\/v2\/categories?post=2635"},{"taxonomy":"post_tag","embeddable":true,"href":"https:\/\/blog.panrotas.com.br\/mktdestinos\/wp-json\/wp\/v2\/tags?post=2635"}],"curies":[{"name":"wp","href":"https:\/\/api.w.org\/{rel}","templated":true}]}}