{"id":2728,"date":"2019-02-05T11:19:10","date_gmt":"2019-02-05T13:19:10","guid":{"rendered":"http:\/\/blog.panrotas.com.br\/mktdestinos\/?p=2728"},"modified":"2019-02-05T11:19:10","modified_gmt":"2019-02-05T13:19:10","slug":"viagens-dentro-da-america-latina-devem-crescer-em-2019","status":"publish","type":"post","link":"https:\/\/blog.panrotas.com.br\/mktdestinos\/2019\/02\/05\/viagens-dentro-da-america-latina-devem-crescer-em-2019\/","title":{"rendered":"Viagens dentro da Am\u00e9rica latina devem crescer em 2019"},"content":{"rendered":"\n<p>Viagens dentro da Am\u00e9rica Latina devem crescer em 2019 segundo relat\u00f3rio do <a href=\"http:\/\/ipkinternational.com\">IPK International<\/a> para a<a href=\"https:\/\/www.itb-berlin.com\"> ITB Berlim.<\/a><\/p>\n\n\n\n<figure class=\"wp-block-image\"><img loading=\"lazy\" width=\"1024\" height=\"683\" src=\"http:\/\/panrotas.blog.br\/mktdestinos\/wp-content\/uploads\/sites\/23\/2019\/02\/hector-martinez-94875-unsplash-1-1024x683.jpg\" alt=\"\" class=\"wp-image-2730\" srcset=\"https:\/\/blog.panrotas.com.br\/mktdestinos\/wp-content\/uploads\/sites\/23\/2019\/02\/hector-martinez-94875-unsplash-1-1024x683.jpg 1024w, https:\/\/blog.panrotas.com.br\/mktdestinos\/wp-content\/uploads\/sites\/23\/2019\/02\/hector-martinez-94875-unsplash-1-300x200.jpg 300w, https:\/\/blog.panrotas.com.br\/mktdestinos\/wp-content\/uploads\/sites\/23\/2019\/02\/hector-martinez-94875-unsplash-1-768x512.jpg 768w, https:\/\/blog.panrotas.com.br\/mktdestinos\/wp-content\/uploads\/sites\/23\/2019\/02\/hector-martinez-94875-unsplash-1-1568x1045.jpg 1568w\" sizes=\"(max-width: 1024px) 100vw, 1024px\" \/><figcaption>Foto <a href=\"https:\/\/unsplash.com\/photos\/G96J64iNrHo?utm_source=unsplash&amp;utm_medium=referral&amp;utm_content=creditCopyText\">Hector Martinez<\/a><\/figcaption><\/figure>\n\n\n\n<p>O relat\u00f3rio mostra o crescimento mundial do turismo em 6% em 2018 e diz que 2019 tamb\u00e9m ser\u00e1 um ano positivo para o turismo. Especialmente dentro da Am\u00e9rica Latina  que cresceu 13% em 2018, com tend\u00eancia de continuar em 2019. Ainda em 2018, a motiva\u00e7\u00e3o de viagens que mais cresceu foi de lazer para as cidades. Ali\u00e1s, o turismo de cidades (city trips) vem aparecendo em v\u00e1rios estudos como uma motiva\u00e7\u00e3o em crescimento; busca por entretenimento, gastronomia, cultura e um ambiente urbano atrativo (Nova York \u00e9 a cidade mais visitada no mundo). Millennials s\u00e3o grandes consumidores de viagens \u00e0 cidades depois das viagens de sol e praia.<\/p>\n\n\n\n<p> Em 2018, na Am\u00e9rica Latina, as viagens para f\u00e9rias cresceram 10%; as de neg\u00f3cios em torno de 9% e a visita a amigos e parentes 3%. Destacam-se o Chile com +8% de visitantes e o M\u00e9xico com +2% de turistas estrangeiros.<\/p>\n\n\n\n<p>O relat\u00f3rio do IPK tamb\u00e9m mostra as perspectivas de crescimento de alguns segmentos de turismo que devemos observar em 2019. S\u00e3o eles: <\/p>\n\n\n\n<ul><li>turismo de cidades<\/li><li>cruzeiros<\/li><li>turismo halal ( de mu\u00e7ulmanos)<\/li><li>millennials (nascidos entre 1980 e 2000)<\/li><\/ul>\n\n\n\n<p>Os dados mostram um cen\u00e1rio positivo para nosso continente, e destacam as viagens intra-regionais. Mais um motivo para que os empres\u00e1rios de turismo sigam investindo na atra\u00e7\u00e3o de sul-americanos para o Brasil, entendendo mais seu perfil, seus desejos de viagens e as motiva\u00e7\u00f5es e destinos que mais atraem esse grupo bastante heterog\u00eanio. O investimento na imagem do Brasil pelo mundo e as a\u00e7\u00f5es de comunica\u00e7\u00e3o e marketing com os mercados se tornam fatores decisivos para o aumento de nosso fluxo de estrangeiros. Vamos aproveitar a oferta de assentos em voos internacionais ao Brasil, que em janeiro de 2019 est\u00e1 na ordem de 1.392.000; com 46% dessa oferta oriunda da Am\u00e9rica Latina.<\/p>\n\n\n\n<p>Vamos continuar a explorar o tema mais \u00e0 frente. <\/p>\n","protected":false},"excerpt":{"rendered":"<p>Viagens dentro da Am\u00e9rica Latina devem crescer em 2019 segundo relat\u00f3rio do IPK International para a ITB Berlim. O relat\u00f3rio mostra o crescimento mundial do turismo em 6% em 2018 e diz que 2019 tamb\u00e9m ser\u00e1 um ano positivo para o turismo. Especialmente dentro da Am\u00e9rica Latina que cresceu 13% em 2018, com tend\u00eancia de&hellip; <a class=\"more-link\" href=\"https:\/\/blog.panrotas.com.br\/mktdestinos\/2019\/02\/05\/viagens-dentro-da-america-latina-devem-crescer-em-2019\/\">Continue reading &rarr;<\/a><\/p>\n","protected":false},"author":21,"featured_media":0,"comment_status":"open","ping_status":"open","sticky":false,"template":"","format":"standard","meta":{"spay_email":""},"categories":[3],"tags":[479,939,1040],"yoast_head":"<!-- This site is optimized with the Yoast SEO plugin v17.3 - https:\/\/yoast.com\/wordpress\/plugins\/seo\/ -->\n<title>Viagens dentro da Am\u00e9rica latina devem crescer em 2019 - Marketing Destinos<\/title>\n<meta name=\"robots\" content=\"index, follow, max-snippet:-1, max-image-preview:large, max-video-preview:-1\" \/>\n<link rel=\"canonical\" href=\"https:\/\/blog.panrotas.com.br\/mktdestinos\/2019\/02\/05\/viagens-dentro-da-america-latina-devem-crescer-em-2019\/\" \/>\n<meta property=\"og:locale\" content=\"pt_BR\" \/>\n<meta property=\"og:type\" content=\"article\" \/>\n<meta property=\"og:title\" content=\"Viagens dentro da Am\u00e9rica latina devem crescer em 2019 - Marketing Destinos\" \/>\n<meta property=\"og:description\" content=\"Viagens dentro da Am\u00e9rica Latina devem crescer em 2019 segundo relat\u00f3rio do IPK International para a ITB Berlim. O relat\u00f3rio mostra o crescimento mundial do turismo em 6% em 2018 e diz que 2019 tamb\u00e9m ser\u00e1 um ano positivo para o turismo. Especialmente dentro da Am\u00e9rica Latina que cresceu 13% em 2018, com tend\u00eancia de&hellip; Continue reading &rarr;\" \/>\n<meta property=\"og:url\" content=\"https:\/\/blog.panrotas.com.br\/mktdestinos\/2019\/02\/05\/viagens-dentro-da-america-latina-devem-crescer-em-2019\/\" \/>\n<meta property=\"og:site_name\" content=\"Marketing Destinos\" \/>\n<meta property=\"article:published_time\" content=\"2019-02-05T13:19:10+00:00\" \/>\n<meta property=\"og:image\" content=\"http:\/\/panrotas.blog.br\/mktdestinos\/wp-content\/uploads\/sites\/23\/2019\/02\/hector-martinez-94875-unsplash-1-1024x683.jpg\" \/>\n<meta name=\"twitter:card\" content=\"summary_large_image\" \/>\n<meta name=\"twitter:label1\" content=\"Escrito por\" \/>\n\t<meta name=\"twitter:data1\" content=\"Jeanine Pires\" \/>\n\t<meta name=\"twitter:label2\" content=\"Est. tempo de leitura\" \/>\n\t<meta name=\"twitter:data2\" content=\"2 minutos\" \/>\n<script type=\"application\/ld+json\" class=\"yoast-schema-graph\">{\"@context\":\"https:\/\/schema.org\",\"@graph\":[{\"@type\":\"WebSite\",\"@id\":\"https:\/\/blog.panrotas.com.br\/mktdestinos\/#website\",\"url\":\"https:\/\/blog.panrotas.com.br\/mktdestinos\/\",\"name\":\"Marketing Destinos\",\"description\":\"\",\"potentialAction\":[{\"@type\":\"SearchAction\",\"target\":{\"@type\":\"EntryPoint\",\"urlTemplate\":\"https:\/\/blog.panrotas.com.br\/mktdestinos\/?s={search_term_string}\"},\"query-input\":\"required name=search_term_string\"}],\"inLanguage\":\"pt-BR\"},{\"@type\":\"ImageObject\",\"@id\":\"https:\/\/blog.panrotas.com.br\/mktdestinos\/2019\/02\/05\/viagens-dentro-da-america-latina-devem-crescer-em-2019\/#primaryimage\",\"inLanguage\":\"pt-BR\",\"url\":\"http:\/\/panrotas.blog.br\/mktdestinos\/wp-content\/uploads\/sites\/23\/2019\/02\/hector-martinez-94875-unsplash-1-1024x683.jpg\",\"contentUrl\":\"http:\/\/panrotas.blog.br\/mktdestinos\/wp-content\/uploads\/sites\/23\/2019\/02\/hector-martinez-94875-unsplash-1-1024x683.jpg\"},{\"@type\":\"WebPage\",\"@id\":\"https:\/\/blog.panrotas.com.br\/mktdestinos\/2019\/02\/05\/viagens-dentro-da-america-latina-devem-crescer-em-2019\/#webpage\",\"url\":\"https:\/\/blog.panrotas.com.br\/mktdestinos\/2019\/02\/05\/viagens-dentro-da-america-latina-devem-crescer-em-2019\/\",\"name\":\"Viagens dentro da Am\\u00e9rica latina devem crescer em 2019 - Marketing Destinos\",\"isPartOf\":{\"@id\":\"https:\/\/blog.panrotas.com.br\/mktdestinos\/#website\"},\"primaryImageOfPage\":{\"@id\":\"https:\/\/blog.panrotas.com.br\/mktdestinos\/2019\/02\/05\/viagens-dentro-da-america-latina-devem-crescer-em-2019\/#primaryimage\"},\"datePublished\":\"2019-02-05T13:19:10+00:00\",\"dateModified\":\"2019-02-05T13:19:10+00:00\",\"author\":{\"@id\":\"https:\/\/blog.panrotas.com.br\/mktdestinos\/#\/schema\/person\/6b7480064d4010fed7920e2a06e2472e\"},\"breadcrumb\":{\"@id\":\"https:\/\/blog.panrotas.com.br\/mktdestinos\/2019\/02\/05\/viagens-dentro-da-america-latina-devem-crescer-em-2019\/#breadcrumb\"},\"inLanguage\":\"pt-BR\",\"potentialAction\":[{\"@type\":\"ReadAction\",\"target\":[\"https:\/\/blog.panrotas.com.br\/mktdestinos\/2019\/02\/05\/viagens-dentro-da-america-latina-devem-crescer-em-2019\/\"]}]},{\"@type\":\"BreadcrumbList\",\"@id\":\"https:\/\/blog.panrotas.com.br\/mktdestinos\/2019\/02\/05\/viagens-dentro-da-america-latina-devem-crescer-em-2019\/#breadcrumb\",\"itemListElement\":[{\"@type\":\"ListItem\",\"position\":1,\"name\":\"In\\u00edcio\",\"item\":\"https:\/\/blog.panrotas.com.br\/mktdestinos\/\"},{\"@type\":\"ListItem\",\"position\":2,\"name\":\"Viagens dentro da Am\\u00e9rica latina devem crescer em 2019\"}]},{\"@type\":\"Person\",\"@id\":\"https:\/\/blog.panrotas.com.br\/mktdestinos\/#\/schema\/person\/6b7480064d4010fed7920e2a06e2472e\",\"name\":\"Jeanine Pires\",\"image\":{\"@type\":\"ImageObject\",\"@id\":\"https:\/\/blog.panrotas.com.br\/mktdestinos\/#personlogo\",\"inLanguage\":\"pt-BR\",\"url\":\"https:\/\/secure.gravatar.com\/avatar\/4eff31f2a3aee87600bf1f78d5953f48?s=96&d=mm&r=g\",\"contentUrl\":\"https:\/\/secure.gravatar.com\/avatar\/4eff31f2a3aee87600bf1f78d5953f48?s=96&d=mm&r=g\",\"caption\":\"Jeanine Pires\"},\"description\":\"Apaixonada pela ind\\u00fastria de viagens e turismo, h\\u00e1 31 anos atua como l\\u00edder do setor no Brasil e no exterior. J\\u00e1 Presidiu e foi Diretora da EMBRATUR entre 2003 e 2010; \\u00e9 Diretora da Pires Intelig\\u00eancia em Destinos e, no final de 2022, entrou para a CVC Corp como Diretora de Alian\\u00e7as e Rela\\u00e7\\u00f5es Governamentais. Jeanine foi Co-fundadora da startup ONER Travel em 2020 e j\\u00e1 atuou como Presidente do Conselho da Fecom\\u00e9rcio S\\u00e3o Paulo e da WTM Latin America. Com forma\\u00e7\\u00e3o e especialidade em marketing de destinos e economia do turismo, Jeanine faz palestras, cursos e consultorias.\",\"url\":\"https:\/\/blog.panrotas.com.br\/mktdestinos\/author\/jeanine\/\"}]}<\/script>\n<!-- \/ Yoast SEO plugin. -->","yoast_head_json":{"title":"Viagens dentro da Am\u00e9rica latina devem crescer em 2019 - Marketing Destinos","robots":{"index":"index","follow":"follow","max-snippet":"max-snippet:-1","max-image-preview":"max-image-preview:large","max-video-preview":"max-video-preview:-1"},"canonical":"https:\/\/blog.panrotas.com.br\/mktdestinos\/2019\/02\/05\/viagens-dentro-da-america-latina-devem-crescer-em-2019\/","og_locale":"pt_BR","og_type":"article","og_title":"Viagens dentro da Am\u00e9rica latina devem crescer em 2019 - Marketing Destinos","og_description":"Viagens dentro da Am\u00e9rica Latina devem crescer em 2019 segundo relat\u00f3rio do IPK International para a ITB Berlim. O relat\u00f3rio mostra o crescimento mundial do turismo em 6% em 2018 e diz que 2019 tamb\u00e9m ser\u00e1 um ano positivo para o turismo. Especialmente dentro da Am\u00e9rica Latina que cresceu 13% em 2018, com tend\u00eancia de&hellip; Continue reading &rarr;","og_url":"https:\/\/blog.panrotas.com.br\/mktdestinos\/2019\/02\/05\/viagens-dentro-da-america-latina-devem-crescer-em-2019\/","og_site_name":"Marketing Destinos","article_published_time":"2019-02-05T13:19:10+00:00","og_image":[{"url":"http:\/\/panrotas.blog.br\/mktdestinos\/wp-content\/uploads\/sites\/23\/2019\/02\/hector-martinez-94875-unsplash-1-1024x683.jpg"}],"twitter_card":"summary_large_image","twitter_misc":{"Escrito por":"Jeanine Pires","Est. tempo de leitura":"2 minutos"},"schema":{"@context":"https:\/\/schema.org","@graph":[{"@type":"WebSite","@id":"https:\/\/blog.panrotas.com.br\/mktdestinos\/#website","url":"https:\/\/blog.panrotas.com.br\/mktdestinos\/","name":"Marketing Destinos","description":"","potentialAction":[{"@type":"SearchAction","target":{"@type":"EntryPoint","urlTemplate":"https:\/\/blog.panrotas.com.br\/mktdestinos\/?s={search_term_string}"},"query-input":"required name=search_term_string"}],"inLanguage":"pt-BR"},{"@type":"ImageObject","@id":"https:\/\/blog.panrotas.com.br\/mktdestinos\/2019\/02\/05\/viagens-dentro-da-america-latina-devem-crescer-em-2019\/#primaryimage","inLanguage":"pt-BR","url":"http:\/\/panrotas.blog.br\/mktdestinos\/wp-content\/uploads\/sites\/23\/2019\/02\/hector-martinez-94875-unsplash-1-1024x683.jpg","contentUrl":"http:\/\/panrotas.blog.br\/mktdestinos\/wp-content\/uploads\/sites\/23\/2019\/02\/hector-martinez-94875-unsplash-1-1024x683.jpg"},{"@type":"WebPage","@id":"https:\/\/blog.panrotas.com.br\/mktdestinos\/2019\/02\/05\/viagens-dentro-da-america-latina-devem-crescer-em-2019\/#webpage","url":"https:\/\/blog.panrotas.com.br\/mktdestinos\/2019\/02\/05\/viagens-dentro-da-america-latina-devem-crescer-em-2019\/","name":"Viagens dentro da Am\u00e9rica latina devem crescer em 2019 - Marketing Destinos","isPartOf":{"@id":"https:\/\/blog.panrotas.com.br\/mktdestinos\/#website"},"primaryImageOfPage":{"@id":"https:\/\/blog.panrotas.com.br\/mktdestinos\/2019\/02\/05\/viagens-dentro-da-america-latina-devem-crescer-em-2019\/#primaryimage"},"datePublished":"2019-02-05T13:19:10+00:00","dateModified":"2019-02-05T13:19:10+00:00","author":{"@id":"https:\/\/blog.panrotas.com.br\/mktdestinos\/#\/schema\/person\/6b7480064d4010fed7920e2a06e2472e"},"breadcrumb":{"@id":"https:\/\/blog.panrotas.com.br\/mktdestinos\/2019\/02\/05\/viagens-dentro-da-america-latina-devem-crescer-em-2019\/#breadcrumb"},"inLanguage":"pt-BR","potentialAction":[{"@type":"ReadAction","target":["https:\/\/blog.panrotas.com.br\/mktdestinos\/2019\/02\/05\/viagens-dentro-da-america-latina-devem-crescer-em-2019\/"]}]},{"@type":"BreadcrumbList","@id":"https:\/\/blog.panrotas.com.br\/mktdestinos\/2019\/02\/05\/viagens-dentro-da-america-latina-devem-crescer-em-2019\/#breadcrumb","itemListElement":[{"@type":"ListItem","position":1,"name":"In\u00edcio","item":"https:\/\/blog.panrotas.com.br\/mktdestinos\/"},{"@type":"ListItem","position":2,"name":"Viagens dentro da Am\u00e9rica latina devem crescer em 2019"}]},{"@type":"Person","@id":"https:\/\/blog.panrotas.com.br\/mktdestinos\/#\/schema\/person\/6b7480064d4010fed7920e2a06e2472e","name":"Jeanine Pires","image":{"@type":"ImageObject","@id":"https:\/\/blog.panrotas.com.br\/mktdestinos\/#personlogo","inLanguage":"pt-BR","url":"https:\/\/secure.gravatar.com\/avatar\/4eff31f2a3aee87600bf1f78d5953f48?s=96&d=mm&r=g","contentUrl":"https:\/\/secure.gravatar.com\/avatar\/4eff31f2a3aee87600bf1f78d5953f48?s=96&d=mm&r=g","caption":"Jeanine Pires"},"description":"Apaixonada pela ind\u00fastria de viagens e turismo, h\u00e1 31 anos atua como l\u00edder do setor no Brasil e no exterior. J\u00e1 Presidiu e foi Diretora da EMBRATUR entre 2003 e 2010; \u00e9 Diretora da Pires Intelig\u00eancia em Destinos e, no final de 2022, entrou para a CVC Corp como Diretora de Alian\u00e7as e Rela\u00e7\u00f5es Governamentais. Jeanine foi Co-fundadora da startup ONER Travel em 2020 e j\u00e1 atuou como Presidente do Conselho da Fecom\u00e9rcio S\u00e3o Paulo e da WTM Latin America. Com forma\u00e7\u00e3o e especialidade em marketing de destinos e economia do turismo, Jeanine faz palestras, cursos e consultorias.","url":"https:\/\/blog.panrotas.com.br\/mktdestinos\/author\/jeanine\/"}]}},"jetpack_featured_media_url":"","_links":{"self":[{"href":"https:\/\/blog.panrotas.com.br\/mktdestinos\/wp-json\/wp\/v2\/posts\/2728"}],"collection":[{"href":"https:\/\/blog.panrotas.com.br\/mktdestinos\/wp-json\/wp\/v2\/posts"}],"about":[{"href":"https:\/\/blog.panrotas.com.br\/mktdestinos\/wp-json\/wp\/v2\/types\/post"}],"author":[{"embeddable":true,"href":"https:\/\/blog.panrotas.com.br\/mktdestinos\/wp-json\/wp\/v2\/users\/21"}],"replies":[{"embeddable":true,"href":"https:\/\/blog.panrotas.com.br\/mktdestinos\/wp-json\/wp\/v2\/comments?post=2728"}],"version-history":[{"count":0,"href":"https:\/\/blog.panrotas.com.br\/mktdestinos\/wp-json\/wp\/v2\/posts\/2728\/revisions"}],"wp:attachment":[{"href":"https:\/\/blog.panrotas.com.br\/mktdestinos\/wp-json\/wp\/v2\/media?parent=2728"}],"wp:term":[{"taxonomy":"category","embeddable":true,"href":"https:\/\/blog.panrotas.com.br\/mktdestinos\/wp-json\/wp\/v2\/categories?post=2728"},{"taxonomy":"post_tag","embeddable":true,"href":"https:\/\/blog.panrotas.com.br\/mktdestinos\/wp-json\/wp\/v2\/tags?post=2728"}],"curies":[{"name":"wp","href":"https:\/\/api.w.org\/{rel}","templated":true}]}}