{"id":2789,"date":"2019-04-25T10:10:26","date_gmt":"2019-04-25T13:10:26","guid":{"rendered":"http:\/\/blog.panrotas.com.br\/mktdestinos\/?p=2789"},"modified":"2019-04-25T10:10:26","modified_gmt":"2019-04-25T13:10:26","slug":"turismo-do-brasil-e-prejudicado-por-mudancas-climaticas","status":"publish","type":"post","link":"https:\/\/blog.panrotas.com.br\/mktdestinos\/2019\/04\/25\/turismo-do-brasil-e-prejudicado-por-mudancas-climaticas\/","title":{"rendered":"TURISMO DO BRASIL \u00c9 PREJUDICADO POR MUDAN\u00c7AS CLIM\u00c1TICAS"},"content":{"rendered":"\n<figure class=\"wp-block-image\"><img loading=\"lazy\" width=\"796\" height=\"447\" src=\"http:\/\/panrotas.blog.br\/mktdestinos\/wp-content\/uploads\/sites\/23\/2019\/04\/vlad-busuioc-116873-unsplash.jpg\" alt=\"\" class=\"wp-image-2792\" srcset=\"https:\/\/blog.panrotas.com.br\/mktdestinos\/wp-content\/uploads\/sites\/23\/2019\/04\/vlad-busuioc-116873-unsplash.jpg 796w, https:\/\/blog.panrotas.com.br\/mktdestinos\/wp-content\/uploads\/sites\/23\/2019\/04\/vlad-busuioc-116873-unsplash-300x168.jpg 300w, https:\/\/blog.panrotas.com.br\/mktdestinos\/wp-content\/uploads\/sites\/23\/2019\/04\/vlad-busuioc-116873-unsplash-768x431.jpg 768w\" sizes=\"(max-width: 796px) 100vw, 796px\" \/><figcaption> <br>Photo by&nbsp;<a href=\"https:\/\/unsplash.com\/photos\/xyPxcqh8Tt8?utm_source=unsplash&amp;utm_medium=referral&amp;utm_content=creditCopyText\">Vlad Busuioc<\/a>&nbsp;on&nbsp;<a href=\"https:\/\/unsplash.com\/search\/photos\/economy?utm_source=unsplash&amp;utm_medium=referral&amp;utm_content=creditCopyText\">Unsplash<\/a> <\/figcaption><\/figure>\n\n\n\n<p>A Universidade de <a href=\"https:\/\/www.stanford.edu\">Stanford<\/a>, nos Estados Unidos, realizou um <a href=\"https:\/\/stanford.io\/2GuuR34\">estudo<\/a> que revelou que as mudan\u00e7as de temperatura, resultantes do aquecimento global, teriam reduzido a riqueza per capita em 17% a 30% nos pa\u00edses mais pobres do mundo, entre 1961 e 2010. Mesmo com a diminui\u00e7\u00e3o da desigualdade econ\u00f4mica entre os pa\u00edses ao longo das \u00faltimas d\u00e9cadas, a pesquisa afirma que essa diminui\u00e7\u00e3o teria ocorrido de maneira mais r\u00e1pida caso essas mudan\u00e7as n\u00e3o tivessem acontecido. E entre os cinco pa\u00edses mais prejudicados est\u00e1 o Brasil (atr\u00e1s de Sud\u00e3o, \u00cdndia, Nig\u00e9ria e Indon\u00e9sia). O estudo afirma que o PIB per capta brasileiro \u00e9 25% inferior ao que poderia ser se as mudan\u00e7as clim\u00e1ticas n\u00e3o tivessem afetado a produ\u00e7\u00e3o econ\u00f4mica.<\/p>\n\n\n\n<p>De acordo com Burke, um dos cientistas envolvidos na pesquisa, os dados hist\u00f3ricos revelam que as culturas s\u00e3o mais produtivas quando as temperaturas n\u00e3o s\u00e3o muito quentes nem muito frias. Logo, nos pa\u00edses mais quentes essas mudan\u00e7as clim\u00e1ticas fazem com que as temperaturas fiquem distantes do ideal para o crescimento econ\u00f4mico. Em um cen\u00e1rio como esse, diversos setores s\u00e3o afetados, incluindo o turismo. <\/p>\n\n\n\n<p>Ainda deve-se observar que muito tem sido falado sobre as pol\u00edticas clim\u00e1ticas e as negocia\u00e7\u00f5es entre os pa\u00edses acerca da responsabilidade por conter o aquecimento global. Nesse contexto parece que a economia pode ser, ao inv\u00e9s de inimiga, a solu\u00e7\u00e3o para o desenvolvimento econ\u00f4mico; bastam pol\u00edticas p\u00fablicas e privadas efetivas. Qual melhor aliado para isso do que o turismo? Preserva natureza e cultura como seu principal ativo, gera empregos, traz divisas e incentiva investimentos. Por isso o turismo importa tanto para a economia brasileira.<\/p>\n","protected":false},"excerpt":{"rendered":"<p>A Universidade de Stanford, nos Estados Unidos, realizou um estudo que revelou que as mudan\u00e7as de temperatura, resultantes do aquecimento global, teriam reduzido a riqueza per capita em 17% a 30% nos pa\u00edses mais pobres do mundo, entre 1961 e 2010. Mesmo com a diminui\u00e7\u00e3o da desigualdade econ\u00f4mica entre os pa\u00edses ao longo das \u00faltimas&hellip; <a class=\"more-link\" href=\"https:\/\/blog.panrotas.com.br\/mktdestinos\/2019\/04\/25\/turismo-do-brasil-e-prejudicado-por-mudancas-climaticas\/\">Continue reading &rarr;<\/a><\/p>\n","protected":false},"author":21,"featured_media":0,"comment_status":"open","ping_status":"open","sticky":false,"template":"","format":"standard","meta":{"spay_email":""},"categories":[3],"tags":[207,270,541,593,687,886],"yoast_head":"<!-- This site is optimized with the Yoast SEO plugin v17.3 - https:\/\/yoast.com\/wordpress\/plugins\/seo\/ -->\n<title>TURISMO DO BRASIL \u00c9 PREJUDICADO POR MUDAN\u00c7AS CLIM\u00c1TICAS - Marketing Destinos<\/title>\n<meta name=\"robots\" content=\"index, follow, max-snippet:-1, max-image-preview:large, max-video-preview:-1\" \/>\n<link rel=\"canonical\" href=\"https:\/\/blog.panrotas.com.br\/mktdestinos\/2019\/04\/25\/turismo-do-brasil-e-prejudicado-por-mudancas-climaticas\/\" \/>\n<meta property=\"og:locale\" content=\"pt_BR\" \/>\n<meta property=\"og:type\" content=\"article\" \/>\n<meta property=\"og:title\" content=\"TURISMO DO BRASIL \u00c9 PREJUDICADO POR MUDAN\u00c7AS CLIM\u00c1TICAS - Marketing Destinos\" \/>\n<meta property=\"og:description\" content=\"A Universidade de Stanford, nos Estados Unidos, realizou um estudo que revelou que as mudan\u00e7as de temperatura, resultantes do aquecimento global, teriam reduzido a riqueza per capita em 17% a 30% nos pa\u00edses mais pobres do mundo, entre 1961 e 2010. Mesmo com a diminui\u00e7\u00e3o da desigualdade econ\u00f4mica entre os pa\u00edses ao longo das \u00faltimas&hellip; Continue reading &rarr;\" \/>\n<meta property=\"og:url\" content=\"https:\/\/blog.panrotas.com.br\/mktdestinos\/2019\/04\/25\/turismo-do-brasil-e-prejudicado-por-mudancas-climaticas\/\" \/>\n<meta property=\"og:site_name\" content=\"Marketing Destinos\" \/>\n<meta property=\"article:published_time\" content=\"2019-04-25T13:10:26+00:00\" \/>\n<meta property=\"og:image\" content=\"http:\/\/panrotas.blog.br\/mktdestinos\/wp-content\/uploads\/sites\/23\/2019\/04\/vlad-busuioc-116873-unsplash.jpg\" \/>\n<meta name=\"twitter:card\" content=\"summary_large_image\" \/>\n<meta name=\"twitter:label1\" content=\"Escrito por\" \/>\n\t<meta name=\"twitter:data1\" content=\"Jeanine Pires\" \/>\n\t<meta name=\"twitter:label2\" content=\"Est. tempo de leitura\" \/>\n\t<meta name=\"twitter:data2\" content=\"2 minutos\" \/>\n<script type=\"application\/ld+json\" class=\"yoast-schema-graph\">{\"@context\":\"https:\/\/schema.org\",\"@graph\":[{\"@type\":\"WebSite\",\"@id\":\"https:\/\/blog.panrotas.com.br\/mktdestinos\/#website\",\"url\":\"https:\/\/blog.panrotas.com.br\/mktdestinos\/\",\"name\":\"Marketing Destinos\",\"description\":\"\",\"potentialAction\":[{\"@type\":\"SearchAction\",\"target\":{\"@type\":\"EntryPoint\",\"urlTemplate\":\"https:\/\/blog.panrotas.com.br\/mktdestinos\/?s={search_term_string}\"},\"query-input\":\"required name=search_term_string\"}],\"inLanguage\":\"pt-BR\"},{\"@type\":\"ImageObject\",\"@id\":\"https:\/\/blog.panrotas.com.br\/mktdestinos\/2019\/04\/25\/turismo-do-brasil-e-prejudicado-por-mudancas-climaticas\/#primaryimage\",\"inLanguage\":\"pt-BR\",\"url\":\"http:\/\/panrotas.blog.br\/mktdestinos\/wp-content\/uploads\/sites\/23\/2019\/04\/vlad-busuioc-116873-unsplash.jpg\",\"contentUrl\":\"http:\/\/panrotas.blog.br\/mktdestinos\/wp-content\/uploads\/sites\/23\/2019\/04\/vlad-busuioc-116873-unsplash.jpg\"},{\"@type\":\"WebPage\",\"@id\":\"https:\/\/blog.panrotas.com.br\/mktdestinos\/2019\/04\/25\/turismo-do-brasil-e-prejudicado-por-mudancas-climaticas\/#webpage\",\"url\":\"https:\/\/blog.panrotas.com.br\/mktdestinos\/2019\/04\/25\/turismo-do-brasil-e-prejudicado-por-mudancas-climaticas\/\",\"name\":\"TURISMO DO BRASIL \\u00c9 PREJUDICADO POR MUDAN\\u00c7AS CLIM\\u00c1TICAS - Marketing Destinos\",\"isPartOf\":{\"@id\":\"https:\/\/blog.panrotas.com.br\/mktdestinos\/#website\"},\"primaryImageOfPage\":{\"@id\":\"https:\/\/blog.panrotas.com.br\/mktdestinos\/2019\/04\/25\/turismo-do-brasil-e-prejudicado-por-mudancas-climaticas\/#primaryimage\"},\"datePublished\":\"2019-04-25T13:10:26+00:00\",\"dateModified\":\"2019-04-25T13:10:26+00:00\",\"author\":{\"@id\":\"https:\/\/blog.panrotas.com.br\/mktdestinos\/#\/schema\/person\/6b7480064d4010fed7920e2a06e2472e\"},\"breadcrumb\":{\"@id\":\"https:\/\/blog.panrotas.com.br\/mktdestinos\/2019\/04\/25\/turismo-do-brasil-e-prejudicado-por-mudancas-climaticas\/#breadcrumb\"},\"inLanguage\":\"pt-BR\",\"potentialAction\":[{\"@type\":\"ReadAction\",\"target\":[\"https:\/\/blog.panrotas.com.br\/mktdestinos\/2019\/04\/25\/turismo-do-brasil-e-prejudicado-por-mudancas-climaticas\/\"]}]},{\"@type\":\"BreadcrumbList\",\"@id\":\"https:\/\/blog.panrotas.com.br\/mktdestinos\/2019\/04\/25\/turismo-do-brasil-e-prejudicado-por-mudancas-climaticas\/#breadcrumb\",\"itemListElement\":[{\"@type\":\"ListItem\",\"position\":1,\"name\":\"In\\u00edcio\",\"item\":\"https:\/\/blog.panrotas.com.br\/mktdestinos\/\"},{\"@type\":\"ListItem\",\"position\":2,\"name\":\"TURISMO DO BRASIL \\u00c9 PREJUDICADO POR MUDAN\\u00c7AS CLIM\\u00c1TICAS\"}]},{\"@type\":\"Person\",\"@id\":\"https:\/\/blog.panrotas.com.br\/mktdestinos\/#\/schema\/person\/6b7480064d4010fed7920e2a06e2472e\",\"name\":\"Jeanine Pires\",\"image\":{\"@type\":\"ImageObject\",\"@id\":\"https:\/\/blog.panrotas.com.br\/mktdestinos\/#personlogo\",\"inLanguage\":\"pt-BR\",\"url\":\"https:\/\/secure.gravatar.com\/avatar\/4eff31f2a3aee87600bf1f78d5953f48?s=96&d=mm&r=g\",\"contentUrl\":\"https:\/\/secure.gravatar.com\/avatar\/4eff31f2a3aee87600bf1f78d5953f48?s=96&d=mm&r=g\",\"caption\":\"Jeanine Pires\"},\"description\":\"Apaixonada pela ind\\u00fastria de viagens e turismo, h\\u00e1 31 anos atua como l\\u00edder do setor no Brasil e no exterior. J\\u00e1 Presidiu e foi Diretora da EMBRATUR entre 2003 e 2010; \\u00e9 Diretora da Pires Intelig\\u00eancia em Destinos e, no final de 2022, entrou para a CVC Corp como Diretora de Alian\\u00e7as e Rela\\u00e7\\u00f5es Governamentais. Jeanine foi Co-fundadora da startup ONER Travel em 2020 e j\\u00e1 atuou como Presidente do Conselho da Fecom\\u00e9rcio S\\u00e3o Paulo e da WTM Latin America. Com forma\\u00e7\\u00e3o e especialidade em marketing de destinos e economia do turismo, Jeanine faz palestras, cursos e consultorias.\",\"url\":\"https:\/\/blog.panrotas.com.br\/mktdestinos\/author\/jeanine\/\"}]}<\/script>\n<!-- \/ Yoast SEO plugin. -->","yoast_head_json":{"title":"TURISMO DO BRASIL \u00c9 PREJUDICADO POR MUDAN\u00c7AS CLIM\u00c1TICAS - Marketing Destinos","robots":{"index":"index","follow":"follow","max-snippet":"max-snippet:-1","max-image-preview":"max-image-preview:large","max-video-preview":"max-video-preview:-1"},"canonical":"https:\/\/blog.panrotas.com.br\/mktdestinos\/2019\/04\/25\/turismo-do-brasil-e-prejudicado-por-mudancas-climaticas\/","og_locale":"pt_BR","og_type":"article","og_title":"TURISMO DO BRASIL \u00c9 PREJUDICADO POR MUDAN\u00c7AS CLIM\u00c1TICAS - Marketing Destinos","og_description":"A Universidade de Stanford, nos Estados Unidos, realizou um estudo que revelou que as mudan\u00e7as de temperatura, resultantes do aquecimento global, teriam reduzido a riqueza per capita em 17% a 30% nos pa\u00edses mais pobres do mundo, entre 1961 e 2010. Mesmo com a diminui\u00e7\u00e3o da desigualdade econ\u00f4mica entre os pa\u00edses ao longo das \u00faltimas&hellip; Continue reading &rarr;","og_url":"https:\/\/blog.panrotas.com.br\/mktdestinos\/2019\/04\/25\/turismo-do-brasil-e-prejudicado-por-mudancas-climaticas\/","og_site_name":"Marketing Destinos","article_published_time":"2019-04-25T13:10:26+00:00","og_image":[{"url":"http:\/\/panrotas.blog.br\/mktdestinos\/wp-content\/uploads\/sites\/23\/2019\/04\/vlad-busuioc-116873-unsplash.jpg"}],"twitter_card":"summary_large_image","twitter_misc":{"Escrito por":"Jeanine Pires","Est. tempo de leitura":"2 minutos"},"schema":{"@context":"https:\/\/schema.org","@graph":[{"@type":"WebSite","@id":"https:\/\/blog.panrotas.com.br\/mktdestinos\/#website","url":"https:\/\/blog.panrotas.com.br\/mktdestinos\/","name":"Marketing Destinos","description":"","potentialAction":[{"@type":"SearchAction","target":{"@type":"EntryPoint","urlTemplate":"https:\/\/blog.panrotas.com.br\/mktdestinos\/?s={search_term_string}"},"query-input":"required name=search_term_string"}],"inLanguage":"pt-BR"},{"@type":"ImageObject","@id":"https:\/\/blog.panrotas.com.br\/mktdestinos\/2019\/04\/25\/turismo-do-brasil-e-prejudicado-por-mudancas-climaticas\/#primaryimage","inLanguage":"pt-BR","url":"http:\/\/panrotas.blog.br\/mktdestinos\/wp-content\/uploads\/sites\/23\/2019\/04\/vlad-busuioc-116873-unsplash.jpg","contentUrl":"http:\/\/panrotas.blog.br\/mktdestinos\/wp-content\/uploads\/sites\/23\/2019\/04\/vlad-busuioc-116873-unsplash.jpg"},{"@type":"WebPage","@id":"https:\/\/blog.panrotas.com.br\/mktdestinos\/2019\/04\/25\/turismo-do-brasil-e-prejudicado-por-mudancas-climaticas\/#webpage","url":"https:\/\/blog.panrotas.com.br\/mktdestinos\/2019\/04\/25\/turismo-do-brasil-e-prejudicado-por-mudancas-climaticas\/","name":"TURISMO DO BRASIL \u00c9 PREJUDICADO POR MUDAN\u00c7AS CLIM\u00c1TICAS - Marketing Destinos","isPartOf":{"@id":"https:\/\/blog.panrotas.com.br\/mktdestinos\/#website"},"primaryImageOfPage":{"@id":"https:\/\/blog.panrotas.com.br\/mktdestinos\/2019\/04\/25\/turismo-do-brasil-e-prejudicado-por-mudancas-climaticas\/#primaryimage"},"datePublished":"2019-04-25T13:10:26+00:00","dateModified":"2019-04-25T13:10:26+00:00","author":{"@id":"https:\/\/blog.panrotas.com.br\/mktdestinos\/#\/schema\/person\/6b7480064d4010fed7920e2a06e2472e"},"breadcrumb":{"@id":"https:\/\/blog.panrotas.com.br\/mktdestinos\/2019\/04\/25\/turismo-do-brasil-e-prejudicado-por-mudancas-climaticas\/#breadcrumb"},"inLanguage":"pt-BR","potentialAction":[{"@type":"ReadAction","target":["https:\/\/blog.panrotas.com.br\/mktdestinos\/2019\/04\/25\/turismo-do-brasil-e-prejudicado-por-mudancas-climaticas\/"]}]},{"@type":"BreadcrumbList","@id":"https:\/\/blog.panrotas.com.br\/mktdestinos\/2019\/04\/25\/turismo-do-brasil-e-prejudicado-por-mudancas-climaticas\/#breadcrumb","itemListElement":[{"@type":"ListItem","position":1,"name":"In\u00edcio","item":"https:\/\/blog.panrotas.com.br\/mktdestinos\/"},{"@type":"ListItem","position":2,"name":"TURISMO DO BRASIL \u00c9 PREJUDICADO POR MUDAN\u00c7AS CLIM\u00c1TICAS"}]},{"@type":"Person","@id":"https:\/\/blog.panrotas.com.br\/mktdestinos\/#\/schema\/person\/6b7480064d4010fed7920e2a06e2472e","name":"Jeanine Pires","image":{"@type":"ImageObject","@id":"https:\/\/blog.panrotas.com.br\/mktdestinos\/#personlogo","inLanguage":"pt-BR","url":"https:\/\/secure.gravatar.com\/avatar\/4eff31f2a3aee87600bf1f78d5953f48?s=96&d=mm&r=g","contentUrl":"https:\/\/secure.gravatar.com\/avatar\/4eff31f2a3aee87600bf1f78d5953f48?s=96&d=mm&r=g","caption":"Jeanine Pires"},"description":"Apaixonada pela ind\u00fastria de viagens e turismo, h\u00e1 31 anos atua como l\u00edder do setor no Brasil e no exterior. J\u00e1 Presidiu e foi Diretora da EMBRATUR entre 2003 e 2010; \u00e9 Diretora da Pires Intelig\u00eancia em Destinos e, no final de 2022, entrou para a CVC Corp como Diretora de Alian\u00e7as e Rela\u00e7\u00f5es Governamentais. Jeanine foi Co-fundadora da startup ONER Travel em 2020 e j\u00e1 atuou como Presidente do Conselho da Fecom\u00e9rcio S\u00e3o Paulo e da WTM Latin America. Com forma\u00e7\u00e3o e especialidade em marketing de destinos e economia do turismo, Jeanine faz palestras, cursos e consultorias.","url":"https:\/\/blog.panrotas.com.br\/mktdestinos\/author\/jeanine\/"}]}},"jetpack_featured_media_url":"","_links":{"self":[{"href":"https:\/\/blog.panrotas.com.br\/mktdestinos\/wp-json\/wp\/v2\/posts\/2789"}],"collection":[{"href":"https:\/\/blog.panrotas.com.br\/mktdestinos\/wp-json\/wp\/v2\/posts"}],"about":[{"href":"https:\/\/blog.panrotas.com.br\/mktdestinos\/wp-json\/wp\/v2\/types\/post"}],"author":[{"embeddable":true,"href":"https:\/\/blog.panrotas.com.br\/mktdestinos\/wp-json\/wp\/v2\/users\/21"}],"replies":[{"embeddable":true,"href":"https:\/\/blog.panrotas.com.br\/mktdestinos\/wp-json\/wp\/v2\/comments?post=2789"}],"version-history":[{"count":0,"href":"https:\/\/blog.panrotas.com.br\/mktdestinos\/wp-json\/wp\/v2\/posts\/2789\/revisions"}],"wp:attachment":[{"href":"https:\/\/blog.panrotas.com.br\/mktdestinos\/wp-json\/wp\/v2\/media?parent=2789"}],"wp:term":[{"taxonomy":"category","embeddable":true,"href":"https:\/\/blog.panrotas.com.br\/mktdestinos\/wp-json\/wp\/v2\/categories?post=2789"},{"taxonomy":"post_tag","embeddable":true,"href":"https:\/\/blog.panrotas.com.br\/mktdestinos\/wp-json\/wp\/v2\/tags?post=2789"}],"curies":[{"name":"wp","href":"https:\/\/api.w.org\/{rel}","templated":true}]}}