{"id":2862,"date":"2019-06-06T14:49:42","date_gmt":"2019-06-06T17:49:42","guid":{"rendered":"http:\/\/blog.panrotas.com.br\/mktdestinos\/?p=2862"},"modified":"2019-06-06T18:09:05","modified_gmt":"2019-06-06T21:09:05","slug":"nao-queremos-mais-visitantes","status":"publish","type":"post","link":"https:\/\/blog.panrotas.com.br\/mktdestinos\/2019\/06\/06\/nao-queremos-mais-visitantes\/","title":{"rendered":"N\u00e3o queremos mais visitantes"},"content":{"rendered":"\n<div class=\"wp-block-image\"><figure class=\"alignleft\"><img loading=\"lazy\" width=\"346\" height=\"519\" src=\"https:\/\/blog.panrotas.com.br\/mktdestinos\/wp-content\/uploads\/sites\/23\/2019\/06\/domenico-daniele-411075-unsplash.jpg\" alt=\"\" class=\"wp-image-2863\" srcset=\"https:\/\/blog.panrotas.com.br\/mktdestinos\/wp-content\/uploads\/sites\/23\/2019\/06\/domenico-daniele-411075-unsplash.jpg 346w, https:\/\/blog.panrotas.com.br\/mktdestinos\/wp-content\/uploads\/sites\/23\/2019\/06\/domenico-daniele-411075-unsplash-200x300.jpg 200w\" sizes=\"(max-width: 346px) 100vw, 346px\" \/><figcaption> Photo by&nbsp;<a href=\"https:\/\/unsplash.com\/@domdanphoto?utm_source=unsplash&amp;utm_medium=referral&amp;utm_content=creditCopyText\">Domenico Daniele<\/a>&nbsp;on&nbsp;<a href=\"https:\/\/unsplash.com\/search\/photos\/crowd-beach?utm_source=unsplash&amp;utm_medium=referral&amp;utm_content=creditCopyText\">Unsplash<\/a> <\/figcaption><\/figure><\/div>\n\n\n\n<p>O <em>overtourism <\/em>e a <a href=\"https:\/\/bit.ly\/2ETaJI0\">sustentabilidade<\/a> s\u00e3o temas que t\u00eam sido frequentemente discutidos por <a href=\"https:\/\/bit.ly\/2WHI6rp\">aqui<\/a>, e isso n\u00e3o \u00e9 por acaso. A superlota\u00e7\u00e3o em alguns destinos tur\u00edsticos est\u00e1 degradando territ\u00f3rios e, consequentemente, minando a potencialidade tur\u00edstica desses locais; colocando esses assuntos nas pautas globais do turismo. Visitantes inconscientes da necessidade de preserva\u00e7\u00e3o do ambiente, e do respeito \u00e0 cultura local, fazem com que esses destinos percam suas fontes de neg\u00f3cios. \u00c9 um problema de quantidade e, tamb\u00e9m, comportamento.<\/p>\n\n\n\n<p>Isso vem acontecendo com <a href=\"https:\/\/bit.ly\/2HXsAPL\">Ibiza<\/a>. De acordo com o observat\u00f3rio de sustentabilidade da ilha, o <em>overtourism<\/em> e a deteriora\u00e7\u00e3o ambiental colocam em risco o potencial tur\u00edstico do local, que sofre com esses problemas desde 2016. E as consequ\u00eancias do cen\u00e1rio de deterioramento se estendem tamb\u00e9m para o ambiente marinho. O relat\u00f3rio diz que nove das 48 \u00e1reas balneares da amostra estudada, antes classificadas como excelentes, hoje s\u00e3o classificadas como boas, suficientes e, at\u00e9 mesmo, insuficientes; revelando um preju\u00edzo na qualidade das \u00e1guas balneares ocorrido durante a \u00faltima d\u00e9cada. <\/p>\n\n\n\n<p>Acredita-se que esses problemas s\u00e3o consequ\u00eancias do <em>overtourism<\/em> e, segundo o observat\u00f3rio, o crescimento no n\u00famero de visitantes pode estar relacionado \u00e0 amplia\u00e7\u00e3o na oferta de hospedagem, que triplicou nos \u00faltimos 6 anos e aumentou em 15% a superf\u00edcie urbanizada do lugar. Um quadro que n\u00e3o poder\u00e1 se sustentar assim por muito tempo.  A ilha agora diz que quer ter menos visitantes, como j\u00e1 fez Palau e muitos outros lugares.<\/p>\n\n\n\n<p>Na verdade considero um erro medir o sucesso de um destino tur\u00edstico pelo n\u00famero de pessoas que o visitam. A melhor conta seria: volume + perman\u00eancia + gasto; isso \u00e9 impacto econ\u00f4mico. Mas n\u00e3o para por a\u00ed, cada lugar, de acordo com seus produtos e perfis, tem realmente uma capacidade de carga e precisa conscientizar seus visitantes sobre o respeito ao local. O tema j\u00e1 \u00e9 um grande problema mundial, que pode tomar dimens\u00f5es insustent\u00e1veis se os destinos n\u00e3o trabalharem com planejamento, conscientiza\u00e7\u00e3o e preserva\u00e7\u00e3o de seus ativos. De que serve um destino de praia se ela for polu\u00edda? O que fazer num destino de pesca sem peixes? Como visitar um museu se a quantidade de pessoas impedem a observa\u00e7\u00e3o das obras? O que ser\u00e1 de um destino que acaba com seus ativos e inviabiliza a visita\u00e7\u00e3o?<\/p>\n","protected":false},"excerpt":{"rendered":"<p>O overtourism e a sustentabilidade s\u00e3o temas que t\u00eam sido frequentemente discutidos por aqui, e isso n\u00e3o \u00e9 por acaso. A superlota\u00e7\u00e3o em alguns destinos tur\u00edsticos est\u00e1 degradando territ\u00f3rios e, consequentemente, minando a potencialidade tur\u00edstica desses locais; colocando esses assuntos nas pautas globais do turismo. Visitantes inconscientes da necessidade de preserva\u00e7\u00e3o do ambiente, e do&hellip; <a class=\"more-link\" href=\"https:\/\/blog.panrotas.com.br\/mktdestinos\/2019\/06\/06\/nao-queremos-mais-visitantes\/\">Continue reading &rarr;<\/a><\/p>\n","protected":false},"author":21,"featured_media":0,"comment_status":"open","ping_status":"open","sticky":false,"template":"","format":"standard","meta":{"spay_email":""},"categories":[1],"tags":[1063,541,645,830,886],"yoast_head":"<!-- This site is optimized with the Yoast SEO plugin v17.3 - https:\/\/yoast.com\/wordpress\/plugins\/seo\/ -->\n<title>N\u00e3o queremos mais visitantes - Marketing Destinos<\/title>\n<meta name=\"robots\" content=\"index, follow, max-snippet:-1, max-image-preview:large, max-video-preview:-1\" \/>\n<link rel=\"canonical\" href=\"https:\/\/blog.panrotas.com.br\/mktdestinos\/2019\/06\/06\/nao-queremos-mais-visitantes\/\" \/>\n<meta property=\"og:locale\" content=\"pt_BR\" \/>\n<meta property=\"og:type\" content=\"article\" \/>\n<meta property=\"og:title\" content=\"N\u00e3o queremos mais visitantes - Marketing Destinos\" \/>\n<meta property=\"og:description\" content=\"O overtourism e a sustentabilidade s\u00e3o temas que t\u00eam sido frequentemente discutidos por aqui, e isso n\u00e3o \u00e9 por acaso. A superlota\u00e7\u00e3o em alguns destinos tur\u00edsticos est\u00e1 degradando territ\u00f3rios e, consequentemente, minando a potencialidade tur\u00edstica desses locais; colocando esses assuntos nas pautas globais do turismo. Visitantes inconscientes da necessidade de preserva\u00e7\u00e3o do ambiente, e do&hellip; Continue reading &rarr;\" \/>\n<meta property=\"og:url\" content=\"https:\/\/blog.panrotas.com.br\/mktdestinos\/2019\/06\/06\/nao-queremos-mais-visitantes\/\" \/>\n<meta property=\"og:site_name\" content=\"Marketing Destinos\" \/>\n<meta property=\"article:published_time\" content=\"2019-06-06T17:49:42+00:00\" \/>\n<meta property=\"article:modified_time\" content=\"2019-06-06T21:09:05+00:00\" \/>\n<meta property=\"og:image\" content=\"https:\/\/blog.panrotas.com.br\/mktdestinos\/wp-content\/uploads\/sites\/23\/2019\/06\/domenico-daniele-411075-unsplash.jpg\" \/>\n<meta name=\"twitter:card\" content=\"summary_large_image\" \/>\n<meta name=\"twitter:label1\" content=\"Escrito por\" \/>\n\t<meta name=\"twitter:data1\" content=\"Jeanine Pires\" \/>\n\t<meta name=\"twitter:label2\" content=\"Est. tempo de leitura\" \/>\n\t<meta name=\"twitter:data2\" content=\"2 minutos\" \/>\n<script type=\"application\/ld+json\" class=\"yoast-schema-graph\">{\"@context\":\"https:\/\/schema.org\",\"@graph\":[{\"@type\":\"WebSite\",\"@id\":\"https:\/\/blog.panrotas.com.br\/mktdestinos\/#website\",\"url\":\"https:\/\/blog.panrotas.com.br\/mktdestinos\/\",\"name\":\"Marketing Destinos\",\"description\":\"\",\"potentialAction\":[{\"@type\":\"SearchAction\",\"target\":{\"@type\":\"EntryPoint\",\"urlTemplate\":\"https:\/\/blog.panrotas.com.br\/mktdestinos\/?s={search_term_string}\"},\"query-input\":\"required name=search_term_string\"}],\"inLanguage\":\"pt-BR\"},{\"@type\":\"ImageObject\",\"@id\":\"https:\/\/blog.panrotas.com.br\/mktdestinos\/2019\/06\/06\/nao-queremos-mais-visitantes\/#primaryimage\",\"inLanguage\":\"pt-BR\",\"url\":\"https:\/\/blog.panrotas.com.br\/mktdestinos\/wp-content\/uploads\/sites\/23\/2019\/06\/domenico-daniele-411075-unsplash.jpg\",\"contentUrl\":\"https:\/\/blog.panrotas.com.br\/mktdestinos\/wp-content\/uploads\/sites\/23\/2019\/06\/domenico-daniele-411075-unsplash.jpg\",\"width\":346,\"height\":519},{\"@type\":\"WebPage\",\"@id\":\"https:\/\/blog.panrotas.com.br\/mktdestinos\/2019\/06\/06\/nao-queremos-mais-visitantes\/#webpage\",\"url\":\"https:\/\/blog.panrotas.com.br\/mktdestinos\/2019\/06\/06\/nao-queremos-mais-visitantes\/\",\"name\":\"N\\u00e3o queremos mais visitantes - Marketing Destinos\",\"isPartOf\":{\"@id\":\"https:\/\/blog.panrotas.com.br\/mktdestinos\/#website\"},\"primaryImageOfPage\":{\"@id\":\"https:\/\/blog.panrotas.com.br\/mktdestinos\/2019\/06\/06\/nao-queremos-mais-visitantes\/#primaryimage\"},\"datePublished\":\"2019-06-06T17:49:42+00:00\",\"dateModified\":\"2019-06-06T21:09:05+00:00\",\"author\":{\"@id\":\"https:\/\/blog.panrotas.com.br\/mktdestinos\/#\/schema\/person\/6b7480064d4010fed7920e2a06e2472e\"},\"breadcrumb\":{\"@id\":\"https:\/\/blog.panrotas.com.br\/mktdestinos\/2019\/06\/06\/nao-queremos-mais-visitantes\/#breadcrumb\"},\"inLanguage\":\"pt-BR\",\"potentialAction\":[{\"@type\":\"ReadAction\",\"target\":[\"https:\/\/blog.panrotas.com.br\/mktdestinos\/2019\/06\/06\/nao-queremos-mais-visitantes\/\"]}]},{\"@type\":\"BreadcrumbList\",\"@id\":\"https:\/\/blog.panrotas.com.br\/mktdestinos\/2019\/06\/06\/nao-queremos-mais-visitantes\/#breadcrumb\",\"itemListElement\":[{\"@type\":\"ListItem\",\"position\":1,\"name\":\"In\\u00edcio\",\"item\":\"https:\/\/blog.panrotas.com.br\/mktdestinos\/\"},{\"@type\":\"ListItem\",\"position\":2,\"name\":\"N\\u00e3o queremos mais visitantes\"}]},{\"@type\":\"Person\",\"@id\":\"https:\/\/blog.panrotas.com.br\/mktdestinos\/#\/schema\/person\/6b7480064d4010fed7920e2a06e2472e\",\"name\":\"Jeanine Pires\",\"image\":{\"@type\":\"ImageObject\",\"@id\":\"https:\/\/blog.panrotas.com.br\/mktdestinos\/#personlogo\",\"inLanguage\":\"pt-BR\",\"url\":\"https:\/\/secure.gravatar.com\/avatar\/4eff31f2a3aee87600bf1f78d5953f48?s=96&d=mm&r=g\",\"contentUrl\":\"https:\/\/secure.gravatar.com\/avatar\/4eff31f2a3aee87600bf1f78d5953f48?s=96&d=mm&r=g\",\"caption\":\"Jeanine Pires\"},\"description\":\"Apaixonada pela ind\\u00fastria de viagens e turismo, h\\u00e1 31 anos atua como l\\u00edder do setor no Brasil e no exterior. J\\u00e1 Presidiu e foi Diretora da EMBRATUR entre 2003 e 2010; \\u00e9 Diretora da Pires Intelig\\u00eancia em Destinos e, no final de 2022, entrou para a CVC Corp como Diretora de Alian\\u00e7as e Rela\\u00e7\\u00f5es Governamentais. Jeanine foi Co-fundadora da startup ONER Travel em 2020 e j\\u00e1 atuou como Presidente do Conselho da Fecom\\u00e9rcio S\\u00e3o Paulo e da WTM Latin America. Com forma\\u00e7\\u00e3o e especialidade em marketing de destinos e economia do turismo, Jeanine faz palestras, cursos e consultorias.\",\"url\":\"https:\/\/blog.panrotas.com.br\/mktdestinos\/author\/jeanine\/\"}]}<\/script>\n<!-- \/ Yoast SEO plugin. -->","yoast_head_json":{"title":"N\u00e3o queremos mais visitantes - Marketing Destinos","robots":{"index":"index","follow":"follow","max-snippet":"max-snippet:-1","max-image-preview":"max-image-preview:large","max-video-preview":"max-video-preview:-1"},"canonical":"https:\/\/blog.panrotas.com.br\/mktdestinos\/2019\/06\/06\/nao-queremos-mais-visitantes\/","og_locale":"pt_BR","og_type":"article","og_title":"N\u00e3o queremos mais visitantes - Marketing Destinos","og_description":"O overtourism e a sustentabilidade s\u00e3o temas que t\u00eam sido frequentemente discutidos por aqui, e isso n\u00e3o \u00e9 por acaso. A superlota\u00e7\u00e3o em alguns destinos tur\u00edsticos est\u00e1 degradando territ\u00f3rios e, consequentemente, minando a potencialidade tur\u00edstica desses locais; colocando esses assuntos nas pautas globais do turismo. Visitantes inconscientes da necessidade de preserva\u00e7\u00e3o do ambiente, e do&hellip; Continue reading &rarr;","og_url":"https:\/\/blog.panrotas.com.br\/mktdestinos\/2019\/06\/06\/nao-queremos-mais-visitantes\/","og_site_name":"Marketing Destinos","article_published_time":"2019-06-06T17:49:42+00:00","article_modified_time":"2019-06-06T21:09:05+00:00","og_image":[{"url":"https:\/\/blog.panrotas.com.br\/mktdestinos\/wp-content\/uploads\/sites\/23\/2019\/06\/domenico-daniele-411075-unsplash.jpg"}],"twitter_card":"summary_large_image","twitter_misc":{"Escrito por":"Jeanine Pires","Est. tempo de leitura":"2 minutos"},"schema":{"@context":"https:\/\/schema.org","@graph":[{"@type":"WebSite","@id":"https:\/\/blog.panrotas.com.br\/mktdestinos\/#website","url":"https:\/\/blog.panrotas.com.br\/mktdestinos\/","name":"Marketing Destinos","description":"","potentialAction":[{"@type":"SearchAction","target":{"@type":"EntryPoint","urlTemplate":"https:\/\/blog.panrotas.com.br\/mktdestinos\/?s={search_term_string}"},"query-input":"required name=search_term_string"}],"inLanguage":"pt-BR"},{"@type":"ImageObject","@id":"https:\/\/blog.panrotas.com.br\/mktdestinos\/2019\/06\/06\/nao-queremos-mais-visitantes\/#primaryimage","inLanguage":"pt-BR","url":"https:\/\/blog.panrotas.com.br\/mktdestinos\/wp-content\/uploads\/sites\/23\/2019\/06\/domenico-daniele-411075-unsplash.jpg","contentUrl":"https:\/\/blog.panrotas.com.br\/mktdestinos\/wp-content\/uploads\/sites\/23\/2019\/06\/domenico-daniele-411075-unsplash.jpg","width":346,"height":519},{"@type":"WebPage","@id":"https:\/\/blog.panrotas.com.br\/mktdestinos\/2019\/06\/06\/nao-queremos-mais-visitantes\/#webpage","url":"https:\/\/blog.panrotas.com.br\/mktdestinos\/2019\/06\/06\/nao-queremos-mais-visitantes\/","name":"N\u00e3o queremos mais visitantes - Marketing Destinos","isPartOf":{"@id":"https:\/\/blog.panrotas.com.br\/mktdestinos\/#website"},"primaryImageOfPage":{"@id":"https:\/\/blog.panrotas.com.br\/mktdestinos\/2019\/06\/06\/nao-queremos-mais-visitantes\/#primaryimage"},"datePublished":"2019-06-06T17:49:42+00:00","dateModified":"2019-06-06T21:09:05+00:00","author":{"@id":"https:\/\/blog.panrotas.com.br\/mktdestinos\/#\/schema\/person\/6b7480064d4010fed7920e2a06e2472e"},"breadcrumb":{"@id":"https:\/\/blog.panrotas.com.br\/mktdestinos\/2019\/06\/06\/nao-queremos-mais-visitantes\/#breadcrumb"},"inLanguage":"pt-BR","potentialAction":[{"@type":"ReadAction","target":["https:\/\/blog.panrotas.com.br\/mktdestinos\/2019\/06\/06\/nao-queremos-mais-visitantes\/"]}]},{"@type":"BreadcrumbList","@id":"https:\/\/blog.panrotas.com.br\/mktdestinos\/2019\/06\/06\/nao-queremos-mais-visitantes\/#breadcrumb","itemListElement":[{"@type":"ListItem","position":1,"name":"In\u00edcio","item":"https:\/\/blog.panrotas.com.br\/mktdestinos\/"},{"@type":"ListItem","position":2,"name":"N\u00e3o queremos mais visitantes"}]},{"@type":"Person","@id":"https:\/\/blog.panrotas.com.br\/mktdestinos\/#\/schema\/person\/6b7480064d4010fed7920e2a06e2472e","name":"Jeanine Pires","image":{"@type":"ImageObject","@id":"https:\/\/blog.panrotas.com.br\/mktdestinos\/#personlogo","inLanguage":"pt-BR","url":"https:\/\/secure.gravatar.com\/avatar\/4eff31f2a3aee87600bf1f78d5953f48?s=96&d=mm&r=g","contentUrl":"https:\/\/secure.gravatar.com\/avatar\/4eff31f2a3aee87600bf1f78d5953f48?s=96&d=mm&r=g","caption":"Jeanine Pires"},"description":"Apaixonada pela ind\u00fastria de viagens e turismo, h\u00e1 31 anos atua como l\u00edder do setor no Brasil e no exterior. J\u00e1 Presidiu e foi Diretora da EMBRATUR entre 2003 e 2010; \u00e9 Diretora da Pires Intelig\u00eancia em Destinos e, no final de 2022, entrou para a CVC Corp como Diretora de Alian\u00e7as e Rela\u00e7\u00f5es Governamentais. Jeanine foi Co-fundadora da startup ONER Travel em 2020 e j\u00e1 atuou como Presidente do Conselho da Fecom\u00e9rcio S\u00e3o Paulo e da WTM Latin America. Com forma\u00e7\u00e3o e especialidade em marketing de destinos e economia do turismo, Jeanine faz palestras, cursos e consultorias.","url":"https:\/\/blog.panrotas.com.br\/mktdestinos\/author\/jeanine\/"}]}},"jetpack_featured_media_url":"","_links":{"self":[{"href":"https:\/\/blog.panrotas.com.br\/mktdestinos\/wp-json\/wp\/v2\/posts\/2862"}],"collection":[{"href":"https:\/\/blog.panrotas.com.br\/mktdestinos\/wp-json\/wp\/v2\/posts"}],"about":[{"href":"https:\/\/blog.panrotas.com.br\/mktdestinos\/wp-json\/wp\/v2\/types\/post"}],"author":[{"embeddable":true,"href":"https:\/\/blog.panrotas.com.br\/mktdestinos\/wp-json\/wp\/v2\/users\/21"}],"replies":[{"embeddable":true,"href":"https:\/\/blog.panrotas.com.br\/mktdestinos\/wp-json\/wp\/v2\/comments?post=2862"}],"version-history":[{"count":6,"href":"https:\/\/blog.panrotas.com.br\/mktdestinos\/wp-json\/wp\/v2\/posts\/2862\/revisions"}],"predecessor-version":[{"id":2870,"href":"https:\/\/blog.panrotas.com.br\/mktdestinos\/wp-json\/wp\/v2\/posts\/2862\/revisions\/2870"}],"wp:attachment":[{"href":"https:\/\/blog.panrotas.com.br\/mktdestinos\/wp-json\/wp\/v2\/media?parent=2862"}],"wp:term":[{"taxonomy":"category","embeddable":true,"href":"https:\/\/blog.panrotas.com.br\/mktdestinos\/wp-json\/wp\/v2\/categories?post=2862"},{"taxonomy":"post_tag","embeddable":true,"href":"https:\/\/blog.panrotas.com.br\/mktdestinos\/wp-json\/wp\/v2\/tags?post=2862"}],"curies":[{"name":"wp","href":"https:\/\/api.w.org\/{rel}","templated":true}]}}