{"id":3046,"date":"2019-10-13T17:59:50","date_gmt":"2019-10-13T20:59:50","guid":{"rendered":"http:\/\/blog.panrotas.com.br\/mktdestinos\/?p=3046"},"modified":"2019-10-15T12:08:06","modified_gmt":"2019-10-15T15:08:06","slug":"nao-podemos-ter-mais-estrangeiros-parte-2","status":"publish","type":"post","link":"https:\/\/blog.panrotas.com.br\/mktdestinos\/2019\/10\/13\/nao-podemos-ter-mais-estrangeiros-parte-2\/","title":{"rendered":"N\u00e3o podemos ter mais estrangeiros? (Parte 2)"},"content":{"rendered":"\n<figure class=\"wp-block-image\"><img loading=\"lazy\" width=\"1024\" height=\"683\" src=\"https:\/\/blog.panrotas.com.br\/mktdestinos\/wp-content\/uploads\/sites\/23\/2019\/10\/sharon-mccutcheon-8a5ej1-mmq-unsplash-1024x683.jpg\" alt=\"\" class=\"wp-image-3061\" srcset=\"https:\/\/blog.panrotas.com.br\/mktdestinos\/wp-content\/uploads\/sites\/23\/2019\/10\/sharon-mccutcheon-8a5ej1-mmq-unsplash-1024x683.jpg 1024w, https:\/\/blog.panrotas.com.br\/mktdestinos\/wp-content\/uploads\/sites\/23\/2019\/10\/sharon-mccutcheon-8a5ej1-mmq-unsplash-300x200.jpg 300w, https:\/\/blog.panrotas.com.br\/mktdestinos\/wp-content\/uploads\/sites\/23\/2019\/10\/sharon-mccutcheon-8a5ej1-mmq-unsplash-768x512.jpg 768w, https:\/\/blog.panrotas.com.br\/mktdestinos\/wp-content\/uploads\/sites\/23\/2019\/10\/sharon-mccutcheon-8a5ej1-mmq-unsplash-740x493.jpg 740w\" sizes=\"(max-width: 1024px) 100vw, 1024px\" \/><figcaption>Photo by&nbsp;<a href=\"https:\/\/unsplash.com\/@sharonmccutcheon?utm_source=unsplash&amp;utm_medium=referral&amp;utm_content=creditCopyText\">Sharon McCutcheon<\/a>&nbsp;on&nbsp;<a href=\"https:\/\/unsplash.com\/s\/photos\/spending?utm_source=unsplash&amp;utm_medium=referral&amp;utm_content=creditCopyText\">Unsplash<\/a><\/figcaption><\/figure>\n\n\n\n<p>Come\u00e7amos a pensar sobre o turismo internacional do Brasil para entender aonde estamos, com a observa\u00e7\u00e3o dos dados de chegadas de turistas internacionais <a href=\"https:\/\/blog.panrotas.com.br\/mktdestinos\/2019\/08\/27\/podemos-ou-nao-ter-mais-estrangeiros-parte-a\/\">nesse primeiro post<\/a>, quando abordamos somente o volume de visitantes e fizemos um hist\u00f3rico das chegadass no Brasil. Como mencionei, entendo que o n\u00famero de pessoas que um destino recebe n\u00e3o \u00e9 prova de sucesso com a atividade, o n\u00famero precisa estar somado a mais dois elementos: gasto e perman\u00eancia. Nessa segunda parte vamos falar do hist\u00f3rico de entrada de divisas no Brasil por meio dos gastos dos estrangeiros que passaram por aqui. Nesse caso, a an\u00e1lise \u00e9 ainda mais complexa, preciso que voc\u00ea me ajude a pensar depois de ver os n\u00fameros.<\/p>\n\n\n\n<p>Come\u00e7amos a olhar a entrada de divisas com os gastos dos turistas estrangeiros no Brasil \u00e0 partir de 1990; o fato \u00e9 que o crescimento nesses quase 30 ano foi lento e pouco significativo de um ano ou at\u00e9 de uma d\u00e9cada at\u00e9 a outra (Fonte: MTur, 2019). Em 1990, os gastos foram de US$ 1.489 milh\u00f5es; em 2000 de US$ 1810 milh\u00f5es; em 2010 de US$ 5.261 milh\u00f5es e em 2018 de US$ 5.921 milh\u00f5es.  Note que os anos que apresentaram um aumento mais significativo foram os de 1997 e 1998 e depois de 2002 a 2008. Em 30 anos, o per\u00edodo que apresentou um pequeno salto foi o final dos anos 2000, mas j\u00e1 \u00e0 partir de 2011 o n\u00famero passa a oscilar pouco e a se manter em n\u00edveis muito pr\u00f3ximos. Podemos concluir que nos \u00faltimos 8 anos tivemos praticamente uma estagna\u00e7\u00e3o e at\u00e9 uma queda progressiva na s\u00e9rie hist\u00f3rica conforme abaixo:<\/p>\n\n\n\n<table class=\"wp-block-table\"><tbody><tr><td><strong>ANO<\/strong><\/td><td><strong>US$ MILH\u00d5ES<\/strong><\/td><\/tr><tr><td>1990<\/td><td>&nbsp;&nbsp;&nbsp;&nbsp;1.489&nbsp;<\/td><\/tr><tr><td>1991<\/td><td>&nbsp;&nbsp;&nbsp;&nbsp;1.076&nbsp;<\/td><\/tr><tr><td>1992<\/td><td>&nbsp;&nbsp;&nbsp;&nbsp;1.064&nbsp;<\/td><\/tr><tr><td>1993<\/td><td>&nbsp;&nbsp;&nbsp;&nbsp;1.096&nbsp;<\/td><\/tr><tr><td>1994<\/td><td>&nbsp;&nbsp;&nbsp;&nbsp;1.048&nbsp;<\/td><\/tr><tr><td>1995<\/td><td>&nbsp;&nbsp;&nbsp;&nbsp;&nbsp;&nbsp;&nbsp;972&nbsp;<\/td><\/tr><tr><td>1996<\/td><td>&nbsp;&nbsp;&nbsp;&nbsp;&nbsp;&nbsp;&nbsp;840&nbsp;<\/td><\/tr><tr><td>1997<\/td><td>&nbsp;&nbsp;&nbsp;&nbsp;1.069&nbsp;<\/td><\/tr><tr><td>1998<\/td><td>&nbsp;&nbsp;&nbsp;&nbsp;1.586&nbsp;<\/td><\/tr><tr><td>1999<\/td><td>&nbsp;&nbsp;&nbsp;&nbsp;1.628&nbsp;<\/td><\/tr><tr><td>2000<\/td><td>&nbsp;&nbsp;&nbsp;&nbsp;1.810&nbsp;<\/td><\/tr><tr><td>2001<\/td><td>&nbsp;&nbsp;&nbsp;&nbsp;1.731&nbsp;<\/td><\/tr><tr><td>2002<\/td><td>&nbsp;&nbsp;&nbsp;&nbsp;1.998&nbsp;<\/td><\/tr><tr><td>2003<\/td><td>&nbsp;&nbsp;&nbsp;&nbsp;2.479&nbsp;<\/td><\/tr><tr><td>2004<\/td><td>&nbsp;&nbsp;&nbsp;&nbsp;3.222&nbsp;<\/td><\/tr><tr><td>2005<\/td><td>&nbsp;&nbsp;&nbsp;&nbsp;3.861&nbsp;<\/td><\/tr><tr><td>2006<\/td><td>&nbsp;&nbsp;&nbsp;&nbsp;4.316&nbsp;<\/td><\/tr><tr><td>2007<\/td><td>&nbsp;&nbsp;&nbsp;&nbsp;4.953&nbsp;<\/td><\/tr><tr><td>2008<\/td><td>&nbsp;&nbsp;&nbsp;&nbsp;5.785&nbsp;<\/td><\/tr><tr><td>2009<\/td><td>&nbsp;&nbsp;&nbsp;&nbsp;5.305&nbsp;<\/td><\/tr><tr><td>2010<\/td><td>&nbsp;&nbsp;&nbsp;&nbsp;5.261&nbsp;<\/td><\/tr><tr><td>2011<\/td><td>&nbsp;&nbsp;&nbsp;&nbsp;6.095&nbsp;<\/td><\/tr><tr><td>2012<\/td><td>&nbsp;&nbsp;&nbsp;&nbsp;6.378&nbsp;<\/td><\/tr><tr><td>2013<\/td><td>&nbsp;&nbsp;&nbsp;&nbsp;6.474&nbsp;<\/td><\/tr><tr><td>2014<\/td><td>&nbsp;&nbsp;&nbsp;&nbsp;6.843&nbsp;<\/td><\/tr><tr><td>2015<\/td><td>&nbsp;&nbsp;&nbsp;&nbsp;5.844&nbsp;<\/td><\/tr><tr><td>2016<\/td><td>&nbsp;&nbsp;&nbsp;&nbsp;6.024&nbsp;<\/td><\/tr><tr><td>2017<\/td><td>&nbsp;&nbsp;&nbsp;&nbsp;5.809&nbsp;<\/td><\/tr><tr><td>2018<\/td><td>&nbsp;&nbsp;&nbsp;&nbsp;5.921&nbsp;<\/td><\/tr><\/tbody><\/table>\n\n\n\n<p><\/p>\n\n\n\n<p>\u00c9 a primeira vez que fa\u00e7o essa an\u00e1lise da s\u00e9rie hist\u00f3rica da entrada de divisas do Brasil, confesso que me surpreendi com o aumento pouco significativo, ano ap\u00f3s ano, da entrada de divisas por meio dos gastos dos estrangeiros. Lembrando sempre que esses n\u00fameros n\u00e3o possuem ajustes de infla\u00e7\u00e3o ou oscila\u00e7\u00e3o de cambio, s\u00e3o dados nominais. Se achamos e nos preocupamos porque o volume de visitantes n\u00e3o aumenta, dever\u00edamos nos preocupar ainda mais porque os gastos at\u00e9 diminu\u00edram nos \u00faltimos anos. Mesmo assim, segundo o World Travel &amp; Tourism Council (WTTC), o impacto total dos gastos dos visitantes estrangeiros no Brasil em 2018 foi de R$ 22,5 bilh\u00f5es, o que representa 2,2% das exporta\u00e7\u00f5es do pa\u00eds. A import\u00e2ncia do turismo est\u00e1 justamente em seu impacto econ\u00f4mico e precisamos analisar os motivos pelo quais n\u00e3o avan\u00e7amos mais nesse tema.<\/p>\n\n\n\n<p>Quais seriam as causas de termos um gasto baixo, ou uma evolu\u00e7\u00e3o baixa dos gastos nos \u00faltimos 30 anos com todas as mudan\u00e7as por que passou o turismo? Pensei em v\u00e1rias hip\u00f3teses, nada fruto de um estudo mais aprofundado, e adoraria ouvir a experi\u00eancia de voc\u00eas e a opini\u00e3o daqueles que conhecem melhor o mercado internacional para refletirmos juntos e buscar ideias:<\/p>\n\n\n\n<ul><li>A Argentina \u00e9 respons\u00e1vel por quase 30% dos estrangeiros que aqui chegam, pode ser que seus gastos sejam mais baixos nas entradas terrestres ao sul do continente (SC e PR onde quase 80% do acesso \u00e9 terrestre); al\u00e9m disso seu gasto \u00e9 a metade do gasto de um europeu, por exemplo;<\/li><li>A oferta de produtos e de experi\u00eancias no Brasil n\u00e3o evoluiu num ritmo que chegasse a dar aos visitantes mais op\u00e7\u00f5es de gastos em atrativos novos ou qualquer produto. Ou seja, nossa oferta tur\u00edstica atual pode ser, ainda, muito pequena e pobre; n\u00e3o sabemos fazer o turista gastar em nossos destinos;<\/li><li>H\u00e1 uma sazonalidade muito alta nas chegadas de estrangeiros, com per\u00edodos de baixa entre os meses de abril e novembro; um per\u00edodo muito longo com diminui\u00e7\u00e3o de chegadas, s\u00e3o 8 meses do ano;<\/li><li>A motiva\u00e7\u00e3o principal \u00e9 o sol e praia, e esse visitante tem gasto pequeno pelo tipo de atividades que realiza: al\u00e9m do hotel, um <em>transfer<\/em>, uma parada em algum lugar com apoio de alimenta\u00e7\u00e3o e s\u00f3 a praia para desfrutar, poucas atividades mar\u00edtimas ou lagunares, por exemplo; pouca oferta cultural ou de outros atrativos naturais al\u00e9m da praia? Que outras experi\u00eancias inovadoras e empolgantes?<\/li><li>a motiva\u00e7\u00e3o principal para a viagem ao Brasil \u00e9 de lazer, representa quase de 60%, o que leva o turista a gastar bem menos do que um viajante a neg\u00f3cios e eventos, que significa cerca de 20% das motiva\u00e7\u00f5es mas gasta quase o dobro;<\/li><li>as visitas a amigos e parentes (25% dos turistas ficam em casas de amigos e parentes ), que s\u00e3o cerca de 20% das motiva\u00e7\u00f5es principais, fazem com que a pessoa n\u00e3o tenha gastos com hospedagem, menor  gasto com alimenta\u00e7\u00e3o e realize poucas atividades durante a estadia;<\/li><li>os turistas a neg\u00f3cios e eventos, em sua maioria, ficam em hot\u00e9is, gastam mais, no entanto sua perman\u00eancia \u00e9 bem menor do que a do viajante a lazer;<\/li><li>o gasto e a perman\u00eancia dos europeus, norte americanos e outros \u00e9 bem superior \u00e0 dos latino-americanos, conforme tabela abaixo (Fonte: MTur, 2019):<\/li><\/ul>\n\n\n\n<figure class=\"wp-block-image\"><img loading=\"lazy\" width=\"1024\" height=\"445\" src=\"https:\/\/blog.panrotas.com.br\/mktdestinos\/wp-content\/uploads\/sites\/23\/2019\/10\/captura-de-tela-2019-10-13-as-17-17-37-1024x445.png\" alt=\"\" class=\"wp-image-3055\" srcset=\"https:\/\/blog.panrotas.com.br\/mktdestinos\/wp-content\/uploads\/sites\/23\/2019\/10\/captura-de-tela-2019-10-13-as-17-17-37-1024x445.png 1024w, https:\/\/blog.panrotas.com.br\/mktdestinos\/wp-content\/uploads\/sites\/23\/2019\/10\/captura-de-tela-2019-10-13-as-17-17-37-300x130.png 300w, https:\/\/blog.panrotas.com.br\/mktdestinos\/wp-content\/uploads\/sites\/23\/2019\/10\/captura-de-tela-2019-10-13-as-17-17-37-768x334.png 768w, https:\/\/blog.panrotas.com.br\/mktdestinos\/wp-content\/uploads\/sites\/23\/2019\/10\/captura-de-tela-2019-10-13-as-17-17-37-740x321.png 740w, https:\/\/blog.panrotas.com.br\/mktdestinos\/wp-content\/uploads\/sites\/23\/2019\/10\/captura-de-tela-2019-10-13-as-17-17-37.png 1050w\" sizes=\"(max-width: 1024px) 100vw, 1024px\" \/><\/figure>\n\n\n\n<p>Ao final, tentando cruzar a origem, o gasto e a perman\u00eancia do estrangeiro no Brasil vemos que a Am\u00e9rica do Sul representa 61% do volume, tem um gasto total de US$ 595,24 e uma perman\u00eancia de 10,7 noites; a Europa, que representa 22% das chegadas tem um gasto total de US$ 1.135,70 e uma perman\u00eancia de 23,6 dias e a Am\u00e9rica do Norte representa 19% das chegadas, tem um gasto total de US$ 1.121,72 e uma perman\u00eancia de 18,9 dias. Veja que, por sub-continente, temos volume maior e gasto e perman\u00eancia menores; contra volume menor com gasto e perman\u00eancia maiores.<\/p>\n\n\n\n<p>De posse desses dados, cruzando tamb\u00e9m com a oferta de voos internacionais*, \u00e9 poss\u00edvel tra\u00e7ar uma estrat\u00e9gia de promo\u00e7\u00e3o internacional para cada continente ou pa\u00eds, direcionando ao aumento da perman\u00eancia, do gasto e do volume; e trabalhar arduamente os destinos brasileiros para ampliar, inovar e melhorar muito sua oferta tur\u00edstica. Tamb\u00e9m fundamental, olhar o Brasil como um todo, enxergar o conjunto e construir com os estados uma pol\u00edtica conjunta de promo\u00e7\u00e3o e de atra\u00e7\u00e3o de mais voos.<\/p>\n\n\n\n<p>*Oferta de voos internacionais no Brasil em outubro de 2019: Am\u00e9rica do Sul tem 43%, Europa tem 30%, Am\u00e9rica do Norte 19% e \u00c1sia 4% (Fonte: EMBRATUR, outubro 2019).<\/p>\n\n\n\n<p><a href=\"https:\/\/blog.panrotas.com.br\/mktdestinos\/2019\/08\/27\/podemos-ou-nao-ter-mais-estrangeiros-parte-a\/\">Veja a primeira parte dessa s\u00e9rie aqui<\/a><\/p>\n","protected":false},"excerpt":{"rendered":"<p>Come\u00e7amos a pensar sobre o turismo internacional do Brasil para entender aonde estamos, com a observa\u00e7\u00e3o dos dados de chegadas de turistas internacionais nesse primeiro post, quando abordamos somente o volume de visitantes e fizemos um hist\u00f3rico das chegadass no Brasil. Como mencionei, entendo que o n\u00famero de pessoas que um destino recebe n\u00e3o \u00e9&hellip; <a class=\"more-link\" href=\"https:\/\/blog.panrotas.com.br\/mktdestinos\/2019\/10\/13\/nao-podemos-ter-mais-estrangeiros-parte-2\/\">Continue reading &rarr;<\/a><\/p>\n","protected":false},"author":21,"featured_media":0,"comment_status":"open","ping_status":"open","sticky":false,"template":"","format":"standard","meta":{"spay_email":""},"categories":[1],"tags":[244,257,278,378,541,583,653,655,1088,732,886,997,1089,1051],"yoast_head":"<!-- This site is optimized with the Yoast SEO plugin v17.3 - https:\/\/yoast.com\/wordpress\/plugins\/seo\/ -->\n<title>N\u00e3o podemos ter mais estrangeiros? (Parte 2) - Marketing Destinos<\/title>\n<meta name=\"robots\" content=\"index, follow, max-snippet:-1, max-image-preview:large, max-video-preview:-1\" \/>\n<link rel=\"canonical\" href=\"https:\/\/blog.panrotas.com.br\/mktdestinos\/2019\/10\/13\/nao-podemos-ter-mais-estrangeiros-parte-2\/\" \/>\n<meta property=\"og:locale\" content=\"pt_BR\" \/>\n<meta property=\"og:type\" content=\"article\" \/>\n<meta property=\"og:title\" content=\"N\u00e3o podemos ter mais estrangeiros? (Parte 2) - Marketing Destinos\" \/>\n<meta property=\"og:description\" content=\"Come\u00e7amos a pensar sobre o turismo internacional do Brasil para entender aonde estamos, com a observa\u00e7\u00e3o dos dados de chegadas de turistas internacionais nesse primeiro post, quando abordamos somente o volume de visitantes e fizemos um hist\u00f3rico das chegadass no Brasil. Como mencionei, entendo que o n\u00famero de pessoas que um destino recebe n\u00e3o \u00e9&hellip; Continue reading &rarr;\" \/>\n<meta property=\"og:url\" content=\"https:\/\/blog.panrotas.com.br\/mktdestinos\/2019\/10\/13\/nao-podemos-ter-mais-estrangeiros-parte-2\/\" \/>\n<meta property=\"og:site_name\" content=\"Marketing Destinos\" \/>\n<meta property=\"article:published_time\" content=\"2019-10-13T20:59:50+00:00\" \/>\n<meta property=\"article:modified_time\" content=\"2019-10-15T15:08:06+00:00\" \/>\n<meta property=\"og:image\" content=\"https:\/\/blog.panrotas.com.br\/mktdestinos\/wp-content\/uploads\/sites\/23\/2019\/10\/sharon-mccutcheon-8a5ej1-mmq-unsplash-1024x683.jpg\" \/>\n<meta name=\"twitter:card\" content=\"summary_large_image\" \/>\n<meta name=\"twitter:label1\" content=\"Escrito por\" \/>\n\t<meta name=\"twitter:data1\" content=\"Jeanine Pires\" \/>\n\t<meta name=\"twitter:label2\" content=\"Est. tempo de leitura\" \/>\n\t<meta name=\"twitter:data2\" content=\"6 minutos\" \/>\n<script type=\"application\/ld+json\" class=\"yoast-schema-graph\">{\"@context\":\"https:\/\/schema.org\",\"@graph\":[{\"@type\":\"WebSite\",\"@id\":\"https:\/\/blog.panrotas.com.br\/mktdestinos\/#website\",\"url\":\"https:\/\/blog.panrotas.com.br\/mktdestinos\/\",\"name\":\"Marketing Destinos\",\"description\":\"\",\"potentialAction\":[{\"@type\":\"SearchAction\",\"target\":{\"@type\":\"EntryPoint\",\"urlTemplate\":\"https:\/\/blog.panrotas.com.br\/mktdestinos\/?s={search_term_string}\"},\"query-input\":\"required name=search_term_string\"}],\"inLanguage\":\"pt-BR\"},{\"@type\":\"ImageObject\",\"@id\":\"https:\/\/blog.panrotas.com.br\/mktdestinos\/2019\/10\/13\/nao-podemos-ter-mais-estrangeiros-parte-2\/#primaryimage\",\"inLanguage\":\"pt-BR\",\"url\":\"https:\/\/blog.panrotas.com.br\/mktdestinos\/wp-content\/uploads\/sites\/23\/2019\/10\/sharon-mccutcheon-8a5ej1-mmq-unsplash.jpg\",\"contentUrl\":\"https:\/\/blog.panrotas.com.br\/mktdestinos\/wp-content\/uploads\/sites\/23\/2019\/10\/sharon-mccutcheon-8a5ej1-mmq-unsplash.jpg\",\"width\":5616,\"height\":3744},{\"@type\":\"WebPage\",\"@id\":\"https:\/\/blog.panrotas.com.br\/mktdestinos\/2019\/10\/13\/nao-podemos-ter-mais-estrangeiros-parte-2\/#webpage\",\"url\":\"https:\/\/blog.panrotas.com.br\/mktdestinos\/2019\/10\/13\/nao-podemos-ter-mais-estrangeiros-parte-2\/\",\"name\":\"N\\u00e3o podemos ter mais estrangeiros? (Parte 2) - Marketing Destinos\",\"isPartOf\":{\"@id\":\"https:\/\/blog.panrotas.com.br\/mktdestinos\/#website\"},\"primaryImageOfPage\":{\"@id\":\"https:\/\/blog.panrotas.com.br\/mktdestinos\/2019\/10\/13\/nao-podemos-ter-mais-estrangeiros-parte-2\/#primaryimage\"},\"datePublished\":\"2019-10-13T20:59:50+00:00\",\"dateModified\":\"2019-10-15T15:08:06+00:00\",\"author\":{\"@id\":\"https:\/\/blog.panrotas.com.br\/mktdestinos\/#\/schema\/person\/6b7480064d4010fed7920e2a06e2472e\"},\"breadcrumb\":{\"@id\":\"https:\/\/blog.panrotas.com.br\/mktdestinos\/2019\/10\/13\/nao-podemos-ter-mais-estrangeiros-parte-2\/#breadcrumb\"},\"inLanguage\":\"pt-BR\",\"potentialAction\":[{\"@type\":\"ReadAction\",\"target\":[\"https:\/\/blog.panrotas.com.br\/mktdestinos\/2019\/10\/13\/nao-podemos-ter-mais-estrangeiros-parte-2\/\"]}]},{\"@type\":\"BreadcrumbList\",\"@id\":\"https:\/\/blog.panrotas.com.br\/mktdestinos\/2019\/10\/13\/nao-podemos-ter-mais-estrangeiros-parte-2\/#breadcrumb\",\"itemListElement\":[{\"@type\":\"ListItem\",\"position\":1,\"name\":\"In\\u00edcio\",\"item\":\"https:\/\/blog.panrotas.com.br\/mktdestinos\/\"},{\"@type\":\"ListItem\",\"position\":2,\"name\":\"N\\u00e3o podemos ter mais estrangeiros? (Parte 2)\"}]},{\"@type\":\"Person\",\"@id\":\"https:\/\/blog.panrotas.com.br\/mktdestinos\/#\/schema\/person\/6b7480064d4010fed7920e2a06e2472e\",\"name\":\"Jeanine Pires\",\"image\":{\"@type\":\"ImageObject\",\"@id\":\"https:\/\/blog.panrotas.com.br\/mktdestinos\/#personlogo\",\"inLanguage\":\"pt-BR\",\"url\":\"https:\/\/secure.gravatar.com\/avatar\/4eff31f2a3aee87600bf1f78d5953f48?s=96&d=mm&r=g\",\"contentUrl\":\"https:\/\/secure.gravatar.com\/avatar\/4eff31f2a3aee87600bf1f78d5953f48?s=96&d=mm&r=g\",\"caption\":\"Jeanine Pires\"},\"description\":\"Apaixonada pela ind\\u00fastria de viagens e turismo, h\\u00e1 31 anos atua como l\\u00edder do setor no Brasil e no exterior. J\\u00e1 Presidiu e foi Diretora da EMBRATUR entre 2003 e 2010; \\u00e9 Diretora da Pires Intelig\\u00eancia em Destinos e, no final de 2022, entrou para a CVC Corp como Diretora de Alian\\u00e7as e Rela\\u00e7\\u00f5es Governamentais. Jeanine foi Co-fundadora da startup ONER Travel em 2020 e j\\u00e1 atuou como Presidente do Conselho da Fecom\\u00e9rcio S\\u00e3o Paulo e da WTM Latin America. Com forma\\u00e7\\u00e3o e especialidade em marketing de destinos e economia do turismo, Jeanine faz palestras, cursos e consultorias.\",\"url\":\"https:\/\/blog.panrotas.com.br\/mktdestinos\/author\/jeanine\/\"}]}<\/script>\n<!-- \/ Yoast SEO plugin. -->","yoast_head_json":{"title":"N\u00e3o podemos ter mais estrangeiros? (Parte 2) - Marketing Destinos","robots":{"index":"index","follow":"follow","max-snippet":"max-snippet:-1","max-image-preview":"max-image-preview:large","max-video-preview":"max-video-preview:-1"},"canonical":"https:\/\/blog.panrotas.com.br\/mktdestinos\/2019\/10\/13\/nao-podemos-ter-mais-estrangeiros-parte-2\/","og_locale":"pt_BR","og_type":"article","og_title":"N\u00e3o podemos ter mais estrangeiros? (Parte 2) - Marketing Destinos","og_description":"Come\u00e7amos a pensar sobre o turismo internacional do Brasil para entender aonde estamos, com a observa\u00e7\u00e3o dos dados de chegadas de turistas internacionais nesse primeiro post, quando abordamos somente o volume de visitantes e fizemos um hist\u00f3rico das chegadass no Brasil. Como mencionei, entendo que o n\u00famero de pessoas que um destino recebe n\u00e3o \u00e9&hellip; Continue reading &rarr;","og_url":"https:\/\/blog.panrotas.com.br\/mktdestinos\/2019\/10\/13\/nao-podemos-ter-mais-estrangeiros-parte-2\/","og_site_name":"Marketing Destinos","article_published_time":"2019-10-13T20:59:50+00:00","article_modified_time":"2019-10-15T15:08:06+00:00","og_image":[{"url":"https:\/\/blog.panrotas.com.br\/mktdestinos\/wp-content\/uploads\/sites\/23\/2019\/10\/sharon-mccutcheon-8a5ej1-mmq-unsplash-1024x683.jpg"}],"twitter_card":"summary_large_image","twitter_misc":{"Escrito por":"Jeanine Pires","Est. tempo de leitura":"6 minutos"},"schema":{"@context":"https:\/\/schema.org","@graph":[{"@type":"WebSite","@id":"https:\/\/blog.panrotas.com.br\/mktdestinos\/#website","url":"https:\/\/blog.panrotas.com.br\/mktdestinos\/","name":"Marketing Destinos","description":"","potentialAction":[{"@type":"SearchAction","target":{"@type":"EntryPoint","urlTemplate":"https:\/\/blog.panrotas.com.br\/mktdestinos\/?s={search_term_string}"},"query-input":"required name=search_term_string"}],"inLanguage":"pt-BR"},{"@type":"ImageObject","@id":"https:\/\/blog.panrotas.com.br\/mktdestinos\/2019\/10\/13\/nao-podemos-ter-mais-estrangeiros-parte-2\/#primaryimage","inLanguage":"pt-BR","url":"https:\/\/blog.panrotas.com.br\/mktdestinos\/wp-content\/uploads\/sites\/23\/2019\/10\/sharon-mccutcheon-8a5ej1-mmq-unsplash.jpg","contentUrl":"https:\/\/blog.panrotas.com.br\/mktdestinos\/wp-content\/uploads\/sites\/23\/2019\/10\/sharon-mccutcheon-8a5ej1-mmq-unsplash.jpg","width":5616,"height":3744},{"@type":"WebPage","@id":"https:\/\/blog.panrotas.com.br\/mktdestinos\/2019\/10\/13\/nao-podemos-ter-mais-estrangeiros-parte-2\/#webpage","url":"https:\/\/blog.panrotas.com.br\/mktdestinos\/2019\/10\/13\/nao-podemos-ter-mais-estrangeiros-parte-2\/","name":"N\u00e3o podemos ter mais estrangeiros? (Parte 2) - Marketing Destinos","isPartOf":{"@id":"https:\/\/blog.panrotas.com.br\/mktdestinos\/#website"},"primaryImageOfPage":{"@id":"https:\/\/blog.panrotas.com.br\/mktdestinos\/2019\/10\/13\/nao-podemos-ter-mais-estrangeiros-parte-2\/#primaryimage"},"datePublished":"2019-10-13T20:59:50+00:00","dateModified":"2019-10-15T15:08:06+00:00","author":{"@id":"https:\/\/blog.panrotas.com.br\/mktdestinos\/#\/schema\/person\/6b7480064d4010fed7920e2a06e2472e"},"breadcrumb":{"@id":"https:\/\/blog.panrotas.com.br\/mktdestinos\/2019\/10\/13\/nao-podemos-ter-mais-estrangeiros-parte-2\/#breadcrumb"},"inLanguage":"pt-BR","potentialAction":[{"@type":"ReadAction","target":["https:\/\/blog.panrotas.com.br\/mktdestinos\/2019\/10\/13\/nao-podemos-ter-mais-estrangeiros-parte-2\/"]}]},{"@type":"BreadcrumbList","@id":"https:\/\/blog.panrotas.com.br\/mktdestinos\/2019\/10\/13\/nao-podemos-ter-mais-estrangeiros-parte-2\/#breadcrumb","itemListElement":[{"@type":"ListItem","position":1,"name":"In\u00edcio","item":"https:\/\/blog.panrotas.com.br\/mktdestinos\/"},{"@type":"ListItem","position":2,"name":"N\u00e3o podemos ter mais estrangeiros? (Parte 2)"}]},{"@type":"Person","@id":"https:\/\/blog.panrotas.com.br\/mktdestinos\/#\/schema\/person\/6b7480064d4010fed7920e2a06e2472e","name":"Jeanine Pires","image":{"@type":"ImageObject","@id":"https:\/\/blog.panrotas.com.br\/mktdestinos\/#personlogo","inLanguage":"pt-BR","url":"https:\/\/secure.gravatar.com\/avatar\/4eff31f2a3aee87600bf1f78d5953f48?s=96&d=mm&r=g","contentUrl":"https:\/\/secure.gravatar.com\/avatar\/4eff31f2a3aee87600bf1f78d5953f48?s=96&d=mm&r=g","caption":"Jeanine Pires"},"description":"Apaixonada pela ind\u00fastria de viagens e turismo, h\u00e1 31 anos atua como l\u00edder do setor no Brasil e no exterior. J\u00e1 Presidiu e foi Diretora da EMBRATUR entre 2003 e 2010; \u00e9 Diretora da Pires Intelig\u00eancia em Destinos e, no final de 2022, entrou para a CVC Corp como Diretora de Alian\u00e7as e Rela\u00e7\u00f5es Governamentais. Jeanine foi Co-fundadora da startup ONER Travel em 2020 e j\u00e1 atuou como Presidente do Conselho da Fecom\u00e9rcio S\u00e3o Paulo e da WTM Latin America. Com forma\u00e7\u00e3o e especialidade em marketing de destinos e economia do turismo, Jeanine faz palestras, cursos e consultorias.","url":"https:\/\/blog.panrotas.com.br\/mktdestinos\/author\/jeanine\/"}]}},"jetpack_featured_media_url":"","_links":{"self":[{"href":"https:\/\/blog.panrotas.com.br\/mktdestinos\/wp-json\/wp\/v2\/posts\/3046"}],"collection":[{"href":"https:\/\/blog.panrotas.com.br\/mktdestinos\/wp-json\/wp\/v2\/posts"}],"about":[{"href":"https:\/\/blog.panrotas.com.br\/mktdestinos\/wp-json\/wp\/v2\/types\/post"}],"author":[{"embeddable":true,"href":"https:\/\/blog.panrotas.com.br\/mktdestinos\/wp-json\/wp\/v2\/users\/21"}],"replies":[{"embeddable":true,"href":"https:\/\/blog.panrotas.com.br\/mktdestinos\/wp-json\/wp\/v2\/comments?post=3046"}],"version-history":[{"count":17,"href":"https:\/\/blog.panrotas.com.br\/mktdestinos\/wp-json\/wp\/v2\/posts\/3046\/revisions"}],"predecessor-version":[{"id":3067,"href":"https:\/\/blog.panrotas.com.br\/mktdestinos\/wp-json\/wp\/v2\/posts\/3046\/revisions\/3067"}],"wp:attachment":[{"href":"https:\/\/blog.panrotas.com.br\/mktdestinos\/wp-json\/wp\/v2\/media?parent=3046"}],"wp:term":[{"taxonomy":"category","embeddable":true,"href":"https:\/\/blog.panrotas.com.br\/mktdestinos\/wp-json\/wp\/v2\/categories?post=3046"},{"taxonomy":"post_tag","embeddable":true,"href":"https:\/\/blog.panrotas.com.br\/mktdestinos\/wp-json\/wp\/v2\/tags?post=3046"}],"curies":[{"name":"wp","href":"https:\/\/api.w.org\/{rel}","templated":true}]}}