{"id":3559,"date":"2020-12-15T21:19:23","date_gmt":"2020-12-15T23:19:23","guid":{"rendered":"http:\/\/blog.panrotas.com.br\/mktdestinos\/?p=3559"},"modified":"2020-12-15T21:19:23","modified_gmt":"2020-12-15T23:19:23","slug":"hub-turismo-o-podcast-dos-profissionais-em-2020","status":"publish","type":"post","link":"https:\/\/blog.panrotas.com.br\/mktdestinos\/2020\/12\/15\/hub-turismo-o-podcast-dos-profissionais-em-2020\/","title":{"rendered":"HUB TURISMO, o podcast dos profissionais em 2020"},"content":{"rendered":"\n<figure class=\"wp-block-image size-large\"><img loading=\"lazy\" width=\"850\" height=\"416\" src=\"https:\/\/blog.panrotas.com.br\/mktdestinos\/wp-content\/uploads\/sites\/23\/2020\/12\/image-1.png\" alt=\"\" class=\"wp-image-3560\" srcset=\"https:\/\/blog.panrotas.com.br\/mktdestinos\/wp-content\/uploads\/sites\/23\/2020\/12\/image-1.png 850w, https:\/\/blog.panrotas.com.br\/mktdestinos\/wp-content\/uploads\/sites\/23\/2020\/12\/image-1-300x147.png 300w, https:\/\/blog.panrotas.com.br\/mktdestinos\/wp-content\/uploads\/sites\/23\/2020\/12\/image-1-768x376.png 768w, https:\/\/blog.panrotas.com.br\/mktdestinos\/wp-content\/uploads\/sites\/23\/2020\/12\/image-1-740x362.png 740w\" sizes=\"(max-width: 850px) 100vw, 850px\" \/><\/figure>\n\n\n\n<p><strong>HUB TURISMO desbrava o uso de podcasts para profissionais de turismo no Brasil e se expande para outros pa\u00edses em 2020<\/strong><\/p>\n\n\n\n<p><em>O canal de podcast da PIRES INTELIG\u00caNCIA EM DESTINOS E EVENTOS, o HUB TURISMO chega a quase 4 mil ouvintes e inova como ferramenta de conte\u00fado no turismo brasileiro.<\/em><\/p>\n\n\n\n<p>J\u00e1 s\u00e3o 37 os epis\u00f3dios de podcast que os profissionais de turismo podem ouvir no HUB TURISMO, ferramenta de conte\u00fado da PIRES INTEIG\u00caNCIA EM DESTINOS e EVENTOS comandado por Jeanine Pires. Com in\u00edcio em final de abril de 2020, o HUB TURISMO traz temas din\u00e2micos que variam entre ideias para o turismo no futuro, capta\u00e7\u00e3o de eventos, retomada do setor de eventos, marketing de destinos e lideran\u00e7as brasileiras e de diversos pa\u00edses.<\/p>\n\n\n\n<p>Posso afirmar para voc\u00ea que liderar esse podcast tem sido uma experi\u00eancia reveladora para ouvir e entender melhor o cen\u00e1rio t\u00e3o desafiador do turismo global. J\u00e1 conversamos com l\u00edderes do turismo de Portugal e Argentina e com importantes personalidades p\u00fablicas e empres\u00e1rios do Brasil. O podcast chega a quase 4 mil ouvintes ao final de dezembro de 2020. O canal produziu quase mil minutos de conte\u00fado nos 37 epis\u00f3dios dispon\u00edveis.<\/p>\n\n\n\n<p>Tamb\u00e9m atinge p\u00fablicos em 18 pa\u00edses, com destaque para o Brasil, Estados Unidos, Argentina e Portugal. A idade do p\u00fablico-alvo \u00e9 bem diversificada, desde 23 at\u00e9 59 anos em sua maioria.<\/p>\n\n\n\n<p>O HUB TURISMO pode ser ouvido no SPOTIFY, GOOGLE PODCASTS, APPLE PODCASTS&nbsp;&nbsp;e em 4 outras plataformas.&nbsp;<\/p>\n\n\n\n<p>O HUB TURISMO pode ser acessado no SPOTIFY por meio desse link:&nbsp;&nbsp;<a href=\"https:\/\/open.spotify.com\/show\/53AMkbIVDPNa9f4a6kXSeJ\">https:\/\/open.spotify.com\/show\/53AMkbIVDPNa9f4a6kXSeJ<\/a><\/p>\n\n\n\n<p>Profissionais interessados em enviar \u00e1udios podem gravar sua opini\u00e3o e enviar para&nbsp;<a href=\"mailto:contato@piresdestinoseventos.com.br\">contato@piresdestinoseventos.com.br<\/a><\/p>\n","protected":false},"excerpt":{"rendered":"<p>HUB TURISMO desbrava o uso de podcasts para profissionais de turismo no Brasil e se expande para outros pa\u00edses em 2020 O canal de podcast da PIRES INTELIG\u00caNCIA EM DESTINOS E EVENTOS, o HUB TURISMO chega a quase 4 mil ouvintes e inova como ferramenta de conte\u00fado no turismo brasileiro. J\u00e1 s\u00e3o 37 os epis\u00f3dios&hellip; <a class=\"more-link\" href=\"https:\/\/blog.panrotas.com.br\/mktdestinos\/2020\/12\/15\/hub-turismo-o-podcast-dos-profissionais-em-2020\/\">Continue reading &rarr;<\/a><\/p>\n","protected":false},"author":21,"featured_media":0,"comment_status":"open","ping_status":"open","sticky":false,"template":"","format":"standard","meta":{"spay_email":""},"categories":[1],"tags":[],"yoast_head":"<!-- This site is optimized with the Yoast SEO plugin v17.3 - https:\/\/yoast.com\/wordpress\/plugins\/seo\/ -->\n<title>HUB TURISMO, o podcast dos profissionais em 2020 - Marketing Destinos<\/title>\n<meta name=\"robots\" content=\"index, follow, max-snippet:-1, max-image-preview:large, max-video-preview:-1\" \/>\n<link rel=\"canonical\" href=\"http:\/\/blog.panrotas.com.br\/mktdestinos\/2020\/12\/15\/hub-turismo-o-podcast-dos-profissionais-em-2020\/\" \/>\n<meta property=\"og:locale\" content=\"pt_BR\" \/>\n<meta property=\"og:type\" content=\"article\" \/>\n<meta property=\"og:title\" content=\"HUB TURISMO, o podcast dos profissionais em 2020 - Marketing Destinos\" \/>\n<meta property=\"og:description\" content=\"HUB TURISMO desbrava o uso de podcasts para profissionais de turismo no Brasil e se expande para outros pa\u00edses em 2020 O canal de podcast da PIRES INTELIG\u00caNCIA EM DESTINOS E EVENTOS, o HUB TURISMO chega a quase 4 mil ouvintes e inova como ferramenta de conte\u00fado no turismo brasileiro. J\u00e1 s\u00e3o 37 os epis\u00f3dios&hellip; Continue reading &rarr;\" \/>\n<meta property=\"og:url\" content=\"http:\/\/blog.panrotas.com.br\/mktdestinos\/2020\/12\/15\/hub-turismo-o-podcast-dos-profissionais-em-2020\/\" \/>\n<meta property=\"og:site_name\" content=\"Marketing Destinos\" \/>\n<meta property=\"article:published_time\" content=\"2020-12-15T23:19:23+00:00\" \/>\n<meta property=\"og:image\" content=\"https:\/\/blog.panrotas.com.br\/mktdestinos\/wp-content\/uploads\/sites\/23\/2020\/12\/image-1.png\" \/>\n<meta name=\"twitter:card\" content=\"summary_large_image\" \/>\n<meta name=\"twitter:label1\" content=\"Escrito por\" \/>\n\t<meta name=\"twitter:data1\" content=\"Jeanine Pires\" \/>\n\t<meta name=\"twitter:label2\" content=\"Est. tempo de leitura\" \/>\n\t<meta name=\"twitter:data2\" content=\"1 minuto\" \/>\n<script type=\"application\/ld+json\" class=\"yoast-schema-graph\">{\"@context\":\"https:\/\/schema.org\",\"@graph\":[{\"@type\":\"WebSite\",\"@id\":\"https:\/\/blog.panrotas.com.br\/mktdestinos\/#website\",\"url\":\"https:\/\/blog.panrotas.com.br\/mktdestinos\/\",\"name\":\"Marketing Destinos\",\"description\":\"\",\"potentialAction\":[{\"@type\":\"SearchAction\",\"target\":{\"@type\":\"EntryPoint\",\"urlTemplate\":\"https:\/\/blog.panrotas.com.br\/mktdestinos\/?s={search_term_string}\"},\"query-input\":\"required name=search_term_string\"}],\"inLanguage\":\"pt-BR\"},{\"@type\":\"ImageObject\",\"@id\":\"http:\/\/blog.panrotas.com.br\/mktdestinos\/2020\/12\/15\/hub-turismo-o-podcast-dos-profissionais-em-2020\/#primaryimage\",\"inLanguage\":\"pt-BR\",\"url\":\"https:\/\/blog.panrotas.com.br\/mktdestinos\/wp-content\/uploads\/sites\/23\/2020\/12\/image-1.png\",\"contentUrl\":\"https:\/\/blog.panrotas.com.br\/mktdestinos\/wp-content\/uploads\/sites\/23\/2020\/12\/image-1.png\",\"width\":850,\"height\":416},{\"@type\":\"WebPage\",\"@id\":\"http:\/\/blog.panrotas.com.br\/mktdestinos\/2020\/12\/15\/hub-turismo-o-podcast-dos-profissionais-em-2020\/#webpage\",\"url\":\"http:\/\/blog.panrotas.com.br\/mktdestinos\/2020\/12\/15\/hub-turismo-o-podcast-dos-profissionais-em-2020\/\",\"name\":\"HUB TURISMO, o podcast dos profissionais em 2020 - Marketing Destinos\",\"isPartOf\":{\"@id\":\"https:\/\/blog.panrotas.com.br\/mktdestinos\/#website\"},\"primaryImageOfPage\":{\"@id\":\"http:\/\/blog.panrotas.com.br\/mktdestinos\/2020\/12\/15\/hub-turismo-o-podcast-dos-profissionais-em-2020\/#primaryimage\"},\"datePublished\":\"2020-12-15T23:19:23+00:00\",\"dateModified\":\"2020-12-15T23:19:23+00:00\",\"author\":{\"@id\":\"https:\/\/blog.panrotas.com.br\/mktdestinos\/#\/schema\/person\/6b7480064d4010fed7920e2a06e2472e\"},\"breadcrumb\":{\"@id\":\"http:\/\/blog.panrotas.com.br\/mktdestinos\/2020\/12\/15\/hub-turismo-o-podcast-dos-profissionais-em-2020\/#breadcrumb\"},\"inLanguage\":\"pt-BR\",\"potentialAction\":[{\"@type\":\"ReadAction\",\"target\":[\"http:\/\/blog.panrotas.com.br\/mktdestinos\/2020\/12\/15\/hub-turismo-o-podcast-dos-profissionais-em-2020\/\"]}]},{\"@type\":\"BreadcrumbList\",\"@id\":\"http:\/\/blog.panrotas.com.br\/mktdestinos\/2020\/12\/15\/hub-turismo-o-podcast-dos-profissionais-em-2020\/#breadcrumb\",\"itemListElement\":[{\"@type\":\"ListItem\",\"position\":1,\"name\":\"In\\u00edcio\",\"item\":\"https:\/\/blog.panrotas.com.br\/mktdestinos\/\"},{\"@type\":\"ListItem\",\"position\":2,\"name\":\"HUB TURISMO, o podcast dos profissionais em 2020\"}]},{\"@type\":\"Person\",\"@id\":\"https:\/\/blog.panrotas.com.br\/mktdestinos\/#\/schema\/person\/6b7480064d4010fed7920e2a06e2472e\",\"name\":\"Jeanine Pires\",\"image\":{\"@type\":\"ImageObject\",\"@id\":\"https:\/\/blog.panrotas.com.br\/mktdestinos\/#personlogo\",\"inLanguage\":\"pt-BR\",\"url\":\"https:\/\/secure.gravatar.com\/avatar\/4eff31f2a3aee87600bf1f78d5953f48?s=96&d=mm&r=g\",\"contentUrl\":\"https:\/\/secure.gravatar.com\/avatar\/4eff31f2a3aee87600bf1f78d5953f48?s=96&d=mm&r=g\",\"caption\":\"Jeanine Pires\"},\"description\":\"Apaixonada pela ind\\u00fastria de viagens e turismo, h\\u00e1 31 anos atua como l\\u00edder do setor no Brasil e no exterior. J\\u00e1 Presidiu e foi Diretora da EMBRATUR entre 2003 e 2010; \\u00e9 Diretora da Pires Intelig\\u00eancia em Destinos e, no final de 2022, entrou para a CVC Corp como Diretora de Alian\\u00e7as e Rela\\u00e7\\u00f5es Governamentais. Jeanine foi Co-fundadora da startup ONER Travel em 2020 e j\\u00e1 atuou como Presidente do Conselho da Fecom\\u00e9rcio S\\u00e3o Paulo e da WTM Latin America. Com forma\\u00e7\\u00e3o e especialidade em marketing de destinos e economia do turismo, Jeanine faz palestras, cursos e consultorias.\",\"url\":\"https:\/\/blog.panrotas.com.br\/mktdestinos\/author\/jeanine\/\"}]}<\/script>\n<!-- \/ Yoast SEO plugin. -->","yoast_head_json":{"title":"HUB TURISMO, o podcast dos profissionais em 2020 - Marketing Destinos","robots":{"index":"index","follow":"follow","max-snippet":"max-snippet:-1","max-image-preview":"max-image-preview:large","max-video-preview":"max-video-preview:-1"},"canonical":"http:\/\/blog.panrotas.com.br\/mktdestinos\/2020\/12\/15\/hub-turismo-o-podcast-dos-profissionais-em-2020\/","og_locale":"pt_BR","og_type":"article","og_title":"HUB TURISMO, o podcast dos profissionais em 2020 - Marketing Destinos","og_description":"HUB TURISMO desbrava o uso de podcasts para profissionais de turismo no Brasil e se expande para outros pa\u00edses em 2020 O canal de podcast da PIRES INTELIG\u00caNCIA EM DESTINOS E EVENTOS, o HUB TURISMO chega a quase 4 mil ouvintes e inova como ferramenta de conte\u00fado no turismo brasileiro. J\u00e1 s\u00e3o 37 os epis\u00f3dios&hellip; Continue reading &rarr;","og_url":"http:\/\/blog.panrotas.com.br\/mktdestinos\/2020\/12\/15\/hub-turismo-o-podcast-dos-profissionais-em-2020\/","og_site_name":"Marketing Destinos","article_published_time":"2020-12-15T23:19:23+00:00","og_image":[{"url":"https:\/\/blog.panrotas.com.br\/mktdestinos\/wp-content\/uploads\/sites\/23\/2020\/12\/image-1.png"}],"twitter_card":"summary_large_image","twitter_misc":{"Escrito por":"Jeanine Pires","Est. tempo de leitura":"1 minuto"},"schema":{"@context":"https:\/\/schema.org","@graph":[{"@type":"WebSite","@id":"https:\/\/blog.panrotas.com.br\/mktdestinos\/#website","url":"https:\/\/blog.panrotas.com.br\/mktdestinos\/","name":"Marketing Destinos","description":"","potentialAction":[{"@type":"SearchAction","target":{"@type":"EntryPoint","urlTemplate":"https:\/\/blog.panrotas.com.br\/mktdestinos\/?s={search_term_string}"},"query-input":"required name=search_term_string"}],"inLanguage":"pt-BR"},{"@type":"ImageObject","@id":"http:\/\/blog.panrotas.com.br\/mktdestinos\/2020\/12\/15\/hub-turismo-o-podcast-dos-profissionais-em-2020\/#primaryimage","inLanguage":"pt-BR","url":"https:\/\/blog.panrotas.com.br\/mktdestinos\/wp-content\/uploads\/sites\/23\/2020\/12\/image-1.png","contentUrl":"https:\/\/blog.panrotas.com.br\/mktdestinos\/wp-content\/uploads\/sites\/23\/2020\/12\/image-1.png","width":850,"height":416},{"@type":"WebPage","@id":"http:\/\/blog.panrotas.com.br\/mktdestinos\/2020\/12\/15\/hub-turismo-o-podcast-dos-profissionais-em-2020\/#webpage","url":"http:\/\/blog.panrotas.com.br\/mktdestinos\/2020\/12\/15\/hub-turismo-o-podcast-dos-profissionais-em-2020\/","name":"HUB TURISMO, o podcast dos profissionais em 2020 - Marketing Destinos","isPartOf":{"@id":"https:\/\/blog.panrotas.com.br\/mktdestinos\/#website"},"primaryImageOfPage":{"@id":"http:\/\/blog.panrotas.com.br\/mktdestinos\/2020\/12\/15\/hub-turismo-o-podcast-dos-profissionais-em-2020\/#primaryimage"},"datePublished":"2020-12-15T23:19:23+00:00","dateModified":"2020-12-15T23:19:23+00:00","author":{"@id":"https:\/\/blog.panrotas.com.br\/mktdestinos\/#\/schema\/person\/6b7480064d4010fed7920e2a06e2472e"},"breadcrumb":{"@id":"http:\/\/blog.panrotas.com.br\/mktdestinos\/2020\/12\/15\/hub-turismo-o-podcast-dos-profissionais-em-2020\/#breadcrumb"},"inLanguage":"pt-BR","potentialAction":[{"@type":"ReadAction","target":["http:\/\/blog.panrotas.com.br\/mktdestinos\/2020\/12\/15\/hub-turismo-o-podcast-dos-profissionais-em-2020\/"]}]},{"@type":"BreadcrumbList","@id":"http:\/\/blog.panrotas.com.br\/mktdestinos\/2020\/12\/15\/hub-turismo-o-podcast-dos-profissionais-em-2020\/#breadcrumb","itemListElement":[{"@type":"ListItem","position":1,"name":"In\u00edcio","item":"https:\/\/blog.panrotas.com.br\/mktdestinos\/"},{"@type":"ListItem","position":2,"name":"HUB TURISMO, o podcast dos profissionais em 2020"}]},{"@type":"Person","@id":"https:\/\/blog.panrotas.com.br\/mktdestinos\/#\/schema\/person\/6b7480064d4010fed7920e2a06e2472e","name":"Jeanine Pires","image":{"@type":"ImageObject","@id":"https:\/\/blog.panrotas.com.br\/mktdestinos\/#personlogo","inLanguage":"pt-BR","url":"https:\/\/secure.gravatar.com\/avatar\/4eff31f2a3aee87600bf1f78d5953f48?s=96&d=mm&r=g","contentUrl":"https:\/\/secure.gravatar.com\/avatar\/4eff31f2a3aee87600bf1f78d5953f48?s=96&d=mm&r=g","caption":"Jeanine Pires"},"description":"Apaixonada pela ind\u00fastria de viagens e turismo, h\u00e1 31 anos atua como l\u00edder do setor no Brasil e no exterior. J\u00e1 Presidiu e foi Diretora da EMBRATUR entre 2003 e 2010; \u00e9 Diretora da Pires Intelig\u00eancia em Destinos e, no final de 2022, entrou para a CVC Corp como Diretora de Alian\u00e7as e Rela\u00e7\u00f5es Governamentais. Jeanine foi Co-fundadora da startup ONER Travel em 2020 e j\u00e1 atuou como Presidente do Conselho da Fecom\u00e9rcio S\u00e3o Paulo e da WTM Latin America. Com forma\u00e7\u00e3o e especialidade em marketing de destinos e economia do turismo, Jeanine faz palestras, cursos e consultorias.","url":"https:\/\/blog.panrotas.com.br\/mktdestinos\/author\/jeanine\/"}]}},"jetpack_featured_media_url":"","_links":{"self":[{"href":"https:\/\/blog.panrotas.com.br\/mktdestinos\/wp-json\/wp\/v2\/posts\/3559"}],"collection":[{"href":"https:\/\/blog.panrotas.com.br\/mktdestinos\/wp-json\/wp\/v2\/posts"}],"about":[{"href":"https:\/\/blog.panrotas.com.br\/mktdestinos\/wp-json\/wp\/v2\/types\/post"}],"author":[{"embeddable":true,"href":"https:\/\/blog.panrotas.com.br\/mktdestinos\/wp-json\/wp\/v2\/users\/21"}],"replies":[{"embeddable":true,"href":"https:\/\/blog.panrotas.com.br\/mktdestinos\/wp-json\/wp\/v2\/comments?post=3559"}],"version-history":[{"count":1,"href":"https:\/\/blog.panrotas.com.br\/mktdestinos\/wp-json\/wp\/v2\/posts\/3559\/revisions"}],"predecessor-version":[{"id":3561,"href":"https:\/\/blog.panrotas.com.br\/mktdestinos\/wp-json\/wp\/v2\/posts\/3559\/revisions\/3561"}],"wp:attachment":[{"href":"https:\/\/blog.panrotas.com.br\/mktdestinos\/wp-json\/wp\/v2\/media?parent=3559"}],"wp:term":[{"taxonomy":"category","embeddable":true,"href":"https:\/\/blog.panrotas.com.br\/mktdestinos\/wp-json\/wp\/v2\/categories?post=3559"},{"taxonomy":"post_tag","embeddable":true,"href":"https:\/\/blog.panrotas.com.br\/mktdestinos\/wp-json\/wp\/v2\/tags?post=3559"}],"curies":[{"name":"wp","href":"https:\/\/api.w.org\/{rel}","templated":true}]}}