{"id":3673,"date":"2021-03-29T17:01:52","date_gmt":"2021-03-29T20:01:52","guid":{"rendered":"http:\/\/blog.panrotas.com.br\/mktdestinos\/?p=3673"},"modified":"2021-03-30T08:49:50","modified_gmt":"2021-03-30T11:49:50","slug":"atestado-para-a-forca-do-turismo","status":"publish","type":"post","link":"https:\/\/blog.panrotas.com.br\/mktdestinos\/2021\/03\/29\/atestado-para-a-forca-do-turismo\/","title":{"rendered":"Atestado para a for\u00e7a do turismo"},"content":{"rendered":"\n<p>O dif\u00edcil cen\u00e1rio que o Brasil enfrenta desde o ano passado vem se agravando ainda mais, afinal vivemos j\u00e1 a triste perda de mais de 300 mil vidas humanas. E o forte golpe deixa ainda mais evidente que a ind\u00fastria de viagens e turismo \u00e9 respons\u00e1vel pela gera\u00e7\u00e3o de milh\u00f5es de empregos e que tem um papel econ\u00f4mico e s\u00f3cia; sem mencionar&nbsp;&nbsp;o bem-estar das pessoas.<\/p>\n\n\n\n<p>O <a href=\"http:\/\/cnc.org.br\">Conselho Mundial de Turismo WTTC<\/a> trouxe um dado alarmante de que o setor perdeu 49% de seu impacto no PIB global em 2020<a href=\"\/\/5DD9C140-AFC3-4D52-AFFF-B4BA5D5F1EDC#_ftn1\"><sup>[1]<\/sup><\/a>; enquanto a economia global caiu \u201cs\u00f3\u201d 3,7%. No total, a contribui\u00e7\u00e3o do setor para o PIB global caiu US$ 4,7 trilh\u00f5es em 2020 (5,5% da economia global), de quase US$9,2 trilh\u00f5es em 2019 (10,4%). Em 2018, por exemplo,&nbsp;<a href=\"https:\/\/blog.panrotas.com.br\/mktdestinos\/2019\/03\/11\/turismo-cresce-o-dobro-da-economia\/\">o crescimento foi de 3,9%<\/a>&nbsp;contra 3,1% da economia do planeta<a href=\"\/\/5DD9C140-AFC3-4D52-AFFF-B4BA5D5F1EDC#_ftn2\"><sup>[2]<\/sup><\/a>.<\/p>\n\n\n\n<p>Em 2019, o setor mundial de Viagens e Turismo gerava um em cada quatro novos empregos ao redor do mundo, contribuindo com 10,6% (334 milh\u00f5es) de empregos. Em 2020 a pandemia levou \u00e0 perda de mais de 62 milh\u00f5es de postos de trabalho; uma queda de 18,5%. As pequenas e m\u00e9dias empresas foram as que mais sofreram e ainda amargam um situa\u00e7\u00e3o financeira muito complexa em muitos pa\u00edses, onde n\u00e3o h\u00e1 aux\u00edlio de cr\u00e9ditos e outros. Os gastos com viagens internacionais foi 69,4% menor do que em 2020 e nas viagens dom\u00e9sticas&nbsp;a queda foi de 45%.<\/p>\n\n\n\n<p>No Brasil, a realidade n\u00e3o \u00e9 diferente. A <a href=\"http:\/\/cnc.org.br\">CNC<\/a>, com base nos dados do CAGED, apontou que as perdas do turismo em 2020 chegaram a mais&nbsp;de R$ 290 bilh\u00f5es e uma destrui\u00e7\u00e3o de quase 400 mil postos formais de trabalho de brasileiros<a href=\"\/\/5DD9C140-AFC3-4D52-AFFF-B4BA5D5F1EDC#_ftn3\"><sup>[3]<\/sup><\/a>. Sem mencionar as perdas de ocupa\u00e7\u00f5es informais e aquelas impactadas indiretamente pelo turismo. Nesse&nbsp;<a href=\"https:\/\/blog.panrotas.com.br\/mktdestinos\/2020\/12\/17\/balanco-2020-para-o-turismo\/\">post aqui<\/a>&nbsp;voc\u00ea encontra mais an\u00e1lises com dados espec\u00edficos do turismo em 2020 no Brasil. E&nbsp;<a href=\"https:\/\/blog.panrotas.com.br\/mktdestinos\/2021\/01\/05\/turismo-internacional-para-o-brasil-pode-ter-regredido-26-anos\/\">nesse aqui<\/a>&nbsp;voc\u00ea pode saber mais sobre as perdas do Brasil no mercado internacional.<\/p>\n\n\n\n<p>Voc\u00ea pode me dizer, nossa j\u00e1 temos muitas not\u00edcias ruins, o cen\u00e1rio \u00e9 dif\u00edcil. Sim, isso mesmo. Esses dados que trazemos devem ser lembrados, pois eles s\u00e3o a mostra de que o turismo precisa de pol\u00edticas p\u00fablicas de longo prazo. Que precisamos j\u00e1 e, ainda por um bom tempo, de suporte a empregos e empresas. Demonstra que s\u00e3o mais do que urgentes as medidas de sustentabilidade econ\u00f4mica, cultural e ambiental para que essa trag\u00e9dia n\u00e3o se agrave e comprometa o futuro do setor no Brasil.<\/p>\n\n\n\n<p>Esses n\u00fameros globais e do Brasil s\u00e3o o atestado da for\u00e7a da ind\u00fastria de viagens e turismo, e nosso passaporte para maior engajamento na reconstru\u00e7\u00e3o daquele que pode ser o maior aliado da recupera\u00e7\u00e3o econ\u00f4mica de nosso pa\u00eds: o turismo. <br><\/p>\n\n\n\n<hr class=\"wp-block-separator\" \/>\n\n\n\n<p><a href=\"\/\/5DD9C140-AFC3-4D52-AFFF-B4BA5D5F1EDC#_ftnref1\"><sup>[1]<\/sup><\/a>&nbsp;Dispon\u00edvel em:&nbsp;<a href=\"https:\/\/wttc.org\/News-Article\/Global-TandT-sector-suffered-a-loss-of-almost-US4-trillion-in-2020\">https:\/\/wttc.org\/News-Article\/Global-TandT-sector-suffered-a-loss-of-almost-US4-trillion-in-2020<\/a>. Acesso em 26 mar.2021.<\/p>\n\n\n\n<p><a href=\"\/\/5DD9C140-AFC3-4D52-AFFF-B4BA5D5F1EDC#_ftnref2\"><sup>[2]<\/sup><\/a>&nbsp;Dispon\u00edvel em:&nbsp;<a href=\"https:\/\/blog.panrotas.com.br\/mktdestinos\/2019\/03\/11\/turismo-cresce-o-dobro-da-economia\/\">https:\/\/blog.panrotas.com.br\/mktdestinos\/2019\/03\/11\/turismo-cresce-o-dobro-da-economia\/<\/a>. Acesso em 26 mar.2021.<\/p>\n\n\n\n<p><a href=\"\/\/5DD9C140-AFC3-4D52-AFFF-B4BA5D5F1EDC#_ftnref3\"><sup>[3]<\/sup><\/a>&nbsp;Dispon\u00edvel em:&nbsp;<a href=\"https:\/\/www.panrotas.com.br\/mercado\/pesquisas-e-estatisticas\/2021\/03\/turismo-perde-r-290-bilhoes-e-397-mil-empregos-em-2020_180134.html?utm_campaign=panrotas_news_-_edicao_003426&amp;utm_medium=email&amp;utm_source=RD+Station\">https:\/\/www.panrotas.com.br\/mercado\/pesquisas-e-estatisticas\/2021\/03\/turismo-perde-r-290-bilhoes-e-397-mil-empregos-em-2020_180134.html?utm_campaign=panrotas_news_-_edicao_003426&amp;utm_medium=email&amp;utm_source=RD+Station<\/a>.&nbsp;Acesso em 26 mar.2021.<\/p>\n","protected":false},"excerpt":{"rendered":"<p>O dif\u00edcil cen\u00e1rio que o Brasil enfrenta desde o ano passado vem se agravando ainda mais, afinal vivemos j\u00e1 a triste perda de mais de 300 mil vidas humanas. E o forte golpe deixa ainda mais evidente que a ind\u00fastria de viagens e turismo \u00e9 respons\u00e1vel pela gera\u00e7\u00e3o de milh\u00f5es de empregos e que tem&hellip; <a class=\"more-link\" href=\"https:\/\/blog.panrotas.com.br\/mktdestinos\/2021\/03\/29\/atestado-para-a-forca-do-turismo\/\">Continue reading &rarr;<\/a><\/p>\n","protected":false},"author":21,"featured_media":3676,"comment_status":"open","ping_status":"open","sticky":false,"template":"","format":"standard","meta":{"spay_email":""},"categories":[3,5],"tags":[167,281,690,765,1219,886,1003,1051],"yoast_head":"<!-- This site is optimized with the Yoast SEO plugin v17.3 - https:\/\/yoast.com\/wordpress\/plugins\/seo\/ -->\n<title>Atestado para a for\u00e7a do turismo - Marketing Destinos<\/title>\n<meta name=\"robots\" content=\"index, follow, max-snippet:-1, max-image-preview:large, max-video-preview:-1\" \/>\n<link rel=\"canonical\" href=\"http:\/\/blog.panrotas.com.br\/mktdestinos\/2021\/03\/29\/atestado-para-a-forca-do-turismo\/\" \/>\n<meta property=\"og:locale\" content=\"pt_BR\" \/>\n<meta property=\"og:type\" content=\"article\" \/>\n<meta property=\"og:title\" content=\"Atestado para a for\u00e7a do turismo - Marketing Destinos\" \/>\n<meta property=\"og:description\" content=\"O dif\u00edcil cen\u00e1rio que o Brasil enfrenta desde o ano passado vem se agravando ainda mais, afinal vivemos j\u00e1 a triste perda de mais de 300 mil vidas humanas. E o forte golpe deixa ainda mais evidente que a ind\u00fastria de viagens e turismo \u00e9 respons\u00e1vel pela gera\u00e7\u00e3o de milh\u00f5es de empregos e que tem&hellip; Continue reading &rarr;\" \/>\n<meta property=\"og:url\" content=\"http:\/\/blog.panrotas.com.br\/mktdestinos\/2021\/03\/29\/atestado-para-a-forca-do-turismo\/\" \/>\n<meta property=\"og:site_name\" content=\"Marketing Destinos\" \/>\n<meta property=\"article:published_time\" content=\"2021-03-29T20:01:52+00:00\" \/>\n<meta property=\"article:modified_time\" content=\"2021-03-30T11:49:50+00:00\" \/>\n<meta property=\"og:image\" content=\"http:\/\/blog.panrotas.com.br\/mktdestinos\/wp-content\/uploads\/sites\/23\/2021\/03\/tiffany-tertipes-y2vxsb75rvo-unsplash-scaled.jpg\" \/>\n\t<meta property=\"og:image:width\" content=\"2560\" \/>\n\t<meta property=\"og:image:height\" content=\"1707\" \/>\n<meta name=\"twitter:card\" content=\"summary_large_image\" \/>\n<meta name=\"twitter:label1\" content=\"Escrito por\" \/>\n\t<meta name=\"twitter:data1\" content=\"Jeanine Pires\" \/>\n\t<meta name=\"twitter:label2\" content=\"Est. tempo de leitura\" \/>\n\t<meta name=\"twitter:data2\" content=\"3 minutos\" \/>\n<script type=\"application\/ld+json\" class=\"yoast-schema-graph\">{\"@context\":\"https:\/\/schema.org\",\"@graph\":[{\"@type\":\"WebSite\",\"@id\":\"https:\/\/blog.panrotas.com.br\/mktdestinos\/#website\",\"url\":\"https:\/\/blog.panrotas.com.br\/mktdestinos\/\",\"name\":\"Marketing Destinos\",\"description\":\"\",\"potentialAction\":[{\"@type\":\"SearchAction\",\"target\":{\"@type\":\"EntryPoint\",\"urlTemplate\":\"https:\/\/blog.panrotas.com.br\/mktdestinos\/?s={search_term_string}\"},\"query-input\":\"required name=search_term_string\"}],\"inLanguage\":\"pt-BR\"},{\"@type\":\"ImageObject\",\"@id\":\"http:\/\/blog.panrotas.com.br\/mktdestinos\/2021\/03\/29\/atestado-para-a-forca-do-turismo\/#primaryimage\",\"inLanguage\":\"pt-BR\",\"url\":\"https:\/\/blog.panrotas.com.br\/mktdestinos\/wp-content\/uploads\/sites\/23\/2021\/03\/tiffany-tertipes-y2vxsb75rvo-unsplash-scaled.jpg\",\"contentUrl\":\"https:\/\/blog.panrotas.com.br\/mktdestinos\/wp-content\/uploads\/sites\/23\/2021\/03\/tiffany-tertipes-y2vxsb75rvo-unsplash-scaled.jpg\",\"width\":2560,\"height\":1707},{\"@type\":\"WebPage\",\"@id\":\"http:\/\/blog.panrotas.com.br\/mktdestinos\/2021\/03\/29\/atestado-para-a-forca-do-turismo\/#webpage\",\"url\":\"http:\/\/blog.panrotas.com.br\/mktdestinos\/2021\/03\/29\/atestado-para-a-forca-do-turismo\/\",\"name\":\"Atestado para a for\\u00e7a do turismo - Marketing Destinos\",\"isPartOf\":{\"@id\":\"https:\/\/blog.panrotas.com.br\/mktdestinos\/#website\"},\"primaryImageOfPage\":{\"@id\":\"http:\/\/blog.panrotas.com.br\/mktdestinos\/2021\/03\/29\/atestado-para-a-forca-do-turismo\/#primaryimage\"},\"datePublished\":\"2021-03-29T20:01:52+00:00\",\"dateModified\":\"2021-03-30T11:49:50+00:00\",\"author\":{\"@id\":\"https:\/\/blog.panrotas.com.br\/mktdestinos\/#\/schema\/person\/6b7480064d4010fed7920e2a06e2472e\"},\"breadcrumb\":{\"@id\":\"http:\/\/blog.panrotas.com.br\/mktdestinos\/2021\/03\/29\/atestado-para-a-forca-do-turismo\/#breadcrumb\"},\"inLanguage\":\"pt-BR\",\"potentialAction\":[{\"@type\":\"ReadAction\",\"target\":[\"http:\/\/blog.panrotas.com.br\/mktdestinos\/2021\/03\/29\/atestado-para-a-forca-do-turismo\/\"]}]},{\"@type\":\"BreadcrumbList\",\"@id\":\"http:\/\/blog.panrotas.com.br\/mktdestinos\/2021\/03\/29\/atestado-para-a-forca-do-turismo\/#breadcrumb\",\"itemListElement\":[{\"@type\":\"ListItem\",\"position\":1,\"name\":\"In\\u00edcio\",\"item\":\"https:\/\/blog.panrotas.com.br\/mktdestinos\/\"},{\"@type\":\"ListItem\",\"position\":2,\"name\":\"Atestado para a for\\u00e7a do turismo\"}]},{\"@type\":\"Person\",\"@id\":\"https:\/\/blog.panrotas.com.br\/mktdestinos\/#\/schema\/person\/6b7480064d4010fed7920e2a06e2472e\",\"name\":\"Jeanine Pires\",\"image\":{\"@type\":\"ImageObject\",\"@id\":\"https:\/\/blog.panrotas.com.br\/mktdestinos\/#personlogo\",\"inLanguage\":\"pt-BR\",\"url\":\"https:\/\/secure.gravatar.com\/avatar\/4eff31f2a3aee87600bf1f78d5953f48?s=96&d=mm&r=g\",\"contentUrl\":\"https:\/\/secure.gravatar.com\/avatar\/4eff31f2a3aee87600bf1f78d5953f48?s=96&d=mm&r=g\",\"caption\":\"Jeanine Pires\"},\"description\":\"Apaixonada pela ind\\u00fastria de viagens e turismo, h\\u00e1 31 anos atua como l\\u00edder do setor no Brasil e no exterior. J\\u00e1 Presidiu e foi Diretora da EMBRATUR entre 2003 e 2010; \\u00e9 Diretora da Pires Intelig\\u00eancia em Destinos e, no final de 2022, entrou para a CVC Corp como Diretora de Alian\\u00e7as e Rela\\u00e7\\u00f5es Governamentais. Jeanine foi Co-fundadora da startup ONER Travel em 2020 e j\\u00e1 atuou como Presidente do Conselho da Fecom\\u00e9rcio S\\u00e3o Paulo e da WTM Latin America. Com forma\\u00e7\\u00e3o e especialidade em marketing de destinos e economia do turismo, Jeanine faz palestras, cursos e consultorias.\",\"url\":\"https:\/\/blog.panrotas.com.br\/mktdestinos\/author\/jeanine\/\"}]}<\/script>\n<!-- \/ Yoast SEO plugin. -->","yoast_head_json":{"title":"Atestado para a for\u00e7a do turismo - Marketing Destinos","robots":{"index":"index","follow":"follow","max-snippet":"max-snippet:-1","max-image-preview":"max-image-preview:large","max-video-preview":"max-video-preview:-1"},"canonical":"http:\/\/blog.panrotas.com.br\/mktdestinos\/2021\/03\/29\/atestado-para-a-forca-do-turismo\/","og_locale":"pt_BR","og_type":"article","og_title":"Atestado para a for\u00e7a do turismo - Marketing Destinos","og_description":"O dif\u00edcil cen\u00e1rio que o Brasil enfrenta desde o ano passado vem se agravando ainda mais, afinal vivemos j\u00e1 a triste perda de mais de 300 mil vidas humanas. E o forte golpe deixa ainda mais evidente que a ind\u00fastria de viagens e turismo \u00e9 respons\u00e1vel pela gera\u00e7\u00e3o de milh\u00f5es de empregos e que tem&hellip; Continue reading &rarr;","og_url":"http:\/\/blog.panrotas.com.br\/mktdestinos\/2021\/03\/29\/atestado-para-a-forca-do-turismo\/","og_site_name":"Marketing Destinos","article_published_time":"2021-03-29T20:01:52+00:00","article_modified_time":"2021-03-30T11:49:50+00:00","og_image":[{"width":2560,"height":1707,"url":"http:\/\/blog.panrotas.com.br\/mktdestinos\/wp-content\/uploads\/sites\/23\/2021\/03\/tiffany-tertipes-y2vxsb75rvo-unsplash-scaled.jpg","type":"image\/jpeg"}],"twitter_card":"summary_large_image","twitter_misc":{"Escrito por":"Jeanine Pires","Est. tempo de leitura":"3 minutos"},"schema":{"@context":"https:\/\/schema.org","@graph":[{"@type":"WebSite","@id":"https:\/\/blog.panrotas.com.br\/mktdestinos\/#website","url":"https:\/\/blog.panrotas.com.br\/mktdestinos\/","name":"Marketing Destinos","description":"","potentialAction":[{"@type":"SearchAction","target":{"@type":"EntryPoint","urlTemplate":"https:\/\/blog.panrotas.com.br\/mktdestinos\/?s={search_term_string}"},"query-input":"required name=search_term_string"}],"inLanguage":"pt-BR"},{"@type":"ImageObject","@id":"http:\/\/blog.panrotas.com.br\/mktdestinos\/2021\/03\/29\/atestado-para-a-forca-do-turismo\/#primaryimage","inLanguage":"pt-BR","url":"https:\/\/blog.panrotas.com.br\/mktdestinos\/wp-content\/uploads\/sites\/23\/2021\/03\/tiffany-tertipes-y2vxsb75rvo-unsplash-scaled.jpg","contentUrl":"https:\/\/blog.panrotas.com.br\/mktdestinos\/wp-content\/uploads\/sites\/23\/2021\/03\/tiffany-tertipes-y2vxsb75rvo-unsplash-scaled.jpg","width":2560,"height":1707},{"@type":"WebPage","@id":"http:\/\/blog.panrotas.com.br\/mktdestinos\/2021\/03\/29\/atestado-para-a-forca-do-turismo\/#webpage","url":"http:\/\/blog.panrotas.com.br\/mktdestinos\/2021\/03\/29\/atestado-para-a-forca-do-turismo\/","name":"Atestado para a for\u00e7a do turismo - Marketing Destinos","isPartOf":{"@id":"https:\/\/blog.panrotas.com.br\/mktdestinos\/#website"},"primaryImageOfPage":{"@id":"http:\/\/blog.panrotas.com.br\/mktdestinos\/2021\/03\/29\/atestado-para-a-forca-do-turismo\/#primaryimage"},"datePublished":"2021-03-29T20:01:52+00:00","dateModified":"2021-03-30T11:49:50+00:00","author":{"@id":"https:\/\/blog.panrotas.com.br\/mktdestinos\/#\/schema\/person\/6b7480064d4010fed7920e2a06e2472e"},"breadcrumb":{"@id":"http:\/\/blog.panrotas.com.br\/mktdestinos\/2021\/03\/29\/atestado-para-a-forca-do-turismo\/#breadcrumb"},"inLanguage":"pt-BR","potentialAction":[{"@type":"ReadAction","target":["http:\/\/blog.panrotas.com.br\/mktdestinos\/2021\/03\/29\/atestado-para-a-forca-do-turismo\/"]}]},{"@type":"BreadcrumbList","@id":"http:\/\/blog.panrotas.com.br\/mktdestinos\/2021\/03\/29\/atestado-para-a-forca-do-turismo\/#breadcrumb","itemListElement":[{"@type":"ListItem","position":1,"name":"In\u00edcio","item":"https:\/\/blog.panrotas.com.br\/mktdestinos\/"},{"@type":"ListItem","position":2,"name":"Atestado para a for\u00e7a do turismo"}]},{"@type":"Person","@id":"https:\/\/blog.panrotas.com.br\/mktdestinos\/#\/schema\/person\/6b7480064d4010fed7920e2a06e2472e","name":"Jeanine Pires","image":{"@type":"ImageObject","@id":"https:\/\/blog.panrotas.com.br\/mktdestinos\/#personlogo","inLanguage":"pt-BR","url":"https:\/\/secure.gravatar.com\/avatar\/4eff31f2a3aee87600bf1f78d5953f48?s=96&d=mm&r=g","contentUrl":"https:\/\/secure.gravatar.com\/avatar\/4eff31f2a3aee87600bf1f78d5953f48?s=96&d=mm&r=g","caption":"Jeanine Pires"},"description":"Apaixonada pela ind\u00fastria de viagens e turismo, h\u00e1 31 anos atua como l\u00edder do setor no Brasil e no exterior. J\u00e1 Presidiu e foi Diretora da EMBRATUR entre 2003 e 2010; \u00e9 Diretora da Pires Intelig\u00eancia em Destinos e, no final de 2022, entrou para a CVC Corp como Diretora de Alian\u00e7as e Rela\u00e7\u00f5es Governamentais. Jeanine foi Co-fundadora da startup ONER Travel em 2020 e j\u00e1 atuou como Presidente do Conselho da Fecom\u00e9rcio S\u00e3o Paulo e da WTM Latin America. Com forma\u00e7\u00e3o e especialidade em marketing de destinos e economia do turismo, Jeanine faz palestras, cursos e consultorias.","url":"https:\/\/blog.panrotas.com.br\/mktdestinos\/author\/jeanine\/"}]}},"jetpack_featured_media_url":"https:\/\/blog.panrotas.com.br\/mktdestinos\/wp-content\/uploads\/sites\/23\/2021\/03\/tiffany-tertipes-y2vxsb75rvo-unsplash-scaled.jpg","_links":{"self":[{"href":"https:\/\/blog.panrotas.com.br\/mktdestinos\/wp-json\/wp\/v2\/posts\/3673"}],"collection":[{"href":"https:\/\/blog.panrotas.com.br\/mktdestinos\/wp-json\/wp\/v2\/posts"}],"about":[{"href":"https:\/\/blog.panrotas.com.br\/mktdestinos\/wp-json\/wp\/v2\/types\/post"}],"author":[{"embeddable":true,"href":"https:\/\/blog.panrotas.com.br\/mktdestinos\/wp-json\/wp\/v2\/users\/21"}],"replies":[{"embeddable":true,"href":"https:\/\/blog.panrotas.com.br\/mktdestinos\/wp-json\/wp\/v2\/comments?post=3673"}],"version-history":[{"count":4,"href":"https:\/\/blog.panrotas.com.br\/mktdestinos\/wp-json\/wp\/v2\/posts\/3673\/revisions"}],"predecessor-version":[{"id":3679,"href":"https:\/\/blog.panrotas.com.br\/mktdestinos\/wp-json\/wp\/v2\/posts\/3673\/revisions\/3679"}],"wp:featuredmedia":[{"embeddable":true,"href":"https:\/\/blog.panrotas.com.br\/mktdestinos\/wp-json\/wp\/v2\/media\/3676"}],"wp:attachment":[{"href":"https:\/\/blog.panrotas.com.br\/mktdestinos\/wp-json\/wp\/v2\/media?parent=3673"}],"wp:term":[{"taxonomy":"category","embeddable":true,"href":"https:\/\/blog.panrotas.com.br\/mktdestinos\/wp-json\/wp\/v2\/categories?post=3673"},{"taxonomy":"post_tag","embeddable":true,"href":"https:\/\/blog.panrotas.com.br\/mktdestinos\/wp-json\/wp\/v2\/tags?post=3673"}],"curies":[{"name":"wp","href":"https:\/\/api.w.org\/{rel}","templated":true}]}}