{"id":374,"date":"2011-12-14T07:53:45","date_gmt":"2011-12-14T10:53:45","guid":{"rendered":"http:\/\/blog.panrotas.com.br\/contagemregressiva\/?p=374"},"modified":"2011-12-14T07:53:45","modified_gmt":"2011-12-14T10:53:45","slug":"ir-ou-nao-ir-feiras-de-turismo","status":"publish","type":"post","link":"https:\/\/blog.panrotas.com.br\/mktdestinos\/2011\/12\/14\/ir-ou-nao-ir-feiras-de-turismo\/","title":{"rendered":"Ir ou n\u00e3o ir&#8230; ( feiras de turismo )"},"content":{"rendered":"<p style=\"text-align: justify\">Uma decis\u00e3o importante para empresas e \u00f3rg\u00e3os de turismo: ir \u00e0s feiras de turismo.<\/p>\n<p style=\"text-align: justify\">A resposta pode estar em outras perguntas. Quais os objetivos em participar de uma feira? Que tipo de p\u00fablico estar\u00e1 presente? Qual o custo benef\u00edcio ? O que o evento oferece como diferencial ?<\/p>\n<p style=\"text-align: justify\">Essa reflex\u00e3o \u00e9 importante no cen\u00e1rio de grandes mudan\u00e7as dos fluxos tur\u00edsticos mundiais e, sobretudo quando as ferramentas de promo\u00e7\u00e3o e comunica\u00e7\u00e3o encontram outros meios de relacionamento com agentes de viagens, clientes e imprensa. Tamb\u00e9m para quem organiza tais eventos, temas como renova\u00e7\u00e3o, inova\u00e7\u00e3o, tecnologia s\u00e3o importantes para reter expositores e atrair clientes. Talvez a certeza \u00e9 que nossa ind\u00fastria n\u00e3o quer mais do mesmo.<\/p>\n<p style=\"text-align: justify\">A Atout France, ag\u00eancia \u00a0tur\u00edstica oficial da Fran\u00e7a anunciou que em 2012 n\u00e3o ir\u00e1 mais participar da FITUR em Madri nem da BIT em Mil\u00e3o. Suas raz\u00f5es s\u00e3o explicadas pelo diretor Christian Mantei, argumentando que os custos de participa\u00e7\u00e3o aumentam, o p\u00fablico presente diminuiu e que o perfil do evento j\u00e1 n\u00e3o atende mais \u00e0s necessidades dos empres\u00e1rios do setor. De acordo com ele, outras formas de comercializa\u00e7\u00e3o trazem retorno mais eficaz. A ag\u00eancia continua \u00a0a participar de outras feiras como a WTM de Londres e a ITB de Berlim.<\/p>\n<p style=\"text-align: justify\">Todos de olho no retorno de seus investimentos e no diferencial que as feiras de turismo est\u00e3o oferecendo a seus expositores e compradores.<\/p>\n<p style=\"text-align: justify\">De qualquer forma, para um pa\u00eds, estar ausente de alguns eventos pode ser ruim para sua rede de relacionamentos, para empresas ou \u00f3rg\u00e3os de turismo estaduais e municipais vale uma an\u00e1lise mais detalhada.<\/p>\n<p style=\"text-align: justify\">Minha experi\u00eancia durante 8 anos de organiza\u00e7\u00e3o e participa\u00e7\u00e3o nas feiras em diversos pa\u00edses, tamb\u00e9m leva refletir sobre os pontos mencionados acima, tais como:<\/p>\n<p style=\"text-align: justify\">&#8211; ter muito claro os objetivos e forma de participa\u00e7\u00e3o;<\/p>\n<p style=\"text-align: justify\">&#8211; analisar \u00a0o custo-benef\u00edcio dessa e outras ferramentas de comunica\u00e7\u00e3o e relacionamento;<\/p>\n<p style=\"text-align: justify\">&#8211; organizar uma agenda pr\u00e9via para otimizar contatos e focar nos objetivos tra\u00e7ados;<\/p>\n<p style=\"text-align: justify\">&#8211; agrupar e executar diversas ferramentas como reuni\u00f5es, agenda de imprensa, participa\u00e7\u00e3o em semin\u00e1rios, dentre outras;<\/p>\n<p style=\"text-align: justify\">&#8211; e muito importante: manter a rede de relacionamentos durante todo o ano e, n\u00e3o somente no momento da feira.<\/p>\n<p style=\"text-align: justify\">&nbsp;<\/p>\n","protected":false},"excerpt":{"rendered":"<p>Uma decis\u00e3o importante para empresas e \u00f3rg\u00e3os de turismo: ir \u00e0s feiras de turismo. A resposta pode estar em outras perguntas. Quais os objetivos em participar de uma feira? Que tipo de p\u00fablico estar\u00e1 presente? Qual o custo benef\u00edcio ? O que o evento oferece como diferencial ? Essa reflex\u00e3o \u00e9 importante no cen\u00e1rio de&hellip; <a class=\"more-link\" href=\"https:\/\/blog.panrotas.com.br\/mktdestinos\/2011\/12\/14\/ir-ou-nao-ir-feiras-de-turismo\/\">Continue reading &rarr;<\/a><\/p>\n","protected":false},"author":21,"featured_media":0,"comment_status":"open","ping_status":"open","sticky":false,"template":"","format":"standard","meta":{"spay_email":""},"categories":[4],"tags":[],"yoast_head":"<!-- This site is optimized with the Yoast SEO plugin v17.3 - https:\/\/yoast.com\/wordpress\/plugins\/seo\/ -->\n<title>Ir ou n\u00e3o ir... ( feiras de turismo ) - Marketing Destinos<\/title>\n<meta name=\"robots\" content=\"index, follow, max-snippet:-1, max-image-preview:large, max-video-preview:-1\" \/>\n<link rel=\"canonical\" href=\"https:\/\/blog.panrotas.com.br\/mktdestinos\/2011\/12\/14\/ir-ou-nao-ir-feiras-de-turismo\/\" \/>\n<meta property=\"og:locale\" content=\"pt_BR\" \/>\n<meta property=\"og:type\" content=\"article\" \/>\n<meta property=\"og:title\" content=\"Ir ou n\u00e3o ir... ( feiras de turismo ) - Marketing Destinos\" \/>\n<meta property=\"og:description\" content=\"Uma decis\u00e3o importante para empresas e \u00f3rg\u00e3os de turismo: ir \u00e0s feiras de turismo. A resposta pode estar em outras perguntas. Quais os objetivos em participar de uma feira? Que tipo de p\u00fablico estar\u00e1 presente? Qual o custo benef\u00edcio ? O que o evento oferece como diferencial ? Essa reflex\u00e3o \u00e9 importante no cen\u00e1rio de&hellip; Continue reading &rarr;\" \/>\n<meta property=\"og:url\" content=\"https:\/\/blog.panrotas.com.br\/mktdestinos\/2011\/12\/14\/ir-ou-nao-ir-feiras-de-turismo\/\" \/>\n<meta property=\"og:site_name\" content=\"Marketing Destinos\" \/>\n<meta property=\"article:published_time\" content=\"2011-12-14T10:53:45+00:00\" \/>\n<meta name=\"twitter:card\" content=\"summary_large_image\" \/>\n<meta name=\"twitter:label1\" content=\"Escrito por\" \/>\n\t<meta name=\"twitter:data1\" content=\"Jeanine Pires\" \/>\n\t<meta name=\"twitter:label2\" content=\"Est. tempo de leitura\" \/>\n\t<meta name=\"twitter:data2\" content=\"2 minutos\" \/>\n<script type=\"application\/ld+json\" class=\"yoast-schema-graph\">{\"@context\":\"https:\/\/schema.org\",\"@graph\":[{\"@type\":\"WebSite\",\"@id\":\"https:\/\/blog.panrotas.com.br\/mktdestinos\/#website\",\"url\":\"https:\/\/blog.panrotas.com.br\/mktdestinos\/\",\"name\":\"Marketing Destinos\",\"description\":\"\",\"potentialAction\":[{\"@type\":\"SearchAction\",\"target\":{\"@type\":\"EntryPoint\",\"urlTemplate\":\"https:\/\/blog.panrotas.com.br\/mktdestinos\/?s={search_term_string}\"},\"query-input\":\"required name=search_term_string\"}],\"inLanguage\":\"pt-BR\"},{\"@type\":\"WebPage\",\"@id\":\"https:\/\/blog.panrotas.com.br\/mktdestinos\/2011\/12\/14\/ir-ou-nao-ir-feiras-de-turismo\/#webpage\",\"url\":\"https:\/\/blog.panrotas.com.br\/mktdestinos\/2011\/12\/14\/ir-ou-nao-ir-feiras-de-turismo\/\",\"name\":\"Ir ou n\\u00e3o ir... ( feiras de turismo ) - Marketing Destinos\",\"isPartOf\":{\"@id\":\"https:\/\/blog.panrotas.com.br\/mktdestinos\/#website\"},\"datePublished\":\"2011-12-14T10:53:45+00:00\",\"dateModified\":\"2011-12-14T10:53:45+00:00\",\"author\":{\"@id\":\"https:\/\/blog.panrotas.com.br\/mktdestinos\/#\/schema\/person\/6b7480064d4010fed7920e2a06e2472e\"},\"breadcrumb\":{\"@id\":\"https:\/\/blog.panrotas.com.br\/mktdestinos\/2011\/12\/14\/ir-ou-nao-ir-feiras-de-turismo\/#breadcrumb\"},\"inLanguage\":\"pt-BR\",\"potentialAction\":[{\"@type\":\"ReadAction\",\"target\":[\"https:\/\/blog.panrotas.com.br\/mktdestinos\/2011\/12\/14\/ir-ou-nao-ir-feiras-de-turismo\/\"]}]},{\"@type\":\"BreadcrumbList\",\"@id\":\"https:\/\/blog.panrotas.com.br\/mktdestinos\/2011\/12\/14\/ir-ou-nao-ir-feiras-de-turismo\/#breadcrumb\",\"itemListElement\":[{\"@type\":\"ListItem\",\"position\":1,\"name\":\"In\\u00edcio\",\"item\":\"https:\/\/blog.panrotas.com.br\/mktdestinos\/\"},{\"@type\":\"ListItem\",\"position\":2,\"name\":\"Ir ou n\\u00e3o ir&#8230; ( feiras de turismo )\"}]},{\"@type\":\"Person\",\"@id\":\"https:\/\/blog.panrotas.com.br\/mktdestinos\/#\/schema\/person\/6b7480064d4010fed7920e2a06e2472e\",\"name\":\"Jeanine Pires\",\"image\":{\"@type\":\"ImageObject\",\"@id\":\"https:\/\/blog.panrotas.com.br\/mktdestinos\/#personlogo\",\"inLanguage\":\"pt-BR\",\"url\":\"https:\/\/secure.gravatar.com\/avatar\/4eff31f2a3aee87600bf1f78d5953f48?s=96&d=mm&r=g\",\"contentUrl\":\"https:\/\/secure.gravatar.com\/avatar\/4eff31f2a3aee87600bf1f78d5953f48?s=96&d=mm&r=g\",\"caption\":\"Jeanine Pires\"},\"description\":\"Apaixonada pela ind\\u00fastria de viagens e turismo, h\\u00e1 31 anos atua como l\\u00edder do setor no Brasil e no exterior. J\\u00e1 Presidiu e foi Diretora da EMBRATUR entre 2003 e 2010; \\u00e9 Diretora da Pires Intelig\\u00eancia em Destinos e, no final de 2022, entrou para a CVC Corp como Diretora de Alian\\u00e7as e Rela\\u00e7\\u00f5es Governamentais. Jeanine foi Co-fundadora da startup ONER Travel em 2020 e j\\u00e1 atuou como Presidente do Conselho da Fecom\\u00e9rcio S\\u00e3o Paulo e da WTM Latin America. Com forma\\u00e7\\u00e3o e especialidade em marketing de destinos e economia do turismo, Jeanine faz palestras, cursos e consultorias.\",\"url\":\"https:\/\/blog.panrotas.com.br\/mktdestinos\/author\/jeanine\/\"}]}<\/script>\n<!-- \/ Yoast SEO plugin. -->","yoast_head_json":{"title":"Ir ou n\u00e3o ir... ( feiras de turismo ) - Marketing Destinos","robots":{"index":"index","follow":"follow","max-snippet":"max-snippet:-1","max-image-preview":"max-image-preview:large","max-video-preview":"max-video-preview:-1"},"canonical":"https:\/\/blog.panrotas.com.br\/mktdestinos\/2011\/12\/14\/ir-ou-nao-ir-feiras-de-turismo\/","og_locale":"pt_BR","og_type":"article","og_title":"Ir ou n\u00e3o ir... ( feiras de turismo ) - Marketing Destinos","og_description":"Uma decis\u00e3o importante para empresas e \u00f3rg\u00e3os de turismo: ir \u00e0s feiras de turismo. A resposta pode estar em outras perguntas. Quais os objetivos em participar de uma feira? Que tipo de p\u00fablico estar\u00e1 presente? Qual o custo benef\u00edcio ? O que o evento oferece como diferencial ? Essa reflex\u00e3o \u00e9 importante no cen\u00e1rio de&hellip; Continue reading &rarr;","og_url":"https:\/\/blog.panrotas.com.br\/mktdestinos\/2011\/12\/14\/ir-ou-nao-ir-feiras-de-turismo\/","og_site_name":"Marketing Destinos","article_published_time":"2011-12-14T10:53:45+00:00","twitter_card":"summary_large_image","twitter_misc":{"Escrito por":"Jeanine Pires","Est. tempo de leitura":"2 minutos"},"schema":{"@context":"https:\/\/schema.org","@graph":[{"@type":"WebSite","@id":"https:\/\/blog.panrotas.com.br\/mktdestinos\/#website","url":"https:\/\/blog.panrotas.com.br\/mktdestinos\/","name":"Marketing Destinos","description":"","potentialAction":[{"@type":"SearchAction","target":{"@type":"EntryPoint","urlTemplate":"https:\/\/blog.panrotas.com.br\/mktdestinos\/?s={search_term_string}"},"query-input":"required name=search_term_string"}],"inLanguage":"pt-BR"},{"@type":"WebPage","@id":"https:\/\/blog.panrotas.com.br\/mktdestinos\/2011\/12\/14\/ir-ou-nao-ir-feiras-de-turismo\/#webpage","url":"https:\/\/blog.panrotas.com.br\/mktdestinos\/2011\/12\/14\/ir-ou-nao-ir-feiras-de-turismo\/","name":"Ir ou n\u00e3o ir... ( feiras de turismo ) - Marketing Destinos","isPartOf":{"@id":"https:\/\/blog.panrotas.com.br\/mktdestinos\/#website"},"datePublished":"2011-12-14T10:53:45+00:00","dateModified":"2011-12-14T10:53:45+00:00","author":{"@id":"https:\/\/blog.panrotas.com.br\/mktdestinos\/#\/schema\/person\/6b7480064d4010fed7920e2a06e2472e"},"breadcrumb":{"@id":"https:\/\/blog.panrotas.com.br\/mktdestinos\/2011\/12\/14\/ir-ou-nao-ir-feiras-de-turismo\/#breadcrumb"},"inLanguage":"pt-BR","potentialAction":[{"@type":"ReadAction","target":["https:\/\/blog.panrotas.com.br\/mktdestinos\/2011\/12\/14\/ir-ou-nao-ir-feiras-de-turismo\/"]}]},{"@type":"BreadcrumbList","@id":"https:\/\/blog.panrotas.com.br\/mktdestinos\/2011\/12\/14\/ir-ou-nao-ir-feiras-de-turismo\/#breadcrumb","itemListElement":[{"@type":"ListItem","position":1,"name":"In\u00edcio","item":"https:\/\/blog.panrotas.com.br\/mktdestinos\/"},{"@type":"ListItem","position":2,"name":"Ir ou n\u00e3o ir&#8230; ( feiras de turismo )"}]},{"@type":"Person","@id":"https:\/\/blog.panrotas.com.br\/mktdestinos\/#\/schema\/person\/6b7480064d4010fed7920e2a06e2472e","name":"Jeanine Pires","image":{"@type":"ImageObject","@id":"https:\/\/blog.panrotas.com.br\/mktdestinos\/#personlogo","inLanguage":"pt-BR","url":"https:\/\/secure.gravatar.com\/avatar\/4eff31f2a3aee87600bf1f78d5953f48?s=96&d=mm&r=g","contentUrl":"https:\/\/secure.gravatar.com\/avatar\/4eff31f2a3aee87600bf1f78d5953f48?s=96&d=mm&r=g","caption":"Jeanine Pires"},"description":"Apaixonada pela ind\u00fastria de viagens e turismo, h\u00e1 31 anos atua como l\u00edder do setor no Brasil e no exterior. J\u00e1 Presidiu e foi Diretora da EMBRATUR entre 2003 e 2010; \u00e9 Diretora da Pires Intelig\u00eancia em Destinos e, no final de 2022, entrou para a CVC Corp como Diretora de Alian\u00e7as e Rela\u00e7\u00f5es Governamentais. Jeanine foi Co-fundadora da startup ONER Travel em 2020 e j\u00e1 atuou como Presidente do Conselho da Fecom\u00e9rcio S\u00e3o Paulo e da WTM Latin America. Com forma\u00e7\u00e3o e especialidade em marketing de destinos e economia do turismo, Jeanine faz palestras, cursos e consultorias.","url":"https:\/\/blog.panrotas.com.br\/mktdestinos\/author\/jeanine\/"}]}},"jetpack_featured_media_url":"","_links":{"self":[{"href":"https:\/\/blog.panrotas.com.br\/mktdestinos\/wp-json\/wp\/v2\/posts\/374"}],"collection":[{"href":"https:\/\/blog.panrotas.com.br\/mktdestinos\/wp-json\/wp\/v2\/posts"}],"about":[{"href":"https:\/\/blog.panrotas.com.br\/mktdestinos\/wp-json\/wp\/v2\/types\/post"}],"author":[{"embeddable":true,"href":"https:\/\/blog.panrotas.com.br\/mktdestinos\/wp-json\/wp\/v2\/users\/21"}],"replies":[{"embeddable":true,"href":"https:\/\/blog.panrotas.com.br\/mktdestinos\/wp-json\/wp\/v2\/comments?post=374"}],"version-history":[{"count":0,"href":"https:\/\/blog.panrotas.com.br\/mktdestinos\/wp-json\/wp\/v2\/posts\/374\/revisions"}],"wp:attachment":[{"href":"https:\/\/blog.panrotas.com.br\/mktdestinos\/wp-json\/wp\/v2\/media?parent=374"}],"wp:term":[{"taxonomy":"category","embeddable":true,"href":"https:\/\/blog.panrotas.com.br\/mktdestinos\/wp-json\/wp\/v2\/categories?post=374"},{"taxonomy":"post_tag","embeddable":true,"href":"https:\/\/blog.panrotas.com.br\/mktdestinos\/wp-json\/wp\/v2\/tags?post=374"}],"curies":[{"name":"wp","href":"https:\/\/api.w.org\/{rel}","templated":true}]}}