{"id":3960,"date":"2022-07-11T14:31:55","date_gmt":"2022-07-11T17:31:55","guid":{"rendered":"https:\/\/blog.panrotas.com.br\/mktdestinos\/?p=3960"},"modified":"2022-07-11T14:31:57","modified_gmt":"2022-07-11T17:31:57","slug":"voce-nao-e-um-alienado-eleitoral-entao-esse-post-e-pra-voce","status":"publish","type":"post","link":"https:\/\/blog.panrotas.com.br\/mktdestinos\/2022\/07\/11\/voce-nao-e-um-alienado-eleitoral-entao-esse-post-e-pra-voce\/","title":{"rendered":"Voc\u00ea n\u00e3o \u00e9 um alienado eleitoral?           Ent\u00e3o esse post \u00e9 pra voc\u00ea"},"content":{"rendered":"\n<p>Me chamou bastante a aten\u00e7\u00e3o uma\u00a0<a href=\"https:\/\/www.cnnbrasil.com.br\/politica\/alienacao-eleitoral-cresce-no-brasil-especialmente-entre-jovens-e-no-sudeste\/\">mat\u00e9ria recente da CNN Brasil<\/a>\u00a0sobre o crescimento das absten\u00e7\u00f5es nas \u00faltimas elei\u00e7\u00f5es no Brasil. Somadas aos votos brancos e nulos nos pleitos presidenciais, os n\u00fameros passaram de 25,1% em 2006 para 29% em 2014 e 2018.<\/p>\n\n\n\n<p>A aliena\u00e7\u00e3o eleitoral tem crescido no Brasil de forma lenta e consistente desde 2006. O baixo comparecimento \u00e0s urnas \u00e9 ainda mais acentuado na regi\u00e3o Sudeste e entre os jovens. Esses dados s\u00e3o do\u00a0<a href=\"https:\/\/programa-cidadania.homolog.dev.br\/alienacao-eleitoral\/\" target=\"_blank\" rel=\"noreferrer noopener\">estudo \u201cA aliena\u00e7\u00e3o eleitoral no Brasil Democr\u00e1tico\u201d<\/a>, do Instituto Votorantim, com informa\u00e7\u00f5es do\u00a0<a href=\"https:\/\/www.cnnbrasil.com.br\/tudo-sobre\/tribunal-superior-eleitoral-tse\/\">Tribunal Superior Eleitoral (TSE)<\/a>.\u00a0<\/p>\n\n\n\n<p>Por que estou falando sobre isso? Todos sabemos que temos elei\u00e7\u00f5es em breve, e \u00e9 saud\u00e1vel exercitar como nosso voto pode colaborar com nossa atua\u00e7\u00e3o na ind\u00fastria de viagens e turismo. Tenho acompanhado a hist\u00f3ria das pol\u00edticas p\u00fablicas relacionadas ao turismo no Brasil h\u00e1 quase 30 anos. J\u00e1 testemunhei diversos momentos de organiza\u00e7\u00e3o dos empres\u00e1rios e profissionais para sensibilizar autoridades do executivo e do legislativo em rela\u00e7\u00e3o \u00e0 import\u00e2ncia do setor.\u00a0Acredito que vale a pena aprofundarmos o assunto e aproveitarmos para levarmos aos candidatos a cargos do executivo e legislativo em n\u00edvel nacional e estadual.<\/p>\n\n\n\n<p>Fiz um bate-papo em meu <a href=\"https:\/\/open.spotify.com\/episode\/5Ld2RKwZJxr6Nhv6cQ2ChZ?si=c9c7c5ba38a64671\">podcast HUB TURISMO<\/a> com Alexandre Sampaio da CNC e C\u00e1ssio\u00a0Garkalns da GKs. Voc\u00ea pode conferir os principais temas resultantes de um rico processo de constru\u00e7\u00e3o de pol\u00edticas p\u00fablicas de turismo. <\/p>\n\n\n\n<p>Me diz, o que voc\u00ea acha desse tema? Escuta l\u00e1 nosso podcast e comenta por aqui. <\/p>\n","protected":false},"excerpt":{"rendered":"<p>Me chamou bastante a aten\u00e7\u00e3o uma\u00a0mat\u00e9ria recente da CNN Brasil\u00a0sobre o crescimento das absten\u00e7\u00f5es nas \u00faltimas elei\u00e7\u00f5es no Brasil. Somadas aos votos brancos e nulos nos pleitos presidenciais, os n\u00fameros passaram de 25,1% em 2006 para 29% em 2014 e 2018. A aliena\u00e7\u00e3o eleitoral tem crescido no Brasil de forma lenta e consistente desde 2006.&hellip; <a class=\"more-link\" href=\"https:\/\/blog.panrotas.com.br\/mktdestinos\/2022\/07\/11\/voce-nao-e-um-alienado-eleitoral-entao-esse-post-e-pra-voce\/\">Continue reading &rarr;<\/a><\/p>\n","protected":false},"author":21,"featured_media":3964,"comment_status":"open","ping_status":"open","sticky":false,"template":"","format":"standard","meta":{"spay_email":""},"categories":[1],"tags":[167,271,277,1298,1299,1252,886],"yoast_head":"<!-- This site is optimized with the Yoast SEO plugin v17.3 - https:\/\/yoast.com\/wordpress\/plugins\/seo\/ -->\n<title>Voc\u00ea n\u00e3o \u00e9 um alienado eleitoral?      Ent\u00e3o esse post \u00e9 pra voc\u00ea - Marketing Destinos<\/title>\n<meta name=\"description\" content=\"Todos sabemos que temos elei\u00e7\u00f5es em breve, e \u00e9 saud\u00e1vel exercitar recomeda\u00e7\u00f5es para politicas p\u00fablicas de turismo. VAI TURISMO, CNC CETUR\" \/>\n<meta name=\"robots\" content=\"index, follow, max-snippet:-1, max-image-preview:large, max-video-preview:-1\" \/>\n<link rel=\"canonical\" href=\"https:\/\/blog.panrotas.com.br\/mktdestinos\/2022\/07\/11\/voce-nao-e-um-alienado-eleitoral-entao-esse-post-e-pra-voce\/\" \/>\n<meta property=\"og:locale\" content=\"pt_BR\" \/>\n<meta property=\"og:type\" content=\"article\" \/>\n<meta property=\"og:title\" content=\"Voc\u00ea n\u00e3o \u00e9 um alienado eleitoral?      Ent\u00e3o esse post \u00e9 pra voc\u00ea - Marketing Destinos\" \/>\n<meta property=\"og:description\" content=\"Todos sabemos que temos elei\u00e7\u00f5es em breve, e \u00e9 saud\u00e1vel exercitar recomeda\u00e7\u00f5es para politicas p\u00fablicas de turismo. VAI TURISMO, CNC CETUR\" \/>\n<meta property=\"og:url\" content=\"https:\/\/blog.panrotas.com.br\/mktdestinos\/2022\/07\/11\/voce-nao-e-um-alienado-eleitoral-entao-esse-post-e-pra-voce\/\" \/>\n<meta property=\"og:site_name\" content=\"Marketing Destinos\" \/>\n<meta property=\"article:published_time\" content=\"2022-07-11T17:31:55+00:00\" \/>\n<meta property=\"article:modified_time\" content=\"2022-07-11T17:31:57+00:00\" \/>\n<meta property=\"og:image\" content=\"http:\/\/blog.panrotas.com.br\/mktdestinos\/wp-content\/uploads\/sites\/23\/2022\/07\/priscilla-du-preez-opa8weku-py-unsplash-scaled.jpg\" \/>\n\t<meta property=\"og:image:width\" content=\"2560\" \/>\n\t<meta property=\"og:image:height\" content=\"1706\" \/>\n<meta name=\"twitter:card\" content=\"summary_large_image\" \/>\n<meta name=\"twitter:label1\" content=\"Escrito por\" \/>\n\t<meta name=\"twitter:data1\" content=\"Jeanine Pires\" \/>\n\t<meta name=\"twitter:label2\" content=\"Est. tempo de leitura\" \/>\n\t<meta name=\"twitter:data2\" content=\"2 minutos\" \/>\n<script type=\"application\/ld+json\" class=\"yoast-schema-graph\">{\"@context\":\"https:\/\/schema.org\",\"@graph\":[{\"@type\":\"WebSite\",\"@id\":\"https:\/\/blog.panrotas.com.br\/mktdestinos\/#website\",\"url\":\"https:\/\/blog.panrotas.com.br\/mktdestinos\/\",\"name\":\"Marketing Destinos\",\"description\":\"\",\"potentialAction\":[{\"@type\":\"SearchAction\",\"target\":{\"@type\":\"EntryPoint\",\"urlTemplate\":\"https:\/\/blog.panrotas.com.br\/mktdestinos\/?s={search_term_string}\"},\"query-input\":\"required name=search_term_string\"}],\"inLanguage\":\"pt-BR\"},{\"@type\":\"ImageObject\",\"@id\":\"https:\/\/blog.panrotas.com.br\/mktdestinos\/2022\/07\/11\/voce-nao-e-um-alienado-eleitoral-entao-esse-post-e-pra-voce\/#primaryimage\",\"inLanguage\":\"pt-BR\",\"url\":\"https:\/\/blog.panrotas.com.br\/mktdestinos\/wp-content\/uploads\/sites\/23\/2022\/07\/priscilla-du-preez-opa8weku-py-unsplash-scaled.jpg\",\"contentUrl\":\"https:\/\/blog.panrotas.com.br\/mktdestinos\/wp-content\/uploads\/sites\/23\/2022\/07\/priscilla-du-preez-opa8weku-py-unsplash-scaled.jpg\",\"width\":2560,\"height\":1706,\"caption\":\"recomenda\\u00e7\\u00f5es propostas turismo\"},{\"@type\":\"WebPage\",\"@id\":\"https:\/\/blog.panrotas.com.br\/mktdestinos\/2022\/07\/11\/voce-nao-e-um-alienado-eleitoral-entao-esse-post-e-pra-voce\/#webpage\",\"url\":\"https:\/\/blog.panrotas.com.br\/mktdestinos\/2022\/07\/11\/voce-nao-e-um-alienado-eleitoral-entao-esse-post-e-pra-voce\/\",\"name\":\"Voc\\u00ea n\\u00e3o \\u00e9 um alienado eleitoral? Ent\\u00e3o esse post \\u00e9 pra voc\\u00ea - Marketing Destinos\",\"isPartOf\":{\"@id\":\"https:\/\/blog.panrotas.com.br\/mktdestinos\/#website\"},\"primaryImageOfPage\":{\"@id\":\"https:\/\/blog.panrotas.com.br\/mktdestinos\/2022\/07\/11\/voce-nao-e-um-alienado-eleitoral-entao-esse-post-e-pra-voce\/#primaryimage\"},\"datePublished\":\"2022-07-11T17:31:55+00:00\",\"dateModified\":\"2022-07-11T17:31:57+00:00\",\"author\":{\"@id\":\"https:\/\/blog.panrotas.com.br\/mktdestinos\/#\/schema\/person\/6b7480064d4010fed7920e2a06e2472e\"},\"description\":\"Todos sabemos que temos elei\\u00e7\\u00f5es em breve, e \\u00e9 saud\\u00e1vel exercitar recomeda\\u00e7\\u00f5es para politicas p\\u00fablicas de turismo. VAI TURISMO, CNC CETUR\",\"breadcrumb\":{\"@id\":\"https:\/\/blog.panrotas.com.br\/mktdestinos\/2022\/07\/11\/voce-nao-e-um-alienado-eleitoral-entao-esse-post-e-pra-voce\/#breadcrumb\"},\"inLanguage\":\"pt-BR\",\"potentialAction\":[{\"@type\":\"ReadAction\",\"target\":[\"https:\/\/blog.panrotas.com.br\/mktdestinos\/2022\/07\/11\/voce-nao-e-um-alienado-eleitoral-entao-esse-post-e-pra-voce\/\"]}]},{\"@type\":\"BreadcrumbList\",\"@id\":\"https:\/\/blog.panrotas.com.br\/mktdestinos\/2022\/07\/11\/voce-nao-e-um-alienado-eleitoral-entao-esse-post-e-pra-voce\/#breadcrumb\",\"itemListElement\":[{\"@type\":\"ListItem\",\"position\":1,\"name\":\"In\\u00edcio\",\"item\":\"https:\/\/blog.panrotas.com.br\/mktdestinos\/\"},{\"@type\":\"ListItem\",\"position\":2,\"name\":\"Voc\\u00ea n\\u00e3o \\u00e9 um alienado eleitoral? Ent\\u00e3o esse post \\u00e9 pra voc\\u00ea\"}]},{\"@type\":\"Person\",\"@id\":\"https:\/\/blog.panrotas.com.br\/mktdestinos\/#\/schema\/person\/6b7480064d4010fed7920e2a06e2472e\",\"name\":\"Jeanine Pires\",\"image\":{\"@type\":\"ImageObject\",\"@id\":\"https:\/\/blog.panrotas.com.br\/mktdestinos\/#personlogo\",\"inLanguage\":\"pt-BR\",\"url\":\"https:\/\/secure.gravatar.com\/avatar\/4eff31f2a3aee87600bf1f78d5953f48?s=96&d=mm&r=g\",\"contentUrl\":\"https:\/\/secure.gravatar.com\/avatar\/4eff31f2a3aee87600bf1f78d5953f48?s=96&d=mm&r=g\",\"caption\":\"Jeanine Pires\"},\"description\":\"Apaixonada pela ind\\u00fastria de viagens e turismo, h\\u00e1 31 anos atua como l\\u00edder do setor no Brasil e no exterior. J\\u00e1 Presidiu e foi Diretora da EMBRATUR entre 2003 e 2010; \\u00e9 Diretora da Pires Intelig\\u00eancia em Destinos e, no final de 2022, entrou para a CVC Corp como Diretora de Alian\\u00e7as e Rela\\u00e7\\u00f5es Governamentais. Jeanine foi Co-fundadora da startup ONER Travel em 2020 e j\\u00e1 atuou como Presidente do Conselho da Fecom\\u00e9rcio S\\u00e3o Paulo e da WTM Latin America. Com forma\\u00e7\\u00e3o e especialidade em marketing de destinos e economia do turismo, Jeanine faz palestras, cursos e consultorias.\",\"url\":\"https:\/\/blog.panrotas.com.br\/mktdestinos\/author\/jeanine\/\"}]}<\/script>\n<!-- \/ Yoast SEO plugin. -->","yoast_head_json":{"title":"Voc\u00ea n\u00e3o \u00e9 um alienado eleitoral?      Ent\u00e3o esse post \u00e9 pra voc\u00ea - Marketing Destinos","description":"Todos sabemos que temos elei\u00e7\u00f5es em breve, e \u00e9 saud\u00e1vel exercitar recomeda\u00e7\u00f5es para politicas p\u00fablicas de turismo. VAI TURISMO, CNC CETUR","robots":{"index":"index","follow":"follow","max-snippet":"max-snippet:-1","max-image-preview":"max-image-preview:large","max-video-preview":"max-video-preview:-1"},"canonical":"https:\/\/blog.panrotas.com.br\/mktdestinos\/2022\/07\/11\/voce-nao-e-um-alienado-eleitoral-entao-esse-post-e-pra-voce\/","og_locale":"pt_BR","og_type":"article","og_title":"Voc\u00ea n\u00e3o \u00e9 um alienado eleitoral?      Ent\u00e3o esse post \u00e9 pra voc\u00ea - Marketing Destinos","og_description":"Todos sabemos que temos elei\u00e7\u00f5es em breve, e \u00e9 saud\u00e1vel exercitar recomeda\u00e7\u00f5es para politicas p\u00fablicas de turismo. VAI TURISMO, CNC CETUR","og_url":"https:\/\/blog.panrotas.com.br\/mktdestinos\/2022\/07\/11\/voce-nao-e-um-alienado-eleitoral-entao-esse-post-e-pra-voce\/","og_site_name":"Marketing Destinos","article_published_time":"2022-07-11T17:31:55+00:00","article_modified_time":"2022-07-11T17:31:57+00:00","og_image":[{"width":2560,"height":1706,"url":"http:\/\/blog.panrotas.com.br\/mktdestinos\/wp-content\/uploads\/sites\/23\/2022\/07\/priscilla-du-preez-opa8weku-py-unsplash-scaled.jpg","type":"image\/jpeg"}],"twitter_card":"summary_large_image","twitter_misc":{"Escrito por":"Jeanine Pires","Est. tempo de leitura":"2 minutos"},"schema":{"@context":"https:\/\/schema.org","@graph":[{"@type":"WebSite","@id":"https:\/\/blog.panrotas.com.br\/mktdestinos\/#website","url":"https:\/\/blog.panrotas.com.br\/mktdestinos\/","name":"Marketing Destinos","description":"","potentialAction":[{"@type":"SearchAction","target":{"@type":"EntryPoint","urlTemplate":"https:\/\/blog.panrotas.com.br\/mktdestinos\/?s={search_term_string}"},"query-input":"required name=search_term_string"}],"inLanguage":"pt-BR"},{"@type":"ImageObject","@id":"https:\/\/blog.panrotas.com.br\/mktdestinos\/2022\/07\/11\/voce-nao-e-um-alienado-eleitoral-entao-esse-post-e-pra-voce\/#primaryimage","inLanguage":"pt-BR","url":"https:\/\/blog.panrotas.com.br\/mktdestinos\/wp-content\/uploads\/sites\/23\/2022\/07\/priscilla-du-preez-opa8weku-py-unsplash-scaled.jpg","contentUrl":"https:\/\/blog.panrotas.com.br\/mktdestinos\/wp-content\/uploads\/sites\/23\/2022\/07\/priscilla-du-preez-opa8weku-py-unsplash-scaled.jpg","width":2560,"height":1706,"caption":"recomenda\u00e7\u00f5es propostas turismo"},{"@type":"WebPage","@id":"https:\/\/blog.panrotas.com.br\/mktdestinos\/2022\/07\/11\/voce-nao-e-um-alienado-eleitoral-entao-esse-post-e-pra-voce\/#webpage","url":"https:\/\/blog.panrotas.com.br\/mktdestinos\/2022\/07\/11\/voce-nao-e-um-alienado-eleitoral-entao-esse-post-e-pra-voce\/","name":"Voc\u00ea n\u00e3o \u00e9 um alienado eleitoral? Ent\u00e3o esse post \u00e9 pra voc\u00ea - Marketing Destinos","isPartOf":{"@id":"https:\/\/blog.panrotas.com.br\/mktdestinos\/#website"},"primaryImageOfPage":{"@id":"https:\/\/blog.panrotas.com.br\/mktdestinos\/2022\/07\/11\/voce-nao-e-um-alienado-eleitoral-entao-esse-post-e-pra-voce\/#primaryimage"},"datePublished":"2022-07-11T17:31:55+00:00","dateModified":"2022-07-11T17:31:57+00:00","author":{"@id":"https:\/\/blog.panrotas.com.br\/mktdestinos\/#\/schema\/person\/6b7480064d4010fed7920e2a06e2472e"},"description":"Todos sabemos que temos elei\u00e7\u00f5es em breve, e \u00e9 saud\u00e1vel exercitar recomeda\u00e7\u00f5es para politicas p\u00fablicas de turismo. VAI TURISMO, CNC CETUR","breadcrumb":{"@id":"https:\/\/blog.panrotas.com.br\/mktdestinos\/2022\/07\/11\/voce-nao-e-um-alienado-eleitoral-entao-esse-post-e-pra-voce\/#breadcrumb"},"inLanguage":"pt-BR","potentialAction":[{"@type":"ReadAction","target":["https:\/\/blog.panrotas.com.br\/mktdestinos\/2022\/07\/11\/voce-nao-e-um-alienado-eleitoral-entao-esse-post-e-pra-voce\/"]}]},{"@type":"BreadcrumbList","@id":"https:\/\/blog.panrotas.com.br\/mktdestinos\/2022\/07\/11\/voce-nao-e-um-alienado-eleitoral-entao-esse-post-e-pra-voce\/#breadcrumb","itemListElement":[{"@type":"ListItem","position":1,"name":"In\u00edcio","item":"https:\/\/blog.panrotas.com.br\/mktdestinos\/"},{"@type":"ListItem","position":2,"name":"Voc\u00ea n\u00e3o \u00e9 um alienado eleitoral? Ent\u00e3o esse post \u00e9 pra voc\u00ea"}]},{"@type":"Person","@id":"https:\/\/blog.panrotas.com.br\/mktdestinos\/#\/schema\/person\/6b7480064d4010fed7920e2a06e2472e","name":"Jeanine Pires","image":{"@type":"ImageObject","@id":"https:\/\/blog.panrotas.com.br\/mktdestinos\/#personlogo","inLanguage":"pt-BR","url":"https:\/\/secure.gravatar.com\/avatar\/4eff31f2a3aee87600bf1f78d5953f48?s=96&d=mm&r=g","contentUrl":"https:\/\/secure.gravatar.com\/avatar\/4eff31f2a3aee87600bf1f78d5953f48?s=96&d=mm&r=g","caption":"Jeanine Pires"},"description":"Apaixonada pela ind\u00fastria de viagens e turismo, h\u00e1 31 anos atua como l\u00edder do setor no Brasil e no exterior. J\u00e1 Presidiu e foi Diretora da EMBRATUR entre 2003 e 2010; \u00e9 Diretora da Pires Intelig\u00eancia em Destinos e, no final de 2022, entrou para a CVC Corp como Diretora de Alian\u00e7as e Rela\u00e7\u00f5es Governamentais. Jeanine foi Co-fundadora da startup ONER Travel em 2020 e j\u00e1 atuou como Presidente do Conselho da Fecom\u00e9rcio S\u00e3o Paulo e da WTM Latin America. Com forma\u00e7\u00e3o e especialidade em marketing de destinos e economia do turismo, Jeanine faz palestras, cursos e consultorias.","url":"https:\/\/blog.panrotas.com.br\/mktdestinos\/author\/jeanine\/"}]}},"jetpack_featured_media_url":"https:\/\/blog.panrotas.com.br\/mktdestinos\/wp-content\/uploads\/sites\/23\/2022\/07\/priscilla-du-preez-opa8weku-py-unsplash-scaled.jpg","_links":{"self":[{"href":"https:\/\/blog.panrotas.com.br\/mktdestinos\/wp-json\/wp\/v2\/posts\/3960"}],"collection":[{"href":"https:\/\/blog.panrotas.com.br\/mktdestinos\/wp-json\/wp\/v2\/posts"}],"about":[{"href":"https:\/\/blog.panrotas.com.br\/mktdestinos\/wp-json\/wp\/v2\/types\/post"}],"author":[{"embeddable":true,"href":"https:\/\/blog.panrotas.com.br\/mktdestinos\/wp-json\/wp\/v2\/users\/21"}],"replies":[{"embeddable":true,"href":"https:\/\/blog.panrotas.com.br\/mktdestinos\/wp-json\/wp\/v2\/comments?post=3960"}],"version-history":[{"count":4,"href":"https:\/\/blog.panrotas.com.br\/mktdestinos\/wp-json\/wp\/v2\/posts\/3960\/revisions"}],"predecessor-version":[{"id":3965,"href":"https:\/\/blog.panrotas.com.br\/mktdestinos\/wp-json\/wp\/v2\/posts\/3960\/revisions\/3965"}],"wp:featuredmedia":[{"embeddable":true,"href":"https:\/\/blog.panrotas.com.br\/mktdestinos\/wp-json\/wp\/v2\/media\/3964"}],"wp:attachment":[{"href":"https:\/\/blog.panrotas.com.br\/mktdestinos\/wp-json\/wp\/v2\/media?parent=3960"}],"wp:term":[{"taxonomy":"category","embeddable":true,"href":"https:\/\/blog.panrotas.com.br\/mktdestinos\/wp-json\/wp\/v2\/categories?post=3960"},{"taxonomy":"post_tag","embeddable":true,"href":"https:\/\/blog.panrotas.com.br\/mktdestinos\/wp-json\/wp\/v2\/tags?post=3960"}],"curies":[{"name":"wp","href":"https:\/\/api.w.org\/{rel}","templated":true}]}}