{"id":4118,"date":"2023-09-20T12:26:47","date_gmt":"2023-09-20T15:26:47","guid":{"rendered":"https:\/\/blog.panrotas.com.br\/mktdestinos\/?p=4118"},"modified":"2023-09-25T17:30:15","modified_gmt":"2023-09-25T20:30:15","slug":"recuperacao-turismo-internacional-2023","status":"publish","type":"post","link":"https:\/\/blog.panrotas.com.br\/mktdestinos\/2023\/09\/20\/recuperacao-turismo-internacional-2023\/","title":{"rendered":"OMT REVELA: QUASE METADE DO TURISMO MUNDIAL VOLTA AO NORMAL"},"content":{"rendered":"\n<p>O setor de turismo internacional est\u00e1 mostrando uma recupera\u00e7\u00e3o impressionante, atingindo 84% dos n\u00edveis pr\u00e9-pandemia entre janeiro e julho de 2023, segundo os \u00faltimos dados da &lt;a href=&quot;http:\/\/PORTAL. Portal de Dados &#8211; Painel de Chegadas. Embratur.com.br. Dispon\u00edvel em: Organiza\u00e7\u00e3o Mundial do Turismo (OMT)<\/a>. O Oriente M\u00e9dio, Europa e \u00c1frica est\u00e3o \u00e0 frente nesta recupera\u00e7\u00e3o global.<\/p>\n\n\n\n<p>A ind\u00fastria do turismo tem mostrado uma resili\u00eancia not\u00e1vel, com uma recupera\u00e7\u00e3o sustentada apesar dos desafios econ\u00f4micos e geopol\u00edticos. De acordo com o Bar\u00f4metro Mundial do Turismo da OMT:<\/p>\n\n\n\n<ul><li><strong>700 milh\u00f5es de turistas viajaram internacionalmente<\/strong> entre janeiro e julho de 2023, um aumento de 43% em compara\u00e7\u00e3o com o mesmo per\u00edodo de 2022.<\/li><li><strong>Julho foi o m\u00eas mais movimentado<\/strong>, registrando 145 milh\u00f5es de viajantes internacionais, o que representa cerca de 20% do total de sete meses.<\/li><\/ul>\n\n\n\n<ul><li>O <strong>Oriente M\u00e9dio<\/strong> lidera a recupera\u00e7\u00e3o, com chegadas 20% acima dos n\u00edveis pr\u00e9-pandemia. \u00c9 a \u00fanica regi\u00e3o que superou os n\u00edveis de 2019 at\u00e9 agora.<\/li><\/ul>\n\n\n\n<h2>E o Brasil?<\/h2>\n\n\n\n<p>Dados recentes da EMBRATUR mostram que chegamos a 4 milh\u00f5es de visitantes estrangeiros entre janeiro e agosto de 2023. Olha que legal o gr\u00e1fico abaixo mostrando que estamos quase aos n\u00edveis de 2019 nesse per\u00edodo. Ali\u00e1s, a fonte dos dados \u00e9 o Portal da EMBRATUR (amei!). O mais importante, no entanto, \u00e9 que superamos a marca de receitas internacionais com os gastos dos estrangeiros no Brasil entre janeiro e julho de 2023 em rela\u00e7\u00e3o a 2019. Veja a imagem.<\/p>\n\n\n\n<figure class=\"wp-block-image size-large\"><img loading=\"lazy\" width=\"736\" height=\"424\" src=\"https:\/\/blog.panrotas.com.br\/mktdestinos\/wp-content\/uploads\/sites\/23\/2023\/09\/Captura-de-Tela-2023-09-20-as-12.08.04.png\" alt=\"\" class=\"wp-image-4120\" srcset=\"https:\/\/blog.panrotas.com.br\/mktdestinos\/wp-content\/uploads\/sites\/23\/2023\/09\/Captura-de-Tela-2023-09-20-as-12.08.04.png 736w, https:\/\/blog.panrotas.com.br\/mktdestinos\/wp-content\/uploads\/sites\/23\/2023\/09\/Captura-de-Tela-2023-09-20-as-12.08.04-300x173.png 300w\" sizes=\"(max-width: 736px) 100vw, 736px\" \/><figcaption>PORTAL.&nbsp;Portal de Dados &#8211; Painel de Chegadas. Embratur.com.br. Dispon\u00edvel em: &lt;https:\/\/dados.embratur.com.br\/in%C3%ADcio\/painel-de-chegadas&gt;. Acesso em: 20&nbsp;set.&nbsp;2023.<\/figcaption><\/figure>\n\n\n\n<figure class=\"wp-block-image size-large\"><img loading=\"lazy\" width=\"888\" height=\"558\" src=\"https:\/\/blog.panrotas.com.br\/mktdestinos\/wp-content\/uploads\/sites\/23\/2023\/09\/Sem-Titulo-2.jpg\" alt=\"\" class=\"wp-image-4124\" srcset=\"https:\/\/blog.panrotas.com.br\/mktdestinos\/wp-content\/uploads\/sites\/23\/2023\/09\/Sem-Titulo-2.jpg 888w, https:\/\/blog.panrotas.com.br\/mktdestinos\/wp-content\/uploads\/sites\/23\/2023\/09\/Sem-Titulo-2-300x189.jpg 300w, https:\/\/blog.panrotas.com.br\/mktdestinos\/wp-content\/uploads\/sites\/23\/2023\/09\/Sem-Titulo-2-768x483.jpg 768w, https:\/\/blog.panrotas.com.br\/mktdestinos\/wp-content\/uploads\/sites\/23\/2023\/09\/Sem-Titulo-2-740x465.jpg 740w\" sizes=\"(max-width: 888px) 100vw, 888px\" \/><figcaption>Fonte: Portal de Dados da EMBRATUR. <a href=\"https:\/\/dados.embratur.com.br\/in\u00edcio\/painel-de-receitas\">https:\/\/dados.embratur.com.br\/in\u00edcio\/painel-de-receitas<\/a><\/figcaption><\/figure>\n\n\n\n<p>Para os profissionais de turismo no Brasil, esses dados s\u00e3o altamente relevantes. O Brasil tem um forte apelo tur\u00edstico, tanto para visitantes internacionais quanto para brasileiros que viajam ao exterior. A recupera\u00e7\u00e3o global pode significar um aumento na demanda por destinos brasileiros, bem como mais oportunidades para parcerias internacionais.<\/p>\n\n\n\n<h3>Perguntas Cruciais<\/h3>\n\n\n\n<ol><li>Como o Brasil pode se posicionar para aproveitar essa recupera\u00e7\u00e3o global?<\/li><li>Quais estrat\u00e9gias podem ser adotadas para tornar o turismo mais sustent\u00e1vel e resiliente?<\/li><li>Como podemos preparar a infraestrutura tur\u00edstica para acomodar um aumento na demanda?<\/li><\/ol>\n\n\n\n<p>A recupera\u00e7\u00e3o do turismo internacional \u00e9 uma excelente not\u00edcia, mas tamb\u00e9m um chamado para a a\u00e7\u00e3o. \u00c9 crucial que essa recupera\u00e7\u00e3o seja acompanhada por um repensar profundo sobre como tornar o setor mais sustent\u00e1vel e inclusivo, n\u00e3o apenas globalmente, mas tamb\u00e9m no contexto brasileiro.<\/p>\n\n\n\n<p>Quer saber mais sobre o Portal de Dados da EMBRATUR? Checa abaixo meu papo com Mariana Aldrigui:<\/p>\n\n\n\n<figure class=\"wp-block-embed is-type-video is-provider-youtube wp-block-embed-youtube wp-embed-aspect-16-9 wp-has-aspect-ratio\"><div class=\"wp-block-embed__wrapper\">\n<div class=\"jetpack-video-wrapper\"><iframe loading=\"lazy\" title=\"HUBTURISMO Podcast: Inova\u00e7\u00e3o, Dados e Turismo com Mariana Aldrigui\" width=\"740\" height=\"416\" src=\"https:\/\/www.youtube.com\/embed\/x5-3PL9qiBY?feature=oembed\" frameborder=\"0\" allow=\"accelerometer; autoplay; clipboard-write; encrypted-media; gyroscope; picture-in-picture; web-share\" allowfullscreen><\/iframe><\/div>\n<\/div><figcaption>MEU PAPO COM MARIANA ALDRIGUI SOBRE O PORTAL DE DADOS DA EMBRATUR<\/figcaption><\/figure>\n\n\n\n<p><\/p>\n","protected":false},"excerpt":{"rendered":"<p>O setor de turismo internacional est\u00e1 mostrando uma recupera\u00e7\u00e3o impressionante, atingindo 84% dos n\u00edveis pr\u00e9-pandemia entre janeiro e julho de 2023, segundo os \u00faltimos dados da &lt;a href=&quot;http:\/\/PORTAL. Portal de Dados &#8211; Painel de Chegadas. Embratur.com.br. Dispon\u00edvel em: Organiza\u00e7\u00e3o Mundial do Turismo (OMT). O Oriente M\u00e9dio, Europa e \u00c1frica est\u00e3o \u00e0 frente nesta recupera\u00e7\u00e3o global.&hellip; <a class=\"more-link\" href=\"https:\/\/blog.panrotas.com.br\/mktdestinos\/2023\/09\/20\/recuperacao-turismo-internacional-2023\/\">Continue reading &rarr;<\/a><\/p>\n","protected":false},"author":21,"featured_media":0,"comment_status":"open","ping_status":"open","sticky":false,"template":"","format":"standard","meta":{"spay_email":""},"categories":[1],"tags":[],"yoast_head":"<!-- This site is optimized with the Yoast SEO plugin v17.3 - https:\/\/yoast.com\/wordpress\/plugins\/seo\/ -->\n<title>Recupera\u00e7\u00e3o do Turismo 2023: O Que o Brasil Precisa Saber<\/title>\n<meta name=\"description\" content=\"Descubra as \u00faltimas tend\u00eancias e dados sobre a recupera\u00e7\u00e3o do turismo internacional em 2023 e o que isso significa para o Brasil. OMT DADOS\" \/>\n<meta name=\"robots\" content=\"index, follow, max-snippet:-1, max-image-preview:large, max-video-preview:-1\" \/>\n<link rel=\"canonical\" href=\"https:\/\/blog.panrotas.com.br\/mktdestinos\/2023\/09\/20\/recuperacao-turismo-internacional-2023\/\" \/>\n<meta property=\"og:locale\" content=\"pt_BR\" \/>\n<meta property=\"og:type\" content=\"article\" \/>\n<meta property=\"og:title\" content=\"Recupera\u00e7\u00e3o do Turismo 2023: O Que o Brasil Precisa Saber\" \/>\n<meta property=\"og:description\" content=\"Descubra as \u00faltimas tend\u00eancias e dados sobre a recupera\u00e7\u00e3o do turismo internacional em 2023 e o que isso significa para o Brasil. OMT DADOS\" \/>\n<meta property=\"og:url\" content=\"https:\/\/blog.panrotas.com.br\/mktdestinos\/2023\/09\/20\/recuperacao-turismo-internacional-2023\/\" \/>\n<meta property=\"og:site_name\" content=\"Marketing Destinos\" \/>\n<meta property=\"article:published_time\" content=\"2023-09-20T15:26:47+00:00\" \/>\n<meta property=\"article:modified_time\" content=\"2023-09-25T20:30:15+00:00\" \/>\n<meta property=\"og:image\" content=\"https:\/\/blog.panrotas.com.br\/mktdestinos\/wp-content\/uploads\/sites\/23\/2023\/09\/Captura-de-Tela-2023-09-20-as-12.08.04.png\" \/>\n<meta name=\"twitter:card\" content=\"summary_large_image\" \/>\n<meta name=\"twitter:label1\" content=\"Escrito por\" \/>\n\t<meta name=\"twitter:data1\" content=\"Jeanine Pires\" \/>\n\t<meta name=\"twitter:label2\" content=\"Est. tempo de leitura\" \/>\n\t<meta name=\"twitter:data2\" content=\"3 minutos\" \/>\n<script type=\"application\/ld+json\" class=\"yoast-schema-graph\">{\"@context\":\"https:\/\/schema.org\",\"@graph\":[{\"@type\":\"WebSite\",\"@id\":\"https:\/\/blog.panrotas.com.br\/mktdestinos\/#website\",\"url\":\"https:\/\/blog.panrotas.com.br\/mktdestinos\/\",\"name\":\"Marketing Destinos\",\"description\":\"\",\"potentialAction\":[{\"@type\":\"SearchAction\",\"target\":{\"@type\":\"EntryPoint\",\"urlTemplate\":\"https:\/\/blog.panrotas.com.br\/mktdestinos\/?s={search_term_string}\"},\"query-input\":\"required name=search_term_string\"}],\"inLanguage\":\"pt-BR\"},{\"@type\":\"ImageObject\",\"@id\":\"https:\/\/blog.panrotas.com.br\/mktdestinos\/2023\/09\/20\/recuperacao-turismo-internacional-2023\/#primaryimage\",\"inLanguage\":\"pt-BR\",\"url\":\"https:\/\/blog.panrotas.com.br\/mktdestinos\/wp-content\/uploads\/sites\/23\/2023\/09\/Captura-de-Tela-2023-09-20-as-12.08.04.png\",\"contentUrl\":\"https:\/\/blog.panrotas.com.br\/mktdestinos\/wp-content\/uploads\/sites\/23\/2023\/09\/Captura-de-Tela-2023-09-20-as-12.08.04.png\",\"width\":736,\"height\":424},{\"@type\":\"WebPage\",\"@id\":\"https:\/\/blog.panrotas.com.br\/mktdestinos\/2023\/09\/20\/recuperacao-turismo-internacional-2023\/#webpage\",\"url\":\"https:\/\/blog.panrotas.com.br\/mktdestinos\/2023\/09\/20\/recuperacao-turismo-internacional-2023\/\",\"name\":\"Recupera\\u00e7\\u00e3o do Turismo 2023: O Que o Brasil Precisa Saber\",\"isPartOf\":{\"@id\":\"https:\/\/blog.panrotas.com.br\/mktdestinos\/#website\"},\"primaryImageOfPage\":{\"@id\":\"https:\/\/blog.panrotas.com.br\/mktdestinos\/2023\/09\/20\/recuperacao-turismo-internacional-2023\/#primaryimage\"},\"datePublished\":\"2023-09-20T15:26:47+00:00\",\"dateModified\":\"2023-09-25T20:30:15+00:00\",\"author\":{\"@id\":\"https:\/\/blog.panrotas.com.br\/mktdestinos\/#\/schema\/person\/6b7480064d4010fed7920e2a06e2472e\"},\"description\":\"Descubra as \\u00faltimas tend\\u00eancias e dados sobre a recupera\\u00e7\\u00e3o do turismo internacional em 2023 e o que isso significa para o Brasil. OMT DADOS\",\"breadcrumb\":{\"@id\":\"https:\/\/blog.panrotas.com.br\/mktdestinos\/2023\/09\/20\/recuperacao-turismo-internacional-2023\/#breadcrumb\"},\"inLanguage\":\"pt-BR\",\"potentialAction\":[{\"@type\":\"ReadAction\",\"target\":[\"https:\/\/blog.panrotas.com.br\/mktdestinos\/2023\/09\/20\/recuperacao-turismo-internacional-2023\/\"]}]},{\"@type\":\"BreadcrumbList\",\"@id\":\"https:\/\/blog.panrotas.com.br\/mktdestinos\/2023\/09\/20\/recuperacao-turismo-internacional-2023\/#breadcrumb\",\"itemListElement\":[{\"@type\":\"ListItem\",\"position\":1,\"name\":\"In\\u00edcio\",\"item\":\"https:\/\/blog.panrotas.com.br\/mktdestinos\/\"},{\"@type\":\"ListItem\",\"position\":2,\"name\":\"OMT REVELA: QUASE METADE DO TURISMO MUNDIAL VOLTA AO NORMAL\"}]},{\"@type\":\"Person\",\"@id\":\"https:\/\/blog.panrotas.com.br\/mktdestinos\/#\/schema\/person\/6b7480064d4010fed7920e2a06e2472e\",\"name\":\"Jeanine Pires\",\"image\":{\"@type\":\"ImageObject\",\"@id\":\"https:\/\/blog.panrotas.com.br\/mktdestinos\/#personlogo\",\"inLanguage\":\"pt-BR\",\"url\":\"https:\/\/secure.gravatar.com\/avatar\/4eff31f2a3aee87600bf1f78d5953f48?s=96&d=mm&r=g\",\"contentUrl\":\"https:\/\/secure.gravatar.com\/avatar\/4eff31f2a3aee87600bf1f78d5953f48?s=96&d=mm&r=g\",\"caption\":\"Jeanine Pires\"},\"description\":\"Apaixonada pela ind\\u00fastria de viagens e turismo, h\\u00e1 31 anos atua como l\\u00edder do setor no Brasil e no exterior. J\\u00e1 Presidiu e foi Diretora da EMBRATUR entre 2003 e 2010; \\u00e9 Diretora da Pires Intelig\\u00eancia em Destinos e, no final de 2022, entrou para a CVC Corp como Diretora de Alian\\u00e7as e Rela\\u00e7\\u00f5es Governamentais. Jeanine foi Co-fundadora da startup ONER Travel em 2020 e j\\u00e1 atuou como Presidente do Conselho da Fecom\\u00e9rcio S\\u00e3o Paulo e da WTM Latin America. Com forma\\u00e7\\u00e3o e especialidade em marketing de destinos e economia do turismo, Jeanine faz palestras, cursos e consultorias.\",\"url\":\"https:\/\/blog.panrotas.com.br\/mktdestinos\/author\/jeanine\/\"}]}<\/script>\n<!-- \/ Yoast SEO plugin. -->","yoast_head_json":{"title":"Recupera\u00e7\u00e3o do Turismo 2023: O Que o Brasil Precisa Saber","description":"Descubra as \u00faltimas tend\u00eancias e dados sobre a recupera\u00e7\u00e3o do turismo internacional em 2023 e o que isso significa para o Brasil. OMT DADOS","robots":{"index":"index","follow":"follow","max-snippet":"max-snippet:-1","max-image-preview":"max-image-preview:large","max-video-preview":"max-video-preview:-1"},"canonical":"https:\/\/blog.panrotas.com.br\/mktdestinos\/2023\/09\/20\/recuperacao-turismo-internacional-2023\/","og_locale":"pt_BR","og_type":"article","og_title":"Recupera\u00e7\u00e3o do Turismo 2023: O Que o Brasil Precisa Saber","og_description":"Descubra as \u00faltimas tend\u00eancias e dados sobre a recupera\u00e7\u00e3o do turismo internacional em 2023 e o que isso significa para o Brasil. OMT DADOS","og_url":"https:\/\/blog.panrotas.com.br\/mktdestinos\/2023\/09\/20\/recuperacao-turismo-internacional-2023\/","og_site_name":"Marketing Destinos","article_published_time":"2023-09-20T15:26:47+00:00","article_modified_time":"2023-09-25T20:30:15+00:00","og_image":[{"url":"https:\/\/blog.panrotas.com.br\/mktdestinos\/wp-content\/uploads\/sites\/23\/2023\/09\/Captura-de-Tela-2023-09-20-as-12.08.04.png"}],"twitter_card":"summary_large_image","twitter_misc":{"Escrito por":"Jeanine Pires","Est. tempo de leitura":"3 minutos"},"schema":{"@context":"https:\/\/schema.org","@graph":[{"@type":"WebSite","@id":"https:\/\/blog.panrotas.com.br\/mktdestinos\/#website","url":"https:\/\/blog.panrotas.com.br\/mktdestinos\/","name":"Marketing Destinos","description":"","potentialAction":[{"@type":"SearchAction","target":{"@type":"EntryPoint","urlTemplate":"https:\/\/blog.panrotas.com.br\/mktdestinos\/?s={search_term_string}"},"query-input":"required name=search_term_string"}],"inLanguage":"pt-BR"},{"@type":"ImageObject","@id":"https:\/\/blog.panrotas.com.br\/mktdestinos\/2023\/09\/20\/recuperacao-turismo-internacional-2023\/#primaryimage","inLanguage":"pt-BR","url":"https:\/\/blog.panrotas.com.br\/mktdestinos\/wp-content\/uploads\/sites\/23\/2023\/09\/Captura-de-Tela-2023-09-20-as-12.08.04.png","contentUrl":"https:\/\/blog.panrotas.com.br\/mktdestinos\/wp-content\/uploads\/sites\/23\/2023\/09\/Captura-de-Tela-2023-09-20-as-12.08.04.png","width":736,"height":424},{"@type":"WebPage","@id":"https:\/\/blog.panrotas.com.br\/mktdestinos\/2023\/09\/20\/recuperacao-turismo-internacional-2023\/#webpage","url":"https:\/\/blog.panrotas.com.br\/mktdestinos\/2023\/09\/20\/recuperacao-turismo-internacional-2023\/","name":"Recupera\u00e7\u00e3o do Turismo 2023: O Que o Brasil Precisa Saber","isPartOf":{"@id":"https:\/\/blog.panrotas.com.br\/mktdestinos\/#website"},"primaryImageOfPage":{"@id":"https:\/\/blog.panrotas.com.br\/mktdestinos\/2023\/09\/20\/recuperacao-turismo-internacional-2023\/#primaryimage"},"datePublished":"2023-09-20T15:26:47+00:00","dateModified":"2023-09-25T20:30:15+00:00","author":{"@id":"https:\/\/blog.panrotas.com.br\/mktdestinos\/#\/schema\/person\/6b7480064d4010fed7920e2a06e2472e"},"description":"Descubra as \u00faltimas tend\u00eancias e dados sobre a recupera\u00e7\u00e3o do turismo internacional em 2023 e o que isso significa para o Brasil. OMT DADOS","breadcrumb":{"@id":"https:\/\/blog.panrotas.com.br\/mktdestinos\/2023\/09\/20\/recuperacao-turismo-internacional-2023\/#breadcrumb"},"inLanguage":"pt-BR","potentialAction":[{"@type":"ReadAction","target":["https:\/\/blog.panrotas.com.br\/mktdestinos\/2023\/09\/20\/recuperacao-turismo-internacional-2023\/"]}]},{"@type":"BreadcrumbList","@id":"https:\/\/blog.panrotas.com.br\/mktdestinos\/2023\/09\/20\/recuperacao-turismo-internacional-2023\/#breadcrumb","itemListElement":[{"@type":"ListItem","position":1,"name":"In\u00edcio","item":"https:\/\/blog.panrotas.com.br\/mktdestinos\/"},{"@type":"ListItem","position":2,"name":"OMT REVELA: QUASE METADE DO TURISMO MUNDIAL VOLTA AO NORMAL"}]},{"@type":"Person","@id":"https:\/\/blog.panrotas.com.br\/mktdestinos\/#\/schema\/person\/6b7480064d4010fed7920e2a06e2472e","name":"Jeanine Pires","image":{"@type":"ImageObject","@id":"https:\/\/blog.panrotas.com.br\/mktdestinos\/#personlogo","inLanguage":"pt-BR","url":"https:\/\/secure.gravatar.com\/avatar\/4eff31f2a3aee87600bf1f78d5953f48?s=96&d=mm&r=g","contentUrl":"https:\/\/secure.gravatar.com\/avatar\/4eff31f2a3aee87600bf1f78d5953f48?s=96&d=mm&r=g","caption":"Jeanine Pires"},"description":"Apaixonada pela ind\u00fastria de viagens e turismo, h\u00e1 31 anos atua como l\u00edder do setor no Brasil e no exterior. J\u00e1 Presidiu e foi Diretora da EMBRATUR entre 2003 e 2010; \u00e9 Diretora da Pires Intelig\u00eancia em Destinos e, no final de 2022, entrou para a CVC Corp como Diretora de Alian\u00e7as e Rela\u00e7\u00f5es Governamentais. Jeanine foi Co-fundadora da startup ONER Travel em 2020 e j\u00e1 atuou como Presidente do Conselho da Fecom\u00e9rcio S\u00e3o Paulo e da WTM Latin America. Com forma\u00e7\u00e3o e especialidade em marketing de destinos e economia do turismo, Jeanine faz palestras, cursos e consultorias.","url":"https:\/\/blog.panrotas.com.br\/mktdestinos\/author\/jeanine\/"}]}},"jetpack_featured_media_url":"","_links":{"self":[{"href":"https:\/\/blog.panrotas.com.br\/mktdestinos\/wp-json\/wp\/v2\/posts\/4118"}],"collection":[{"href":"https:\/\/blog.panrotas.com.br\/mktdestinos\/wp-json\/wp\/v2\/posts"}],"about":[{"href":"https:\/\/blog.panrotas.com.br\/mktdestinos\/wp-json\/wp\/v2\/types\/post"}],"author":[{"embeddable":true,"href":"https:\/\/blog.panrotas.com.br\/mktdestinos\/wp-json\/wp\/v2\/users\/21"}],"replies":[{"embeddable":true,"href":"https:\/\/blog.panrotas.com.br\/mktdestinos\/wp-json\/wp\/v2\/comments?post=4118"}],"version-history":[{"count":8,"href":"https:\/\/blog.panrotas.com.br\/mktdestinos\/wp-json\/wp\/v2\/posts\/4118\/revisions"}],"predecessor-version":[{"id":4135,"href":"https:\/\/blog.panrotas.com.br\/mktdestinos\/wp-json\/wp\/v2\/posts\/4118\/revisions\/4135"}],"wp:attachment":[{"href":"https:\/\/blog.panrotas.com.br\/mktdestinos\/wp-json\/wp\/v2\/media?parent=4118"}],"wp:term":[{"taxonomy":"category","embeddable":true,"href":"https:\/\/blog.panrotas.com.br\/mktdestinos\/wp-json\/wp\/v2\/categories?post=4118"},{"taxonomy":"post_tag","embeddable":true,"href":"https:\/\/blog.panrotas.com.br\/mktdestinos\/wp-json\/wp\/v2\/tags?post=4118"}],"curies":[{"name":"wp","href":"https:\/\/api.w.org\/{rel}","templated":true}]}}