{"id":4157,"date":"2023-12-11T13:59:06","date_gmt":"2023-12-11T15:59:06","guid":{"rendered":"https:\/\/blog.panrotas.com.br\/mktdestinos\/?p=4157"},"modified":"2023-12-11T13:59:08","modified_gmt":"2023-12-11T15:59:08","slug":"retrospectiva-2023-aviacao-turismo","status":"publish","type":"post","link":"https:\/\/blog.panrotas.com.br\/mktdestinos\/2023\/12\/11\/retrospectiva-2023-aviacao-turismo\/","title":{"rendered":"Retrospectiva 23: Avia\u00e7\u00e3o"},"content":{"rendered":"\n<p>Nossa s\u00e9rie sobre an\u00e1lises do ano de 2023 ter\u00e1 alguns convidados. A ideia \u00e9 compartilhar as principais conclus\u00f5es e desafios que marcam o &#8220;fim da pandemia&#8221;. E 2024?<\/p>\n\n\n\n<p>Nesse papo com Jurema Monteiro, Presidente da <a href=\"https:\/\/www.abear.com.br\/\">ABEAR<\/a> falamos sobre muitos temas. Est\u00e1 imperd\u00edvel:<\/p>\n\n\n\n<ol><li>Cen\u00e1rio global da avia\u00e7\u00e3o nesse ano de 2023 e as principais diferen\u00e7as entre os mercados de avia\u00e7\u00e3o dom\u00e9sticos e internacionais<\/li><li>O Brasil acompanha esse cen\u00e1rio de recupera\u00e7\u00e3o?\u00a0<\/li><li>Alta de pre\u00e7os. Como a ind\u00fastria de viagens pode lidar com essa conjuntura para estimular as viagens dom\u00e9sticas? <\/li><li>Como a sustentabilidade est\u00e1 influenciando as opera\u00e7\u00f5es das companhias a\u00e9reas brasileiras? H\u00e1 algum avan\u00e7o significativo em tecnologias mais limpas ou eficientes que voc\u00ea gostaria de destacar?<\/li><\/ol>\n\n\n\n<figure class=\"wp-block-embed is-type-wp-embed is-provider-anchor-fm-inc wp-block-embed-anchor-fm-inc\"><div class=\"wp-block-embed__wrapper\">\n<iframe class=\"wp-embedded-content\" sandbox=\"allow-scripts\" security=\"restricted\" title=\"HUB 104: Retrospectiva 2023 da AVIA\u00c7\u00c3O by HUB TURISMO\" src=\"https:\/\/anchor.fm\/jeanine-pires\/embed\/episodes\/HUB-104-Retrospectiva-2023-da-AVIAO-e2ctm9p#?secret=8FPJ5dCTTC\" data-secret=\"8FPJ5dCTTC\" height=\"102px\" width=\"400px\" frameborder=\"0\" scrolling=\"no\"><\/iframe>\n<\/div><\/figure>\n\n\n\n<p>Acesse e assine nosso podcast HUB TURISMO em sua plataforma preferida. <a href=\"https:\/\/podcasters.spotify.com\/pod\/show\/jeanine-pires\">Aqui no SPOTIFY<\/a> tamb\u00e9m.<\/p>\n","protected":false},"excerpt":{"rendered":"<p>Nossa s\u00e9rie sobre an\u00e1lises do ano de 2023 ter\u00e1 alguns convidados. A ideia \u00e9 compartilhar as principais conclus\u00f5es e desafios que marcam o &#8220;fim da pandemia&#8221;. E 2024? Nesse papo com Jurema Monteiro, Presidente da ABEAR falamos sobre muitos temas. Est\u00e1 imperd\u00edvel: Cen\u00e1rio global da avia\u00e7\u00e3o nesse ano de 2023 e as principais diferen\u00e7as entre&hellip; <a class=\"more-link\" href=\"https:\/\/blog.panrotas.com.br\/mktdestinos\/2023\/12\/11\/retrospectiva-2023-aviacao-turismo\/\">Continue reading &rarr;<\/a><\/p>\n","protected":false},"author":21,"featured_media":4158,"comment_status":"open","ping_status":"open","sticky":false,"template":"","format":"standard","meta":{"spay_email":""},"categories":[1],"tags":[22,1387,1291,1116,1386,848,886,1388,940,1003],"yoast_head":"<!-- This site is optimized with the Yoast SEO plugin v17.3 - https:\/\/yoast.com\/wordpress\/plugins\/seo\/ -->\n<title>Retrospectiva 23: Avia\u00e7\u00e3o - Marketing Destinos<\/title>\n<meta name=\"description\" content=\"Retrospectiva 2023 da avia\u00e7\u00e3o global e Brasil. J\u00e1 acabou a pandemia para o turismo? Quais os desafios do setor? Podcast Jurema Monteiro ABEAR\" \/>\n<meta name=\"robots\" content=\"index, follow, max-snippet:-1, max-image-preview:large, max-video-preview:-1\" \/>\n<link rel=\"canonical\" href=\"https:\/\/blog.panrotas.com.br\/mktdestinos\/2023\/12\/11\/retrospectiva-2023-aviacao-turismo\/\" \/>\n<meta property=\"og:locale\" content=\"pt_BR\" \/>\n<meta property=\"og:type\" content=\"article\" \/>\n<meta property=\"og:title\" content=\"Retrospectiva 23: Avia\u00e7\u00e3o - Marketing Destinos\" \/>\n<meta property=\"og:description\" content=\"Retrospectiva 2023 da avia\u00e7\u00e3o global e Brasil. J\u00e1 acabou a pandemia para o turismo? Quais os desafios do setor? Podcast Jurema Monteiro ABEAR\" \/>\n<meta property=\"og:url\" content=\"https:\/\/blog.panrotas.com.br\/mktdestinos\/2023\/12\/11\/retrospectiva-2023-aviacao-turismo\/\" \/>\n<meta property=\"og:site_name\" content=\"Marketing Destinos\" \/>\n<meta property=\"article:published_time\" content=\"2023-12-11T15:59:06+00:00\" \/>\n<meta property=\"article:modified_time\" content=\"2023-12-11T15:59:08+00:00\" \/>\n<meta property=\"og:image\" content=\"http:\/\/blog.panrotas.com.br\/mktdestinos\/wp-content\/uploads\/sites\/23\/2023\/12\/HUB-TURISMO-CAPA-NOVA-scaled.jpg\" \/>\n\t<meta property=\"og:image:width\" content=\"2560\" \/>\n\t<meta property=\"og:image:height\" content=\"2560\" \/>\n<meta name=\"twitter:card\" content=\"summary_large_image\" \/>\n<meta name=\"twitter:label1\" content=\"Escrito por\" \/>\n\t<meta name=\"twitter:data1\" content=\"Jeanine Pires\" \/>\n\t<meta name=\"twitter:label2\" content=\"Est. tempo de leitura\" \/>\n\t<meta name=\"twitter:data2\" content=\"1 minuto\" \/>\n<script type=\"application\/ld+json\" class=\"yoast-schema-graph\">{\"@context\":\"https:\/\/schema.org\",\"@graph\":[{\"@type\":\"WebSite\",\"@id\":\"https:\/\/blog.panrotas.com.br\/mktdestinos\/#website\",\"url\":\"https:\/\/blog.panrotas.com.br\/mktdestinos\/\",\"name\":\"Marketing Destinos\",\"description\":\"\",\"potentialAction\":[{\"@type\":\"SearchAction\",\"target\":{\"@type\":\"EntryPoint\",\"urlTemplate\":\"https:\/\/blog.panrotas.com.br\/mktdestinos\/?s={search_term_string}\"},\"query-input\":\"required name=search_term_string\"}],\"inLanguage\":\"pt-BR\"},{\"@type\":\"ImageObject\",\"@id\":\"https:\/\/blog.panrotas.com.br\/mktdestinos\/2023\/12\/11\/retrospectiva-2023-aviacao-turismo\/#primaryimage\",\"inLanguage\":\"pt-BR\",\"url\":\"https:\/\/blog.panrotas.com.br\/mktdestinos\/wp-content\/uploads\/sites\/23\/2023\/12\/HUB-TURISMO-CAPA-NOVA-scaled.jpg\",\"contentUrl\":\"https:\/\/blog.panrotas.com.br\/mktdestinos\/wp-content\/uploads\/sites\/23\/2023\/12\/HUB-TURISMO-CAPA-NOVA-scaled.jpg\",\"width\":2560,\"height\":2560},{\"@type\":\"WebPage\",\"@id\":\"https:\/\/blog.panrotas.com.br\/mktdestinos\/2023\/12\/11\/retrospectiva-2023-aviacao-turismo\/#webpage\",\"url\":\"https:\/\/blog.panrotas.com.br\/mktdestinos\/2023\/12\/11\/retrospectiva-2023-aviacao-turismo\/\",\"name\":\"Retrospectiva 23: Avia\\u00e7\\u00e3o - Marketing Destinos\",\"isPartOf\":{\"@id\":\"https:\/\/blog.panrotas.com.br\/mktdestinos\/#website\"},\"primaryImageOfPage\":{\"@id\":\"https:\/\/blog.panrotas.com.br\/mktdestinos\/2023\/12\/11\/retrospectiva-2023-aviacao-turismo\/#primaryimage\"},\"datePublished\":\"2023-12-11T15:59:06+00:00\",\"dateModified\":\"2023-12-11T15:59:08+00:00\",\"author\":{\"@id\":\"https:\/\/blog.panrotas.com.br\/mktdestinos\/#\/schema\/person\/6b7480064d4010fed7920e2a06e2472e\"},\"description\":\"Retrospectiva 2023 da avia\\u00e7\\u00e3o global e Brasil. J\\u00e1 acabou a pandemia para o turismo? Quais os desafios do setor? Podcast Jurema Monteiro ABEAR\",\"breadcrumb\":{\"@id\":\"https:\/\/blog.panrotas.com.br\/mktdestinos\/2023\/12\/11\/retrospectiva-2023-aviacao-turismo\/#breadcrumb\"},\"inLanguage\":\"pt-BR\",\"potentialAction\":[{\"@type\":\"ReadAction\",\"target\":[\"https:\/\/blog.panrotas.com.br\/mktdestinos\/2023\/12\/11\/retrospectiva-2023-aviacao-turismo\/\"]}]},{\"@type\":\"BreadcrumbList\",\"@id\":\"https:\/\/blog.panrotas.com.br\/mktdestinos\/2023\/12\/11\/retrospectiva-2023-aviacao-turismo\/#breadcrumb\",\"itemListElement\":[{\"@type\":\"ListItem\",\"position\":1,\"name\":\"In\\u00edcio\",\"item\":\"https:\/\/blog.panrotas.com.br\/mktdestinos\/\"},{\"@type\":\"ListItem\",\"position\":2,\"name\":\"Retrospectiva 23: Avia\\u00e7\\u00e3o\"}]},{\"@type\":\"Person\",\"@id\":\"https:\/\/blog.panrotas.com.br\/mktdestinos\/#\/schema\/person\/6b7480064d4010fed7920e2a06e2472e\",\"name\":\"Jeanine Pires\",\"image\":{\"@type\":\"ImageObject\",\"@id\":\"https:\/\/blog.panrotas.com.br\/mktdestinos\/#personlogo\",\"inLanguage\":\"pt-BR\",\"url\":\"https:\/\/secure.gravatar.com\/avatar\/4eff31f2a3aee87600bf1f78d5953f48?s=96&d=mm&r=g\",\"contentUrl\":\"https:\/\/secure.gravatar.com\/avatar\/4eff31f2a3aee87600bf1f78d5953f48?s=96&d=mm&r=g\",\"caption\":\"Jeanine Pires\"},\"description\":\"Apaixonada pela ind\\u00fastria de viagens e turismo, h\\u00e1 31 anos atua como l\\u00edder do setor no Brasil e no exterior. J\\u00e1 Presidiu e foi Diretora da EMBRATUR entre 2003 e 2010; \\u00e9 Diretora da Pires Intelig\\u00eancia em Destinos e, no final de 2022, entrou para a CVC Corp como Diretora de Alian\\u00e7as e Rela\\u00e7\\u00f5es Governamentais. Jeanine foi Co-fundadora da startup ONER Travel em 2020 e j\\u00e1 atuou como Presidente do Conselho da Fecom\\u00e9rcio S\\u00e3o Paulo e da WTM Latin America. Com forma\\u00e7\\u00e3o e especialidade em marketing de destinos e economia do turismo, Jeanine faz palestras, cursos e consultorias.\",\"url\":\"https:\/\/blog.panrotas.com.br\/mktdestinos\/author\/jeanine\/\"}]}<\/script>\n<!-- \/ Yoast SEO plugin. -->","yoast_head_json":{"title":"Retrospectiva 23: Avia\u00e7\u00e3o - Marketing Destinos","description":"Retrospectiva 2023 da avia\u00e7\u00e3o global e Brasil. J\u00e1 acabou a pandemia para o turismo? Quais os desafios do setor? Podcast Jurema Monteiro ABEAR","robots":{"index":"index","follow":"follow","max-snippet":"max-snippet:-1","max-image-preview":"max-image-preview:large","max-video-preview":"max-video-preview:-1"},"canonical":"https:\/\/blog.panrotas.com.br\/mktdestinos\/2023\/12\/11\/retrospectiva-2023-aviacao-turismo\/","og_locale":"pt_BR","og_type":"article","og_title":"Retrospectiva 23: Avia\u00e7\u00e3o - Marketing Destinos","og_description":"Retrospectiva 2023 da avia\u00e7\u00e3o global e Brasil. J\u00e1 acabou a pandemia para o turismo? Quais os desafios do setor? Podcast Jurema Monteiro ABEAR","og_url":"https:\/\/blog.panrotas.com.br\/mktdestinos\/2023\/12\/11\/retrospectiva-2023-aviacao-turismo\/","og_site_name":"Marketing Destinos","article_published_time":"2023-12-11T15:59:06+00:00","article_modified_time":"2023-12-11T15:59:08+00:00","og_image":[{"width":2560,"height":2560,"url":"http:\/\/blog.panrotas.com.br\/mktdestinos\/wp-content\/uploads\/sites\/23\/2023\/12\/HUB-TURISMO-CAPA-NOVA-scaled.jpg","type":"image\/jpeg"}],"twitter_card":"summary_large_image","twitter_misc":{"Escrito por":"Jeanine Pires","Est. tempo de leitura":"1 minuto"},"schema":{"@context":"https:\/\/schema.org","@graph":[{"@type":"WebSite","@id":"https:\/\/blog.panrotas.com.br\/mktdestinos\/#website","url":"https:\/\/blog.panrotas.com.br\/mktdestinos\/","name":"Marketing Destinos","description":"","potentialAction":[{"@type":"SearchAction","target":{"@type":"EntryPoint","urlTemplate":"https:\/\/blog.panrotas.com.br\/mktdestinos\/?s={search_term_string}"},"query-input":"required name=search_term_string"}],"inLanguage":"pt-BR"},{"@type":"ImageObject","@id":"https:\/\/blog.panrotas.com.br\/mktdestinos\/2023\/12\/11\/retrospectiva-2023-aviacao-turismo\/#primaryimage","inLanguage":"pt-BR","url":"https:\/\/blog.panrotas.com.br\/mktdestinos\/wp-content\/uploads\/sites\/23\/2023\/12\/HUB-TURISMO-CAPA-NOVA-scaled.jpg","contentUrl":"https:\/\/blog.panrotas.com.br\/mktdestinos\/wp-content\/uploads\/sites\/23\/2023\/12\/HUB-TURISMO-CAPA-NOVA-scaled.jpg","width":2560,"height":2560},{"@type":"WebPage","@id":"https:\/\/blog.panrotas.com.br\/mktdestinos\/2023\/12\/11\/retrospectiva-2023-aviacao-turismo\/#webpage","url":"https:\/\/blog.panrotas.com.br\/mktdestinos\/2023\/12\/11\/retrospectiva-2023-aviacao-turismo\/","name":"Retrospectiva 23: Avia\u00e7\u00e3o - Marketing Destinos","isPartOf":{"@id":"https:\/\/blog.panrotas.com.br\/mktdestinos\/#website"},"primaryImageOfPage":{"@id":"https:\/\/blog.panrotas.com.br\/mktdestinos\/2023\/12\/11\/retrospectiva-2023-aviacao-turismo\/#primaryimage"},"datePublished":"2023-12-11T15:59:06+00:00","dateModified":"2023-12-11T15:59:08+00:00","author":{"@id":"https:\/\/blog.panrotas.com.br\/mktdestinos\/#\/schema\/person\/6b7480064d4010fed7920e2a06e2472e"},"description":"Retrospectiva 2023 da avia\u00e7\u00e3o global e Brasil. J\u00e1 acabou a pandemia para o turismo? Quais os desafios do setor? Podcast Jurema Monteiro ABEAR","breadcrumb":{"@id":"https:\/\/blog.panrotas.com.br\/mktdestinos\/2023\/12\/11\/retrospectiva-2023-aviacao-turismo\/#breadcrumb"},"inLanguage":"pt-BR","potentialAction":[{"@type":"ReadAction","target":["https:\/\/blog.panrotas.com.br\/mktdestinos\/2023\/12\/11\/retrospectiva-2023-aviacao-turismo\/"]}]},{"@type":"BreadcrumbList","@id":"https:\/\/blog.panrotas.com.br\/mktdestinos\/2023\/12\/11\/retrospectiva-2023-aviacao-turismo\/#breadcrumb","itemListElement":[{"@type":"ListItem","position":1,"name":"In\u00edcio","item":"https:\/\/blog.panrotas.com.br\/mktdestinos\/"},{"@type":"ListItem","position":2,"name":"Retrospectiva 23: Avia\u00e7\u00e3o"}]},{"@type":"Person","@id":"https:\/\/blog.panrotas.com.br\/mktdestinos\/#\/schema\/person\/6b7480064d4010fed7920e2a06e2472e","name":"Jeanine Pires","image":{"@type":"ImageObject","@id":"https:\/\/blog.panrotas.com.br\/mktdestinos\/#personlogo","inLanguage":"pt-BR","url":"https:\/\/secure.gravatar.com\/avatar\/4eff31f2a3aee87600bf1f78d5953f48?s=96&d=mm&r=g","contentUrl":"https:\/\/secure.gravatar.com\/avatar\/4eff31f2a3aee87600bf1f78d5953f48?s=96&d=mm&r=g","caption":"Jeanine Pires"},"description":"Apaixonada pela ind\u00fastria de viagens e turismo, h\u00e1 31 anos atua como l\u00edder do setor no Brasil e no exterior. J\u00e1 Presidiu e foi Diretora da EMBRATUR entre 2003 e 2010; \u00e9 Diretora da Pires Intelig\u00eancia em Destinos e, no final de 2022, entrou para a CVC Corp como Diretora de Alian\u00e7as e Rela\u00e7\u00f5es Governamentais. Jeanine foi Co-fundadora da startup ONER Travel em 2020 e j\u00e1 atuou como Presidente do Conselho da Fecom\u00e9rcio S\u00e3o Paulo e da WTM Latin America. Com forma\u00e7\u00e3o e especialidade em marketing de destinos e economia do turismo, Jeanine faz palestras, cursos e consultorias.","url":"https:\/\/blog.panrotas.com.br\/mktdestinos\/author\/jeanine\/"}]}},"jetpack_featured_media_url":"https:\/\/blog.panrotas.com.br\/mktdestinos\/wp-content\/uploads\/sites\/23\/2023\/12\/HUB-TURISMO-CAPA-NOVA-scaled.jpg","_links":{"self":[{"href":"https:\/\/blog.panrotas.com.br\/mktdestinos\/wp-json\/wp\/v2\/posts\/4157"}],"collection":[{"href":"https:\/\/blog.panrotas.com.br\/mktdestinos\/wp-json\/wp\/v2\/posts"}],"about":[{"href":"https:\/\/blog.panrotas.com.br\/mktdestinos\/wp-json\/wp\/v2\/types\/post"}],"author":[{"embeddable":true,"href":"https:\/\/blog.panrotas.com.br\/mktdestinos\/wp-json\/wp\/v2\/users\/21"}],"replies":[{"embeddable":true,"href":"https:\/\/blog.panrotas.com.br\/mktdestinos\/wp-json\/wp\/v2\/comments?post=4157"}],"version-history":[{"count":1,"href":"https:\/\/blog.panrotas.com.br\/mktdestinos\/wp-json\/wp\/v2\/posts\/4157\/revisions"}],"predecessor-version":[{"id":4159,"href":"https:\/\/blog.panrotas.com.br\/mktdestinos\/wp-json\/wp\/v2\/posts\/4157\/revisions\/4159"}],"wp:featuredmedia":[{"embeddable":true,"href":"https:\/\/blog.panrotas.com.br\/mktdestinos\/wp-json\/wp\/v2\/media\/4158"}],"wp:attachment":[{"href":"https:\/\/blog.panrotas.com.br\/mktdestinos\/wp-json\/wp\/v2\/media?parent=4157"}],"wp:term":[{"taxonomy":"category","embeddable":true,"href":"https:\/\/blog.panrotas.com.br\/mktdestinos\/wp-json\/wp\/v2\/categories?post=4157"},{"taxonomy":"post_tag","embeddable":true,"href":"https:\/\/blog.panrotas.com.br\/mktdestinos\/wp-json\/wp\/v2\/tags?post=4157"}],"curies":[{"name":"wp","href":"https:\/\/api.w.org\/{rel}","templated":true}]}}