{"id":4226,"date":"2024-05-31T10:00:51","date_gmt":"2024-05-31T13:00:51","guid":{"rendered":"https:\/\/blog.panrotas.com.br\/mktdestinos\/?p=4226"},"modified":"2024-05-31T10:00:51","modified_gmt":"2024-05-31T13:00:51","slug":"recuperacao-viagens-verao-europa-2024","status":"publish","type":"post","link":"https:\/\/blog.panrotas.com.br\/mktdestinos\/2024\/05\/31\/recuperacao-viagens-verao-europa-2024\/","title":{"rendered":"Viagens de Ver\u00e3o na Europa: Recupera\u00e7\u00e3o Completa e Novas Tend\u00eancias que surpreendem"},"content":{"rendered":"\n<p>A <a href=\"https:\/\/forwardkeys.com\/\">ForwardKeys<\/a>, empresa espanhola de intelig\u00eancia de viagens ForwardKeys anunciou os dados para o ver\u00e3o europeu de 2024. As informa\u00e7\u00f5es revelam uma recupera\u00e7\u00e3o robusta na demanda por viagens de ver\u00e3o em toda a regi\u00e3o e um retorno completo aos n\u00edveis pr\u00e9-pandemia, com mudan\u00e7as relevantes nas prefer\u00eancias dos viajantes. O mais interessante desses dados \u00e9 realmente a poss\u00edvel &#8220;fuga&#8221; de lugares com muita gente ou muito populares. O que podemos suspeitar com os dados a seguir \u00e9 o desejo de conhecer novos lugares, ir a cidades de menor porte e pouco desbravadas. Veja os dados e as an\u00e1lises a seguir.<\/p>\n\n\n\n<h3>Londres \u00e9 o Destino Mais Procurado em Meio ao Hype das Olimp\u00edadas de Paris<\/h3>\n\n\n\n<p>A an\u00e1lise das buscas de voos de janeiro a abril de 2024 mostra que Londres (com 5% da participa\u00e7\u00e3o nas buscas de voos para a Europa) beneficia-se do maior aumento relativo na participa\u00e7\u00e3o das buscas por viagens no ver\u00e3o de 2024 (+1,9 pontos percentuais). Esse fator \u00e9 impulsionado pela empolga\u00e7\u00e3o colateral das Olimp\u00edadas de Paris, que tem liga\u00e7\u00f5es de transporte facilmente dispon\u00edveis para a capital francesa. Paris, em si, mostra uma popularidade semelhante (+0,5 pontos percentuais de aumento), embora sua participa\u00e7\u00e3o nas buscas seja ligeiramente menor, pois muitos visitantes dos Jogos planejaram viagens diretas com anteced\u00eancia. Istambul (+0,4 %), Roma (+0,7 %) e Mil\u00e3o (+0,7 %) ganham em popularidade relativa, enquanto destinos na Espanha, Gr\u00e9cia e Portugal (incluindo Atenas, Lisboa, Madri, Palma de Maiorca) perdem espa\u00e7o ap\u00f3s desfrutarem de grande demanda nos anos p\u00f3s-COVID \u2013 refletindo mudan\u00e7as nas prefer\u00eancias dos viajantes europeus.<\/p>\n\n\n\n<p>No entanto, alguns destinos est\u00e3o contrariando essa tend\u00eancia, incluindo Tenerife (+0,41 %) e<a href=\"https:\/\/www.tripadvisor.com.br\/Attractions-g298006-Activities-Izmir_Izmir_Province_Turkish_Aegean_Coast.html\"> Izmir<\/a> na Turquia (+0,25 %), que est\u00e3o tendo o maior aumento de buscas entre destinos de m\u00e9dio porte. O crescente interesse nas cidades do norte da Europa, <a href=\"https:\/\/www.tripadvisor.com.br\/Attractions-g189970-Activities-Reykjavik_Capital_Region.html\">Reykjavik<\/a> na Isl\u00e2ndia (+0,21 %) e Munique (+0,15 %) reflete a popularidade de destinos com temperaturas mais amenas durante o ver\u00e3o entre os turistas. Na Europa Oriental, <a href=\"https:\/\/www.tripadvisor.com.br\/Attractions-g294446-Activities-Tirana_Tirana_County.html\">Tirana<\/a>, capital da Alb\u00e2nia (+0,07 %) continua a crescer em popularidade, construindo seu sucesso nos \u00faltimos anos, e \u00e9 acompanhada por <a href=\"http:\/\/Yerevan, Capital da Arm\u00eania\">Yerevan, Capital da Arm\u00eania <\/a>(+0,03 %) e <a href=\"https:\/\/viagemeturismo.abril.com.br\/mundo\/georgia-historia-passeios-e-atracoes-de-tbilisi\">Tbilisi, Capital da Georgia<\/a> (+0,09 %)  populares entre turistas europeus e russos, devido \u00e0 combina\u00e7\u00e3o de patrim\u00f4nio natural e cultural dispon\u00edvel a pre\u00e7os acess\u00edveis.<\/p>\n\n\n\n<figure class=\"wp-block-image size-large\"><img loading=\"lazy\" width=\"1024\" height=\"687\" src=\"https:\/\/blog.panrotas.com.br\/mktdestinos\/wp-content\/uploads\/sites\/23\/2024\/05\/Tirana-1024x687.jpg\" alt=\"\" class=\"wp-image-4229\" srcset=\"https:\/\/blog.panrotas.com.br\/mktdestinos\/wp-content\/uploads\/sites\/23\/2024\/05\/Tirana-1024x687.jpg 1024w, https:\/\/blog.panrotas.com.br\/mktdestinos\/wp-content\/uploads\/sites\/23\/2024\/05\/Tirana-300x201.jpg 300w, https:\/\/blog.panrotas.com.br\/mktdestinos\/wp-content\/uploads\/sites\/23\/2024\/05\/Tirana-768x515.jpg 768w, https:\/\/blog.panrotas.com.br\/mktdestinos\/wp-content\/uploads\/sites\/23\/2024\/05\/Tirana-1536x1030.jpg 1536w, https:\/\/blog.panrotas.com.br\/mktdestinos\/wp-content\/uploads\/sites\/23\/2024\/05\/Tirana-2048x1374.jpg 2048w, https:\/\/blog.panrotas.com.br\/mktdestinos\/wp-content\/uploads\/sites\/23\/2024\/05\/Tirana-740x496.jpg 740w\" sizes=\"(max-width: 1024px) 100vw, 1024px\" \/><figcaption>Muzeu historik komb\u00ebtar, Tirana, Alb\u00e2nia<\/figcaption><\/figure>\n\n\n\n<p>A an\u00e1lise dos dados de reservas antecipadas para viagens a destinos urbanos europeus em julho e agosto de 2024 revela uma mudan\u00e7a nas prefer\u00eancias dos consumidores em dire\u00e7\u00e3o a destinos de natureza (+19%) e urbanos (+14%) em detrimento de destinos tradicionais de sol e praia (+8%). Interessante notar que a busca por lugares menores e menos populares parece ser uma tend\u00eancia entre os europeus nos meses de maior movimento de turistas na regi\u00e3o.<\/p>\n\n\n\n<h3>Viajantes Europeus Focados em Destinos Asi\u00e1ticos<\/h3>\n\n\n\n<figure class=\"wp-block-image size-large\"><img loading=\"lazy\" width=\"1024\" height=\"683\" src=\"https:\/\/blog.panrotas.com.br\/mktdestinos\/wp-content\/uploads\/sites\/23\/2024\/05\/Mesquita-vermelha-1024x683.jpg\" alt=\"\" class=\"wp-image-4230\" srcset=\"https:\/\/blog.panrotas.com.br\/mktdestinos\/wp-content\/uploads\/sites\/23\/2024\/05\/Mesquita-vermelha-1024x683.jpg 1024w, https:\/\/blog.panrotas.com.br\/mktdestinos\/wp-content\/uploads\/sites\/23\/2024\/05\/Mesquita-vermelha-300x200.jpg 300w, https:\/\/blog.panrotas.com.br\/mktdestinos\/wp-content\/uploads\/sites\/23\/2024\/05\/Mesquita-vermelha-768x512.jpg 768w, https:\/\/blog.panrotas.com.br\/mktdestinos\/wp-content\/uploads\/sites\/23\/2024\/05\/Mesquita-vermelha-1536x1024.jpg 1536w, https:\/\/blog.panrotas.com.br\/mktdestinos\/wp-content\/uploads\/sites\/23\/2024\/05\/Mesquita-vermelha-2048x1365.jpg 2048w, https:\/\/blog.panrotas.com.br\/mktdestinos\/wp-content\/uploads\/sites\/23\/2024\/05\/Mesquita-vermelha-740x493.jpg 740w\" sizes=\"(max-width: 1024px) 100vw, 1024px\" \/><figcaption>Mesquita Vermelha, Pettah, Sri Lanka.<\/figcaption><\/figure>\n\n\n\n<p>As viagens de sa\u00edda da Europa tamb\u00e9m est\u00e3o mostrando tend\u00eancias claras, com crescimento ano a ano nas viagens intra-europeias (+14%) e viagens de longa dist\u00e2ncia para uma gama diversificada de mercados asi\u00e1ticos (+16%). Dados de reservas antecipadas para julho e agosto indicam que os viajantes europeus est\u00e3o cada vez mais escolhendo explorar paisagens e culturas de Pequim (+132%) em particular, bem como Osaka (+66%), Bangkok, Tail\u00e2ndia (+21%), <a href=\"https:\/\/www.tripadvisor.com.br\/Attractions-g293962-Activities-Colombo_Western_Province.html\">Colombo, Capital do Sri Lanka<\/a> (+21%) e <a href=\"https:\/\/www.tripadvisor.com.br\/Attractions-g298570-Activities-Kuala_Lumpur_Wilayah_Persekutuan.html\">Kuala Lumpur<\/a>, Mal\u00e1sia (+14%). Esses destinos se beneficiam de v\u00e1rios fatores, incluindo melhor conectividade, isen\u00e7\u00e3o de visto para europeus entrando na China e a taxa de c\u00e2mbio favor\u00e1vel do euro para o iene. O crescimento moderado na demanda por mercados dos EUA, como Chicago (+14%) e Miami (+9%), tamb\u00e9m \u00e9 not\u00e1vel.<\/p>\n","protected":false},"excerpt":{"rendered":"<p>Dados da ForwardKeys mostram a poss\u00edvel &#8220;fuga&#8221; de europeus durante as f\u00e9rias de ver\u00e3o de lugares com muita gente ou muito populares. O que podemos suspeitar com os dados a seguir \u00e9 o desejo de conhecer novos lugares, ir a cidades de menor porte e pouco desbravadas. Veja os dados e as an\u00e1lises a seguir.&hellip; <a class=\"more-link\" href=\"https:\/\/blog.panrotas.com.br\/mktdestinos\/2024\/05\/31\/recuperacao-viagens-verao-europa-2024\/\">Continue reading &rarr;<\/a><\/p>\n","protected":false},"author":21,"featured_media":4227,"comment_status":"open","ping_status":"open","sticky":false,"template":"","format":"standard","meta":{"spay_email":""},"categories":[1],"tags":[1431,1427,1428,1435,278,1424,1192,1432,1434,1429,1425,1433,1430,979,1003,1423,1426],"yoast_head":"<!-- This site is optimized with the Yoast SEO plugin v17.3 - https:\/\/yoast.com\/wordpress\/plugins\/seo\/ -->\n<title>Viagens de Ver\u00e3o na Europa: Recupera\u00e7\u00e3o Completa e Novas Tend\u00eancias que surpreendem - Marketing Destinos<\/title>\n<meta name=\"description\" content=\"Em 2024, a demanda por viagens de ver\u00e3o na Europa recuperou-se completamente, com mudan\u00e7as significativas nas prefer\u00eancias dos viajantes. Descubra as tend\u00eancias emergentes e os destinos mais populares desta temporada.\" \/>\n<meta name=\"robots\" content=\"index, follow, max-snippet:-1, max-image-preview:large, max-video-preview:-1\" \/>\n<link rel=\"canonical\" href=\"https:\/\/blog.panrotas.com.br\/mktdestinos\/2024\/05\/31\/recuperacao-viagens-verao-europa-2024\/\" \/>\n<meta property=\"og:locale\" content=\"pt_BR\" \/>\n<meta property=\"og:type\" content=\"article\" \/>\n<meta property=\"og:title\" content=\"Viagens de Ver\u00e3o na Europa: Recupera\u00e7\u00e3o Completa e Novas Tend\u00eancias que surpreendem - Marketing Destinos\" \/>\n<meta property=\"og:description\" content=\"Em 2024, a demanda por viagens de ver\u00e3o na Europa recuperou-se completamente, com mudan\u00e7as significativas nas prefer\u00eancias dos viajantes. Descubra as tend\u00eancias emergentes e os destinos mais populares desta temporada.\" \/>\n<meta property=\"og:url\" content=\"https:\/\/blog.panrotas.com.br\/mktdestinos\/2024\/05\/31\/recuperacao-viagens-verao-europa-2024\/\" \/>\n<meta property=\"og:site_name\" content=\"Marketing Destinos\" \/>\n<meta property=\"article:published_time\" content=\"2024-05-31T13:00:51+00:00\" \/>\n<meta property=\"og:image\" content=\"https:\/\/blog.panrotas.com.br\/mktdestinos\/wp-content\/uploads\/sites\/23\/2024\/05\/christian-lue-7dEyTJ7-8os-unsplash-scaled.jpeg\" \/>\n\t<meta property=\"og:image:width\" content=\"2560\" \/>\n\t<meta property=\"og:image:height\" content=\"1707\" \/>\n<meta name=\"twitter:card\" content=\"summary_large_image\" \/>\n<meta name=\"twitter:label1\" content=\"Escrito por\" \/>\n\t<meta name=\"twitter:data1\" content=\"Jeanine Pires\" \/>\n\t<meta name=\"twitter:label2\" content=\"Est. tempo de leitura\" \/>\n\t<meta name=\"twitter:data2\" content=\"3 minutos\" \/>\n<script type=\"application\/ld+json\" class=\"yoast-schema-graph\">{\"@context\":\"https:\/\/schema.org\",\"@graph\":[{\"@type\":\"WebSite\",\"@id\":\"https:\/\/blog.panrotas.com.br\/mktdestinos\/#website\",\"url\":\"https:\/\/blog.panrotas.com.br\/mktdestinos\/\",\"name\":\"Marketing Destinos\",\"description\":\"\",\"potentialAction\":[{\"@type\":\"SearchAction\",\"target\":{\"@type\":\"EntryPoint\",\"urlTemplate\":\"https:\/\/blog.panrotas.com.br\/mktdestinos\/?s={search_term_string}\"},\"query-input\":\"required name=search_term_string\"}],\"inLanguage\":\"pt-BR\"},{\"@type\":\"ImageObject\",\"@id\":\"https:\/\/blog.panrotas.com.br\/mktdestinos\/2024\/05\/31\/recuperacao-viagens-verao-europa-2024\/#primaryimage\",\"inLanguage\":\"pt-BR\",\"url\":\"https:\/\/blog.panrotas.com.br\/mktdestinos\/wp-content\/uploads\/sites\/23\/2024\/05\/christian-lue-7dEyTJ7-8os-unsplash-scaled.jpeg\",\"contentUrl\":\"https:\/\/blog.panrotas.com.br\/mktdestinos\/wp-content\/uploads\/sites\/23\/2024\/05\/christian-lue-7dEyTJ7-8os-unsplash-scaled.jpeg\",\"width\":2560,\"height\":1707},{\"@type\":\"WebPage\",\"@id\":\"https:\/\/blog.panrotas.com.br\/mktdestinos\/2024\/05\/31\/recuperacao-viagens-verao-europa-2024\/#webpage\",\"url\":\"https:\/\/blog.panrotas.com.br\/mktdestinos\/2024\/05\/31\/recuperacao-viagens-verao-europa-2024\/\",\"name\":\"Viagens de Ver\\u00e3o na Europa: Recupera\\u00e7\\u00e3o Completa e Novas Tend\\u00eancias que surpreendem - Marketing Destinos\",\"isPartOf\":{\"@id\":\"https:\/\/blog.panrotas.com.br\/mktdestinos\/#website\"},\"primaryImageOfPage\":{\"@id\":\"https:\/\/blog.panrotas.com.br\/mktdestinos\/2024\/05\/31\/recuperacao-viagens-verao-europa-2024\/#primaryimage\"},\"datePublished\":\"2024-05-31T13:00:51+00:00\",\"dateModified\":\"2024-05-31T13:00:51+00:00\",\"author\":{\"@id\":\"https:\/\/blog.panrotas.com.br\/mktdestinos\/#\/schema\/person\/6b7480064d4010fed7920e2a06e2472e\"},\"description\":\"Em 2024, a demanda por viagens de ver\\u00e3o na Europa recuperou-se completamente, com mudan\\u00e7as significativas nas prefer\\u00eancias dos viajantes. Descubra as tend\\u00eancias emergentes e os destinos mais populares desta temporada.\",\"breadcrumb\":{\"@id\":\"https:\/\/blog.panrotas.com.br\/mktdestinos\/2024\/05\/31\/recuperacao-viagens-verao-europa-2024\/#breadcrumb\"},\"inLanguage\":\"pt-BR\",\"potentialAction\":[{\"@type\":\"ReadAction\",\"target\":[\"https:\/\/blog.panrotas.com.br\/mktdestinos\/2024\/05\/31\/recuperacao-viagens-verao-europa-2024\/\"]}]},{\"@type\":\"BreadcrumbList\",\"@id\":\"https:\/\/blog.panrotas.com.br\/mktdestinos\/2024\/05\/31\/recuperacao-viagens-verao-europa-2024\/#breadcrumb\",\"itemListElement\":[{\"@type\":\"ListItem\",\"position\":1,\"name\":\"In\\u00edcio\",\"item\":\"https:\/\/blog.panrotas.com.br\/mktdestinos\/\"},{\"@type\":\"ListItem\",\"position\":2,\"name\":\"Viagens de Ver\\u00e3o na Europa: Recupera\\u00e7\\u00e3o Completa e Novas Tend\\u00eancias que surpreendem\"}]},{\"@type\":\"Person\",\"@id\":\"https:\/\/blog.panrotas.com.br\/mktdestinos\/#\/schema\/person\/6b7480064d4010fed7920e2a06e2472e\",\"name\":\"Jeanine Pires\",\"image\":{\"@type\":\"ImageObject\",\"@id\":\"https:\/\/blog.panrotas.com.br\/mktdestinos\/#personlogo\",\"inLanguage\":\"pt-BR\",\"url\":\"https:\/\/secure.gravatar.com\/avatar\/4eff31f2a3aee87600bf1f78d5953f48?s=96&d=mm&r=g\",\"contentUrl\":\"https:\/\/secure.gravatar.com\/avatar\/4eff31f2a3aee87600bf1f78d5953f48?s=96&d=mm&r=g\",\"caption\":\"Jeanine Pires\"},\"description\":\"Apaixonada pela ind\\u00fastria de viagens e turismo, h\\u00e1 31 anos atua como l\\u00edder do setor no Brasil e no exterior. J\\u00e1 Presidiu e foi Diretora da EMBRATUR entre 2003 e 2010; \\u00e9 Diretora da Pires Intelig\\u00eancia em Destinos e, no final de 2022, entrou para a CVC Corp como Diretora de Alian\\u00e7as e Rela\\u00e7\\u00f5es Governamentais. Jeanine foi Co-fundadora da startup ONER Travel em 2020 e j\\u00e1 atuou como Presidente do Conselho da Fecom\\u00e9rcio S\\u00e3o Paulo e da WTM Latin America. Com forma\\u00e7\\u00e3o e especialidade em marketing de destinos e economia do turismo, Jeanine faz palestras, cursos e consultorias.\",\"url\":\"https:\/\/blog.panrotas.com.br\/mktdestinos\/author\/jeanine\/\"}]}<\/script>\n<!-- \/ Yoast SEO plugin. -->","yoast_head_json":{"title":"Viagens de Ver\u00e3o na Europa: Recupera\u00e7\u00e3o Completa e Novas Tend\u00eancias que surpreendem - Marketing Destinos","description":"Em 2024, a demanda por viagens de ver\u00e3o na Europa recuperou-se completamente, com mudan\u00e7as significativas nas prefer\u00eancias dos viajantes. Descubra as tend\u00eancias emergentes e os destinos mais populares desta temporada.","robots":{"index":"index","follow":"follow","max-snippet":"max-snippet:-1","max-image-preview":"max-image-preview:large","max-video-preview":"max-video-preview:-1"},"canonical":"https:\/\/blog.panrotas.com.br\/mktdestinos\/2024\/05\/31\/recuperacao-viagens-verao-europa-2024\/","og_locale":"pt_BR","og_type":"article","og_title":"Viagens de Ver\u00e3o na Europa: Recupera\u00e7\u00e3o Completa e Novas Tend\u00eancias que surpreendem - Marketing Destinos","og_description":"Em 2024, a demanda por viagens de ver\u00e3o na Europa recuperou-se completamente, com mudan\u00e7as significativas nas prefer\u00eancias dos viajantes. Descubra as tend\u00eancias emergentes e os destinos mais populares desta temporada.","og_url":"https:\/\/blog.panrotas.com.br\/mktdestinos\/2024\/05\/31\/recuperacao-viagens-verao-europa-2024\/","og_site_name":"Marketing Destinos","article_published_time":"2024-05-31T13:00:51+00:00","og_image":[{"width":2560,"height":1707,"url":"https:\/\/blog.panrotas.com.br\/mktdestinos\/wp-content\/uploads\/sites\/23\/2024\/05\/christian-lue-7dEyTJ7-8os-unsplash-scaled.jpeg","type":"image\/jpeg"}],"twitter_card":"summary_large_image","twitter_misc":{"Escrito por":"Jeanine Pires","Est. tempo de leitura":"3 minutos"},"schema":{"@context":"https:\/\/schema.org","@graph":[{"@type":"WebSite","@id":"https:\/\/blog.panrotas.com.br\/mktdestinos\/#website","url":"https:\/\/blog.panrotas.com.br\/mktdestinos\/","name":"Marketing Destinos","description":"","potentialAction":[{"@type":"SearchAction","target":{"@type":"EntryPoint","urlTemplate":"https:\/\/blog.panrotas.com.br\/mktdestinos\/?s={search_term_string}"},"query-input":"required name=search_term_string"}],"inLanguage":"pt-BR"},{"@type":"ImageObject","@id":"https:\/\/blog.panrotas.com.br\/mktdestinos\/2024\/05\/31\/recuperacao-viagens-verao-europa-2024\/#primaryimage","inLanguage":"pt-BR","url":"https:\/\/blog.panrotas.com.br\/mktdestinos\/wp-content\/uploads\/sites\/23\/2024\/05\/christian-lue-7dEyTJ7-8os-unsplash-scaled.jpeg","contentUrl":"https:\/\/blog.panrotas.com.br\/mktdestinos\/wp-content\/uploads\/sites\/23\/2024\/05\/christian-lue-7dEyTJ7-8os-unsplash-scaled.jpeg","width":2560,"height":1707},{"@type":"WebPage","@id":"https:\/\/blog.panrotas.com.br\/mktdestinos\/2024\/05\/31\/recuperacao-viagens-verao-europa-2024\/#webpage","url":"https:\/\/blog.panrotas.com.br\/mktdestinos\/2024\/05\/31\/recuperacao-viagens-verao-europa-2024\/","name":"Viagens de Ver\u00e3o na Europa: Recupera\u00e7\u00e3o Completa e Novas Tend\u00eancias que surpreendem - Marketing Destinos","isPartOf":{"@id":"https:\/\/blog.panrotas.com.br\/mktdestinos\/#website"},"primaryImageOfPage":{"@id":"https:\/\/blog.panrotas.com.br\/mktdestinos\/2024\/05\/31\/recuperacao-viagens-verao-europa-2024\/#primaryimage"},"datePublished":"2024-05-31T13:00:51+00:00","dateModified":"2024-05-31T13:00:51+00:00","author":{"@id":"https:\/\/blog.panrotas.com.br\/mktdestinos\/#\/schema\/person\/6b7480064d4010fed7920e2a06e2472e"},"description":"Em 2024, a demanda por viagens de ver\u00e3o na Europa recuperou-se completamente, com mudan\u00e7as significativas nas prefer\u00eancias dos viajantes. Descubra as tend\u00eancias emergentes e os destinos mais populares desta temporada.","breadcrumb":{"@id":"https:\/\/blog.panrotas.com.br\/mktdestinos\/2024\/05\/31\/recuperacao-viagens-verao-europa-2024\/#breadcrumb"},"inLanguage":"pt-BR","potentialAction":[{"@type":"ReadAction","target":["https:\/\/blog.panrotas.com.br\/mktdestinos\/2024\/05\/31\/recuperacao-viagens-verao-europa-2024\/"]}]},{"@type":"BreadcrumbList","@id":"https:\/\/blog.panrotas.com.br\/mktdestinos\/2024\/05\/31\/recuperacao-viagens-verao-europa-2024\/#breadcrumb","itemListElement":[{"@type":"ListItem","position":1,"name":"In\u00edcio","item":"https:\/\/blog.panrotas.com.br\/mktdestinos\/"},{"@type":"ListItem","position":2,"name":"Viagens de Ver\u00e3o na Europa: Recupera\u00e7\u00e3o Completa e Novas Tend\u00eancias que surpreendem"}]},{"@type":"Person","@id":"https:\/\/blog.panrotas.com.br\/mktdestinos\/#\/schema\/person\/6b7480064d4010fed7920e2a06e2472e","name":"Jeanine Pires","image":{"@type":"ImageObject","@id":"https:\/\/blog.panrotas.com.br\/mktdestinos\/#personlogo","inLanguage":"pt-BR","url":"https:\/\/secure.gravatar.com\/avatar\/4eff31f2a3aee87600bf1f78d5953f48?s=96&d=mm&r=g","contentUrl":"https:\/\/secure.gravatar.com\/avatar\/4eff31f2a3aee87600bf1f78d5953f48?s=96&d=mm&r=g","caption":"Jeanine Pires"},"description":"Apaixonada pela ind\u00fastria de viagens e turismo, h\u00e1 31 anos atua como l\u00edder do setor no Brasil e no exterior. J\u00e1 Presidiu e foi Diretora da EMBRATUR entre 2003 e 2010; \u00e9 Diretora da Pires Intelig\u00eancia em Destinos e, no final de 2022, entrou para a CVC Corp como Diretora de Alian\u00e7as e Rela\u00e7\u00f5es Governamentais. Jeanine foi Co-fundadora da startup ONER Travel em 2020 e j\u00e1 atuou como Presidente do Conselho da Fecom\u00e9rcio S\u00e3o Paulo e da WTM Latin America. Com forma\u00e7\u00e3o e especialidade em marketing de destinos e economia do turismo, Jeanine faz palestras, cursos e consultorias.","url":"https:\/\/blog.panrotas.com.br\/mktdestinos\/author\/jeanine\/"}]}},"jetpack_featured_media_url":"https:\/\/blog.panrotas.com.br\/mktdestinos\/wp-content\/uploads\/sites\/23\/2024\/05\/christian-lue-7dEyTJ7-8os-unsplash-scaled.jpeg","_links":{"self":[{"href":"https:\/\/blog.panrotas.com.br\/mktdestinos\/wp-json\/wp\/v2\/posts\/4226"}],"collection":[{"href":"https:\/\/blog.panrotas.com.br\/mktdestinos\/wp-json\/wp\/v2\/posts"}],"about":[{"href":"https:\/\/blog.panrotas.com.br\/mktdestinos\/wp-json\/wp\/v2\/types\/post"}],"author":[{"embeddable":true,"href":"https:\/\/blog.panrotas.com.br\/mktdestinos\/wp-json\/wp\/v2\/users\/21"}],"replies":[{"embeddable":true,"href":"https:\/\/blog.panrotas.com.br\/mktdestinos\/wp-json\/wp\/v2\/comments?post=4226"}],"version-history":[{"count":2,"href":"https:\/\/blog.panrotas.com.br\/mktdestinos\/wp-json\/wp\/v2\/posts\/4226\/revisions"}],"predecessor-version":[{"id":4231,"href":"https:\/\/blog.panrotas.com.br\/mktdestinos\/wp-json\/wp\/v2\/posts\/4226\/revisions\/4231"}],"wp:featuredmedia":[{"embeddable":true,"href":"https:\/\/blog.panrotas.com.br\/mktdestinos\/wp-json\/wp\/v2\/media\/4227"}],"wp:attachment":[{"href":"https:\/\/blog.panrotas.com.br\/mktdestinos\/wp-json\/wp\/v2\/media?parent=4226"}],"wp:term":[{"taxonomy":"category","embeddable":true,"href":"https:\/\/blog.panrotas.com.br\/mktdestinos\/wp-json\/wp\/v2\/categories?post=4226"},{"taxonomy":"post_tag","embeddable":true,"href":"https:\/\/blog.panrotas.com.br\/mktdestinos\/wp-json\/wp\/v2\/tags?post=4226"}],"curies":[{"name":"wp","href":"https:\/\/api.w.org\/{rel}","templated":true}]}}