{"id":453,"date":"2012-03-05T16:38:20","date_gmt":"2012-03-05T19:38:20","guid":{"rendered":"http:\/\/blog.panrotas.com.br\/contagemregressiva\/?p=453"},"modified":"2012-03-05T16:38:20","modified_gmt":"2012-03-05T19:38:20","slug":"seguranca-publica-e-imagem-turistica","status":"publish","type":"post","link":"https:\/\/blog.panrotas.com.br\/mktdestinos\/2012\/03\/05\/seguranca-publica-e-imagem-turistica\/","title":{"rendered":"Seguran\u00e7a P\u00fablica e imagem tur\u00edstica"},"content":{"rendered":"<p>A quest\u00e3o da seguran\u00e7a p\u00fablica \u00e9 fundamental para a atra\u00e7\u00e3o de visitantes em qualquer parte do mundo. O tema, que \u00e9 raz\u00e3o de preocupa\u00e7\u00e3o, n\u00e3o s\u00f3 no Brasil, mas tamb\u00e9m em todas as regi\u00f5es do globo, \u00e9 um dos itens pesquisados em sondagens qualitativas com turistas estrangeiros. Segundo a Demanda Tur\u00edstica Internacional, estudo realizado pelo Minist\u00e9rio do Turismo\/Fipe, mais de 80% dos turistas estrangeiros entrevistados (todos no final de sua viagem ao pa\u00eds), consideraram as condi\u00e7\u00f5es de seguran\u00e7a p\u00fablica positivas no Brasil.<\/p>\n<p>Quando essa pesquisa come\u00e7ou a ser realizada, em 2004, a satisfa\u00e7\u00e3o com a seguran\u00e7a no pa\u00eds era menor, de 75%. Com o passar dos anos, os investimentos em pol\u00edticas p\u00fablicas na \u00e1rea de seguran\u00e7a come\u00e7aram a refletir na imagem que o estrangeiro leva do Brasil para a sua terra natal. Os estrangeiros que j\u00e1 visitaram o Brasil t\u00eam opini\u00e3o sobre o pa\u00eds bastante diversa daquela imagem que t\u00eam aqueles que ainda n\u00e3o nos visitaram. Ai vem a import\u00e2ncia da m\u00eddia e da nossa exposi\u00e7\u00e3o na imprensa nacional e internacional.<\/p>\n<p>Casos recentes como a greve da pol\u00edcia baiana t\u00eam repercuss\u00e3o em jornais de muitos pa\u00edses e podem trazer consequ\u00eancias de cancelamentos de pacotes no curto prazo, mas quando o problema \u00e9 solucionado de forma r\u00e1pida n\u00e3o h\u00e1 preju\u00edzo para a imagem do destino no longo prazo. Exemplo disso \u00e9 a cidade do Rio de Janeiro. O Rio investiu em projetos de pol\u00edticas p\u00fablicas e a satisfa\u00e7\u00e3o do turista em rela\u00e7\u00e3o \u00e0 cidade no que tange \u00e0 de quest\u00e3o seguran\u00e7a tamb\u00e9m aumentou nos \u00faltimos anos.<br \/>\nAvan\u00e7os existem, e ainda muitos desafios tamb\u00e9m est\u00e3o pela frente, tanto aqui no Brasil como em diversos destinos tur\u00edsticos pelo mundo.<\/p>\n<p>E os grandes eventos esportivos ? Tanto o Comit\u00ea Ol\u00edmpico Internacional (COI) quanto a FIFA s\u00e3o extremamente rigorosos quanto \u00e0s condi\u00e7\u00f5es de realiza\u00e7\u00e3o dos maiores eventos esportivos do mundo. As duas entidades aprovaram os planos de seguran\u00e7a apresentados pelo Rio (para os Jogos Ol\u00edmpicos e Paral\u00edmpicos de 2016) e pelo pa\u00eds (para a Copa do Mundo FIFA de futebol 2014). Isso mostra o quanto o Brasil e o Rio evolu\u00edram na quest\u00e3o da seguran\u00e7a p\u00fablica, apontada como um dos maiores desafios em termos de imagem para o Brasil quando o assunto \u00e9 turismo. <\/p>\n","protected":false},"excerpt":{"rendered":"<p>A quest\u00e3o da seguran\u00e7a p\u00fablica \u00e9 fundamental para a atra\u00e7\u00e3o de visitantes em qualquer parte do mundo. O tema, que \u00e9 raz\u00e3o de preocupa\u00e7\u00e3o, n\u00e3o s\u00f3 no Brasil, mas tamb\u00e9m em todas as regi\u00f5es do globo, \u00e9 um dos itens pesquisados em sondagens qualitativas com turistas estrangeiros. Segundo a Demanda Tur\u00edstica Internacional, estudo realizado pelo&hellip; <a class=\"more-link\" href=\"https:\/\/blog.panrotas.com.br\/mktdestinos\/2012\/03\/05\/seguranca-publica-e-imagem-turistica\/\">Continue reading &rarr;<\/a><\/p>\n","protected":false},"author":21,"featured_media":0,"comment_status":"open","ping_status":"open","sticky":false,"template":"","format":"standard","meta":{"spay_email":""},"categories":[4],"tags":[],"yoast_head":"<!-- This site is optimized with the Yoast SEO plugin v17.3 - https:\/\/yoast.com\/wordpress\/plugins\/seo\/ -->\n<title>Seguran\u00e7a P\u00fablica e imagem tur\u00edstica - Marketing Destinos<\/title>\n<meta name=\"robots\" content=\"index, follow, max-snippet:-1, max-image-preview:large, max-video-preview:-1\" \/>\n<link rel=\"canonical\" href=\"https:\/\/blog.panrotas.com.br\/mktdestinos\/2012\/03\/05\/seguranca-publica-e-imagem-turistica\/\" \/>\n<meta property=\"og:locale\" content=\"pt_BR\" \/>\n<meta property=\"og:type\" content=\"article\" \/>\n<meta property=\"og:title\" content=\"Seguran\u00e7a P\u00fablica e imagem tur\u00edstica - Marketing Destinos\" \/>\n<meta property=\"og:description\" content=\"A quest\u00e3o da seguran\u00e7a p\u00fablica \u00e9 fundamental para a atra\u00e7\u00e3o de visitantes em qualquer parte do mundo. O tema, que \u00e9 raz\u00e3o de preocupa\u00e7\u00e3o, n\u00e3o s\u00f3 no Brasil, mas tamb\u00e9m em todas as regi\u00f5es do globo, \u00e9 um dos itens pesquisados em sondagens qualitativas com turistas estrangeiros. Segundo a Demanda Tur\u00edstica Internacional, estudo realizado pelo&hellip; Continue reading &rarr;\" \/>\n<meta property=\"og:url\" content=\"https:\/\/blog.panrotas.com.br\/mktdestinos\/2012\/03\/05\/seguranca-publica-e-imagem-turistica\/\" \/>\n<meta property=\"og:site_name\" content=\"Marketing Destinos\" \/>\n<meta property=\"article:published_time\" content=\"2012-03-05T19:38:20+00:00\" \/>\n<meta name=\"twitter:card\" content=\"summary_large_image\" \/>\n<meta name=\"twitter:label1\" content=\"Escrito por\" \/>\n\t<meta name=\"twitter:data1\" content=\"Jeanine Pires\" \/>\n\t<meta name=\"twitter:label2\" content=\"Est. tempo de leitura\" \/>\n\t<meta name=\"twitter:data2\" content=\"2 minutos\" \/>\n<script type=\"application\/ld+json\" class=\"yoast-schema-graph\">{\"@context\":\"https:\/\/schema.org\",\"@graph\":[{\"@type\":\"WebSite\",\"@id\":\"https:\/\/blog.panrotas.com.br\/mktdestinos\/#website\",\"url\":\"https:\/\/blog.panrotas.com.br\/mktdestinos\/\",\"name\":\"Marketing Destinos\",\"description\":\"\",\"potentialAction\":[{\"@type\":\"SearchAction\",\"target\":{\"@type\":\"EntryPoint\",\"urlTemplate\":\"https:\/\/blog.panrotas.com.br\/mktdestinos\/?s={search_term_string}\"},\"query-input\":\"required name=search_term_string\"}],\"inLanguage\":\"pt-BR\"},{\"@type\":\"WebPage\",\"@id\":\"https:\/\/blog.panrotas.com.br\/mktdestinos\/2012\/03\/05\/seguranca-publica-e-imagem-turistica\/#webpage\",\"url\":\"https:\/\/blog.panrotas.com.br\/mktdestinos\/2012\/03\/05\/seguranca-publica-e-imagem-turistica\/\",\"name\":\"Seguran\\u00e7a P\\u00fablica e imagem tur\\u00edstica - Marketing Destinos\",\"isPartOf\":{\"@id\":\"https:\/\/blog.panrotas.com.br\/mktdestinos\/#website\"},\"datePublished\":\"2012-03-05T19:38:20+00:00\",\"dateModified\":\"2012-03-05T19:38:20+00:00\",\"author\":{\"@id\":\"https:\/\/blog.panrotas.com.br\/mktdestinos\/#\/schema\/person\/6b7480064d4010fed7920e2a06e2472e\"},\"breadcrumb\":{\"@id\":\"https:\/\/blog.panrotas.com.br\/mktdestinos\/2012\/03\/05\/seguranca-publica-e-imagem-turistica\/#breadcrumb\"},\"inLanguage\":\"pt-BR\",\"potentialAction\":[{\"@type\":\"ReadAction\",\"target\":[\"https:\/\/blog.panrotas.com.br\/mktdestinos\/2012\/03\/05\/seguranca-publica-e-imagem-turistica\/\"]}]},{\"@type\":\"BreadcrumbList\",\"@id\":\"https:\/\/blog.panrotas.com.br\/mktdestinos\/2012\/03\/05\/seguranca-publica-e-imagem-turistica\/#breadcrumb\",\"itemListElement\":[{\"@type\":\"ListItem\",\"position\":1,\"name\":\"In\\u00edcio\",\"item\":\"https:\/\/blog.panrotas.com.br\/mktdestinos\/\"},{\"@type\":\"ListItem\",\"position\":2,\"name\":\"Seguran\\u00e7a P\\u00fablica e imagem tur\\u00edstica\"}]},{\"@type\":\"Person\",\"@id\":\"https:\/\/blog.panrotas.com.br\/mktdestinos\/#\/schema\/person\/6b7480064d4010fed7920e2a06e2472e\",\"name\":\"Jeanine Pires\",\"image\":{\"@type\":\"ImageObject\",\"@id\":\"https:\/\/blog.panrotas.com.br\/mktdestinos\/#personlogo\",\"inLanguage\":\"pt-BR\",\"url\":\"https:\/\/secure.gravatar.com\/avatar\/4eff31f2a3aee87600bf1f78d5953f48?s=96&d=mm&r=g\",\"contentUrl\":\"https:\/\/secure.gravatar.com\/avatar\/4eff31f2a3aee87600bf1f78d5953f48?s=96&d=mm&r=g\",\"caption\":\"Jeanine Pires\"},\"description\":\"Apaixonada pela ind\\u00fastria de viagens e turismo, h\\u00e1 31 anos atua como l\\u00edder do setor no Brasil e no exterior. J\\u00e1 Presidiu e foi Diretora da EMBRATUR entre 2003 e 2010; \\u00e9 Diretora da Pires Intelig\\u00eancia em Destinos e, no final de 2022, entrou para a CVC Corp como Diretora de Alian\\u00e7as e Rela\\u00e7\\u00f5es Governamentais. Jeanine foi Co-fundadora da startup ONER Travel em 2020 e j\\u00e1 atuou como Presidente do Conselho da Fecom\\u00e9rcio S\\u00e3o Paulo e da WTM Latin America. Com forma\\u00e7\\u00e3o e especialidade em marketing de destinos e economia do turismo, Jeanine faz palestras, cursos e consultorias.\",\"url\":\"https:\/\/blog.panrotas.com.br\/mktdestinos\/author\/jeanine\/\"}]}<\/script>\n<!-- \/ Yoast SEO plugin. -->","yoast_head_json":{"title":"Seguran\u00e7a P\u00fablica e imagem tur\u00edstica - Marketing Destinos","robots":{"index":"index","follow":"follow","max-snippet":"max-snippet:-1","max-image-preview":"max-image-preview:large","max-video-preview":"max-video-preview:-1"},"canonical":"https:\/\/blog.panrotas.com.br\/mktdestinos\/2012\/03\/05\/seguranca-publica-e-imagem-turistica\/","og_locale":"pt_BR","og_type":"article","og_title":"Seguran\u00e7a P\u00fablica e imagem tur\u00edstica - Marketing Destinos","og_description":"A quest\u00e3o da seguran\u00e7a p\u00fablica \u00e9 fundamental para a atra\u00e7\u00e3o de visitantes em qualquer parte do mundo. O tema, que \u00e9 raz\u00e3o de preocupa\u00e7\u00e3o, n\u00e3o s\u00f3 no Brasil, mas tamb\u00e9m em todas as regi\u00f5es do globo, \u00e9 um dos itens pesquisados em sondagens qualitativas com turistas estrangeiros. Segundo a Demanda Tur\u00edstica Internacional, estudo realizado pelo&hellip; Continue reading &rarr;","og_url":"https:\/\/blog.panrotas.com.br\/mktdestinos\/2012\/03\/05\/seguranca-publica-e-imagem-turistica\/","og_site_name":"Marketing Destinos","article_published_time":"2012-03-05T19:38:20+00:00","twitter_card":"summary_large_image","twitter_misc":{"Escrito por":"Jeanine Pires","Est. tempo de leitura":"2 minutos"},"schema":{"@context":"https:\/\/schema.org","@graph":[{"@type":"WebSite","@id":"https:\/\/blog.panrotas.com.br\/mktdestinos\/#website","url":"https:\/\/blog.panrotas.com.br\/mktdestinos\/","name":"Marketing Destinos","description":"","potentialAction":[{"@type":"SearchAction","target":{"@type":"EntryPoint","urlTemplate":"https:\/\/blog.panrotas.com.br\/mktdestinos\/?s={search_term_string}"},"query-input":"required name=search_term_string"}],"inLanguage":"pt-BR"},{"@type":"WebPage","@id":"https:\/\/blog.panrotas.com.br\/mktdestinos\/2012\/03\/05\/seguranca-publica-e-imagem-turistica\/#webpage","url":"https:\/\/blog.panrotas.com.br\/mktdestinos\/2012\/03\/05\/seguranca-publica-e-imagem-turistica\/","name":"Seguran\u00e7a P\u00fablica e imagem tur\u00edstica - Marketing Destinos","isPartOf":{"@id":"https:\/\/blog.panrotas.com.br\/mktdestinos\/#website"},"datePublished":"2012-03-05T19:38:20+00:00","dateModified":"2012-03-05T19:38:20+00:00","author":{"@id":"https:\/\/blog.panrotas.com.br\/mktdestinos\/#\/schema\/person\/6b7480064d4010fed7920e2a06e2472e"},"breadcrumb":{"@id":"https:\/\/blog.panrotas.com.br\/mktdestinos\/2012\/03\/05\/seguranca-publica-e-imagem-turistica\/#breadcrumb"},"inLanguage":"pt-BR","potentialAction":[{"@type":"ReadAction","target":["https:\/\/blog.panrotas.com.br\/mktdestinos\/2012\/03\/05\/seguranca-publica-e-imagem-turistica\/"]}]},{"@type":"BreadcrumbList","@id":"https:\/\/blog.panrotas.com.br\/mktdestinos\/2012\/03\/05\/seguranca-publica-e-imagem-turistica\/#breadcrumb","itemListElement":[{"@type":"ListItem","position":1,"name":"In\u00edcio","item":"https:\/\/blog.panrotas.com.br\/mktdestinos\/"},{"@type":"ListItem","position":2,"name":"Seguran\u00e7a P\u00fablica e imagem tur\u00edstica"}]},{"@type":"Person","@id":"https:\/\/blog.panrotas.com.br\/mktdestinos\/#\/schema\/person\/6b7480064d4010fed7920e2a06e2472e","name":"Jeanine Pires","image":{"@type":"ImageObject","@id":"https:\/\/blog.panrotas.com.br\/mktdestinos\/#personlogo","inLanguage":"pt-BR","url":"https:\/\/secure.gravatar.com\/avatar\/4eff31f2a3aee87600bf1f78d5953f48?s=96&d=mm&r=g","contentUrl":"https:\/\/secure.gravatar.com\/avatar\/4eff31f2a3aee87600bf1f78d5953f48?s=96&d=mm&r=g","caption":"Jeanine Pires"},"description":"Apaixonada pela ind\u00fastria de viagens e turismo, h\u00e1 31 anos atua como l\u00edder do setor no Brasil e no exterior. J\u00e1 Presidiu e foi Diretora da EMBRATUR entre 2003 e 2010; \u00e9 Diretora da Pires Intelig\u00eancia em Destinos e, no final de 2022, entrou para a CVC Corp como Diretora de Alian\u00e7as e Rela\u00e7\u00f5es Governamentais. Jeanine foi Co-fundadora da startup ONER Travel em 2020 e j\u00e1 atuou como Presidente do Conselho da Fecom\u00e9rcio S\u00e3o Paulo e da WTM Latin America. Com forma\u00e7\u00e3o e especialidade em marketing de destinos e economia do turismo, Jeanine faz palestras, cursos e consultorias.","url":"https:\/\/blog.panrotas.com.br\/mktdestinos\/author\/jeanine\/"}]}},"jetpack_featured_media_url":"","_links":{"self":[{"href":"https:\/\/blog.panrotas.com.br\/mktdestinos\/wp-json\/wp\/v2\/posts\/453"}],"collection":[{"href":"https:\/\/blog.panrotas.com.br\/mktdestinos\/wp-json\/wp\/v2\/posts"}],"about":[{"href":"https:\/\/blog.panrotas.com.br\/mktdestinos\/wp-json\/wp\/v2\/types\/post"}],"author":[{"embeddable":true,"href":"https:\/\/blog.panrotas.com.br\/mktdestinos\/wp-json\/wp\/v2\/users\/21"}],"replies":[{"embeddable":true,"href":"https:\/\/blog.panrotas.com.br\/mktdestinos\/wp-json\/wp\/v2\/comments?post=453"}],"version-history":[{"count":0,"href":"https:\/\/blog.panrotas.com.br\/mktdestinos\/wp-json\/wp\/v2\/posts\/453\/revisions"}],"wp:attachment":[{"href":"https:\/\/blog.panrotas.com.br\/mktdestinos\/wp-json\/wp\/v2\/media?parent=453"}],"wp:term":[{"taxonomy":"category","embeddable":true,"href":"https:\/\/blog.panrotas.com.br\/mktdestinos\/wp-json\/wp\/v2\/categories?post=453"},{"taxonomy":"post_tag","embeddable":true,"href":"https:\/\/blog.panrotas.com.br\/mktdestinos\/wp-json\/wp\/v2\/tags?post=453"}],"curies":[{"name":"wp","href":"https:\/\/api.w.org\/{rel}","templated":true}]}}