{"id":493,"date":"2012-04-09T22:41:57","date_gmt":"2012-04-10T01:41:57","guid":{"rendered":"http:\/\/blog.panrotas.com.br\/contagemregressiva\/?p=493"},"modified":"2012-04-09T22:41:57","modified_gmt":"2012-04-10T01:41:57","slug":"dilma-e-obama-oficializam-acordo-sobre-visto","status":"publish","type":"post","link":"https:\/\/blog.panrotas.com.br\/mktdestinos\/2012\/04\/09\/dilma-e-obama-oficializam-acordo-sobre-visto\/","title":{"rendered":"Dilma e Obama oficializam acordo sobre visto"},"content":{"rendered":"<p>A visita da Presidente Dilma aos EUA no dia 9 de Abril traz grandes not\u00edcias para a ind\u00fastria de viagens e turismo.<\/p>\n<p>Al\u00e9m da formaliza\u00e7\u00e3o de uma parceria sobre avia\u00e7\u00e3o e coopera\u00e7\u00e3o para aumentar o fluxo de visitantes entre os dois pa\u00edses, os Presidentes comprometeram-se a trabalhar de forma estreita para atender aos requisitos do Programa de Dispensa de Vistos dos EUA e a lei brasileira aplic\u00e1vel \u00a0para possibilitar a entrada de visitantes entre dos dois pa\u00edses sem necessitar de visto.<\/p>\n<p>Esse \u00e9 um passo muito importante para acelerar e implementar facilita\u00e7\u00e3o das viagens, a gera\u00e7\u00e3o de mais fluxos de visitantes ser\u00e1 fator importante para a economia do Brasil e dos EUA, gerando mais empregos e mais divisas. Os americanos s\u00e3o o segundo pa\u00eds que mais envia turistas ao Brasil, foram cerca de 700 mil americanos em visita ao Brasil em 2011 com um gasto m\u00e9dia de US$ 1.370,00.<\/p>\n","protected":false},"excerpt":{"rendered":"<p>A visita da Presidente Dilma aos EUA no dia 9 de Abril traz grandes not\u00edcias para a ind\u00fastria de viagens e turismo. Al\u00e9m da formaliza\u00e7\u00e3o de uma parceria sobre avia\u00e7\u00e3o e coopera\u00e7\u00e3o para aumentar o fluxo de visitantes entre os dois pa\u00edses, os Presidentes comprometeram-se a trabalhar de forma estreita para atender aos requisitos do&hellip; <a class=\"more-link\" href=\"https:\/\/blog.panrotas.com.br\/mktdestinos\/2012\/04\/09\/dilma-e-obama-oficializam-acordo-sobre-visto\/\">Continue reading &rarr;<\/a><\/p>\n","protected":false},"author":21,"featured_media":0,"comment_status":"open","ping_status":"open","sticky":false,"template":"","format":"standard","meta":{"spay_email":""},"categories":[4],"tags":[],"yoast_head":"<!-- This site is optimized with the Yoast SEO plugin v17.3 - https:\/\/yoast.com\/wordpress\/plugins\/seo\/ -->\n<title>Dilma e Obama oficializam acordo sobre visto - Marketing Destinos<\/title>\n<meta name=\"robots\" content=\"index, follow, max-snippet:-1, max-image-preview:large, max-video-preview:-1\" \/>\n<link rel=\"canonical\" href=\"https:\/\/blog.panrotas.com.br\/mktdestinos\/2012\/04\/09\/dilma-e-obama-oficializam-acordo-sobre-visto\/\" \/>\n<meta property=\"og:locale\" content=\"pt_BR\" \/>\n<meta property=\"og:type\" content=\"article\" \/>\n<meta property=\"og:title\" content=\"Dilma e Obama oficializam acordo sobre visto - Marketing Destinos\" \/>\n<meta property=\"og:description\" content=\"A visita da Presidente Dilma aos EUA no dia 9 de Abril traz grandes not\u00edcias para a ind\u00fastria de viagens e turismo. Al\u00e9m da formaliza\u00e7\u00e3o de uma parceria sobre avia\u00e7\u00e3o e coopera\u00e7\u00e3o para aumentar o fluxo de visitantes entre os dois pa\u00edses, os Presidentes comprometeram-se a trabalhar de forma estreita para atender aos requisitos do&hellip; Continue reading &rarr;\" \/>\n<meta property=\"og:url\" content=\"https:\/\/blog.panrotas.com.br\/mktdestinos\/2012\/04\/09\/dilma-e-obama-oficializam-acordo-sobre-visto\/\" \/>\n<meta property=\"og:site_name\" content=\"Marketing Destinos\" \/>\n<meta property=\"article:published_time\" content=\"2012-04-10T01:41:57+00:00\" \/>\n<meta name=\"twitter:card\" content=\"summary_large_image\" \/>\n<meta name=\"twitter:label1\" content=\"Escrito por\" \/>\n\t<meta name=\"twitter:data1\" content=\"Jeanine Pires\" \/>\n\t<meta name=\"twitter:label2\" content=\"Est. tempo de leitura\" \/>\n\t<meta name=\"twitter:data2\" content=\"1 minuto\" \/>\n<script type=\"application\/ld+json\" class=\"yoast-schema-graph\">{\"@context\":\"https:\/\/schema.org\",\"@graph\":[{\"@type\":\"WebSite\",\"@id\":\"https:\/\/blog.panrotas.com.br\/mktdestinos\/#website\",\"url\":\"https:\/\/blog.panrotas.com.br\/mktdestinos\/\",\"name\":\"Marketing Destinos\",\"description\":\"\",\"potentialAction\":[{\"@type\":\"SearchAction\",\"target\":{\"@type\":\"EntryPoint\",\"urlTemplate\":\"https:\/\/blog.panrotas.com.br\/mktdestinos\/?s={search_term_string}\"},\"query-input\":\"required name=search_term_string\"}],\"inLanguage\":\"pt-BR\"},{\"@type\":\"WebPage\",\"@id\":\"https:\/\/blog.panrotas.com.br\/mktdestinos\/2012\/04\/09\/dilma-e-obama-oficializam-acordo-sobre-visto\/#webpage\",\"url\":\"https:\/\/blog.panrotas.com.br\/mktdestinos\/2012\/04\/09\/dilma-e-obama-oficializam-acordo-sobre-visto\/\",\"name\":\"Dilma e Obama oficializam acordo sobre visto - Marketing Destinos\",\"isPartOf\":{\"@id\":\"https:\/\/blog.panrotas.com.br\/mktdestinos\/#website\"},\"datePublished\":\"2012-04-10T01:41:57+00:00\",\"dateModified\":\"2012-04-10T01:41:57+00:00\",\"author\":{\"@id\":\"https:\/\/blog.panrotas.com.br\/mktdestinos\/#\/schema\/person\/6b7480064d4010fed7920e2a06e2472e\"},\"breadcrumb\":{\"@id\":\"https:\/\/blog.panrotas.com.br\/mktdestinos\/2012\/04\/09\/dilma-e-obama-oficializam-acordo-sobre-visto\/#breadcrumb\"},\"inLanguage\":\"pt-BR\",\"potentialAction\":[{\"@type\":\"ReadAction\",\"target\":[\"https:\/\/blog.panrotas.com.br\/mktdestinos\/2012\/04\/09\/dilma-e-obama-oficializam-acordo-sobre-visto\/\"]}]},{\"@type\":\"BreadcrumbList\",\"@id\":\"https:\/\/blog.panrotas.com.br\/mktdestinos\/2012\/04\/09\/dilma-e-obama-oficializam-acordo-sobre-visto\/#breadcrumb\",\"itemListElement\":[{\"@type\":\"ListItem\",\"position\":1,\"name\":\"In\\u00edcio\",\"item\":\"https:\/\/blog.panrotas.com.br\/mktdestinos\/\"},{\"@type\":\"ListItem\",\"position\":2,\"name\":\"Dilma e Obama oficializam acordo sobre visto\"}]},{\"@type\":\"Person\",\"@id\":\"https:\/\/blog.panrotas.com.br\/mktdestinos\/#\/schema\/person\/6b7480064d4010fed7920e2a06e2472e\",\"name\":\"Jeanine Pires\",\"image\":{\"@type\":\"ImageObject\",\"@id\":\"https:\/\/blog.panrotas.com.br\/mktdestinos\/#personlogo\",\"inLanguage\":\"pt-BR\",\"url\":\"https:\/\/secure.gravatar.com\/avatar\/4eff31f2a3aee87600bf1f78d5953f48?s=96&d=mm&r=g\",\"contentUrl\":\"https:\/\/secure.gravatar.com\/avatar\/4eff31f2a3aee87600bf1f78d5953f48?s=96&d=mm&r=g\",\"caption\":\"Jeanine Pires\"},\"description\":\"Apaixonada pela ind\\u00fastria de viagens e turismo, h\\u00e1 31 anos atua como l\\u00edder do setor no Brasil e no exterior. J\\u00e1 Presidiu e foi Diretora da EMBRATUR entre 2003 e 2010; \\u00e9 Diretora da Pires Intelig\\u00eancia em Destinos e, no final de 2022, entrou para a CVC Corp como Diretora de Alian\\u00e7as e Rela\\u00e7\\u00f5es Governamentais. Jeanine foi Co-fundadora da startup ONER Travel em 2020 e j\\u00e1 atuou como Presidente do Conselho da Fecom\\u00e9rcio S\\u00e3o Paulo e da WTM Latin America. Com forma\\u00e7\\u00e3o e especialidade em marketing de destinos e economia do turismo, Jeanine faz palestras, cursos e consultorias.\",\"url\":\"https:\/\/blog.panrotas.com.br\/mktdestinos\/author\/jeanine\/\"}]}<\/script>\n<!-- \/ Yoast SEO plugin. -->","yoast_head_json":{"title":"Dilma e Obama oficializam acordo sobre visto - Marketing Destinos","robots":{"index":"index","follow":"follow","max-snippet":"max-snippet:-1","max-image-preview":"max-image-preview:large","max-video-preview":"max-video-preview:-1"},"canonical":"https:\/\/blog.panrotas.com.br\/mktdestinos\/2012\/04\/09\/dilma-e-obama-oficializam-acordo-sobre-visto\/","og_locale":"pt_BR","og_type":"article","og_title":"Dilma e Obama oficializam acordo sobre visto - Marketing Destinos","og_description":"A visita da Presidente Dilma aos EUA no dia 9 de Abril traz grandes not\u00edcias para a ind\u00fastria de viagens e turismo. Al\u00e9m da formaliza\u00e7\u00e3o de uma parceria sobre avia\u00e7\u00e3o e coopera\u00e7\u00e3o para aumentar o fluxo de visitantes entre os dois pa\u00edses, os Presidentes comprometeram-se a trabalhar de forma estreita para atender aos requisitos do&hellip; Continue reading &rarr;","og_url":"https:\/\/blog.panrotas.com.br\/mktdestinos\/2012\/04\/09\/dilma-e-obama-oficializam-acordo-sobre-visto\/","og_site_name":"Marketing Destinos","article_published_time":"2012-04-10T01:41:57+00:00","twitter_card":"summary_large_image","twitter_misc":{"Escrito por":"Jeanine Pires","Est. tempo de leitura":"1 minuto"},"schema":{"@context":"https:\/\/schema.org","@graph":[{"@type":"WebSite","@id":"https:\/\/blog.panrotas.com.br\/mktdestinos\/#website","url":"https:\/\/blog.panrotas.com.br\/mktdestinos\/","name":"Marketing Destinos","description":"","potentialAction":[{"@type":"SearchAction","target":{"@type":"EntryPoint","urlTemplate":"https:\/\/blog.panrotas.com.br\/mktdestinos\/?s={search_term_string}"},"query-input":"required name=search_term_string"}],"inLanguage":"pt-BR"},{"@type":"WebPage","@id":"https:\/\/blog.panrotas.com.br\/mktdestinos\/2012\/04\/09\/dilma-e-obama-oficializam-acordo-sobre-visto\/#webpage","url":"https:\/\/blog.panrotas.com.br\/mktdestinos\/2012\/04\/09\/dilma-e-obama-oficializam-acordo-sobre-visto\/","name":"Dilma e Obama oficializam acordo sobre visto - Marketing Destinos","isPartOf":{"@id":"https:\/\/blog.panrotas.com.br\/mktdestinos\/#website"},"datePublished":"2012-04-10T01:41:57+00:00","dateModified":"2012-04-10T01:41:57+00:00","author":{"@id":"https:\/\/blog.panrotas.com.br\/mktdestinos\/#\/schema\/person\/6b7480064d4010fed7920e2a06e2472e"},"breadcrumb":{"@id":"https:\/\/blog.panrotas.com.br\/mktdestinos\/2012\/04\/09\/dilma-e-obama-oficializam-acordo-sobre-visto\/#breadcrumb"},"inLanguage":"pt-BR","potentialAction":[{"@type":"ReadAction","target":["https:\/\/blog.panrotas.com.br\/mktdestinos\/2012\/04\/09\/dilma-e-obama-oficializam-acordo-sobre-visto\/"]}]},{"@type":"BreadcrumbList","@id":"https:\/\/blog.panrotas.com.br\/mktdestinos\/2012\/04\/09\/dilma-e-obama-oficializam-acordo-sobre-visto\/#breadcrumb","itemListElement":[{"@type":"ListItem","position":1,"name":"In\u00edcio","item":"https:\/\/blog.panrotas.com.br\/mktdestinos\/"},{"@type":"ListItem","position":2,"name":"Dilma e Obama oficializam acordo sobre visto"}]},{"@type":"Person","@id":"https:\/\/blog.panrotas.com.br\/mktdestinos\/#\/schema\/person\/6b7480064d4010fed7920e2a06e2472e","name":"Jeanine Pires","image":{"@type":"ImageObject","@id":"https:\/\/blog.panrotas.com.br\/mktdestinos\/#personlogo","inLanguage":"pt-BR","url":"https:\/\/secure.gravatar.com\/avatar\/4eff31f2a3aee87600bf1f78d5953f48?s=96&d=mm&r=g","contentUrl":"https:\/\/secure.gravatar.com\/avatar\/4eff31f2a3aee87600bf1f78d5953f48?s=96&d=mm&r=g","caption":"Jeanine Pires"},"description":"Apaixonada pela ind\u00fastria de viagens e turismo, h\u00e1 31 anos atua como l\u00edder do setor no Brasil e no exterior. J\u00e1 Presidiu e foi Diretora da EMBRATUR entre 2003 e 2010; \u00e9 Diretora da Pires Intelig\u00eancia em Destinos e, no final de 2022, entrou para a CVC Corp como Diretora de Alian\u00e7as e Rela\u00e7\u00f5es Governamentais. Jeanine foi Co-fundadora da startup ONER Travel em 2020 e j\u00e1 atuou como Presidente do Conselho da Fecom\u00e9rcio S\u00e3o Paulo e da WTM Latin America. Com forma\u00e7\u00e3o e especialidade em marketing de destinos e economia do turismo, Jeanine faz palestras, cursos e consultorias.","url":"https:\/\/blog.panrotas.com.br\/mktdestinos\/author\/jeanine\/"}]}},"jetpack_featured_media_url":"","_links":{"self":[{"href":"https:\/\/blog.panrotas.com.br\/mktdestinos\/wp-json\/wp\/v2\/posts\/493"}],"collection":[{"href":"https:\/\/blog.panrotas.com.br\/mktdestinos\/wp-json\/wp\/v2\/posts"}],"about":[{"href":"https:\/\/blog.panrotas.com.br\/mktdestinos\/wp-json\/wp\/v2\/types\/post"}],"author":[{"embeddable":true,"href":"https:\/\/blog.panrotas.com.br\/mktdestinos\/wp-json\/wp\/v2\/users\/21"}],"replies":[{"embeddable":true,"href":"https:\/\/blog.panrotas.com.br\/mktdestinos\/wp-json\/wp\/v2\/comments?post=493"}],"version-history":[{"count":0,"href":"https:\/\/blog.panrotas.com.br\/mktdestinos\/wp-json\/wp\/v2\/posts\/493\/revisions"}],"wp:attachment":[{"href":"https:\/\/blog.panrotas.com.br\/mktdestinos\/wp-json\/wp\/v2\/media?parent=493"}],"wp:term":[{"taxonomy":"category","embeddable":true,"href":"https:\/\/blog.panrotas.com.br\/mktdestinos\/wp-json\/wp\/v2\/categories?post=493"},{"taxonomy":"post_tag","embeddable":true,"href":"https:\/\/blog.panrotas.com.br\/mktdestinos\/wp-json\/wp\/v2\/tags?post=493"}],"curies":[{"name":"wp","href":"https:\/\/api.w.org\/{rel}","templated":true}]}}