{"id":517,"date":"2012-05-04T16:55:31","date_gmt":"2012-05-04T19:55:31","guid":{"rendered":"http:\/\/blog.panrotas.com.br\/contagemregressiva\/?p=517"},"modified":"2012-05-04T16:55:31","modified_gmt":"2012-05-04T19:55:31","slug":"desempenho-da-hotelaria-de-sao","status":"publish","type":"post","link":"https:\/\/blog.panrotas.com.br\/mktdestinos\/2012\/05\/04\/desempenho-da-hotelaria-de-sao\/","title":{"rendered":"Desempenho da hotelaria de SAO"},"content":{"rendered":"<p style=\"text-align: justify\">Divulgado recentemente, o estudo \u201cDesempenho dos Meios de Hospedagem Paulistanos\u201d, elaborado pelo Observat\u00f3rio do Turismo da SPTuris, aponta que no m\u00eas de mar\u00e7o todas as categorias de hot\u00e9is da cidade de S\u00e3o Paulo apresentaram alta na taxa de ocupa\u00e7\u00e3o e nos valores das di\u00e1rias.<\/p>\n<p style=\"text-align: justify\">A taxa m\u00e9dia de ocupa\u00e7\u00e3o dos hot\u00e9is da cidade passou de 57,33% em fevereiro para 73,56% em mar\u00e7o, alta de 16,23 pontos porcentuais. Em rela\u00e7\u00e3o ao mesmo m\u00eas do ano anterior, quando o indicador atingiu taxa de 67,55%, houve alta de 6 pontos porcentuais.<\/p>\n<p style=\"text-align: justify\">Quando se analisa as categorias de hot\u00e9is, observa-se que a maior varia\u00e7\u00e3o mensal na taxa de ocupa\u00e7\u00e3o ficou por conta da \u201c<em>midscale<\/em>\u201d, que passou de 53,16% em fevereiro para 73,22% em mar\u00e7o. No entanto, em termos de maior taxa de ocupa\u00e7\u00e3o mensal, observa-se que a categoria \u201cluxo\u201d lidera o\u00a0<em>ranking<\/em> com 73,98%.<\/p>\n<p style=\"text-align: justify\">O crescimento na taxa de ocupa\u00e7\u00e3o dos hot\u00e9is na cidade de S\u00e3o Paulo \u00e9 reflexo do crescimento da economia, principalmente da ascens\u00e3o da classe m\u00e9dia brasileira. Al\u00e9m disso, n\u00e3o se deve deixar de lado que a cidade de S\u00e3o Paulo \u00e9 considerada a capital do turismo de neg\u00f3cios no Brasil, o que acaba por impactar positivamente no desempenho do setor hoteleiro.<\/p>\n<p style=\"text-align: justify\">De acordo com outra pesquisa realizada pelo Observat\u00f3rio do Turismo (\u201cPerfil dos H\u00f3spedes em meios de hospedagem paulistanos \u2013 2\u00ba semestre de 2011\u201d), 45% dos h\u00f3spedes que v\u00eam a cidade t\u00eam como motivo predominante da viagem o fator neg\u00f3cios (corporativos). Para outros 24,4%, o motivo da viagem est\u00e1 relacionado a participa\u00e7\u00e3o em eventos (feiras, congressos e conven\u00e7\u00f5es). Apenas 12,5% correspondem a lazer e entretenimento.<\/p>\n<p style=\"text-align: justify\">Por sua vez, o valor da di\u00e1ria m\u00e9dia de hospedagem na cidade de S\u00e3o Paulo vem registrando alta acima da infla\u00e7\u00e3o, alcan\u00e7ando R$ 296,32, alta de 9,32% quando comparado ao m\u00eas anterior (R$ 271,05). Todas as categorias apresentaram alta mensal. A di\u00e1ria m\u00e9dia da categoria \u201cecon\u00f4mica\u201d \u00e9 de R$ 100,59 e da categoria \u201c<em>midscale<\/em>\u201d \u00e9 de R$ 159,35. Para se hospedar na categoria \u201cluxo\u201d \u00e9 preciso gastar algo em torno de R$ 269,66 e na \u201csuper luxo\u201d, R$ 511,40.<\/p>\n<p style=\"text-align: justify\">O aumento constante nos pre\u00e7os das di\u00e1rias tamb\u00e9m pode ser justificado pelo crescimento da demanda, ainda mais quando se considera que a cidade de S\u00e3o Paulo vem cada vez mais se consolidando na realiza\u00e7\u00e3o de eventos (feiras, congressos), atraindo cada vez mais turistas. \u00a0Com o foco global de neg\u00f3cios se deslocando do eixo tradicional EUA\/Europa\/Jap\u00e3o para emergentes como os BRICs, essa demanda por S\u00e3o Paulo tem crescido ainda mais.<\/p>\n<p style=\"text-align: justify\">Analisando as regi\u00f5es da cidade de S\u00e3o Paulo, a maior taxa de ocupa\u00e7\u00e3o encontra-se na regi\u00e3o da Avenida Paulista e Vila Mariana (78,2%). Da mesma forma, \u00e9 nessa mesma regi\u00e3o que se encontra o maior valor da di\u00e1ria, em m\u00e9dia, R$ 347,34. Tais dados mostram a caracter\u00edstica da cidade como sendo o turismo de neg\u00f3cios, ou seja, os eventos, feiras e congressos s\u00e3o realizados no entorno dessa regi\u00e3o, o que facilita o deslocamento. A t\u00edtulo de curiosidade, a menor taxa de ocupa\u00e7\u00e3o hoteleira est\u00e1 situada na Zona Norte da cidade (47,83%), cuja di\u00e1ria m\u00e9dia chega a R$ 294,44.<\/p>\n<p style=\"text-align: justify\">O indicador de rentabilidade dos hot\u00e9is da cidade de S\u00e3o Paulo, que considera a di\u00e1ria m\u00e9dia e a taxa de ocupa\u00e7\u00e3o, denominado \u201c<em>RevPar<\/em>\u201d, foi de R$ 218,58 em mar\u00e7o, aumento de 37,5% em rela\u00e7\u00e3o ao m\u00eas anterior (R$ 158,93).<\/p>\n<p style=\"text-align: justify\">Como se pode perceber, o setor hoteleiro vem vivenciando um bom momento em termos de taxa de ocupa\u00e7\u00e3o, mas ainda n\u00e3o h\u00e1 muito que se comemorar, pois existem in\u00fameros gargalos a serem resolvidos para o setor, tais como quest\u00f5es relacionadas a elevada carga tribut\u00e1ria. O que deveria ser motivo para o desenvolvimento e para a\u00e7\u00f5es que mitigassem os gargalos, nem sempre funciona dessa maneira no Pa\u00eds, que ainda dificulta e encarece demais novos investimentos.<\/p>\n<p style=\"text-align: justify\">A divulga\u00e7\u00e3o do plano \u201cBrasil Maior\u201d j\u00e1 foi um grande avan\u00e7o para o setor, mas deve-se pensar em um plano que vise a expans\u00e3o do setor, considerando o al\u00e9m Copa do Mundo de 2014. \u00c9 preciso criar condi\u00e7\u00f5es para que se possa investir e expandir a atividade nos pr\u00f3ximos anos.<\/p>\n<p style=\"text-align: justify\">Fonte: Economix Digital FECOM\u00c9RCIO S\u00e3o Paulo<\/p>\n","protected":false},"excerpt":{"rendered":"<p>Divulgado recentemente, o estudo \u201cDesempenho dos Meios de Hospedagem Paulistanos\u201d, elaborado pelo Observat\u00f3rio do Turismo da SPTuris, aponta que no m\u00eas de mar\u00e7o todas as categorias de hot\u00e9is da cidade de S\u00e3o Paulo apresentaram alta na taxa de ocupa\u00e7\u00e3o e nos valores das di\u00e1rias. A taxa m\u00e9dia de ocupa\u00e7\u00e3o dos hot\u00e9is da cidade passou de&hellip; <a class=\"more-link\" href=\"https:\/\/blog.panrotas.com.br\/mktdestinos\/2012\/05\/04\/desempenho-da-hotelaria-de-sao\/\">Continue reading &rarr;<\/a><\/p>\n","protected":false},"author":21,"featured_media":0,"comment_status":"open","ping_status":"open","sticky":false,"template":"","format":"standard","meta":{"spay_email":""},"categories":[4],"tags":[],"yoast_head":"<!-- This site is optimized with the Yoast SEO plugin v17.3 - https:\/\/yoast.com\/wordpress\/plugins\/seo\/ -->\n<title>Desempenho da hotelaria de SAO - Marketing Destinos<\/title>\n<meta name=\"robots\" content=\"index, follow, max-snippet:-1, max-image-preview:large, max-video-preview:-1\" \/>\n<link rel=\"canonical\" href=\"https:\/\/blog.panrotas.com.br\/mktdestinos\/2012\/05\/04\/desempenho-da-hotelaria-de-sao\/\" \/>\n<meta property=\"og:locale\" content=\"pt_BR\" \/>\n<meta property=\"og:type\" content=\"article\" \/>\n<meta property=\"og:title\" content=\"Desempenho da hotelaria de SAO - Marketing Destinos\" \/>\n<meta property=\"og:description\" content=\"Divulgado recentemente, o estudo \u201cDesempenho dos Meios de Hospedagem Paulistanos\u201d, elaborado pelo Observat\u00f3rio do Turismo da SPTuris, aponta que no m\u00eas de mar\u00e7o todas as categorias de hot\u00e9is da cidade de S\u00e3o Paulo apresentaram alta na taxa de ocupa\u00e7\u00e3o e nos valores das di\u00e1rias. A taxa m\u00e9dia de ocupa\u00e7\u00e3o dos hot\u00e9is da cidade passou de&hellip; Continue reading &rarr;\" \/>\n<meta property=\"og:url\" content=\"https:\/\/blog.panrotas.com.br\/mktdestinos\/2012\/05\/04\/desempenho-da-hotelaria-de-sao\/\" \/>\n<meta property=\"og:site_name\" content=\"Marketing Destinos\" \/>\n<meta property=\"article:published_time\" content=\"2012-05-04T19:55:31+00:00\" \/>\n<meta name=\"twitter:card\" content=\"summary_large_image\" \/>\n<meta name=\"twitter:label1\" content=\"Escrito por\" \/>\n\t<meta name=\"twitter:data1\" content=\"Jeanine Pires\" \/>\n\t<meta name=\"twitter:label2\" content=\"Est. tempo de leitura\" \/>\n\t<meta name=\"twitter:data2\" content=\"4 minutos\" \/>\n<script type=\"application\/ld+json\" class=\"yoast-schema-graph\">{\"@context\":\"https:\/\/schema.org\",\"@graph\":[{\"@type\":\"WebSite\",\"@id\":\"https:\/\/blog.panrotas.com.br\/mktdestinos\/#website\",\"url\":\"https:\/\/blog.panrotas.com.br\/mktdestinos\/\",\"name\":\"Marketing Destinos\",\"description\":\"\",\"potentialAction\":[{\"@type\":\"SearchAction\",\"target\":{\"@type\":\"EntryPoint\",\"urlTemplate\":\"https:\/\/blog.panrotas.com.br\/mktdestinos\/?s={search_term_string}\"},\"query-input\":\"required name=search_term_string\"}],\"inLanguage\":\"pt-BR\"},{\"@type\":\"WebPage\",\"@id\":\"https:\/\/blog.panrotas.com.br\/mktdestinos\/2012\/05\/04\/desempenho-da-hotelaria-de-sao\/#webpage\",\"url\":\"https:\/\/blog.panrotas.com.br\/mktdestinos\/2012\/05\/04\/desempenho-da-hotelaria-de-sao\/\",\"name\":\"Desempenho da hotelaria de SAO - Marketing Destinos\",\"isPartOf\":{\"@id\":\"https:\/\/blog.panrotas.com.br\/mktdestinos\/#website\"},\"datePublished\":\"2012-05-04T19:55:31+00:00\",\"dateModified\":\"2012-05-04T19:55:31+00:00\",\"author\":{\"@id\":\"https:\/\/blog.panrotas.com.br\/mktdestinos\/#\/schema\/person\/6b7480064d4010fed7920e2a06e2472e\"},\"breadcrumb\":{\"@id\":\"https:\/\/blog.panrotas.com.br\/mktdestinos\/2012\/05\/04\/desempenho-da-hotelaria-de-sao\/#breadcrumb\"},\"inLanguage\":\"pt-BR\",\"potentialAction\":[{\"@type\":\"ReadAction\",\"target\":[\"https:\/\/blog.panrotas.com.br\/mktdestinos\/2012\/05\/04\/desempenho-da-hotelaria-de-sao\/\"]}]},{\"@type\":\"BreadcrumbList\",\"@id\":\"https:\/\/blog.panrotas.com.br\/mktdestinos\/2012\/05\/04\/desempenho-da-hotelaria-de-sao\/#breadcrumb\",\"itemListElement\":[{\"@type\":\"ListItem\",\"position\":1,\"name\":\"In\\u00edcio\",\"item\":\"https:\/\/blog.panrotas.com.br\/mktdestinos\/\"},{\"@type\":\"ListItem\",\"position\":2,\"name\":\"Desempenho da hotelaria de SAO\"}]},{\"@type\":\"Person\",\"@id\":\"https:\/\/blog.panrotas.com.br\/mktdestinos\/#\/schema\/person\/6b7480064d4010fed7920e2a06e2472e\",\"name\":\"Jeanine Pires\",\"image\":{\"@type\":\"ImageObject\",\"@id\":\"https:\/\/blog.panrotas.com.br\/mktdestinos\/#personlogo\",\"inLanguage\":\"pt-BR\",\"url\":\"https:\/\/secure.gravatar.com\/avatar\/4eff31f2a3aee87600bf1f78d5953f48?s=96&d=mm&r=g\",\"contentUrl\":\"https:\/\/secure.gravatar.com\/avatar\/4eff31f2a3aee87600bf1f78d5953f48?s=96&d=mm&r=g\",\"caption\":\"Jeanine Pires\"},\"description\":\"Apaixonada pela ind\\u00fastria de viagens e turismo, h\\u00e1 31 anos atua como l\\u00edder do setor no Brasil e no exterior. J\\u00e1 Presidiu e foi Diretora da EMBRATUR entre 2003 e 2010; \\u00e9 Diretora da Pires Intelig\\u00eancia em Destinos e, no final de 2022, entrou para a CVC Corp como Diretora de Alian\\u00e7as e Rela\\u00e7\\u00f5es Governamentais. Jeanine foi Co-fundadora da startup ONER Travel em 2020 e j\\u00e1 atuou como Presidente do Conselho da Fecom\\u00e9rcio S\\u00e3o Paulo e da WTM Latin America. Com forma\\u00e7\\u00e3o e especialidade em marketing de destinos e economia do turismo, Jeanine faz palestras, cursos e consultorias.\",\"url\":\"https:\/\/blog.panrotas.com.br\/mktdestinos\/author\/jeanine\/\"}]}<\/script>\n<!-- \/ Yoast SEO plugin. -->","yoast_head_json":{"title":"Desempenho da hotelaria de SAO - Marketing Destinos","robots":{"index":"index","follow":"follow","max-snippet":"max-snippet:-1","max-image-preview":"max-image-preview:large","max-video-preview":"max-video-preview:-1"},"canonical":"https:\/\/blog.panrotas.com.br\/mktdestinos\/2012\/05\/04\/desempenho-da-hotelaria-de-sao\/","og_locale":"pt_BR","og_type":"article","og_title":"Desempenho da hotelaria de SAO - Marketing Destinos","og_description":"Divulgado recentemente, o estudo \u201cDesempenho dos Meios de Hospedagem Paulistanos\u201d, elaborado pelo Observat\u00f3rio do Turismo da SPTuris, aponta que no m\u00eas de mar\u00e7o todas as categorias de hot\u00e9is da cidade de S\u00e3o Paulo apresentaram alta na taxa de ocupa\u00e7\u00e3o e nos valores das di\u00e1rias. A taxa m\u00e9dia de ocupa\u00e7\u00e3o dos hot\u00e9is da cidade passou de&hellip; Continue reading &rarr;","og_url":"https:\/\/blog.panrotas.com.br\/mktdestinos\/2012\/05\/04\/desempenho-da-hotelaria-de-sao\/","og_site_name":"Marketing Destinos","article_published_time":"2012-05-04T19:55:31+00:00","twitter_card":"summary_large_image","twitter_misc":{"Escrito por":"Jeanine Pires","Est. tempo de leitura":"4 minutos"},"schema":{"@context":"https:\/\/schema.org","@graph":[{"@type":"WebSite","@id":"https:\/\/blog.panrotas.com.br\/mktdestinos\/#website","url":"https:\/\/blog.panrotas.com.br\/mktdestinos\/","name":"Marketing Destinos","description":"","potentialAction":[{"@type":"SearchAction","target":{"@type":"EntryPoint","urlTemplate":"https:\/\/blog.panrotas.com.br\/mktdestinos\/?s={search_term_string}"},"query-input":"required name=search_term_string"}],"inLanguage":"pt-BR"},{"@type":"WebPage","@id":"https:\/\/blog.panrotas.com.br\/mktdestinos\/2012\/05\/04\/desempenho-da-hotelaria-de-sao\/#webpage","url":"https:\/\/blog.panrotas.com.br\/mktdestinos\/2012\/05\/04\/desempenho-da-hotelaria-de-sao\/","name":"Desempenho da hotelaria de SAO - Marketing Destinos","isPartOf":{"@id":"https:\/\/blog.panrotas.com.br\/mktdestinos\/#website"},"datePublished":"2012-05-04T19:55:31+00:00","dateModified":"2012-05-04T19:55:31+00:00","author":{"@id":"https:\/\/blog.panrotas.com.br\/mktdestinos\/#\/schema\/person\/6b7480064d4010fed7920e2a06e2472e"},"breadcrumb":{"@id":"https:\/\/blog.panrotas.com.br\/mktdestinos\/2012\/05\/04\/desempenho-da-hotelaria-de-sao\/#breadcrumb"},"inLanguage":"pt-BR","potentialAction":[{"@type":"ReadAction","target":["https:\/\/blog.panrotas.com.br\/mktdestinos\/2012\/05\/04\/desempenho-da-hotelaria-de-sao\/"]}]},{"@type":"BreadcrumbList","@id":"https:\/\/blog.panrotas.com.br\/mktdestinos\/2012\/05\/04\/desempenho-da-hotelaria-de-sao\/#breadcrumb","itemListElement":[{"@type":"ListItem","position":1,"name":"In\u00edcio","item":"https:\/\/blog.panrotas.com.br\/mktdestinos\/"},{"@type":"ListItem","position":2,"name":"Desempenho da hotelaria de SAO"}]},{"@type":"Person","@id":"https:\/\/blog.panrotas.com.br\/mktdestinos\/#\/schema\/person\/6b7480064d4010fed7920e2a06e2472e","name":"Jeanine Pires","image":{"@type":"ImageObject","@id":"https:\/\/blog.panrotas.com.br\/mktdestinos\/#personlogo","inLanguage":"pt-BR","url":"https:\/\/secure.gravatar.com\/avatar\/4eff31f2a3aee87600bf1f78d5953f48?s=96&d=mm&r=g","contentUrl":"https:\/\/secure.gravatar.com\/avatar\/4eff31f2a3aee87600bf1f78d5953f48?s=96&d=mm&r=g","caption":"Jeanine Pires"},"description":"Apaixonada pela ind\u00fastria de viagens e turismo, h\u00e1 31 anos atua como l\u00edder do setor no Brasil e no exterior. J\u00e1 Presidiu e foi Diretora da EMBRATUR entre 2003 e 2010; \u00e9 Diretora da Pires Intelig\u00eancia em Destinos e, no final de 2022, entrou para a CVC Corp como Diretora de Alian\u00e7as e Rela\u00e7\u00f5es Governamentais. Jeanine foi Co-fundadora da startup ONER Travel em 2020 e j\u00e1 atuou como Presidente do Conselho da Fecom\u00e9rcio S\u00e3o Paulo e da WTM Latin America. Com forma\u00e7\u00e3o e especialidade em marketing de destinos e economia do turismo, Jeanine faz palestras, cursos e consultorias.","url":"https:\/\/blog.panrotas.com.br\/mktdestinos\/author\/jeanine\/"}]}},"jetpack_featured_media_url":"","_links":{"self":[{"href":"https:\/\/blog.panrotas.com.br\/mktdestinos\/wp-json\/wp\/v2\/posts\/517"}],"collection":[{"href":"https:\/\/blog.panrotas.com.br\/mktdestinos\/wp-json\/wp\/v2\/posts"}],"about":[{"href":"https:\/\/blog.panrotas.com.br\/mktdestinos\/wp-json\/wp\/v2\/types\/post"}],"author":[{"embeddable":true,"href":"https:\/\/blog.panrotas.com.br\/mktdestinos\/wp-json\/wp\/v2\/users\/21"}],"replies":[{"embeddable":true,"href":"https:\/\/blog.panrotas.com.br\/mktdestinos\/wp-json\/wp\/v2\/comments?post=517"}],"version-history":[{"count":0,"href":"https:\/\/blog.panrotas.com.br\/mktdestinos\/wp-json\/wp\/v2\/posts\/517\/revisions"}],"wp:attachment":[{"href":"https:\/\/blog.panrotas.com.br\/mktdestinos\/wp-json\/wp\/v2\/media?parent=517"}],"wp:term":[{"taxonomy":"category","embeddable":true,"href":"https:\/\/blog.panrotas.com.br\/mktdestinos\/wp-json\/wp\/v2\/categories?post=517"},{"taxonomy":"post_tag","embeddable":true,"href":"https:\/\/blog.panrotas.com.br\/mktdestinos\/wp-json\/wp\/v2\/tags?post=517"}],"curies":[{"name":"wp","href":"https:\/\/api.w.org\/{rel}","templated":true}]}}