{"id":523,"date":"2012-05-08T10:27:05","date_gmt":"2012-05-08T13:27:05","guid":{"rendered":"http:\/\/blog.panrotas.com.br\/contagemregressiva\/?p=523"},"modified":"2012-05-08T10:27:05","modified_gmt":"2012-05-08T13:27:05","slug":"turistas-volume-e-gastos","status":"publish","type":"post","link":"https:\/\/blog.panrotas.com.br\/mktdestinos\/2012\/05\/08\/turistas-volume-e-gastos\/","title":{"rendered":"Turistas: volume e gastos"},"content":{"rendered":"<p style=\"text-align: justify\"><a href=\"http:\/\/panrotas.blog.br\/mktdestinos\/wp-content\/uploads\/sites\/23\/2012\/05\/IMG_0200.jpg\"><img loading=\"lazy\" class=\"size-medium wp-image-524 alignleft\" style=\"margin-top: 8px;margin-bottom: 8px;margin-left: 11px;margin-right: 11px\" title=\"IMG_0200\" src=\"http:\/\/blog.panrotas.com.br\/contagemregressiva\/wp-content\/uploads\/2012\/05\/IMG_0200-263x300.jpg\" alt=\"\" width=\"263\" height=\"300\" srcset=\"https:\/\/blog.panrotas.com.br\/mktdestinos\/wp-content\/uploads\/sites\/23\/2012\/05\/IMG_0200-263x300.jpg 263w, https:\/\/blog.panrotas.com.br\/mktdestinos\/wp-content\/uploads\/sites\/23\/2012\/05\/IMG_0200.jpg 300w\" sizes=\"(max-width: 263px) 100vw, 263px\" \/><\/a>Ontem a Organiza\u00e7\u00e3o Mundial de Turismo &#8211; OMT, divulgou os dados de gastos dos turistas relativos ao ano de 2011.<\/p>\n<p style=\"text-align: justify\">A tend\u00eancia mundial m\u00e9dia \u00e9 um pouco diferente daquela do continente sul-americano e do Brasil. Dois fatores marcam essa diferen\u00e7a. O primeiro \u00e9 que a m\u00e9dia de crescimento do volume de passageiros \u00e9 maior em nosso continente e em nosso pa\u00eds do que a m\u00e9dia mundial. Enquanto no ano de 2011 o mundo cresceu 4,6% no turismo, chegando a 982 milh\u00f5es de viagens internacionais, a Am\u00e9rica do Sul cresceu 9,4% com 25,8 milh\u00f5es de turistas. Destes, o Brasil tem um quinto, 5,4 milh\u00f5es, com um crescimento de 5,3%.<\/p>\n<p style=\"text-align: justify\">O outro fator \u00e9 que enquanto no mundo e na Am\u00e9rica do Sul o crescimento percentual de receitas \u00e9 menor do que o crescimento do volume, no Brasil isso se inverte. As receitas provenientes de gastos de visitantes no mundo cresceram 3,8%, na Am\u00e9rica do Sul 6,5% e no Brasil 14,46 %. Isso significa em n\u00fameros absolutos que, no mundo, cerca de 1 trilh\u00e3o de pessoas viajaram, n\u00famero que a Am\u00e9rica do Sul contribuiu com 25,8 milh\u00f5es e o Brasil 5,3 milh\u00f5es.<\/p>\n<p style=\"text-align: justify\">Considero que, cada vez mais, com as mudan\u00e7as no comportamento de visitantes, os pa\u00edses devem buscar um equil\u00edbrio nas motiva\u00e7\u00f5es e experi\u00eancias que seus visitantes podem ter. Alguns lugares podem ter maior n\u00famero de pessoas, como nas grandes cidades; outros destinos de ecoturismo e natureza, por exemplo, t\u00eam capacidade de carga limitada, ter\u00e3o menos pessoas visitando. O mais importante \u00e9 que a atividade seja sustent\u00e1vel, com resultados para aqueles que trabalham no setor, preserva\u00e7\u00e3o de recursos naturais e valoriza\u00e7\u00e3o da cultura. Onde estaria o equil\u00edbrio do Brasil em termos de volume de visitantes e gastos ?<\/p>\n","protected":false},"excerpt":{"rendered":"<p>Ontem a Organiza\u00e7\u00e3o Mundial de Turismo &#8211; OMT, divulgou os dados de gastos dos turistas relativos ao ano de 2011. A tend\u00eancia mundial m\u00e9dia \u00e9 um pouco diferente daquela do continente sul-americano e do Brasil. Dois fatores marcam essa diferen\u00e7a. O primeiro \u00e9 que a m\u00e9dia de crescimento do volume de passageiros \u00e9 maior em&hellip; <a class=\"more-link\" href=\"https:\/\/blog.panrotas.com.br\/mktdestinos\/2012\/05\/08\/turistas-volume-e-gastos\/\">Continue reading &rarr;<\/a><\/p>\n","protected":false},"author":21,"featured_media":0,"comment_status":"open","ping_status":"open","sticky":false,"template":"","format":"standard","meta":{"spay_email":""},"categories":[4],"tags":[],"yoast_head":"<!-- This site is optimized with the Yoast SEO plugin v17.3 - https:\/\/yoast.com\/wordpress\/plugins\/seo\/ -->\n<title>Turistas: volume e gastos - Marketing Destinos<\/title>\n<meta name=\"robots\" content=\"index, follow, max-snippet:-1, max-image-preview:large, max-video-preview:-1\" \/>\n<link rel=\"canonical\" href=\"https:\/\/blog.panrotas.com.br\/mktdestinos\/2012\/05\/08\/turistas-volume-e-gastos\/\" \/>\n<meta property=\"og:locale\" content=\"pt_BR\" \/>\n<meta property=\"og:type\" content=\"article\" \/>\n<meta property=\"og:title\" content=\"Turistas: volume e gastos - Marketing Destinos\" \/>\n<meta property=\"og:description\" content=\"Ontem a Organiza\u00e7\u00e3o Mundial de Turismo &#8211; OMT, divulgou os dados de gastos dos turistas relativos ao ano de 2011. A tend\u00eancia mundial m\u00e9dia \u00e9 um pouco diferente daquela do continente sul-americano e do Brasil. Dois fatores marcam essa diferen\u00e7a. O primeiro \u00e9 que a m\u00e9dia de crescimento do volume de passageiros \u00e9 maior em&hellip; Continue reading &rarr;\" \/>\n<meta property=\"og:url\" content=\"https:\/\/blog.panrotas.com.br\/mktdestinos\/2012\/05\/08\/turistas-volume-e-gastos\/\" \/>\n<meta property=\"og:site_name\" content=\"Marketing Destinos\" \/>\n<meta property=\"article:published_time\" content=\"2012-05-08T13:27:05+00:00\" \/>\n<meta property=\"og:image\" content=\"http:\/\/blog.panrotas.com.br\/contagemregressiva\/wp-content\/uploads\/2012\/05\/IMG_0200-263x300.jpg\" \/>\n<meta name=\"twitter:card\" content=\"summary_large_image\" \/>\n<meta name=\"twitter:label1\" content=\"Escrito por\" \/>\n\t<meta name=\"twitter:data1\" content=\"Jeanine Pires\" \/>\n\t<meta name=\"twitter:label2\" content=\"Est. tempo de leitura\" \/>\n\t<meta name=\"twitter:data2\" content=\"1 minuto\" \/>\n<script type=\"application\/ld+json\" class=\"yoast-schema-graph\">{\"@context\":\"https:\/\/schema.org\",\"@graph\":[{\"@type\":\"WebSite\",\"@id\":\"https:\/\/blog.panrotas.com.br\/mktdestinos\/#website\",\"url\":\"https:\/\/blog.panrotas.com.br\/mktdestinos\/\",\"name\":\"Marketing Destinos\",\"description\":\"\",\"potentialAction\":[{\"@type\":\"SearchAction\",\"target\":{\"@type\":\"EntryPoint\",\"urlTemplate\":\"https:\/\/blog.panrotas.com.br\/mktdestinos\/?s={search_term_string}\"},\"query-input\":\"required name=search_term_string\"}],\"inLanguage\":\"pt-BR\"},{\"@type\":\"ImageObject\",\"@id\":\"https:\/\/blog.panrotas.com.br\/mktdestinos\/2012\/05\/08\/turistas-volume-e-gastos\/#primaryimage\",\"inLanguage\":\"pt-BR\",\"url\":\"http:\/\/blog.panrotas.com.br\/contagemregressiva\/wp-content\/uploads\/2012\/05\/IMG_0200-263x300.jpg\",\"contentUrl\":\"http:\/\/blog.panrotas.com.br\/contagemregressiva\/wp-content\/uploads\/2012\/05\/IMG_0200-263x300.jpg\"},{\"@type\":\"WebPage\",\"@id\":\"https:\/\/blog.panrotas.com.br\/mktdestinos\/2012\/05\/08\/turistas-volume-e-gastos\/#webpage\",\"url\":\"https:\/\/blog.panrotas.com.br\/mktdestinos\/2012\/05\/08\/turistas-volume-e-gastos\/\",\"name\":\"Turistas: volume e gastos - Marketing Destinos\",\"isPartOf\":{\"@id\":\"https:\/\/blog.panrotas.com.br\/mktdestinos\/#website\"},\"primaryImageOfPage\":{\"@id\":\"https:\/\/blog.panrotas.com.br\/mktdestinos\/2012\/05\/08\/turistas-volume-e-gastos\/#primaryimage\"},\"datePublished\":\"2012-05-08T13:27:05+00:00\",\"dateModified\":\"2012-05-08T13:27:05+00:00\",\"author\":{\"@id\":\"https:\/\/blog.panrotas.com.br\/mktdestinos\/#\/schema\/person\/6b7480064d4010fed7920e2a06e2472e\"},\"breadcrumb\":{\"@id\":\"https:\/\/blog.panrotas.com.br\/mktdestinos\/2012\/05\/08\/turistas-volume-e-gastos\/#breadcrumb\"},\"inLanguage\":\"pt-BR\",\"potentialAction\":[{\"@type\":\"ReadAction\",\"target\":[\"https:\/\/blog.panrotas.com.br\/mktdestinos\/2012\/05\/08\/turistas-volume-e-gastos\/\"]}]},{\"@type\":\"BreadcrumbList\",\"@id\":\"https:\/\/blog.panrotas.com.br\/mktdestinos\/2012\/05\/08\/turistas-volume-e-gastos\/#breadcrumb\",\"itemListElement\":[{\"@type\":\"ListItem\",\"position\":1,\"name\":\"In\\u00edcio\",\"item\":\"https:\/\/blog.panrotas.com.br\/mktdestinos\/\"},{\"@type\":\"ListItem\",\"position\":2,\"name\":\"Turistas: volume e gastos\"}]},{\"@type\":\"Person\",\"@id\":\"https:\/\/blog.panrotas.com.br\/mktdestinos\/#\/schema\/person\/6b7480064d4010fed7920e2a06e2472e\",\"name\":\"Jeanine Pires\",\"image\":{\"@type\":\"ImageObject\",\"@id\":\"https:\/\/blog.panrotas.com.br\/mktdestinos\/#personlogo\",\"inLanguage\":\"pt-BR\",\"url\":\"https:\/\/secure.gravatar.com\/avatar\/4eff31f2a3aee87600bf1f78d5953f48?s=96&d=mm&r=g\",\"contentUrl\":\"https:\/\/secure.gravatar.com\/avatar\/4eff31f2a3aee87600bf1f78d5953f48?s=96&d=mm&r=g\",\"caption\":\"Jeanine Pires\"},\"description\":\"Apaixonada pela ind\\u00fastria de viagens e turismo, h\\u00e1 31 anos atua como l\\u00edder do setor no Brasil e no exterior. J\\u00e1 Presidiu e foi Diretora da EMBRATUR entre 2003 e 2010; \\u00e9 Diretora da Pires Intelig\\u00eancia em Destinos e, no final de 2022, entrou para a CVC Corp como Diretora de Alian\\u00e7as e Rela\\u00e7\\u00f5es Governamentais. Jeanine foi Co-fundadora da startup ONER Travel em 2020 e j\\u00e1 atuou como Presidente do Conselho da Fecom\\u00e9rcio S\\u00e3o Paulo e da WTM Latin America. Com forma\\u00e7\\u00e3o e especialidade em marketing de destinos e economia do turismo, Jeanine faz palestras, cursos e consultorias.\",\"url\":\"https:\/\/blog.panrotas.com.br\/mktdestinos\/author\/jeanine\/\"}]}<\/script>\n<!-- \/ Yoast SEO plugin. -->","yoast_head_json":{"title":"Turistas: volume e gastos - Marketing Destinos","robots":{"index":"index","follow":"follow","max-snippet":"max-snippet:-1","max-image-preview":"max-image-preview:large","max-video-preview":"max-video-preview:-1"},"canonical":"https:\/\/blog.panrotas.com.br\/mktdestinos\/2012\/05\/08\/turistas-volume-e-gastos\/","og_locale":"pt_BR","og_type":"article","og_title":"Turistas: volume e gastos - Marketing Destinos","og_description":"Ontem a Organiza\u00e7\u00e3o Mundial de Turismo &#8211; OMT, divulgou os dados de gastos dos turistas relativos ao ano de 2011. A tend\u00eancia mundial m\u00e9dia \u00e9 um pouco diferente daquela do continente sul-americano e do Brasil. Dois fatores marcam essa diferen\u00e7a. O primeiro \u00e9 que a m\u00e9dia de crescimento do volume de passageiros \u00e9 maior em&hellip; Continue reading &rarr;","og_url":"https:\/\/blog.panrotas.com.br\/mktdestinos\/2012\/05\/08\/turistas-volume-e-gastos\/","og_site_name":"Marketing Destinos","article_published_time":"2012-05-08T13:27:05+00:00","og_image":[{"url":"http:\/\/blog.panrotas.com.br\/contagemregressiva\/wp-content\/uploads\/2012\/05\/IMG_0200-263x300.jpg"}],"twitter_card":"summary_large_image","twitter_misc":{"Escrito por":"Jeanine Pires","Est. tempo de leitura":"1 minuto"},"schema":{"@context":"https:\/\/schema.org","@graph":[{"@type":"WebSite","@id":"https:\/\/blog.panrotas.com.br\/mktdestinos\/#website","url":"https:\/\/blog.panrotas.com.br\/mktdestinos\/","name":"Marketing Destinos","description":"","potentialAction":[{"@type":"SearchAction","target":{"@type":"EntryPoint","urlTemplate":"https:\/\/blog.panrotas.com.br\/mktdestinos\/?s={search_term_string}"},"query-input":"required name=search_term_string"}],"inLanguage":"pt-BR"},{"@type":"ImageObject","@id":"https:\/\/blog.panrotas.com.br\/mktdestinos\/2012\/05\/08\/turistas-volume-e-gastos\/#primaryimage","inLanguage":"pt-BR","url":"http:\/\/blog.panrotas.com.br\/contagemregressiva\/wp-content\/uploads\/2012\/05\/IMG_0200-263x300.jpg","contentUrl":"http:\/\/blog.panrotas.com.br\/contagemregressiva\/wp-content\/uploads\/2012\/05\/IMG_0200-263x300.jpg"},{"@type":"WebPage","@id":"https:\/\/blog.panrotas.com.br\/mktdestinos\/2012\/05\/08\/turistas-volume-e-gastos\/#webpage","url":"https:\/\/blog.panrotas.com.br\/mktdestinos\/2012\/05\/08\/turistas-volume-e-gastos\/","name":"Turistas: volume e gastos - Marketing Destinos","isPartOf":{"@id":"https:\/\/blog.panrotas.com.br\/mktdestinos\/#website"},"primaryImageOfPage":{"@id":"https:\/\/blog.panrotas.com.br\/mktdestinos\/2012\/05\/08\/turistas-volume-e-gastos\/#primaryimage"},"datePublished":"2012-05-08T13:27:05+00:00","dateModified":"2012-05-08T13:27:05+00:00","author":{"@id":"https:\/\/blog.panrotas.com.br\/mktdestinos\/#\/schema\/person\/6b7480064d4010fed7920e2a06e2472e"},"breadcrumb":{"@id":"https:\/\/blog.panrotas.com.br\/mktdestinos\/2012\/05\/08\/turistas-volume-e-gastos\/#breadcrumb"},"inLanguage":"pt-BR","potentialAction":[{"@type":"ReadAction","target":["https:\/\/blog.panrotas.com.br\/mktdestinos\/2012\/05\/08\/turistas-volume-e-gastos\/"]}]},{"@type":"BreadcrumbList","@id":"https:\/\/blog.panrotas.com.br\/mktdestinos\/2012\/05\/08\/turistas-volume-e-gastos\/#breadcrumb","itemListElement":[{"@type":"ListItem","position":1,"name":"In\u00edcio","item":"https:\/\/blog.panrotas.com.br\/mktdestinos\/"},{"@type":"ListItem","position":2,"name":"Turistas: volume e gastos"}]},{"@type":"Person","@id":"https:\/\/blog.panrotas.com.br\/mktdestinos\/#\/schema\/person\/6b7480064d4010fed7920e2a06e2472e","name":"Jeanine Pires","image":{"@type":"ImageObject","@id":"https:\/\/blog.panrotas.com.br\/mktdestinos\/#personlogo","inLanguage":"pt-BR","url":"https:\/\/secure.gravatar.com\/avatar\/4eff31f2a3aee87600bf1f78d5953f48?s=96&d=mm&r=g","contentUrl":"https:\/\/secure.gravatar.com\/avatar\/4eff31f2a3aee87600bf1f78d5953f48?s=96&d=mm&r=g","caption":"Jeanine Pires"},"description":"Apaixonada pela ind\u00fastria de viagens e turismo, h\u00e1 31 anos atua como l\u00edder do setor no Brasil e no exterior. J\u00e1 Presidiu e foi Diretora da EMBRATUR entre 2003 e 2010; \u00e9 Diretora da Pires Intelig\u00eancia em Destinos e, no final de 2022, entrou para a CVC Corp como Diretora de Alian\u00e7as e Rela\u00e7\u00f5es Governamentais. Jeanine foi Co-fundadora da startup ONER Travel em 2020 e j\u00e1 atuou como Presidente do Conselho da Fecom\u00e9rcio S\u00e3o Paulo e da WTM Latin America. Com forma\u00e7\u00e3o e especialidade em marketing de destinos e economia do turismo, Jeanine faz palestras, cursos e consultorias.","url":"https:\/\/blog.panrotas.com.br\/mktdestinos\/author\/jeanine\/"}]}},"jetpack_featured_media_url":"","_links":{"self":[{"href":"https:\/\/blog.panrotas.com.br\/mktdestinos\/wp-json\/wp\/v2\/posts\/523"}],"collection":[{"href":"https:\/\/blog.panrotas.com.br\/mktdestinos\/wp-json\/wp\/v2\/posts"}],"about":[{"href":"https:\/\/blog.panrotas.com.br\/mktdestinos\/wp-json\/wp\/v2\/types\/post"}],"author":[{"embeddable":true,"href":"https:\/\/blog.panrotas.com.br\/mktdestinos\/wp-json\/wp\/v2\/users\/21"}],"replies":[{"embeddable":true,"href":"https:\/\/blog.panrotas.com.br\/mktdestinos\/wp-json\/wp\/v2\/comments?post=523"}],"version-history":[{"count":0,"href":"https:\/\/blog.panrotas.com.br\/mktdestinos\/wp-json\/wp\/v2\/posts\/523\/revisions"}],"wp:attachment":[{"href":"https:\/\/blog.panrotas.com.br\/mktdestinos\/wp-json\/wp\/v2\/media?parent=523"}],"wp:term":[{"taxonomy":"category","embeddable":true,"href":"https:\/\/blog.panrotas.com.br\/mktdestinos\/wp-json\/wp\/v2\/categories?post=523"},{"taxonomy":"post_tag","embeddable":true,"href":"https:\/\/blog.panrotas.com.br\/mktdestinos\/wp-json\/wp\/v2\/tags?post=523"}],"curies":[{"name":"wp","href":"https:\/\/api.w.org\/{rel}","templated":true}]}}