{"id":840,"date":"2014-06-11T14:46:47","date_gmt":"2014-06-11T17:46:47","guid":{"rendered":"http:\/\/blog.panrotas.com.br\/contagemregressiva\/?p=840"},"modified":"2014-06-11T14:46:47","modified_gmt":"2014-06-11T17:46:47","slug":"estrangeiros-na-copa","status":"publish","type":"post","link":"https:\/\/blog.panrotas.com.br\/mktdestinos\/2014\/06\/11\/estrangeiros-na-copa\/","title":{"rendered":"Estrangeiros na Copa"},"content":{"rendered":"<p style=\"text-align: justify\">Estamos no in\u00edcio da Copa do Mundo FIFA e o estudo realizado pela <a href=\"http:\/\/pireseassociados.com.br\">Pires &amp; Associados<\/a> em parceria com a <a href=\"http:\/\/forwardkeys.com\">FowardKeys<\/a> na Espanha traz dados sobre as reservas a\u00e9reas dos estrangeiros para o mundial. Os dados s\u00e3o coincidentes com o volume de ingressos vendidos pela FIFA, e ainda ver\u00e3o mudar com as futuras defini\u00e7\u00f5es de chaves de jogos.<\/p>\n<p style=\"text-align: justify\">Por enquanto temos os seguintes resultados:<\/p>\n<p><span style=\"text-decoration: underline\">Destaques:<\/span><\/p>\n<ul>\n<li>As reservas internacionais aumentaram 2,2 vezes durante a Copa do Mundo de 2014 \u2013 total de 392.225;<\/li>\n<li>As reservas internacionais para chegadas ao Brasil entre junho e julho aumentaram 1,8 vezes \u2013 total de 478.456 .<\/li>\n<\/ul>\n<p><b><span style=\"text-decoration: underline\">Principais mercados emissores:<\/span><\/b><\/p>\n<p>EUA: \u00a0 \u00a0 81.339 (reservas); 22% (participa\u00e7\u00e3o); 2,2 (crescimennto)<\/p>\n<p>ARGENTINA: \u00a0 29.446 (reservas); 8% (participa\u00e7\u00e3o); 2,3 (crescimento)<\/p>\n<p>CHILE: \u00a0 19.445 (reservas); 5% (participa\u00e7\u00e3o); 4,5 (crescimento)<\/p>\n<p>&nbsp;<\/p>\n<p><b><span style=\"text-decoration: underline\">Sa\u00eddas do Brasil \u2013 junho-julho 2014:<\/span><\/b><\/p>\n<p>As sa\u00eddas do Brasil para junho e julho tiveram uma queda de 9% quando comparadas com o mesmo per\u00edodo de 2013. Na primeira etapa da Copa do Mundo haver\u00e1 um aumento de partidas do Brasil, enquanto na segunda etapa as sa\u00eddas ficar\u00e3o abaixo das registradas em 2013 (-28%) (1). A tendencia \u00e9 a retomada das viagens internacionais depois do mundial.<\/p>\n<p><b><span style=\"text-decoration: underline\">Principais destinos dos brasileiros no per\u00edodo:<\/span><\/b><\/p>\n<ul>\n<li>Os Estados Unidos t\u00eam a queda mais significativa.<\/li>\n<li>Apenas a Argentina e o Chile aumentaram as reservas para chegadas de brasileiros durante junho-julho de 2014.<\/li>\n<li>Os EUA, o principal destino, quase duplica a queda m\u00e9dia de visitantes do Brasil, enquanto a Espanha \u00e9 \u00fanico destino europeu abaixo da m\u00e9dia.<\/li>\n<\/ul>\n<p>Para acessar este e os demais estudos clique aqui:\u00a0<a title=\"Estudos Copa do Mundo FIFA 2014\" href=\"http:\/\/pireseassociados.com.br\/2014\/05\/estudo-inedito-revela-o-impacto-da-copa-do-mundo-de-2014-no-turismo-brasileiro\/\">http:\/\/pireseassociados.com.br\/2014\/05\/estudo-inedito-revela-o-impacto-da-copa-do-mundo-de-2014-no-turismo-brasileiro\/<\/a><\/p>\n<p>&nbsp;<\/p>\n","protected":false},"excerpt":{"rendered":"<p>Estamos no in\u00edcio da Copa do Mundo FIFA e o estudo realizado pela Pires &amp; Associados em parceria com a FowardKeys na Espanha traz dados sobre as reservas a\u00e9reas dos estrangeiros para o mundial. Os dados s\u00e3o coincidentes com o volume de ingressos vendidos pela FIFA, e ainda ver\u00e3o mudar com as futuras defini\u00e7\u00f5es de&hellip; <a class=\"more-link\" href=\"https:\/\/blog.panrotas.com.br\/mktdestinos\/2014\/06\/11\/estrangeiros-na-copa\/\">Continue reading &rarr;<\/a><\/p>\n","protected":false},"author":21,"featured_media":0,"comment_status":"open","ping_status":"open","sticky":false,"template":"","format":"standard","meta":{"spay_email":""},"categories":[4],"tags":[192,299,886],"yoast_head":"<!-- This site is optimized with the Yoast SEO plugin v17.3 - https:\/\/yoast.com\/wordpress\/plugins\/seo\/ -->\n<title>Estrangeiros na Copa - Marketing Destinos<\/title>\n<meta name=\"robots\" content=\"index, follow, max-snippet:-1, max-image-preview:large, max-video-preview:-1\" \/>\n<link rel=\"canonical\" href=\"https:\/\/blog.panrotas.com.br\/mktdestinos\/2014\/06\/11\/estrangeiros-na-copa\/\" \/>\n<meta property=\"og:locale\" content=\"pt_BR\" \/>\n<meta property=\"og:type\" content=\"article\" \/>\n<meta property=\"og:title\" content=\"Estrangeiros na Copa - Marketing Destinos\" \/>\n<meta property=\"og:description\" content=\"Estamos no in\u00edcio da Copa do Mundo FIFA e o estudo realizado pela Pires &amp; Associados em parceria com a FowardKeys na Espanha traz dados sobre as reservas a\u00e9reas dos estrangeiros para o mundial. Os dados s\u00e3o coincidentes com o volume de ingressos vendidos pela FIFA, e ainda ver\u00e3o mudar com as futuras defini\u00e7\u00f5es de&hellip; Continue reading &rarr;\" \/>\n<meta property=\"og:url\" content=\"https:\/\/blog.panrotas.com.br\/mktdestinos\/2014\/06\/11\/estrangeiros-na-copa\/\" \/>\n<meta property=\"og:site_name\" content=\"Marketing Destinos\" \/>\n<meta property=\"article:published_time\" content=\"2014-06-11T17:46:47+00:00\" \/>\n<meta name=\"twitter:card\" content=\"summary_large_image\" \/>\n<meta name=\"twitter:label1\" content=\"Escrito por\" \/>\n\t<meta name=\"twitter:data1\" content=\"Jeanine Pires\" \/>\n\t<meta name=\"twitter:label2\" content=\"Est. tempo de leitura\" \/>\n\t<meta name=\"twitter:data2\" content=\"1 minuto\" \/>\n<script type=\"application\/ld+json\" class=\"yoast-schema-graph\">{\"@context\":\"https:\/\/schema.org\",\"@graph\":[{\"@type\":\"WebSite\",\"@id\":\"https:\/\/blog.panrotas.com.br\/mktdestinos\/#website\",\"url\":\"https:\/\/blog.panrotas.com.br\/mktdestinos\/\",\"name\":\"Marketing Destinos\",\"description\":\"\",\"potentialAction\":[{\"@type\":\"SearchAction\",\"target\":{\"@type\":\"EntryPoint\",\"urlTemplate\":\"https:\/\/blog.panrotas.com.br\/mktdestinos\/?s={search_term_string}\"},\"query-input\":\"required name=search_term_string\"}],\"inLanguage\":\"pt-BR\"},{\"@type\":\"WebPage\",\"@id\":\"https:\/\/blog.panrotas.com.br\/mktdestinos\/2014\/06\/11\/estrangeiros-na-copa\/#webpage\",\"url\":\"https:\/\/blog.panrotas.com.br\/mktdestinos\/2014\/06\/11\/estrangeiros-na-copa\/\",\"name\":\"Estrangeiros na Copa - Marketing Destinos\",\"isPartOf\":{\"@id\":\"https:\/\/blog.panrotas.com.br\/mktdestinos\/#website\"},\"datePublished\":\"2014-06-11T17:46:47+00:00\",\"dateModified\":\"2014-06-11T17:46:47+00:00\",\"author\":{\"@id\":\"https:\/\/blog.panrotas.com.br\/mktdestinos\/#\/schema\/person\/6b7480064d4010fed7920e2a06e2472e\"},\"breadcrumb\":{\"@id\":\"https:\/\/blog.panrotas.com.br\/mktdestinos\/2014\/06\/11\/estrangeiros-na-copa\/#breadcrumb\"},\"inLanguage\":\"pt-BR\",\"potentialAction\":[{\"@type\":\"ReadAction\",\"target\":[\"https:\/\/blog.panrotas.com.br\/mktdestinos\/2014\/06\/11\/estrangeiros-na-copa\/\"]}]},{\"@type\":\"BreadcrumbList\",\"@id\":\"https:\/\/blog.panrotas.com.br\/mktdestinos\/2014\/06\/11\/estrangeiros-na-copa\/#breadcrumb\",\"itemListElement\":[{\"@type\":\"ListItem\",\"position\":1,\"name\":\"In\\u00edcio\",\"item\":\"https:\/\/blog.panrotas.com.br\/mktdestinos\/\"},{\"@type\":\"ListItem\",\"position\":2,\"name\":\"Estrangeiros na Copa\"}]},{\"@type\":\"Person\",\"@id\":\"https:\/\/blog.panrotas.com.br\/mktdestinos\/#\/schema\/person\/6b7480064d4010fed7920e2a06e2472e\",\"name\":\"Jeanine Pires\",\"image\":{\"@type\":\"ImageObject\",\"@id\":\"https:\/\/blog.panrotas.com.br\/mktdestinos\/#personlogo\",\"inLanguage\":\"pt-BR\",\"url\":\"https:\/\/secure.gravatar.com\/avatar\/4eff31f2a3aee87600bf1f78d5953f48?s=96&d=mm&r=g\",\"contentUrl\":\"https:\/\/secure.gravatar.com\/avatar\/4eff31f2a3aee87600bf1f78d5953f48?s=96&d=mm&r=g\",\"caption\":\"Jeanine Pires\"},\"description\":\"Apaixonada pela ind\\u00fastria de viagens e turismo, h\\u00e1 31 anos atua como l\\u00edder do setor no Brasil e no exterior. J\\u00e1 Presidiu e foi Diretora da EMBRATUR entre 2003 e 2010; \\u00e9 Diretora da Pires Intelig\\u00eancia em Destinos e, no final de 2022, entrou para a CVC Corp como Diretora de Alian\\u00e7as e Rela\\u00e7\\u00f5es Governamentais. Jeanine foi Co-fundadora da startup ONER Travel em 2020 e j\\u00e1 atuou como Presidente do Conselho da Fecom\\u00e9rcio S\\u00e3o Paulo e da WTM Latin America. Com forma\\u00e7\\u00e3o e especialidade em marketing de destinos e economia do turismo, Jeanine faz palestras, cursos e consultorias.\",\"url\":\"https:\/\/blog.panrotas.com.br\/mktdestinos\/author\/jeanine\/\"}]}<\/script>\n<!-- \/ Yoast SEO plugin. -->","yoast_head_json":{"title":"Estrangeiros na Copa - Marketing Destinos","robots":{"index":"index","follow":"follow","max-snippet":"max-snippet:-1","max-image-preview":"max-image-preview:large","max-video-preview":"max-video-preview:-1"},"canonical":"https:\/\/blog.panrotas.com.br\/mktdestinos\/2014\/06\/11\/estrangeiros-na-copa\/","og_locale":"pt_BR","og_type":"article","og_title":"Estrangeiros na Copa - Marketing Destinos","og_description":"Estamos no in\u00edcio da Copa do Mundo FIFA e o estudo realizado pela Pires &amp; Associados em parceria com a FowardKeys na Espanha traz dados sobre as reservas a\u00e9reas dos estrangeiros para o mundial. Os dados s\u00e3o coincidentes com o volume de ingressos vendidos pela FIFA, e ainda ver\u00e3o mudar com as futuras defini\u00e7\u00f5es de&hellip; Continue reading &rarr;","og_url":"https:\/\/blog.panrotas.com.br\/mktdestinos\/2014\/06\/11\/estrangeiros-na-copa\/","og_site_name":"Marketing Destinos","article_published_time":"2014-06-11T17:46:47+00:00","twitter_card":"summary_large_image","twitter_misc":{"Escrito por":"Jeanine Pires","Est. tempo de leitura":"1 minuto"},"schema":{"@context":"https:\/\/schema.org","@graph":[{"@type":"WebSite","@id":"https:\/\/blog.panrotas.com.br\/mktdestinos\/#website","url":"https:\/\/blog.panrotas.com.br\/mktdestinos\/","name":"Marketing Destinos","description":"","potentialAction":[{"@type":"SearchAction","target":{"@type":"EntryPoint","urlTemplate":"https:\/\/blog.panrotas.com.br\/mktdestinos\/?s={search_term_string}"},"query-input":"required name=search_term_string"}],"inLanguage":"pt-BR"},{"@type":"WebPage","@id":"https:\/\/blog.panrotas.com.br\/mktdestinos\/2014\/06\/11\/estrangeiros-na-copa\/#webpage","url":"https:\/\/blog.panrotas.com.br\/mktdestinos\/2014\/06\/11\/estrangeiros-na-copa\/","name":"Estrangeiros na Copa - Marketing Destinos","isPartOf":{"@id":"https:\/\/blog.panrotas.com.br\/mktdestinos\/#website"},"datePublished":"2014-06-11T17:46:47+00:00","dateModified":"2014-06-11T17:46:47+00:00","author":{"@id":"https:\/\/blog.panrotas.com.br\/mktdestinos\/#\/schema\/person\/6b7480064d4010fed7920e2a06e2472e"},"breadcrumb":{"@id":"https:\/\/blog.panrotas.com.br\/mktdestinos\/2014\/06\/11\/estrangeiros-na-copa\/#breadcrumb"},"inLanguage":"pt-BR","potentialAction":[{"@type":"ReadAction","target":["https:\/\/blog.panrotas.com.br\/mktdestinos\/2014\/06\/11\/estrangeiros-na-copa\/"]}]},{"@type":"BreadcrumbList","@id":"https:\/\/blog.panrotas.com.br\/mktdestinos\/2014\/06\/11\/estrangeiros-na-copa\/#breadcrumb","itemListElement":[{"@type":"ListItem","position":1,"name":"In\u00edcio","item":"https:\/\/blog.panrotas.com.br\/mktdestinos\/"},{"@type":"ListItem","position":2,"name":"Estrangeiros na Copa"}]},{"@type":"Person","@id":"https:\/\/blog.panrotas.com.br\/mktdestinos\/#\/schema\/person\/6b7480064d4010fed7920e2a06e2472e","name":"Jeanine Pires","image":{"@type":"ImageObject","@id":"https:\/\/blog.panrotas.com.br\/mktdestinos\/#personlogo","inLanguage":"pt-BR","url":"https:\/\/secure.gravatar.com\/avatar\/4eff31f2a3aee87600bf1f78d5953f48?s=96&d=mm&r=g","contentUrl":"https:\/\/secure.gravatar.com\/avatar\/4eff31f2a3aee87600bf1f78d5953f48?s=96&d=mm&r=g","caption":"Jeanine Pires"},"description":"Apaixonada pela ind\u00fastria de viagens e turismo, h\u00e1 31 anos atua como l\u00edder do setor no Brasil e no exterior. J\u00e1 Presidiu e foi Diretora da EMBRATUR entre 2003 e 2010; \u00e9 Diretora da Pires Intelig\u00eancia em Destinos e, no final de 2022, entrou para a CVC Corp como Diretora de Alian\u00e7as e Rela\u00e7\u00f5es Governamentais. Jeanine foi Co-fundadora da startup ONER Travel em 2020 e j\u00e1 atuou como Presidente do Conselho da Fecom\u00e9rcio S\u00e3o Paulo e da WTM Latin America. Com forma\u00e7\u00e3o e especialidade em marketing de destinos e economia do turismo, Jeanine faz palestras, cursos e consultorias.","url":"https:\/\/blog.panrotas.com.br\/mktdestinos\/author\/jeanine\/"}]}},"jetpack_featured_media_url":"","_links":{"self":[{"href":"https:\/\/blog.panrotas.com.br\/mktdestinos\/wp-json\/wp\/v2\/posts\/840"}],"collection":[{"href":"https:\/\/blog.panrotas.com.br\/mktdestinos\/wp-json\/wp\/v2\/posts"}],"about":[{"href":"https:\/\/blog.panrotas.com.br\/mktdestinos\/wp-json\/wp\/v2\/types\/post"}],"author":[{"embeddable":true,"href":"https:\/\/blog.panrotas.com.br\/mktdestinos\/wp-json\/wp\/v2\/users\/21"}],"replies":[{"embeddable":true,"href":"https:\/\/blog.panrotas.com.br\/mktdestinos\/wp-json\/wp\/v2\/comments?post=840"}],"version-history":[{"count":0,"href":"https:\/\/blog.panrotas.com.br\/mktdestinos\/wp-json\/wp\/v2\/posts\/840\/revisions"}],"wp:attachment":[{"href":"https:\/\/blog.panrotas.com.br\/mktdestinos\/wp-json\/wp\/v2\/media?parent=840"}],"wp:term":[{"taxonomy":"category","embeddable":true,"href":"https:\/\/blog.panrotas.com.br\/mktdestinos\/wp-json\/wp\/v2\/categories?post=840"},{"taxonomy":"post_tag","embeddable":true,"href":"https:\/\/blog.panrotas.com.br\/mktdestinos\/wp-json\/wp\/v2\/tags?post=840"}],"curies":[{"name":"wp","href":"https:\/\/api.w.org\/{rel}","templated":true}]}}