{"id":844,"date":"2014-06-27T12:54:28","date_gmt":"2014-06-27T15:54:28","guid":{"rendered":"http:\/\/blog.panrotas.com.br\/contagemregressiva\/?p=844"},"modified":"2014-06-27T12:54:28","modified_gmt":"2014-06-27T15:54:28","slug":"gastos-aqui-e-la-fora","status":"publish","type":"post","link":"https:\/\/blog.panrotas.com.br\/mktdestinos\/2014\/06\/27\/gastos-aqui-e-la-fora\/","title":{"rendered":"Gastos aqui e l\u00e1 fora"},"content":{"rendered":"<p style=\"text-align: justify\">Os dados divulgados pelo Banco Central sobre receitas e despesas do turismo no Brasil mostram comportamentos diferentes na s\u00e9rie hist\u00f3rica por causa da realiza\u00e7\u00e3o da Copa do Mundo FIFA.<br \/>\nOs gastos dos brasileiros no exterior foram negativos no primeiro trimestre do ano, mas com forte recupera\u00e7\u00e3o no m\u00eas de abril (+11%). A m\u00e9dia anual de janeiro a maio est\u00e1 praticamente zero (+0.8%).<br \/>\nOs gastos dos estrangeiros no Brasil tamb\u00e9m s\u00e3o bastante negativos no per\u00edodo de janeiro a abril, com uma pequena recupera\u00e7\u00e3o em maio (+1,81%). Mas o BC indicou grande crescimento em junho na pr\u00e9via apresentada, mas a m\u00e9dia no ano ainda est\u00e1 negativa (-6%).<br \/>\nAs perspectivas s\u00e3o de aumento ainda dos gastos dos estrangeiros no Brasil nos meses de junho e julho, efeito direto da Copa. Provavelmente o inverso ser\u00e1 verdadeiro, ou seja, nesses meses o gasto dos brasileiros no exterior deve cair. O ponto de aten\u00e7\u00e3o ser\u00e1 o segundo semestre, at\u00e9 agora sem indica\u00e7\u00f5es de que o efeito Copa ir\u00e1 se prolongar.<br \/>\nOs brasileiros j\u00e1 mostram sinais de que ir\u00e3o viajar bastante ap\u00f3s a Copa, segundo <a href=\"http:\/\/pireseassociados.com.br\/2014\/05\/estudo-inedito-revela-o-impacto-da-copa-do-mundo-de-2014-no-turismo-brasileiro\/\">estudo da FowardKeys\/ Pires&amp;Associados<\/a>.<a href=\"http:\/\/pireseassociados.com.br\/2014\/05\/estudo-inedito-revela-o-impacto-da-copa-do-mundo-de-2014-no-turismo-brasileiro\/\"><br \/>\n<\/a><\/p>\n","protected":false},"excerpt":{"rendered":"<p>Os dados divulgados pelo Banco Central sobre receitas e despesas do turismo no Brasil mostram comportamentos diferentes na s\u00e9rie hist\u00f3rica por causa da realiza\u00e7\u00e3o da Copa do Mundo FIFA. Os gastos dos brasileiros no exterior foram negativos no primeiro trimestre do ano, mas com forte recupera\u00e7\u00e3o no m\u00eas de abril (+11%). A m\u00e9dia anual de&hellip; <a class=\"more-link\" href=\"https:\/\/blog.panrotas.com.br\/mktdestinos\/2014\/06\/27\/gastos-aqui-e-la-fora\/\">Continue reading &rarr;<\/a><\/p>\n","protected":false},"author":21,"featured_media":0,"comment_status":"open","ping_status":"open","sticky":false,"template":"","format":"standard","meta":{"spay_email":""},"categories":[4],"tags":[195,381,393,886],"yoast_head":"<!-- This site is optimized with the Yoast SEO plugin v17.3 - https:\/\/yoast.com\/wordpress\/plugins\/seo\/ -->\n<title>Gastos aqui e l\u00e1 fora - Marketing Destinos<\/title>\n<meta name=\"robots\" content=\"index, follow, max-snippet:-1, max-image-preview:large, max-video-preview:-1\" \/>\n<link rel=\"canonical\" href=\"https:\/\/blog.panrotas.com.br\/mktdestinos\/2014\/06\/27\/gastos-aqui-e-la-fora\/\" \/>\n<meta property=\"og:locale\" content=\"pt_BR\" \/>\n<meta property=\"og:type\" content=\"article\" \/>\n<meta property=\"og:title\" content=\"Gastos aqui e l\u00e1 fora - Marketing Destinos\" \/>\n<meta property=\"og:description\" content=\"Os dados divulgados pelo Banco Central sobre receitas e despesas do turismo no Brasil mostram comportamentos diferentes na s\u00e9rie hist\u00f3rica por causa da realiza\u00e7\u00e3o da Copa do Mundo FIFA. Os gastos dos brasileiros no exterior foram negativos no primeiro trimestre do ano, mas com forte recupera\u00e7\u00e3o no m\u00eas de abril (+11%). A m\u00e9dia anual de&hellip; Continue reading &rarr;\" \/>\n<meta property=\"og:url\" content=\"https:\/\/blog.panrotas.com.br\/mktdestinos\/2014\/06\/27\/gastos-aqui-e-la-fora\/\" \/>\n<meta property=\"og:site_name\" content=\"Marketing Destinos\" \/>\n<meta property=\"article:published_time\" content=\"2014-06-27T15:54:28+00:00\" \/>\n<meta name=\"twitter:card\" content=\"summary_large_image\" \/>\n<meta name=\"twitter:label1\" content=\"Escrito por\" \/>\n\t<meta name=\"twitter:data1\" content=\"Jeanine Pires\" \/>\n\t<meta name=\"twitter:label2\" content=\"Est. tempo de leitura\" \/>\n\t<meta name=\"twitter:data2\" content=\"1 minuto\" \/>\n<script type=\"application\/ld+json\" class=\"yoast-schema-graph\">{\"@context\":\"https:\/\/schema.org\",\"@graph\":[{\"@type\":\"WebSite\",\"@id\":\"https:\/\/blog.panrotas.com.br\/mktdestinos\/#website\",\"url\":\"https:\/\/blog.panrotas.com.br\/mktdestinos\/\",\"name\":\"Marketing Destinos\",\"description\":\"\",\"potentialAction\":[{\"@type\":\"SearchAction\",\"target\":{\"@type\":\"EntryPoint\",\"urlTemplate\":\"https:\/\/blog.panrotas.com.br\/mktdestinos\/?s={search_term_string}\"},\"query-input\":\"required name=search_term_string\"}],\"inLanguage\":\"pt-BR\"},{\"@type\":\"WebPage\",\"@id\":\"https:\/\/blog.panrotas.com.br\/mktdestinos\/2014\/06\/27\/gastos-aqui-e-la-fora\/#webpage\",\"url\":\"https:\/\/blog.panrotas.com.br\/mktdestinos\/2014\/06\/27\/gastos-aqui-e-la-fora\/\",\"name\":\"Gastos aqui e l\\u00e1 fora - Marketing Destinos\",\"isPartOf\":{\"@id\":\"https:\/\/blog.panrotas.com.br\/mktdestinos\/#website\"},\"datePublished\":\"2014-06-27T15:54:28+00:00\",\"dateModified\":\"2014-06-27T15:54:28+00:00\",\"author\":{\"@id\":\"https:\/\/blog.panrotas.com.br\/mktdestinos\/#\/schema\/person\/6b7480064d4010fed7920e2a06e2472e\"},\"breadcrumb\":{\"@id\":\"https:\/\/blog.panrotas.com.br\/mktdestinos\/2014\/06\/27\/gastos-aqui-e-la-fora\/#breadcrumb\"},\"inLanguage\":\"pt-BR\",\"potentialAction\":[{\"@type\":\"ReadAction\",\"target\":[\"https:\/\/blog.panrotas.com.br\/mktdestinos\/2014\/06\/27\/gastos-aqui-e-la-fora\/\"]}]},{\"@type\":\"BreadcrumbList\",\"@id\":\"https:\/\/blog.panrotas.com.br\/mktdestinos\/2014\/06\/27\/gastos-aqui-e-la-fora\/#breadcrumb\",\"itemListElement\":[{\"@type\":\"ListItem\",\"position\":1,\"name\":\"In\\u00edcio\",\"item\":\"https:\/\/blog.panrotas.com.br\/mktdestinos\/\"},{\"@type\":\"ListItem\",\"position\":2,\"name\":\"Gastos aqui e l\\u00e1 fora\"}]},{\"@type\":\"Person\",\"@id\":\"https:\/\/blog.panrotas.com.br\/mktdestinos\/#\/schema\/person\/6b7480064d4010fed7920e2a06e2472e\",\"name\":\"Jeanine Pires\",\"image\":{\"@type\":\"ImageObject\",\"@id\":\"https:\/\/blog.panrotas.com.br\/mktdestinos\/#personlogo\",\"inLanguage\":\"pt-BR\",\"url\":\"https:\/\/secure.gravatar.com\/avatar\/4eff31f2a3aee87600bf1f78d5953f48?s=96&d=mm&r=g\",\"contentUrl\":\"https:\/\/secure.gravatar.com\/avatar\/4eff31f2a3aee87600bf1f78d5953f48?s=96&d=mm&r=g\",\"caption\":\"Jeanine Pires\"},\"description\":\"Apaixonada pela ind\\u00fastria de viagens e turismo, h\\u00e1 31 anos atua como l\\u00edder do setor no Brasil e no exterior. J\\u00e1 Presidiu e foi Diretora da EMBRATUR entre 2003 e 2010; \\u00e9 Diretora da Pires Intelig\\u00eancia em Destinos e, no final de 2022, entrou para a CVC Corp como Diretora de Alian\\u00e7as e Rela\\u00e7\\u00f5es Governamentais. Jeanine foi Co-fundadora da startup ONER Travel em 2020 e j\\u00e1 atuou como Presidente do Conselho da Fecom\\u00e9rcio S\\u00e3o Paulo e da WTM Latin America. Com forma\\u00e7\\u00e3o e especialidade em marketing de destinos e economia do turismo, Jeanine faz palestras, cursos e consultorias.\",\"url\":\"https:\/\/blog.panrotas.com.br\/mktdestinos\/author\/jeanine\/\"}]}<\/script>\n<!-- \/ Yoast SEO plugin. -->","yoast_head_json":{"title":"Gastos aqui e l\u00e1 fora - Marketing Destinos","robots":{"index":"index","follow":"follow","max-snippet":"max-snippet:-1","max-image-preview":"max-image-preview:large","max-video-preview":"max-video-preview:-1"},"canonical":"https:\/\/blog.panrotas.com.br\/mktdestinos\/2014\/06\/27\/gastos-aqui-e-la-fora\/","og_locale":"pt_BR","og_type":"article","og_title":"Gastos aqui e l\u00e1 fora - Marketing Destinos","og_description":"Os dados divulgados pelo Banco Central sobre receitas e despesas do turismo no Brasil mostram comportamentos diferentes na s\u00e9rie hist\u00f3rica por causa da realiza\u00e7\u00e3o da Copa do Mundo FIFA. Os gastos dos brasileiros no exterior foram negativos no primeiro trimestre do ano, mas com forte recupera\u00e7\u00e3o no m\u00eas de abril (+11%). A m\u00e9dia anual de&hellip; Continue reading &rarr;","og_url":"https:\/\/blog.panrotas.com.br\/mktdestinos\/2014\/06\/27\/gastos-aqui-e-la-fora\/","og_site_name":"Marketing Destinos","article_published_time":"2014-06-27T15:54:28+00:00","twitter_card":"summary_large_image","twitter_misc":{"Escrito por":"Jeanine Pires","Est. tempo de leitura":"1 minuto"},"schema":{"@context":"https:\/\/schema.org","@graph":[{"@type":"WebSite","@id":"https:\/\/blog.panrotas.com.br\/mktdestinos\/#website","url":"https:\/\/blog.panrotas.com.br\/mktdestinos\/","name":"Marketing Destinos","description":"","potentialAction":[{"@type":"SearchAction","target":{"@type":"EntryPoint","urlTemplate":"https:\/\/blog.panrotas.com.br\/mktdestinos\/?s={search_term_string}"},"query-input":"required name=search_term_string"}],"inLanguage":"pt-BR"},{"@type":"WebPage","@id":"https:\/\/blog.panrotas.com.br\/mktdestinos\/2014\/06\/27\/gastos-aqui-e-la-fora\/#webpage","url":"https:\/\/blog.panrotas.com.br\/mktdestinos\/2014\/06\/27\/gastos-aqui-e-la-fora\/","name":"Gastos aqui e l\u00e1 fora - Marketing Destinos","isPartOf":{"@id":"https:\/\/blog.panrotas.com.br\/mktdestinos\/#website"},"datePublished":"2014-06-27T15:54:28+00:00","dateModified":"2014-06-27T15:54:28+00:00","author":{"@id":"https:\/\/blog.panrotas.com.br\/mktdestinos\/#\/schema\/person\/6b7480064d4010fed7920e2a06e2472e"},"breadcrumb":{"@id":"https:\/\/blog.panrotas.com.br\/mktdestinos\/2014\/06\/27\/gastos-aqui-e-la-fora\/#breadcrumb"},"inLanguage":"pt-BR","potentialAction":[{"@type":"ReadAction","target":["https:\/\/blog.panrotas.com.br\/mktdestinos\/2014\/06\/27\/gastos-aqui-e-la-fora\/"]}]},{"@type":"BreadcrumbList","@id":"https:\/\/blog.panrotas.com.br\/mktdestinos\/2014\/06\/27\/gastos-aqui-e-la-fora\/#breadcrumb","itemListElement":[{"@type":"ListItem","position":1,"name":"In\u00edcio","item":"https:\/\/blog.panrotas.com.br\/mktdestinos\/"},{"@type":"ListItem","position":2,"name":"Gastos aqui e l\u00e1 fora"}]},{"@type":"Person","@id":"https:\/\/blog.panrotas.com.br\/mktdestinos\/#\/schema\/person\/6b7480064d4010fed7920e2a06e2472e","name":"Jeanine Pires","image":{"@type":"ImageObject","@id":"https:\/\/blog.panrotas.com.br\/mktdestinos\/#personlogo","inLanguage":"pt-BR","url":"https:\/\/secure.gravatar.com\/avatar\/4eff31f2a3aee87600bf1f78d5953f48?s=96&d=mm&r=g","contentUrl":"https:\/\/secure.gravatar.com\/avatar\/4eff31f2a3aee87600bf1f78d5953f48?s=96&d=mm&r=g","caption":"Jeanine Pires"},"description":"Apaixonada pela ind\u00fastria de viagens e turismo, h\u00e1 31 anos atua como l\u00edder do setor no Brasil e no exterior. J\u00e1 Presidiu e foi Diretora da EMBRATUR entre 2003 e 2010; \u00e9 Diretora da Pires Intelig\u00eancia em Destinos e, no final de 2022, entrou para a CVC Corp como Diretora de Alian\u00e7as e Rela\u00e7\u00f5es Governamentais. Jeanine foi Co-fundadora da startup ONER Travel em 2020 e j\u00e1 atuou como Presidente do Conselho da Fecom\u00e9rcio S\u00e3o Paulo e da WTM Latin America. Com forma\u00e7\u00e3o e especialidade em marketing de destinos e economia do turismo, Jeanine faz palestras, cursos e consultorias.","url":"https:\/\/blog.panrotas.com.br\/mktdestinos\/author\/jeanine\/"}]}},"jetpack_featured_media_url":"","_links":{"self":[{"href":"https:\/\/blog.panrotas.com.br\/mktdestinos\/wp-json\/wp\/v2\/posts\/844"}],"collection":[{"href":"https:\/\/blog.panrotas.com.br\/mktdestinos\/wp-json\/wp\/v2\/posts"}],"about":[{"href":"https:\/\/blog.panrotas.com.br\/mktdestinos\/wp-json\/wp\/v2\/types\/post"}],"author":[{"embeddable":true,"href":"https:\/\/blog.panrotas.com.br\/mktdestinos\/wp-json\/wp\/v2\/users\/21"}],"replies":[{"embeddable":true,"href":"https:\/\/blog.panrotas.com.br\/mktdestinos\/wp-json\/wp\/v2\/comments?post=844"}],"version-history":[{"count":0,"href":"https:\/\/blog.panrotas.com.br\/mktdestinos\/wp-json\/wp\/v2\/posts\/844\/revisions"}],"wp:attachment":[{"href":"https:\/\/blog.panrotas.com.br\/mktdestinos\/wp-json\/wp\/v2\/media?parent=844"}],"wp:term":[{"taxonomy":"category","embeddable":true,"href":"https:\/\/blog.panrotas.com.br\/mktdestinos\/wp-json\/wp\/v2\/categories?post=844"},{"taxonomy":"post_tag","embeddable":true,"href":"https:\/\/blog.panrotas.com.br\/mktdestinos\/wp-json\/wp\/v2\/tags?post=844"}],"curies":[{"name":"wp","href":"https:\/\/api.w.org\/{rel}","templated":true}]}}