{"id":870,"date":"2014-07-29T16:19:07","date_gmt":"2014-07-29T19:19:07","guid":{"rendered":"http:\/\/blog.panrotas.com.br\/contagemregressiva\/?p=870"},"modified":"2014-07-29T16:19:07","modified_gmt":"2014-07-29T19:19:07","slug":"crescem-gastos-em-viagens-a-negocios","status":"publish","type":"post","link":"https:\/\/blog.panrotas.com.br\/mktdestinos\/2014\/07\/29\/crescem-gastos-em-viagens-a-negocios\/","title":{"rendered":"Crescem gastos em viagens a neg\u00f3cios"},"content":{"rendered":"<p style=\"text-align: justify\">\u00a0 \u00a0 \u00a0 A GBTA &#8211; Global Business Travel Association, sob o patroc\u00ednio da VISA publicou seu relat\u00f3rio anual sobre as viagens de neg\u00f3cios &#8211; GBTA BTI Outlook &#8211; Annual Global Report &amp; Forecast.\u00a0O estudo mostra um levantamento em 75 pa\u00edses para entender os fatores que vem influenciando as viagens a neg\u00f3cios e conclui que os maiores gastos em viagens a neg\u00f3cios ser\u00e3o maiores nos Estados Unidos, China e Oeste da Europa. O crescimento chin\u00eas \u00e9 impressionante, em m\u00e9dia de 16,2% entre 200 e 2013, com previs\u00e3o de que a \u00c1sia Pac\u00edfico ganhe 5% em market share at\u00e9 2018.<\/p>\n<p style=\"text-align: justify\">\u00a0 \u00a0 \u00a0Cerca de 89% dos gastos em viagens de neg\u00f3cios do mundo &#8211; US$ 964 bilh\u00f5es vem do movimento da \u00c1sia Pac\u00edfico, Estados Unidos e Oeste da Europa . A China, R\u00fassia, \u00cdndia e Brasil continuar\u00e3o a crescer os gastos em viagens a neg\u00f3cios, ficando entre os quatro pa\u00edses com maior gasto.<\/p>\n<p style=\"text-align: justify\">\u00a0 \u00a0 \u00a0 Ainda de acordo com o estudo, o pre\u00e7o do petr\u00f3leo e a instabilidade pol\u00edtica s\u00e3o fatores que podem impactar negativamente os gastos nas viagens a neg\u00f3cios.<\/p>\n<p style=\"text-align: justify\">(Fonte: GMI Portal)<\/p>\n","protected":false},"excerpt":{"rendered":"<p>\u00a0 \u00a0 \u00a0 A GBTA &#8211; Global Business Travel Association, sob o patroc\u00ednio da VISA publicou seu relat\u00f3rio anual sobre as viagens de neg\u00f3cios &#8211; GBTA BTI Outlook &#8211; Annual Global Report &amp; Forecast.\u00a0O estudo mostra um levantamento em 75 pa\u00edses para entender os fatores que vem influenciando as viagens a neg\u00f3cios e conclui que&hellip; <a class=\"more-link\" href=\"https:\/\/blog.panrotas.com.br\/mktdestinos\/2014\/07\/29\/crescem-gastos-em-viagens-a-negocios\/\">Continue reading &rarr;<\/a><\/p>\n","protected":false},"author":21,"featured_media":0,"comment_status":"open","ping_status":"open","sticky":false,"template":"","format":"standard","meta":{"spay_email":""},"categories":[4],"tags":[391,400,1018],"yoast_head":"<!-- This site is optimized with the Yoast SEO plugin v17.3 - https:\/\/yoast.com\/wordpress\/plugins\/seo\/ -->\n<title>Crescem gastos em viagens a neg\u00f3cios - Marketing Destinos<\/title>\n<meta name=\"robots\" content=\"index, follow, max-snippet:-1, max-image-preview:large, max-video-preview:-1\" \/>\n<link rel=\"canonical\" href=\"https:\/\/blog.panrotas.com.br\/mktdestinos\/2014\/07\/29\/crescem-gastos-em-viagens-a-negocios\/\" \/>\n<meta property=\"og:locale\" content=\"pt_BR\" \/>\n<meta property=\"og:type\" content=\"article\" \/>\n<meta property=\"og:title\" content=\"Crescem gastos em viagens a neg\u00f3cios - Marketing Destinos\" \/>\n<meta property=\"og:description\" content=\"\u00a0 \u00a0 \u00a0 A GBTA &#8211; Global Business Travel Association, sob o patroc\u00ednio da VISA publicou seu relat\u00f3rio anual sobre as viagens de neg\u00f3cios &#8211; GBTA BTI Outlook &#8211; Annual Global Report &amp; Forecast.\u00a0O estudo mostra um levantamento em 75 pa\u00edses para entender os fatores que vem influenciando as viagens a neg\u00f3cios e conclui que&hellip; Continue reading &rarr;\" \/>\n<meta property=\"og:url\" content=\"https:\/\/blog.panrotas.com.br\/mktdestinos\/2014\/07\/29\/crescem-gastos-em-viagens-a-negocios\/\" \/>\n<meta property=\"og:site_name\" content=\"Marketing Destinos\" \/>\n<meta property=\"article:published_time\" content=\"2014-07-29T19:19:07+00:00\" \/>\n<meta name=\"twitter:card\" content=\"summary_large_image\" \/>\n<meta name=\"twitter:label1\" content=\"Escrito por\" \/>\n\t<meta name=\"twitter:data1\" content=\"Jeanine Pires\" \/>\n\t<meta name=\"twitter:label2\" content=\"Est. tempo de leitura\" \/>\n\t<meta name=\"twitter:data2\" content=\"1 minuto\" \/>\n<script type=\"application\/ld+json\" class=\"yoast-schema-graph\">{\"@context\":\"https:\/\/schema.org\",\"@graph\":[{\"@type\":\"WebSite\",\"@id\":\"https:\/\/blog.panrotas.com.br\/mktdestinos\/#website\",\"url\":\"https:\/\/blog.panrotas.com.br\/mktdestinos\/\",\"name\":\"Marketing Destinos\",\"description\":\"\",\"potentialAction\":[{\"@type\":\"SearchAction\",\"target\":{\"@type\":\"EntryPoint\",\"urlTemplate\":\"https:\/\/blog.panrotas.com.br\/mktdestinos\/?s={search_term_string}\"},\"query-input\":\"required name=search_term_string\"}],\"inLanguage\":\"pt-BR\"},{\"@type\":\"WebPage\",\"@id\":\"https:\/\/blog.panrotas.com.br\/mktdestinos\/2014\/07\/29\/crescem-gastos-em-viagens-a-negocios\/#webpage\",\"url\":\"https:\/\/blog.panrotas.com.br\/mktdestinos\/2014\/07\/29\/crescem-gastos-em-viagens-a-negocios\/\",\"name\":\"Crescem gastos em viagens a neg\\u00f3cios - Marketing Destinos\",\"isPartOf\":{\"@id\":\"https:\/\/blog.panrotas.com.br\/mktdestinos\/#website\"},\"datePublished\":\"2014-07-29T19:19:07+00:00\",\"dateModified\":\"2014-07-29T19:19:07+00:00\",\"author\":{\"@id\":\"https:\/\/blog.panrotas.com.br\/mktdestinos\/#\/schema\/person\/6b7480064d4010fed7920e2a06e2472e\"},\"breadcrumb\":{\"@id\":\"https:\/\/blog.panrotas.com.br\/mktdestinos\/2014\/07\/29\/crescem-gastos-em-viagens-a-negocios\/#breadcrumb\"},\"inLanguage\":\"pt-BR\",\"potentialAction\":[{\"@type\":\"ReadAction\",\"target\":[\"https:\/\/blog.panrotas.com.br\/mktdestinos\/2014\/07\/29\/crescem-gastos-em-viagens-a-negocios\/\"]}]},{\"@type\":\"BreadcrumbList\",\"@id\":\"https:\/\/blog.panrotas.com.br\/mktdestinos\/2014\/07\/29\/crescem-gastos-em-viagens-a-negocios\/#breadcrumb\",\"itemListElement\":[{\"@type\":\"ListItem\",\"position\":1,\"name\":\"In\\u00edcio\",\"item\":\"https:\/\/blog.panrotas.com.br\/mktdestinos\/\"},{\"@type\":\"ListItem\",\"position\":2,\"name\":\"Crescem gastos em viagens a neg\\u00f3cios\"}]},{\"@type\":\"Person\",\"@id\":\"https:\/\/blog.panrotas.com.br\/mktdestinos\/#\/schema\/person\/6b7480064d4010fed7920e2a06e2472e\",\"name\":\"Jeanine Pires\",\"image\":{\"@type\":\"ImageObject\",\"@id\":\"https:\/\/blog.panrotas.com.br\/mktdestinos\/#personlogo\",\"inLanguage\":\"pt-BR\",\"url\":\"https:\/\/secure.gravatar.com\/avatar\/4eff31f2a3aee87600bf1f78d5953f48?s=96&d=mm&r=g\",\"contentUrl\":\"https:\/\/secure.gravatar.com\/avatar\/4eff31f2a3aee87600bf1f78d5953f48?s=96&d=mm&r=g\",\"caption\":\"Jeanine Pires\"},\"description\":\"Apaixonada pela ind\\u00fastria de viagens e turismo, h\\u00e1 31 anos atua como l\\u00edder do setor no Brasil e no exterior. J\\u00e1 Presidiu e foi Diretora da EMBRATUR entre 2003 e 2010; \\u00e9 Diretora da Pires Intelig\\u00eancia em Destinos e, no final de 2022, entrou para a CVC Corp como Diretora de Alian\\u00e7as e Rela\\u00e7\\u00f5es Governamentais. Jeanine foi Co-fundadora da startup ONER Travel em 2020 e j\\u00e1 atuou como Presidente do Conselho da Fecom\\u00e9rcio S\\u00e3o Paulo e da WTM Latin America. Com forma\\u00e7\\u00e3o e especialidade em marketing de destinos e economia do turismo, Jeanine faz palestras, cursos e consultorias.\",\"url\":\"https:\/\/blog.panrotas.com.br\/mktdestinos\/author\/jeanine\/\"}]}<\/script>\n<!-- \/ Yoast SEO plugin. -->","yoast_head_json":{"title":"Crescem gastos em viagens a neg\u00f3cios - Marketing Destinos","robots":{"index":"index","follow":"follow","max-snippet":"max-snippet:-1","max-image-preview":"max-image-preview:large","max-video-preview":"max-video-preview:-1"},"canonical":"https:\/\/blog.panrotas.com.br\/mktdestinos\/2014\/07\/29\/crescem-gastos-em-viagens-a-negocios\/","og_locale":"pt_BR","og_type":"article","og_title":"Crescem gastos em viagens a neg\u00f3cios - Marketing Destinos","og_description":"\u00a0 \u00a0 \u00a0 A GBTA &#8211; Global Business Travel Association, sob o patroc\u00ednio da VISA publicou seu relat\u00f3rio anual sobre as viagens de neg\u00f3cios &#8211; GBTA BTI Outlook &#8211; Annual Global Report &amp; Forecast.\u00a0O estudo mostra um levantamento em 75 pa\u00edses para entender os fatores que vem influenciando as viagens a neg\u00f3cios e conclui que&hellip; Continue reading &rarr;","og_url":"https:\/\/blog.panrotas.com.br\/mktdestinos\/2014\/07\/29\/crescem-gastos-em-viagens-a-negocios\/","og_site_name":"Marketing Destinos","article_published_time":"2014-07-29T19:19:07+00:00","twitter_card":"summary_large_image","twitter_misc":{"Escrito por":"Jeanine Pires","Est. tempo de leitura":"1 minuto"},"schema":{"@context":"https:\/\/schema.org","@graph":[{"@type":"WebSite","@id":"https:\/\/blog.panrotas.com.br\/mktdestinos\/#website","url":"https:\/\/blog.panrotas.com.br\/mktdestinos\/","name":"Marketing Destinos","description":"","potentialAction":[{"@type":"SearchAction","target":{"@type":"EntryPoint","urlTemplate":"https:\/\/blog.panrotas.com.br\/mktdestinos\/?s={search_term_string}"},"query-input":"required name=search_term_string"}],"inLanguage":"pt-BR"},{"@type":"WebPage","@id":"https:\/\/blog.panrotas.com.br\/mktdestinos\/2014\/07\/29\/crescem-gastos-em-viagens-a-negocios\/#webpage","url":"https:\/\/blog.panrotas.com.br\/mktdestinos\/2014\/07\/29\/crescem-gastos-em-viagens-a-negocios\/","name":"Crescem gastos em viagens a neg\u00f3cios - Marketing Destinos","isPartOf":{"@id":"https:\/\/blog.panrotas.com.br\/mktdestinos\/#website"},"datePublished":"2014-07-29T19:19:07+00:00","dateModified":"2014-07-29T19:19:07+00:00","author":{"@id":"https:\/\/blog.panrotas.com.br\/mktdestinos\/#\/schema\/person\/6b7480064d4010fed7920e2a06e2472e"},"breadcrumb":{"@id":"https:\/\/blog.panrotas.com.br\/mktdestinos\/2014\/07\/29\/crescem-gastos-em-viagens-a-negocios\/#breadcrumb"},"inLanguage":"pt-BR","potentialAction":[{"@type":"ReadAction","target":["https:\/\/blog.panrotas.com.br\/mktdestinos\/2014\/07\/29\/crescem-gastos-em-viagens-a-negocios\/"]}]},{"@type":"BreadcrumbList","@id":"https:\/\/blog.panrotas.com.br\/mktdestinos\/2014\/07\/29\/crescem-gastos-em-viagens-a-negocios\/#breadcrumb","itemListElement":[{"@type":"ListItem","position":1,"name":"In\u00edcio","item":"https:\/\/blog.panrotas.com.br\/mktdestinos\/"},{"@type":"ListItem","position":2,"name":"Crescem gastos em viagens a neg\u00f3cios"}]},{"@type":"Person","@id":"https:\/\/blog.panrotas.com.br\/mktdestinos\/#\/schema\/person\/6b7480064d4010fed7920e2a06e2472e","name":"Jeanine Pires","image":{"@type":"ImageObject","@id":"https:\/\/blog.panrotas.com.br\/mktdestinos\/#personlogo","inLanguage":"pt-BR","url":"https:\/\/secure.gravatar.com\/avatar\/4eff31f2a3aee87600bf1f78d5953f48?s=96&d=mm&r=g","contentUrl":"https:\/\/secure.gravatar.com\/avatar\/4eff31f2a3aee87600bf1f78d5953f48?s=96&d=mm&r=g","caption":"Jeanine Pires"},"description":"Apaixonada pela ind\u00fastria de viagens e turismo, h\u00e1 31 anos atua como l\u00edder do setor no Brasil e no exterior. J\u00e1 Presidiu e foi Diretora da EMBRATUR entre 2003 e 2010; \u00e9 Diretora da Pires Intelig\u00eancia em Destinos e, no final de 2022, entrou para a CVC Corp como Diretora de Alian\u00e7as e Rela\u00e7\u00f5es Governamentais. Jeanine foi Co-fundadora da startup ONER Travel em 2020 e j\u00e1 atuou como Presidente do Conselho da Fecom\u00e9rcio S\u00e3o Paulo e da WTM Latin America. Com forma\u00e7\u00e3o e especialidade em marketing de destinos e economia do turismo, Jeanine faz palestras, cursos e consultorias.","url":"https:\/\/blog.panrotas.com.br\/mktdestinos\/author\/jeanine\/"}]}},"jetpack_featured_media_url":"","_links":{"self":[{"href":"https:\/\/blog.panrotas.com.br\/mktdestinos\/wp-json\/wp\/v2\/posts\/870"}],"collection":[{"href":"https:\/\/blog.panrotas.com.br\/mktdestinos\/wp-json\/wp\/v2\/posts"}],"about":[{"href":"https:\/\/blog.panrotas.com.br\/mktdestinos\/wp-json\/wp\/v2\/types\/post"}],"author":[{"embeddable":true,"href":"https:\/\/blog.panrotas.com.br\/mktdestinos\/wp-json\/wp\/v2\/users\/21"}],"replies":[{"embeddable":true,"href":"https:\/\/blog.panrotas.com.br\/mktdestinos\/wp-json\/wp\/v2\/comments?post=870"}],"version-history":[{"count":0,"href":"https:\/\/blog.panrotas.com.br\/mktdestinos\/wp-json\/wp\/v2\/posts\/870\/revisions"}],"wp:attachment":[{"href":"https:\/\/blog.panrotas.com.br\/mktdestinos\/wp-json\/wp\/v2\/media?parent=870"}],"wp:term":[{"taxonomy":"category","embeddable":true,"href":"https:\/\/blog.panrotas.com.br\/mktdestinos\/wp-json\/wp\/v2\/categories?post=870"},{"taxonomy":"post_tag","embeddable":true,"href":"https:\/\/blog.panrotas.com.br\/mktdestinos\/wp-json\/wp\/v2\/tags?post=870"}],"curies":[{"name":"wp","href":"https:\/\/api.w.org\/{rel}","templated":true}]}}