{"id":360,"date":"2019-09-01T17:14:19","date_gmt":"2019-09-01T20:14:19","guid":{"rendered":"http:\/\/blog.panrotas.com.br\/o-mundo-por-elas\/?p=360"},"modified":"2019-09-01T17:17:01","modified_gmt":"2019-09-01T20:17:01","slug":"chegou-menorca","status":"publish","type":"post","link":"https:\/\/blog.panrotas.com.br\/o-mundo-por-elas\/2019\/09\/01\/chegou-menorca\/","title":{"rendered":"Chegou menorca"},"content":{"rendered":"\n<p>Se quiser saber quantos tons de branco existem, pergunte a um esquim\u00f3.<\/p>\n\n\n\n<p>Se quiser saber quantos tons de turquesa existem, pergunte a um menorqu\u00edn (pessoa que nasce em Menorca).<\/p>\n\n\n\n<p>N\u00f3s j\u00e1 vimos uma meia d\u00fazia de praias e ainda n\u00e3o nos conformamos com as cores e tonalidades da \u00e1gua do mar!<\/p>\n\n\n\n<p>Menorca tem 197 (sim, \u00e9 um absurdo) praias, de areia e de pedra. A \u00e1gua \u00e9 sempre cristalina, ent\u00e3o d\u00e1 pra ver v\u00e1rios peixes antes mesmo de colocar a m\u00e1scara de mergulho. E a paleta alucinante de turquesas e azuis se deve \u00e0s algas, pl\u00e2ncton e diferentes profundidades do oceano perto da costa. Uma combina\u00e7\u00e3o de fatores que deixa minha bandeja de aquarela com 42 cores, insuficiente pra retratar o que nossos olhos v\u00eaem.<br><\/p>\n\n\n\n<figure class=\"wp-block-image\"><img loading=\"lazy\" width=\"1009\" height=\"709\" src=\"https:\/\/blog.panrotas.com.br\/o-mundo-por-elas\/wp-content\/uploads\/sites\/24\/2019\/09\/54bc8a70-7cfa-4ed6-a8c1-c33890b0b21b.jpeg\" alt=\"\" class=\"wp-image-361\" srcset=\"https:\/\/blog.panrotas.com.br\/o-mundo-por-elas\/wp-content\/uploads\/sites\/24\/2019\/09\/54bc8a70-7cfa-4ed6-a8c1-c33890b0b21b.jpeg 1009w, https:\/\/blog.panrotas.com.br\/o-mundo-por-elas\/wp-content\/uploads\/sites\/24\/2019\/09\/54bc8a70-7cfa-4ed6-a8c1-c33890b0b21b-300x211.jpeg 300w, https:\/\/blog.panrotas.com.br\/o-mundo-por-elas\/wp-content\/uploads\/sites\/24\/2019\/09\/54bc8a70-7cfa-4ed6-a8c1-c33890b0b21b-768x540.jpeg 768w, https:\/\/blog.panrotas.com.br\/o-mundo-por-elas\/wp-content\/uploads\/sites\/24\/2019\/09\/54bc8a70-7cfa-4ed6-a8c1-c33890b0b21b-740x520.jpeg 740w\" sizes=\"(max-width: 1009px) 100vw, 1009px\" \/><figcaption>Macarella<\/figcaption><\/figure>\n\n\n\n<figure class=\"wp-block-image\"><img loading=\"lazy\" width=\"768\" height=\"1024\" src=\"https:\/\/blog.panrotas.com.br\/o-mundo-por-elas\/wp-content\/uploads\/sites\/24\/2019\/09\/7d476b37-ec26-40e6-94cd-28c3c0d22175-768x1024.jpeg\" alt=\"\" class=\"wp-image-362\" srcset=\"https:\/\/blog.panrotas.com.br\/o-mundo-por-elas\/wp-content\/uploads\/sites\/24\/2019\/09\/7d476b37-ec26-40e6-94cd-28c3c0d22175.jpeg 768w, https:\/\/blog.panrotas.com.br\/o-mundo-por-elas\/wp-content\/uploads\/sites\/24\/2019\/09\/7d476b37-ec26-40e6-94cd-28c3c0d22175-225x300.jpeg 225w, https:\/\/blog.panrotas.com.br\/o-mundo-por-elas\/wp-content\/uploads\/sites\/24\/2019\/09\/7d476b37-ec26-40e6-94cd-28c3c0d22175-740x987.jpeg 740w\" sizes=\"(max-width: 768px) 100vw, 768px\" \/><figcaption>Galdana<\/figcaption><\/figure>\n\n\n\n<figure class=\"wp-block-image\"><img loading=\"lazy\" width=\"1024\" height=\"877\" src=\"https:\/\/blog.panrotas.com.br\/o-mundo-por-elas\/wp-content\/uploads\/sites\/24\/2019\/09\/409fa857-9053-4fbf-9d9b-d0d8f4ef824e-1024x877.jpeg\" alt=\"\" class=\"wp-image-363\" srcset=\"https:\/\/blog.panrotas.com.br\/o-mundo-por-elas\/wp-content\/uploads\/sites\/24\/2019\/09\/409fa857-9053-4fbf-9d9b-d0d8f4ef824e-1024x877.jpeg 1024w, https:\/\/blog.panrotas.com.br\/o-mundo-por-elas\/wp-content\/uploads\/sites\/24\/2019\/09\/409fa857-9053-4fbf-9d9b-d0d8f4ef824e-300x257.jpeg 300w, https:\/\/blog.panrotas.com.br\/o-mundo-por-elas\/wp-content\/uploads\/sites\/24\/2019\/09\/409fa857-9053-4fbf-9d9b-d0d8f4ef824e-768x658.jpeg 768w, https:\/\/blog.panrotas.com.br\/o-mundo-por-elas\/wp-content\/uploads\/sites\/24\/2019\/09\/409fa857-9053-4fbf-9d9b-d0d8f4ef824e-740x634.jpeg 740w, https:\/\/blog.panrotas.com.br\/o-mundo-por-elas\/wp-content\/uploads\/sites\/24\/2019\/09\/409fa857-9053-4fbf-9d9b-d0d8f4ef824e.jpeg 1280w\" sizes=\"(max-width: 1024px) 100vw, 1024px\" \/><figcaption>Cala en Brut<\/figcaption><\/figure>\n\n\n\n<figure class=\"wp-block-image\"><img loading=\"lazy\" width=\"1024\" height=\"768\" src=\"https:\/\/blog.panrotas.com.br\/o-mundo-por-elas\/wp-content\/uploads\/sites\/24\/2019\/09\/1ab59b83-2095-4221-a613-a87357bc9227-1024x768.jpeg\" alt=\"\" class=\"wp-image-364\" srcset=\"https:\/\/blog.panrotas.com.br\/o-mundo-por-elas\/wp-content\/uploads\/sites\/24\/2019\/09\/1ab59b83-2095-4221-a613-a87357bc9227-1024x768.jpeg 1024w, https:\/\/blog.panrotas.com.br\/o-mundo-por-elas\/wp-content\/uploads\/sites\/24\/2019\/09\/1ab59b83-2095-4221-a613-a87357bc9227-300x225.jpeg 300w, https:\/\/blog.panrotas.com.br\/o-mundo-por-elas\/wp-content\/uploads\/sites\/24\/2019\/09\/1ab59b83-2095-4221-a613-a87357bc9227-768x576.jpeg 768w, https:\/\/blog.panrotas.com.br\/o-mundo-por-elas\/wp-content\/uploads\/sites\/24\/2019\/09\/1ab59b83-2095-4221-a613-a87357bc9227-740x555.jpeg 740w, https:\/\/blog.panrotas.com.br\/o-mundo-por-elas\/wp-content\/uploads\/sites\/24\/2019\/09\/1ab59b83-2095-4221-a613-a87357bc9227.jpeg 1280w\" sizes=\"(max-width: 1024px) 100vw, 1024px\" \/><figcaption>Nossa amiga corajosa<\/figcaption><\/figure>\n\n\n\n<figure class=\"wp-block-image\"><img loading=\"lazy\" width=\"1024\" height=\"768\" src=\"https:\/\/blog.panrotas.com.br\/o-mundo-por-elas\/wp-content\/uploads\/sites\/24\/2019\/09\/8e9537cf-db17-406e-b1a3-d7fdbf0a6618-1024x768.jpeg\" alt=\"\" class=\"wp-image-365\" srcset=\"https:\/\/blog.panrotas.com.br\/o-mundo-por-elas\/wp-content\/uploads\/sites\/24\/2019\/09\/8e9537cf-db17-406e-b1a3-d7fdbf0a6618-1024x768.jpeg 1024w, https:\/\/blog.panrotas.com.br\/o-mundo-por-elas\/wp-content\/uploads\/sites\/24\/2019\/09\/8e9537cf-db17-406e-b1a3-d7fdbf0a6618-300x225.jpeg 300w, https:\/\/blog.panrotas.com.br\/o-mundo-por-elas\/wp-content\/uploads\/sites\/24\/2019\/09\/8e9537cf-db17-406e-b1a3-d7fdbf0a6618-768x576.jpeg 768w, https:\/\/blog.panrotas.com.br\/o-mundo-por-elas\/wp-content\/uploads\/sites\/24\/2019\/09\/8e9537cf-db17-406e-b1a3-d7fdbf0a6618-740x555.jpeg 740w, https:\/\/blog.panrotas.com.br\/o-mundo-por-elas\/wp-content\/uploads\/sites\/24\/2019\/09\/8e9537cf-db17-406e-b1a3-d7fdbf0a6618.jpeg 1280w\" sizes=\"(max-width: 1024px) 100vw, 1024px\" \/><figcaption>Cavalleria<\/figcaption><\/figure>\n\n\n\n<figure class=\"wp-block-image\"><img loading=\"lazy\" width=\"1024\" height=\"770\" src=\"https:\/\/blog.panrotas.com.br\/o-mundo-por-elas\/wp-content\/uploads\/sites\/24\/2019\/09\/7e344bc0-b5dc-4401-a76e-082ed8255416-1024x770.jpeg\" alt=\"\" class=\"wp-image-368\" srcset=\"https:\/\/blog.panrotas.com.br\/o-mundo-por-elas\/wp-content\/uploads\/sites\/24\/2019\/09\/7e344bc0-b5dc-4401-a76e-082ed8255416-1024x770.jpeg 1024w, https:\/\/blog.panrotas.com.br\/o-mundo-por-elas\/wp-content\/uploads\/sites\/24\/2019\/09\/7e344bc0-b5dc-4401-a76e-082ed8255416-300x225.jpeg 300w, https:\/\/blog.panrotas.com.br\/o-mundo-por-elas\/wp-content\/uploads\/sites\/24\/2019\/09\/7e344bc0-b5dc-4401-a76e-082ed8255416-768x577.jpeg 768w, https:\/\/blog.panrotas.com.br\/o-mundo-por-elas\/wp-content\/uploads\/sites\/24\/2019\/09\/7e344bc0-b5dc-4401-a76e-082ed8255416-740x556.jpeg 740w, https:\/\/blog.panrotas.com.br\/o-mundo-por-elas\/wp-content\/uploads\/sites\/24\/2019\/09\/7e344bc0-b5dc-4401-a76e-082ed8255416.jpeg 1280w\" sizes=\"(max-width: 1024px) 100vw, 1024px\" \/><figcaption>&lt;3<\/figcaption><\/figure>\n\n\n\n<figure class=\"wp-block-image\"><img loading=\"lazy\" width=\"768\" height=\"1024\" src=\"https:\/\/blog.panrotas.com.br\/o-mundo-por-elas\/wp-content\/uploads\/sites\/24\/2019\/09\/be22d0d1-9afb-4656-8903-4c82174236a9-768x1024.jpeg\" alt=\"\" class=\"wp-image-369\" srcset=\"https:\/\/blog.panrotas.com.br\/o-mundo-por-elas\/wp-content\/uploads\/sites\/24\/2019\/09\/be22d0d1-9afb-4656-8903-4c82174236a9.jpeg 768w, https:\/\/blog.panrotas.com.br\/o-mundo-por-elas\/wp-content\/uploads\/sites\/24\/2019\/09\/be22d0d1-9afb-4656-8903-4c82174236a9-225x300.jpeg 225w, https:\/\/blog.panrotas.com.br\/o-mundo-por-elas\/wp-content\/uploads\/sites\/24\/2019\/09\/be22d0d1-9afb-4656-8903-4c82174236a9-740x987.jpeg 740w\" sizes=\"(max-width: 768px) 100vw, 768px\" \/><figcaption>C<\/figcaption><\/figure>\n","protected":false},"excerpt":{"rendered":"<p>Se quiser saber quantos tons de branco existem, pergunte a um esquim\u00f3. Se quiser saber quantos tons de turquesa existem, pergunte a um menorqu\u00edn (pessoa que nasce em Menorca). N\u00f3s j\u00e1 vimos uma meia d\u00fazia de praias e ainda n\u00e3o nos conformamos com as cores e tonalidades da \u00e1gua do mar! Menorca tem 197 (sim,&hellip; <a class=\"more-link\" href=\"https:\/\/blog.panrotas.com.br\/o-mundo-por-elas\/2019\/09\/01\/chegou-menorca\/\">Continue reading &rarr;<\/a><\/p>\n","protected":false},"author":24,"featured_media":0,"comment_status":"open","ping_status":"open","sticky":false,"template":"","format":"standard","meta":{"spay_email":""},"categories":[1],"tags":[],"yoast_head":"<!-- This site is optimized with the Yoast SEO plugin v17.3 - https:\/\/yoast.com\/wordpress\/plugins\/seo\/ -->\n<title>Chegou menorca - O mundo por elas<\/title>\n<meta name=\"robots\" content=\"index, follow, max-snippet:-1, max-image-preview:large, max-video-preview:-1\" \/>\n<link rel=\"canonical\" href=\"https:\/\/blog.panrotas.com.br\/o-mundo-por-elas\/2019\/09\/01\/chegou-menorca\/\" \/>\n<meta property=\"og:locale\" content=\"pt_BR\" \/>\n<meta property=\"og:type\" content=\"article\" \/>\n<meta property=\"og:title\" content=\"Chegou menorca - O mundo por elas\" \/>\n<meta property=\"og:description\" content=\"Se quiser saber quantos tons de branco existem, pergunte a um esquim\u00f3. Se quiser saber quantos tons de turquesa existem, pergunte a um menorqu\u00edn (pessoa que nasce em Menorca). N\u00f3s j\u00e1 vimos uma meia d\u00fazia de praias e ainda n\u00e3o nos conformamos com as cores e tonalidades da \u00e1gua do mar! Menorca tem 197 (sim,&hellip; Continue reading &rarr;\" \/>\n<meta property=\"og:url\" content=\"https:\/\/blog.panrotas.com.br\/o-mundo-por-elas\/2019\/09\/01\/chegou-menorca\/\" \/>\n<meta property=\"og:site_name\" content=\"O mundo por elas\" \/>\n<meta property=\"article:published_time\" content=\"2019-09-01T20:14:19+00:00\" \/>\n<meta property=\"article:modified_time\" content=\"2019-09-01T20:17:01+00:00\" \/>\n<meta property=\"og:image\" content=\"https:\/\/blog.panrotas.com.br\/o-mundo-por-elas\/wp-content\/uploads\/sites\/24\/2019\/09\/54bc8a70-7cfa-4ed6-a8c1-c33890b0b21b.jpeg\" \/>\n<meta name=\"twitter:card\" content=\"summary_large_image\" \/>\n<meta name=\"twitter:label1\" content=\"Escrito por\" \/>\n\t<meta name=\"twitter:data1\" content=\"Tati Isler\" \/>\n\t<meta name=\"twitter:label2\" content=\"Est. tempo de leitura\" \/>\n\t<meta name=\"twitter:data2\" content=\"1 minuto\" \/>\n<script type=\"application\/ld+json\" class=\"yoast-schema-graph\">{\"@context\":\"https:\/\/schema.org\",\"@graph\":[{\"@type\":\"WebSite\",\"@id\":\"https:\/\/blog.panrotas.com.br\/o-mundo-por-elas\/#website\",\"url\":\"https:\/\/blog.panrotas.com.br\/o-mundo-por-elas\/\",\"name\":\"O mundo por elas\",\"description\":\"S\\u00f3 mais um site PANROTAS\",\"potentialAction\":[{\"@type\":\"SearchAction\",\"target\":{\"@type\":\"EntryPoint\",\"urlTemplate\":\"https:\/\/blog.panrotas.com.br\/o-mundo-por-elas\/?s={search_term_string}\"},\"query-input\":\"required name=search_term_string\"}],\"inLanguage\":\"pt-BR\"},{\"@type\":\"ImageObject\",\"@id\":\"https:\/\/blog.panrotas.com.br\/o-mundo-por-elas\/2019\/09\/01\/chegou-menorca\/#primaryimage\",\"inLanguage\":\"pt-BR\",\"url\":\"https:\/\/blog.panrotas.com.br\/o-mundo-por-elas\/wp-content\/uploads\/sites\/24\/2019\/09\/54bc8a70-7cfa-4ed6-a8c1-c33890b0b21b.jpeg\",\"contentUrl\":\"https:\/\/blog.panrotas.com.br\/o-mundo-por-elas\/wp-content\/uploads\/sites\/24\/2019\/09\/54bc8a70-7cfa-4ed6-a8c1-c33890b0b21b.jpeg\",\"width\":1009,\"height\":709},{\"@type\":\"WebPage\",\"@id\":\"https:\/\/blog.panrotas.com.br\/o-mundo-por-elas\/2019\/09\/01\/chegou-menorca\/#webpage\",\"url\":\"https:\/\/blog.panrotas.com.br\/o-mundo-por-elas\/2019\/09\/01\/chegou-menorca\/\",\"name\":\"Chegou menorca - O mundo por elas\",\"isPartOf\":{\"@id\":\"https:\/\/blog.panrotas.com.br\/o-mundo-por-elas\/#website\"},\"primaryImageOfPage\":{\"@id\":\"https:\/\/blog.panrotas.com.br\/o-mundo-por-elas\/2019\/09\/01\/chegou-menorca\/#primaryimage\"},\"datePublished\":\"2019-09-01T20:14:19+00:00\",\"dateModified\":\"2019-09-01T20:17:01+00:00\",\"author\":{\"@id\":\"https:\/\/blog.panrotas.com.br\/o-mundo-por-elas\/#\/schema\/person\/bb023b1ec94101ad234190df9ce3fccf\"},\"breadcrumb\":{\"@id\":\"https:\/\/blog.panrotas.com.br\/o-mundo-por-elas\/2019\/09\/01\/chegou-menorca\/#breadcrumb\"},\"inLanguage\":\"pt-BR\",\"potentialAction\":[{\"@type\":\"ReadAction\",\"target\":[\"https:\/\/blog.panrotas.com.br\/o-mundo-por-elas\/2019\/09\/01\/chegou-menorca\/\"]}]},{\"@type\":\"BreadcrumbList\",\"@id\":\"https:\/\/blog.panrotas.com.br\/o-mundo-por-elas\/2019\/09\/01\/chegou-menorca\/#breadcrumb\",\"itemListElement\":[{\"@type\":\"ListItem\",\"position\":1,\"name\":\"In\\u00edcio\",\"item\":\"https:\/\/blog.panrotas.com.br\/o-mundo-por-elas\/\"},{\"@type\":\"ListItem\",\"position\":2,\"name\":\"Chegou menorca\"}]},{\"@type\":\"Person\",\"@id\":\"https:\/\/blog.panrotas.com.br\/o-mundo-por-elas\/#\/schema\/person\/bb023b1ec94101ad234190df9ce3fccf\",\"name\":\"Tati Isler\",\"image\":{\"@type\":\"ImageObject\",\"@id\":\"https:\/\/blog.panrotas.com.br\/o-mundo-por-elas\/#personlogo\",\"inLanguage\":\"pt-BR\",\"url\":\"https:\/\/secure.gravatar.com\/avatar\/e24589919071c42d83489652d495c98a?s=96&d=mm&r=g\",\"contentUrl\":\"https:\/\/secure.gravatar.com\/avatar\/e24589919071c42d83489652d495c98a?s=96&d=mm&r=g\",\"caption\":\"Tati Isler\"},\"description\":\"Formada em Hist\\u00f3ria e jornalismo, Tati Isler trabalhou 15 anos como jornalista, 7 deles cobrindo cinema em Hollywood, antes de fundar a TI Comunica\\u00e7\\u00f5es, empresa de marketing e comunica\\u00e7\\u00e3o que representa o Turismo da \\u00c1frica do Sul no Brasil e Am\\u00e9rica do Sul. H\\u00e1 sete anos, quando teve um diagn\\u00f3stico de c\\u00e2ncer de mama, come\\u00e7ou a incluir a medita\\u00e7\\u00e3o diariamente na sua vida. Passou muito bem pelo tratamento, e nunca mais parou de meditar, aprofundando-se nesta viagem interior a cada dia. Virou monja Ishaya, professora de medita\\u00e7\\u00e3o, levou a pr\\u00e1tica para sua equipe e em plena quarentena lan\\u00e7ou uma empresa especializada em viagens pra dentro, a Ti Transforma, que tem como miss\\u00e3o levar consci\\u00eancia para o universo corporativo, por meio da medita\\u00e7\\u00e3o.\",\"url\":\"https:\/\/blog.panrotas.com.br\/o-mundo-por-elas\/author\/elas\/\"}]}<\/script>\n<!-- \/ Yoast SEO plugin. -->","yoast_head_json":{"title":"Chegou menorca - O mundo por elas","robots":{"index":"index","follow":"follow","max-snippet":"max-snippet:-1","max-image-preview":"max-image-preview:large","max-video-preview":"max-video-preview:-1"},"canonical":"https:\/\/blog.panrotas.com.br\/o-mundo-por-elas\/2019\/09\/01\/chegou-menorca\/","og_locale":"pt_BR","og_type":"article","og_title":"Chegou menorca - O mundo por elas","og_description":"Se quiser saber quantos tons de branco existem, pergunte a um esquim\u00f3. Se quiser saber quantos tons de turquesa existem, pergunte a um menorqu\u00edn (pessoa que nasce em Menorca). N\u00f3s j\u00e1 vimos uma meia d\u00fazia de praias e ainda n\u00e3o nos conformamos com as cores e tonalidades da \u00e1gua do mar! Menorca tem 197 (sim,&hellip; Continue reading &rarr;","og_url":"https:\/\/blog.panrotas.com.br\/o-mundo-por-elas\/2019\/09\/01\/chegou-menorca\/","og_site_name":"O mundo por elas","article_published_time":"2019-09-01T20:14:19+00:00","article_modified_time":"2019-09-01T20:17:01+00:00","og_image":[{"url":"https:\/\/blog.panrotas.com.br\/o-mundo-por-elas\/wp-content\/uploads\/sites\/24\/2019\/09\/54bc8a70-7cfa-4ed6-a8c1-c33890b0b21b.jpeg"}],"twitter_card":"summary_large_image","twitter_misc":{"Escrito por":"Tati Isler","Est. tempo de leitura":"1 minuto"},"schema":{"@context":"https:\/\/schema.org","@graph":[{"@type":"WebSite","@id":"https:\/\/blog.panrotas.com.br\/o-mundo-por-elas\/#website","url":"https:\/\/blog.panrotas.com.br\/o-mundo-por-elas\/","name":"O mundo por elas","description":"S\u00f3 mais um site PANROTAS","potentialAction":[{"@type":"SearchAction","target":{"@type":"EntryPoint","urlTemplate":"https:\/\/blog.panrotas.com.br\/o-mundo-por-elas\/?s={search_term_string}"},"query-input":"required name=search_term_string"}],"inLanguage":"pt-BR"},{"@type":"ImageObject","@id":"https:\/\/blog.panrotas.com.br\/o-mundo-por-elas\/2019\/09\/01\/chegou-menorca\/#primaryimage","inLanguage":"pt-BR","url":"https:\/\/blog.panrotas.com.br\/o-mundo-por-elas\/wp-content\/uploads\/sites\/24\/2019\/09\/54bc8a70-7cfa-4ed6-a8c1-c33890b0b21b.jpeg","contentUrl":"https:\/\/blog.panrotas.com.br\/o-mundo-por-elas\/wp-content\/uploads\/sites\/24\/2019\/09\/54bc8a70-7cfa-4ed6-a8c1-c33890b0b21b.jpeg","width":1009,"height":709},{"@type":"WebPage","@id":"https:\/\/blog.panrotas.com.br\/o-mundo-por-elas\/2019\/09\/01\/chegou-menorca\/#webpage","url":"https:\/\/blog.panrotas.com.br\/o-mundo-por-elas\/2019\/09\/01\/chegou-menorca\/","name":"Chegou menorca - O mundo por elas","isPartOf":{"@id":"https:\/\/blog.panrotas.com.br\/o-mundo-por-elas\/#website"},"primaryImageOfPage":{"@id":"https:\/\/blog.panrotas.com.br\/o-mundo-por-elas\/2019\/09\/01\/chegou-menorca\/#primaryimage"},"datePublished":"2019-09-01T20:14:19+00:00","dateModified":"2019-09-01T20:17:01+00:00","author":{"@id":"https:\/\/blog.panrotas.com.br\/o-mundo-por-elas\/#\/schema\/person\/bb023b1ec94101ad234190df9ce3fccf"},"breadcrumb":{"@id":"https:\/\/blog.panrotas.com.br\/o-mundo-por-elas\/2019\/09\/01\/chegou-menorca\/#breadcrumb"},"inLanguage":"pt-BR","potentialAction":[{"@type":"ReadAction","target":["https:\/\/blog.panrotas.com.br\/o-mundo-por-elas\/2019\/09\/01\/chegou-menorca\/"]}]},{"@type":"BreadcrumbList","@id":"https:\/\/blog.panrotas.com.br\/o-mundo-por-elas\/2019\/09\/01\/chegou-menorca\/#breadcrumb","itemListElement":[{"@type":"ListItem","position":1,"name":"In\u00edcio","item":"https:\/\/blog.panrotas.com.br\/o-mundo-por-elas\/"},{"@type":"ListItem","position":2,"name":"Chegou menorca"}]},{"@type":"Person","@id":"https:\/\/blog.panrotas.com.br\/o-mundo-por-elas\/#\/schema\/person\/bb023b1ec94101ad234190df9ce3fccf","name":"Tati Isler","image":{"@type":"ImageObject","@id":"https:\/\/blog.panrotas.com.br\/o-mundo-por-elas\/#personlogo","inLanguage":"pt-BR","url":"https:\/\/secure.gravatar.com\/avatar\/e24589919071c42d83489652d495c98a?s=96&d=mm&r=g","contentUrl":"https:\/\/secure.gravatar.com\/avatar\/e24589919071c42d83489652d495c98a?s=96&d=mm&r=g","caption":"Tati Isler"},"description":"Formada em Hist\u00f3ria e jornalismo, Tati Isler trabalhou 15 anos como jornalista, 7 deles cobrindo cinema em Hollywood, antes de fundar a TI Comunica\u00e7\u00f5es, empresa de marketing e comunica\u00e7\u00e3o que representa o Turismo da \u00c1frica do Sul no Brasil e Am\u00e9rica do Sul. H\u00e1 sete anos, quando teve um diagn\u00f3stico de c\u00e2ncer de mama, come\u00e7ou a incluir a medita\u00e7\u00e3o diariamente na sua vida. Passou muito bem pelo tratamento, e nunca mais parou de meditar, aprofundando-se nesta viagem interior a cada dia. Virou monja Ishaya, professora de medita\u00e7\u00e3o, levou a pr\u00e1tica para sua equipe e em plena quarentena lan\u00e7ou uma empresa especializada em viagens pra dentro, a Ti Transforma, que tem como miss\u00e3o levar consci\u00eancia para o universo corporativo, por meio da medita\u00e7\u00e3o.","url":"https:\/\/blog.panrotas.com.br\/o-mundo-por-elas\/author\/elas\/"}]}},"jetpack_featured_media_url":"","_links":{"self":[{"href":"https:\/\/blog.panrotas.com.br\/o-mundo-por-elas\/wp-json\/wp\/v2\/posts\/360"}],"collection":[{"href":"https:\/\/blog.panrotas.com.br\/o-mundo-por-elas\/wp-json\/wp\/v2\/posts"}],"about":[{"href":"https:\/\/blog.panrotas.com.br\/o-mundo-por-elas\/wp-json\/wp\/v2\/types\/post"}],"author":[{"embeddable":true,"href":"https:\/\/blog.panrotas.com.br\/o-mundo-por-elas\/wp-json\/wp\/v2\/users\/24"}],"replies":[{"embeddable":true,"href":"https:\/\/blog.panrotas.com.br\/o-mundo-por-elas\/wp-json\/wp\/v2\/comments?post=360"}],"version-history":[{"count":3,"href":"https:\/\/blog.panrotas.com.br\/o-mundo-por-elas\/wp-json\/wp\/v2\/posts\/360\/revisions"}],"predecessor-version":[{"id":371,"href":"https:\/\/blog.panrotas.com.br\/o-mundo-por-elas\/wp-json\/wp\/v2\/posts\/360\/revisions\/371"}],"wp:attachment":[{"href":"https:\/\/blog.panrotas.com.br\/o-mundo-por-elas\/wp-json\/wp\/v2\/media?parent=360"}],"wp:term":[{"taxonomy":"category","embeddable":true,"href":"https:\/\/blog.panrotas.com.br\/o-mundo-por-elas\/wp-json\/wp\/v2\/categories?post=360"},{"taxonomy":"post_tag","embeddable":true,"href":"https:\/\/blog.panrotas.com.br\/o-mundo-por-elas\/wp-json\/wp\/v2\/tags?post=360"}],"curies":[{"name":"wp","href":"https:\/\/api.w.org\/{rel}","templated":true}]}}