{"id":60,"date":"2018-05-04T11:29:24","date_gmt":"2018-05-04T14:29:24","guid":{"rendered":"http:\/\/blog.panrotas.com.br\/o-mundo-por-elas\/?p=60"},"modified":"2018-05-04T11:29:24","modified_gmt":"2018-05-04T14:29:24","slug":"ubatuba-nossa-segunda-casa","status":"publish","type":"post","link":"https:\/\/blog.panrotas.com.br\/o-mundo-por-elas\/2018\/05\/04\/ubatuba-nossa-segunda-casa\/","title":{"rendered":"Ubatuba: nossa segunda casa"},"content":{"rendered":"<p class=\"p1\"><span class=\"s1\"><b>Por que ir:<\/b><\/span><\/p>\n<p class=\"p1\"><span class=\"s1\">S\u00f3 continue lendo caso voc\u00ea aprecie natureza, mar limpo e paisagens ainda bem preservadas. A regi\u00e3o no entorno do centro de Ubatuba reune uma longa lista de praias com caracter\u00edsticas bem diferentes uma da outra, cada qual com sua beleza. Como sempre que poss\u00edvel passamos finais de semana por l\u00e1, vamos dar diversas dicas desse para\u00edso. Este primeiro post ser\u00e1 sobre as maravilhas pr\u00f3ximas da nossa casa e vamos expandindo o mapa aos poucos\u2026<\/span><\/p>\n<p class=\"p1\"><img loading=\"lazy\" class=\"alignnone size-medium wp-image-72\" style=\"font-size: 1rem\" src=\"http:\/\/panrotas.blog.br\/o-mundo-por-elas\/wp-content\/uploads\/sites\/24\/2018\/05\/nego-225x300.jpg\" alt=\"\" width=\"225\" height=\"300\" srcset=\"https:\/\/blog.panrotas.com.br\/o-mundo-por-elas\/wp-content\/uploads\/sites\/24\/2018\/05\/nego-225x300.jpg 225w, https:\/\/blog.panrotas.com.br\/o-mundo-por-elas\/wp-content\/uploads\/sites\/24\/2018\/05\/nego-768x1024.jpg 768w, https:\/\/blog.panrotas.com.br\/o-mundo-por-elas\/wp-content\/uploads\/sites\/24\/2018\/05\/nego-1568x2090.jpg 1568w\" sizes=\"(max-width: 225px) 100vw, 225px\" \/><img loading=\"lazy\" class=\"alignnone size-medium wp-image-71\" style=\"font-size: 1rem\" src=\"http:\/\/panrotas.blog.br\/o-mundo-por-elas\/wp-content\/uploads\/sites\/24\/2018\/05\/juliatom-225x300.jpg\" alt=\"\" width=\"225\" height=\"300\" srcset=\"https:\/\/blog.panrotas.com.br\/o-mundo-por-elas\/wp-content\/uploads\/sites\/24\/2018\/05\/juliatom-225x300.jpg 225w, https:\/\/blog.panrotas.com.br\/o-mundo-por-elas\/wp-content\/uploads\/sites\/24\/2018\/05\/juliatom-768x1024.jpg 768w, https:\/\/blog.panrotas.com.br\/o-mundo-por-elas\/wp-content\/uploads\/sites\/24\/2018\/05\/juliatom-1568x2090.jpg 1568w\" sizes=\"(max-width: 225px) 100vw, 225px\" \/><\/p>\n<p><span class=\"s1\">Como \u00e9 preciso dirigir p<\/span><span class=\"s1\" style=\"font-size: 1rem\">e<\/span><span style=\"font-size: 1rem\">lo menos 3 horas <\/span><span style=\"font-size: 1rem\">e meia para chegar \u00e9 melhor fazer pelo menos uma parada. Nosso lugar favorito para esticar as pernas \u00e9 no Recanto Santa B\u00e1rbara; al\u00e9m da \u00f3tima cozinha e atendimento, eles tem uma torta de nozes pecan como nunca vimos igual (textura, n\u00edvel de a\u00e7\u00facar, fresquinha sempre). Confira tamb\u00e9m a mercearia: o p\u00e3o dinamarqu\u00eas deles deve ter mais de 437 sementes e castanhas, uma delicia nutritiva. O queijo de cabra fresco \u00e9 hiper macio e bem mais barato q<\/span><span style=\"font-size: 1rem\">ue qualquer um em S\u00e3o Paulo. Se voc\u00ea der a sorte de passar por l\u00e1 entre 16hs e o p\u00f4r do sol, aprecie a chegada das centenas de gar\u00e7as que fazem da \u00e1rvore na frente do lago, o seu refugio para descansar.<\/span><\/p>\n<p><span class=\"s1\"><img loading=\"lazy\" class=\"alignnone size-medium wp-image-68\" src=\"http:\/\/panrotas.blog.br\/o-mundo-por-elas\/wp-content\/uploads\/sites\/24\/2018\/05\/garcaslonge-300x225.jpg\" alt=\"\" width=\"300\" height=\"225\" srcset=\"https:\/\/blog.panrotas.com.br\/o-mundo-por-elas\/wp-content\/uploads\/sites\/24\/2018\/05\/garcaslonge-300x225.jpg 300w, https:\/\/blog.panrotas.com.br\/o-mundo-por-elas\/wp-content\/uploads\/sites\/24\/2018\/05\/garcaslonge-768x576.jpg 768w, https:\/\/blog.panrotas.com.br\/o-mundo-por-elas\/wp-content\/uploads\/sites\/24\/2018\/05\/garcaslonge-1024x768.jpg 1024w, https:\/\/blog.panrotas.com.br\/o-mundo-por-elas\/wp-content\/uploads\/sites\/24\/2018\/05\/garcaslonge-1568x1176.jpg 1568w\" sizes=\"(max-width: 300px) 100vw, 300px\" \/><img loading=\"lazy\" class=\"alignnone size-medium wp-image-66\" src=\"http:\/\/panrotas.blog.br\/o-mundo-por-elas\/wp-content\/uploads\/sites\/24\/2018\/05\/garcas-300x225.jpg\" alt=\"\" width=\"300\" height=\"225\" srcset=\"https:\/\/blog.panrotas.com.br\/o-mundo-por-elas\/wp-content\/uploads\/sites\/24\/2018\/05\/garcas-300x225.jpg 300w, https:\/\/blog.panrotas.com.br\/o-mundo-por-elas\/wp-content\/uploads\/sites\/24\/2018\/05\/garcas-768x576.jpg 768w, https:\/\/blog.panrotas.com.br\/o-mundo-por-elas\/wp-content\/uploads\/sites\/24\/2018\/05\/garcas-1024x768.jpg 1024w, https:\/\/blog.panrotas.com.br\/o-mundo-por-elas\/wp-content\/uploads\/sites\/24\/2018\/05\/garcas-1568x1176.jpg 1568w\" sizes=\"(max-width: 300px) 100vw, 300px\" \/><\/span><br \/>\n<span class=\"s1\">Visual das mesas do Santa B\u00e1rbara \/\u00a0<\/span><span class=\"s1\" style=\"font-size: 1rem\">Cada pontinho branco \u00e9 uma gar\u00e7a <\/span><span style=\"font-size: 1rem\">indo dormir<\/span><\/p>\n<p class=\"p1\"><span class=\"s1\">J\u00e1 em terras ubatubenses, a praia da Sununga \u00e9 absurdamente limpa e no canto esquerdo dela \u00e9 f\u00e1cil avistar tartarugas nadando perto das pedras. Aproveite para ver ali tamb\u00e9m a &#8220;Gruta que Chora&#8221;, que tem esse nome porque pinga o tempo todo \u00e1gua da nascente.\u00a0<\/span><span style=\"font-size: 1rem\">O bar principal da praia garante\u00a0m\u00fasica ao vivo todo final de semana: as vezes rock, as vezes mpb, as vezes samba, mas sempre gente animada at\u00e9 depois que o sol ja se foi. L\u00e1 \u00e9 o point oficial do skin surf &#8211; basicamente uma evolu\u00e7\u00e3o do cl\u00e1ssico sonrisal dos anos 90 &#8211; mas agora se usa uma pranchinha<\/span><span class=\"Apple-converted-space\" style=\"font-size: 1rem\">\u00a0 <\/span><span style=\"font-size: 1rem\">especialmente feita pra deslizar na beira da \u00e1gua e tem at\u00e9 campeonato da modalidade (n\u00e3o temos fotos nossas do pessoal pegando estas ondas, se bater curiosidade, o Google te mostra o que estamos contando) . Fique esperto: o mar n\u00e3o \u00e9 dos mais calmos, ent\u00e3o entre e saia da \u00e1gua com cuidado.<\/span><\/p>\n<p class=\"p1\"><span class=\"s1\"><img loading=\"lazy\" class=\"alignnone size-medium wp-image-73\" style=\"font-size: 1rem\" src=\"http:\/\/panrotas.blog.br\/o-mundo-por-elas\/wp-content\/uploads\/sites\/24\/2018\/05\/vista-nina-tom-300x225.jpg\" alt=\"\" width=\"300\" height=\"225\" srcset=\"https:\/\/blog.panrotas.com.br\/o-mundo-por-elas\/wp-content\/uploads\/sites\/24\/2018\/05\/vista-nina-tom-300x225.jpg 300w, https:\/\/blog.panrotas.com.br\/o-mundo-por-elas\/wp-content\/uploads\/sites\/24\/2018\/05\/vista-nina-tom-768x576.jpg 768w, https:\/\/blog.panrotas.com.br\/o-mundo-por-elas\/wp-content\/uploads\/sites\/24\/2018\/05\/vista-nina-tom-1024x768.jpg 1024w, https:\/\/blog.panrotas.com.br\/o-mundo-por-elas\/wp-content\/uploads\/sites\/24\/2018\/05\/vista-nina-tom-1568x1176.jpg 1568w\" sizes=\"(max-width: 300px) 100vw, 300px\" \/><\/span><\/p>\n<p class=\"p1\"><span class=\"s1\">A praia do L\u00e1zaro tem muita sa\u00edda de barco ent\u00e3o n\u00e3o \u00e9 t\u00e3o imaculada: mas se a agua n\u00e3o fosse limpa n\u00e3o ter\u00edamos visita de baleias Jubarte de vez em quando nesta baia. Por ser longa, reta e firme \u00e9 perfeita para quem gosta de correr. O<\/span><span style=\"font-size: 1rem\">mar \u00e9 bem tranquilo, por isso atrai fam\u00edlias e crian\u00e7as. Tem um cair da tarde com uma luz maravilhosa que se derrama pelas encostas: quando tudo come\u00e7ar a ficar laranja chegue mais no bar do Peres e pe\u00e7a uma bebida pra celebrar a vida &#8211; eles funcionam praticamente todo dia e a toda hora e o atendimento \u00e9 sempre com ares de velhos amigos.<\/span><\/p>\n<p class=\"p1\"><span class=\"s1\"><b>Experi\u00eancias:<\/b><\/span><\/p>\n<p class=\"p1\"><span class=\"s1\">Imperd\u00edveis: torta de pecan em Santa B\u00e1rbara; caipirinha de lim\u00e3o (v\u00e1rias outra s\u00e3o muito boas, mas a de lim\u00e3o \u00e9 certeira) e ca\u00e7\u00e3o a dor\u00ea (n\u00e3o tem cheiro nenhum de peixe porque servem o que foi pescado no mesmo dia) do Restaurante&amp;Bar do Pere<\/span><span style=\"font-size: 1rem\">s.<\/span><\/p>\n<p class=\"p1\"><span class=\"s1\">Recomendado: sentar nas pedras da Sununga no final de tarde e esperar pelas tartarugas, sair de SP as 15hs para chegar no Recanto da Santa B\u00e1rbara por volta de 17hs e ver a chegada das gar\u00e7as.<\/span><\/p>\n<p class=\"p1\"><span class=\"s1\"><b>Servi\u00e7o<\/b>: <\/span><\/p>\n<pre class=\"p1\"><span class=\"s1\">Recanto Santa B\u00e1rbara<\/span>\n<span class=\"s1\">Rodovia dos Tamoios, km 22,5.<\/span><\/pre>\n<p class=\"p1\"><span class=\"s1\">Restaurante &amp; Bar do PERES, Praia do L\u00e1zaro.<\/span><\/p>\n<p><img loading=\"lazy\" class=\"alignnone wp-image-63 size-medium\" style=\"font-size: 1rem\" src=\"http:\/\/panrotas.blog.br\/o-mundo-por-elas\/wp-content\/uploads\/sites\/24\/2018\/05\/casabaia-e1525414299643-300x241.jpg\" alt=\"\" width=\"300\" height=\"241\" srcset=\"https:\/\/blog.panrotas.com.br\/o-mundo-por-elas\/wp-content\/uploads\/sites\/24\/2018\/05\/casabaia-e1525414299643-300x241.jpg 300w, https:\/\/blog.panrotas.com.br\/o-mundo-por-elas\/wp-content\/uploads\/sites\/24\/2018\/05\/casabaia-e1525414299643-768x616.jpg 768w, https:\/\/blog.panrotas.com.br\/o-mundo-por-elas\/wp-content\/uploads\/sites\/24\/2018\/05\/casabaia-e1525414299643-1024x822.jpg 1024w, https:\/\/blog.panrotas.com.br\/o-mundo-por-elas\/wp-content\/uploads\/sites\/24\/2018\/05\/casabaia-e1525414299643-1568x1258.jpg 1568w\" sizes=\"(max-width: 300px) 100vw, 300px\" \/><img loading=\"lazy\" class=\"alignnone wp-image-69\" style=\"font-size: 1rem\" src=\"http:\/\/panrotas.blog.br\/o-mundo-por-elas\/wp-content\/uploads\/sites\/24\/2018\/05\/IMG_1292-300x225.jpg\" alt=\"\" width=\"320\" height=\"240\" srcset=\"https:\/\/blog.panrotas.com.br\/o-mundo-por-elas\/wp-content\/uploads\/sites\/24\/2018\/05\/IMG_1292-300x225.jpg 300w, https:\/\/blog.panrotas.com.br\/o-mundo-por-elas\/wp-content\/uploads\/sites\/24\/2018\/05\/IMG_1292-768x576.jpg 768w, https:\/\/blog.panrotas.com.br\/o-mundo-por-elas\/wp-content\/uploads\/sites\/24\/2018\/05\/IMG_1292-1024x768.jpg 1024w, https:\/\/blog.panrotas.com.br\/o-mundo-por-elas\/wp-content\/uploads\/sites\/24\/2018\/05\/IMG_1292-1568x1176.jpg 1568w\" sizes=\"(max-width: 320px) 100vw, 320px\" \/><\/p>\n","protected":false},"excerpt":{"rendered":"<p>Por que ir: S\u00f3 continue lendo caso voc\u00ea aprecie natureza, mar limpo e paisagens ainda bem preservadas. A regi\u00e3o no entorno do centro de Ubatuba reune uma longa lista de praias com caracter\u00edsticas bem diferentes uma da outra, cada qual com sua beleza. Como sempre que poss\u00edvel passamos finais de semana por l\u00e1, vamos dar&hellip; <a class=\"more-link\" href=\"https:\/\/blog.panrotas.com.br\/o-mundo-por-elas\/2018\/05\/04\/ubatuba-nossa-segunda-casa\/\">Continue reading &rarr;<\/a><\/p>\n","protected":false},"author":24,"featured_media":64,"comment_status":"open","ping_status":"open","sticky":false,"template":"","format":"standard","meta":{"spay_email":""},"categories":[2],"tags":[],"yoast_head":"<!-- This site is optimized with the Yoast SEO plugin v17.3 - https:\/\/yoast.com\/wordpress\/plugins\/seo\/ -->\n<title>Ubatuba: nossa segunda casa - O mundo por elas<\/title>\n<meta name=\"robots\" content=\"index, follow, max-snippet:-1, max-image-preview:large, max-video-preview:-1\" \/>\n<link rel=\"canonical\" href=\"https:\/\/blog.panrotas.com.br\/o-mundo-por-elas\/2018\/05\/04\/ubatuba-nossa-segunda-casa\/\" \/>\n<meta property=\"og:locale\" content=\"pt_BR\" \/>\n<meta property=\"og:type\" content=\"article\" \/>\n<meta property=\"og:title\" content=\"Ubatuba: nossa segunda casa - O mundo por elas\" \/>\n<meta property=\"og:description\" content=\"Por que ir: S\u00f3 continue lendo caso voc\u00ea aprecie natureza, mar limpo e paisagens ainda bem preservadas. A regi\u00e3o no entorno do centro de Ubatuba reune uma longa lista de praias com caracter\u00edsticas bem diferentes uma da outra, cada qual com sua beleza. Como sempre que poss\u00edvel passamos finais de semana por l\u00e1, vamos dar&hellip; Continue reading &rarr;\" \/>\n<meta property=\"og:url\" content=\"https:\/\/blog.panrotas.com.br\/o-mundo-por-elas\/2018\/05\/04\/ubatuba-nossa-segunda-casa\/\" \/>\n<meta property=\"og:site_name\" content=\"O mundo por elas\" \/>\n<meta property=\"article:published_time\" content=\"2018-05-04T14:29:24+00:00\" \/>\n<meta property=\"og:image\" content=\"https:\/\/blog.panrotas.com.br\/o-mundo-por-elas\/wp-content\/uploads\/sites\/24\/2018\/05\/casapanorama.jpg\" \/>\n\t<meta property=\"og:image:width\" content=\"4000\" \/>\n\t<meta property=\"og:image:height\" content=\"1039\" \/>\n<meta name=\"twitter:card\" content=\"summary_large_image\" \/>\n<meta name=\"twitter:label1\" content=\"Escrito por\" \/>\n\t<meta name=\"twitter:data1\" content=\"Tati Isler\" \/>\n\t<meta name=\"twitter:label2\" content=\"Est. tempo de leitura\" \/>\n\t<meta name=\"twitter:data2\" content=\"3 minutos\" \/>\n<script type=\"application\/ld+json\" class=\"yoast-schema-graph\">{\"@context\":\"https:\/\/schema.org\",\"@graph\":[{\"@type\":\"WebSite\",\"@id\":\"https:\/\/blog.panrotas.com.br\/o-mundo-por-elas\/#website\",\"url\":\"https:\/\/blog.panrotas.com.br\/o-mundo-por-elas\/\",\"name\":\"O mundo por elas\",\"description\":\"S\\u00f3 mais um site PANROTAS\",\"potentialAction\":[{\"@type\":\"SearchAction\",\"target\":{\"@type\":\"EntryPoint\",\"urlTemplate\":\"https:\/\/blog.panrotas.com.br\/o-mundo-por-elas\/?s={search_term_string}\"},\"query-input\":\"required name=search_term_string\"}],\"inLanguage\":\"pt-BR\"},{\"@type\":\"ImageObject\",\"@id\":\"https:\/\/blog.panrotas.com.br\/o-mundo-por-elas\/2018\/05\/04\/ubatuba-nossa-segunda-casa\/#primaryimage\",\"inLanguage\":\"pt-BR\",\"url\":\"https:\/\/blog.panrotas.com.br\/o-mundo-por-elas\/wp-content\/uploads\/sites\/24\/2018\/05\/casapanorama.jpg\",\"contentUrl\":\"https:\/\/blog.panrotas.com.br\/o-mundo-por-elas\/wp-content\/uploads\/sites\/24\/2018\/05\/casapanorama.jpg\",\"width\":4000,\"height\":1039},{\"@type\":\"WebPage\",\"@id\":\"https:\/\/blog.panrotas.com.br\/o-mundo-por-elas\/2018\/05\/04\/ubatuba-nossa-segunda-casa\/#webpage\",\"url\":\"https:\/\/blog.panrotas.com.br\/o-mundo-por-elas\/2018\/05\/04\/ubatuba-nossa-segunda-casa\/\",\"name\":\"Ubatuba: nossa segunda casa - O mundo por elas\",\"isPartOf\":{\"@id\":\"https:\/\/blog.panrotas.com.br\/o-mundo-por-elas\/#website\"},\"primaryImageOfPage\":{\"@id\":\"https:\/\/blog.panrotas.com.br\/o-mundo-por-elas\/2018\/05\/04\/ubatuba-nossa-segunda-casa\/#primaryimage\"},\"datePublished\":\"2018-05-04T14:29:24+00:00\",\"dateModified\":\"2018-05-04T14:29:24+00:00\",\"author\":{\"@id\":\"https:\/\/blog.panrotas.com.br\/o-mundo-por-elas\/#\/schema\/person\/bb023b1ec94101ad234190df9ce3fccf\"},\"breadcrumb\":{\"@id\":\"https:\/\/blog.panrotas.com.br\/o-mundo-por-elas\/2018\/05\/04\/ubatuba-nossa-segunda-casa\/#breadcrumb\"},\"inLanguage\":\"pt-BR\",\"potentialAction\":[{\"@type\":\"ReadAction\",\"target\":[\"https:\/\/blog.panrotas.com.br\/o-mundo-por-elas\/2018\/05\/04\/ubatuba-nossa-segunda-casa\/\"]}]},{\"@type\":\"BreadcrumbList\",\"@id\":\"https:\/\/blog.panrotas.com.br\/o-mundo-por-elas\/2018\/05\/04\/ubatuba-nossa-segunda-casa\/#breadcrumb\",\"itemListElement\":[{\"@type\":\"ListItem\",\"position\":1,\"name\":\"In\\u00edcio\",\"item\":\"https:\/\/blog.panrotas.com.br\/o-mundo-por-elas\/\"},{\"@type\":\"ListItem\",\"position\":2,\"name\":\"Ubatuba: nossa segunda casa\"}]},{\"@type\":\"Person\",\"@id\":\"https:\/\/blog.panrotas.com.br\/o-mundo-por-elas\/#\/schema\/person\/bb023b1ec94101ad234190df9ce3fccf\",\"name\":\"Tati Isler\",\"image\":{\"@type\":\"ImageObject\",\"@id\":\"https:\/\/blog.panrotas.com.br\/o-mundo-por-elas\/#personlogo\",\"inLanguage\":\"pt-BR\",\"url\":\"https:\/\/secure.gravatar.com\/avatar\/e24589919071c42d83489652d495c98a?s=96&d=mm&r=g\",\"contentUrl\":\"https:\/\/secure.gravatar.com\/avatar\/e24589919071c42d83489652d495c98a?s=96&d=mm&r=g\",\"caption\":\"Tati Isler\"},\"description\":\"Formada em Hist\\u00f3ria e jornalismo, Tati Isler trabalhou 15 anos como jornalista, 7 deles cobrindo cinema em Hollywood, antes de fundar a TI Comunica\\u00e7\\u00f5es, empresa de marketing e comunica\\u00e7\\u00e3o que representa o Turismo da \\u00c1frica do Sul no Brasil e Am\\u00e9rica do Sul. H\\u00e1 sete anos, quando teve um diagn\\u00f3stico de c\\u00e2ncer de mama, come\\u00e7ou a incluir a medita\\u00e7\\u00e3o diariamente na sua vida. Passou muito bem pelo tratamento, e nunca mais parou de meditar, aprofundando-se nesta viagem interior a cada dia. Virou monja Ishaya, professora de medita\\u00e7\\u00e3o, levou a pr\\u00e1tica para sua equipe e em plena quarentena lan\\u00e7ou uma empresa especializada em viagens pra dentro, a Ti Transforma, que tem como miss\\u00e3o levar consci\\u00eancia para o universo corporativo, por meio da medita\\u00e7\\u00e3o.\",\"url\":\"https:\/\/blog.panrotas.com.br\/o-mundo-por-elas\/author\/elas\/\"}]}<\/script>\n<!-- \/ Yoast SEO plugin. -->","yoast_head_json":{"title":"Ubatuba: nossa segunda casa - O mundo por elas","robots":{"index":"index","follow":"follow","max-snippet":"max-snippet:-1","max-image-preview":"max-image-preview:large","max-video-preview":"max-video-preview:-1"},"canonical":"https:\/\/blog.panrotas.com.br\/o-mundo-por-elas\/2018\/05\/04\/ubatuba-nossa-segunda-casa\/","og_locale":"pt_BR","og_type":"article","og_title":"Ubatuba: nossa segunda casa - O mundo por elas","og_description":"Por que ir: S\u00f3 continue lendo caso voc\u00ea aprecie natureza, mar limpo e paisagens ainda bem preservadas. A regi\u00e3o no entorno do centro de Ubatuba reune uma longa lista de praias com caracter\u00edsticas bem diferentes uma da outra, cada qual com sua beleza. Como sempre que poss\u00edvel passamos finais de semana por l\u00e1, vamos dar&hellip; Continue reading &rarr;","og_url":"https:\/\/blog.panrotas.com.br\/o-mundo-por-elas\/2018\/05\/04\/ubatuba-nossa-segunda-casa\/","og_site_name":"O mundo por elas","article_published_time":"2018-05-04T14:29:24+00:00","og_image":[{"width":4000,"height":1039,"url":"https:\/\/blog.panrotas.com.br\/o-mundo-por-elas\/wp-content\/uploads\/sites\/24\/2018\/05\/casapanorama.jpg","type":"image\/jpeg"}],"twitter_card":"summary_large_image","twitter_misc":{"Escrito por":"Tati Isler","Est. tempo de leitura":"3 minutos"},"schema":{"@context":"https:\/\/schema.org","@graph":[{"@type":"WebSite","@id":"https:\/\/blog.panrotas.com.br\/o-mundo-por-elas\/#website","url":"https:\/\/blog.panrotas.com.br\/o-mundo-por-elas\/","name":"O mundo por elas","description":"S\u00f3 mais um site PANROTAS","potentialAction":[{"@type":"SearchAction","target":{"@type":"EntryPoint","urlTemplate":"https:\/\/blog.panrotas.com.br\/o-mundo-por-elas\/?s={search_term_string}"},"query-input":"required name=search_term_string"}],"inLanguage":"pt-BR"},{"@type":"ImageObject","@id":"https:\/\/blog.panrotas.com.br\/o-mundo-por-elas\/2018\/05\/04\/ubatuba-nossa-segunda-casa\/#primaryimage","inLanguage":"pt-BR","url":"https:\/\/blog.panrotas.com.br\/o-mundo-por-elas\/wp-content\/uploads\/sites\/24\/2018\/05\/casapanorama.jpg","contentUrl":"https:\/\/blog.panrotas.com.br\/o-mundo-por-elas\/wp-content\/uploads\/sites\/24\/2018\/05\/casapanorama.jpg","width":4000,"height":1039},{"@type":"WebPage","@id":"https:\/\/blog.panrotas.com.br\/o-mundo-por-elas\/2018\/05\/04\/ubatuba-nossa-segunda-casa\/#webpage","url":"https:\/\/blog.panrotas.com.br\/o-mundo-por-elas\/2018\/05\/04\/ubatuba-nossa-segunda-casa\/","name":"Ubatuba: nossa segunda casa - O mundo por elas","isPartOf":{"@id":"https:\/\/blog.panrotas.com.br\/o-mundo-por-elas\/#website"},"primaryImageOfPage":{"@id":"https:\/\/blog.panrotas.com.br\/o-mundo-por-elas\/2018\/05\/04\/ubatuba-nossa-segunda-casa\/#primaryimage"},"datePublished":"2018-05-04T14:29:24+00:00","dateModified":"2018-05-04T14:29:24+00:00","author":{"@id":"https:\/\/blog.panrotas.com.br\/o-mundo-por-elas\/#\/schema\/person\/bb023b1ec94101ad234190df9ce3fccf"},"breadcrumb":{"@id":"https:\/\/blog.panrotas.com.br\/o-mundo-por-elas\/2018\/05\/04\/ubatuba-nossa-segunda-casa\/#breadcrumb"},"inLanguage":"pt-BR","potentialAction":[{"@type":"ReadAction","target":["https:\/\/blog.panrotas.com.br\/o-mundo-por-elas\/2018\/05\/04\/ubatuba-nossa-segunda-casa\/"]}]},{"@type":"BreadcrumbList","@id":"https:\/\/blog.panrotas.com.br\/o-mundo-por-elas\/2018\/05\/04\/ubatuba-nossa-segunda-casa\/#breadcrumb","itemListElement":[{"@type":"ListItem","position":1,"name":"In\u00edcio","item":"https:\/\/blog.panrotas.com.br\/o-mundo-por-elas\/"},{"@type":"ListItem","position":2,"name":"Ubatuba: nossa segunda casa"}]},{"@type":"Person","@id":"https:\/\/blog.panrotas.com.br\/o-mundo-por-elas\/#\/schema\/person\/bb023b1ec94101ad234190df9ce3fccf","name":"Tati Isler","image":{"@type":"ImageObject","@id":"https:\/\/blog.panrotas.com.br\/o-mundo-por-elas\/#personlogo","inLanguage":"pt-BR","url":"https:\/\/secure.gravatar.com\/avatar\/e24589919071c42d83489652d495c98a?s=96&d=mm&r=g","contentUrl":"https:\/\/secure.gravatar.com\/avatar\/e24589919071c42d83489652d495c98a?s=96&d=mm&r=g","caption":"Tati Isler"},"description":"Formada em Hist\u00f3ria e jornalismo, Tati Isler trabalhou 15 anos como jornalista, 7 deles cobrindo cinema em Hollywood, antes de fundar a TI Comunica\u00e7\u00f5es, empresa de marketing e comunica\u00e7\u00e3o que representa o Turismo da \u00c1frica do Sul no Brasil e Am\u00e9rica do Sul. H\u00e1 sete anos, quando teve um diagn\u00f3stico de c\u00e2ncer de mama, come\u00e7ou a incluir a medita\u00e7\u00e3o diariamente na sua vida. Passou muito bem pelo tratamento, e nunca mais parou de meditar, aprofundando-se nesta viagem interior a cada dia. Virou monja Ishaya, professora de medita\u00e7\u00e3o, levou a pr\u00e1tica para sua equipe e em plena quarentena lan\u00e7ou uma empresa especializada em viagens pra dentro, a Ti Transforma, que tem como miss\u00e3o levar consci\u00eancia para o universo corporativo, por meio da medita\u00e7\u00e3o.","url":"https:\/\/blog.panrotas.com.br\/o-mundo-por-elas\/author\/elas\/"}]}},"jetpack_featured_media_url":"https:\/\/blog.panrotas.com.br\/o-mundo-por-elas\/wp-content\/uploads\/sites\/24\/2018\/05\/casapanorama.jpg","_links":{"self":[{"href":"https:\/\/blog.panrotas.com.br\/o-mundo-por-elas\/wp-json\/wp\/v2\/posts\/60"}],"collection":[{"href":"https:\/\/blog.panrotas.com.br\/o-mundo-por-elas\/wp-json\/wp\/v2\/posts"}],"about":[{"href":"https:\/\/blog.panrotas.com.br\/o-mundo-por-elas\/wp-json\/wp\/v2\/types\/post"}],"author":[{"embeddable":true,"href":"https:\/\/blog.panrotas.com.br\/o-mundo-por-elas\/wp-json\/wp\/v2\/users\/24"}],"replies":[{"embeddable":true,"href":"https:\/\/blog.panrotas.com.br\/o-mundo-por-elas\/wp-json\/wp\/v2\/comments?post=60"}],"version-history":[{"count":0,"href":"https:\/\/blog.panrotas.com.br\/o-mundo-por-elas\/wp-json\/wp\/v2\/posts\/60\/revisions"}],"wp:featuredmedia":[{"embeddable":true,"href":"https:\/\/blog.panrotas.com.br\/o-mundo-por-elas\/wp-json\/wp\/v2\/media\/64"}],"wp:attachment":[{"href":"https:\/\/blog.panrotas.com.br\/o-mundo-por-elas\/wp-json\/wp\/v2\/media?parent=60"}],"wp:term":[{"taxonomy":"category","embeddable":true,"href":"https:\/\/blog.panrotas.com.br\/o-mundo-por-elas\/wp-json\/wp\/v2\/categories?post=60"},{"taxonomy":"post_tag","embeddable":true,"href":"https:\/\/blog.panrotas.com.br\/o-mundo-por-elas\/wp-json\/wp\/v2\/tags?post=60"}],"curies":[{"name":"wp","href":"https:\/\/api.w.org\/{rel}","templated":true}]}}