{"id":113,"date":"2023-03-06T09:00:56","date_gmt":"2023-03-06T12:00:56","guid":{"rendered":"https:\/\/blog.panrotas.com.br\/parques-e-atracoes\/?p=113"},"modified":"2023-03-06T09:00:58","modified_gmt":"2023-03-06T12:00:58","slug":"a-tirolesa-do-rio","status":"publish","type":"post","link":"https:\/\/blog.panrotas.com.br\/parques-e-atracoes\/2023\/03\/06\/a-tirolesa-do-rio\/","title":{"rendered":"A tirolesa do rio"},"content":{"rendered":"\n<p>Anunciada no ano passado, a tirolesa do Parque Bondinho P\u00e3o de A\u00e7\u00facar, no Rio de Janeiro, come\u00e7ou a ser constru\u00edda e a promessa \u00e9 de entrega da nova atra\u00e7\u00e3o tur\u00edstica carioca no in\u00edcio do segundo semestre. Ser\u00e3o 755 metros de \u201cvoo\u201d, partindo de 395 metros de altitude, entre o P\u00e3o de A\u00e7\u00facar e o Morro da Urca. I\u00e7ados por cabos, em descida de aproximadamente 50 segundos, os visitantes poder\u00e3o atingir a velocidade de 100 km\/h e, ao desembarcar, depois de recuperar o f\u00f4lego, certamente v\u00e3o contar a muitos sobre a experi\u00eancia de voar sobre um dos mais famosos cart\u00f5es-postais de todo o mundo.<\/p>\n\n\n\n<p>O Parque Bondinho P\u00e3o de A\u00e7\u00facar, que j\u00e1 arranca suspiros de seus visitantes, com as vistas espetaculares que oferece de cada um de seus mirantes, vai fazer esses mesmos visitantes \u2013 ao menos os mais valentes \u2013 gritarem no minuto de dura\u00e7\u00e3o da descida em sua tirolesa. Aos 110 anos, o parque inova no que parecia uma experi\u00eancia completa, afinal, al\u00e9m dos pr\u00f3prios bondinhos e suas esta\u00e7\u00f5es repletas de mirantes, oferece passeio de helic\u00f3ptero, trilha pela Mata Atl\u00e2ntica, diversificadas op\u00e7\u00f5es gastron\u00f4micas e eventos com culturais e concertos. Agora, no meio do ano, haver\u00e1 tamb\u00e9m a tirolesa.<\/p>\n\n\n\n<div class=\"wp-block-image\"><figure class=\"aligncenter size-large\"><img loading=\"lazy\" width=\"498\" height=\"523\" src=\"https:\/\/blog.panrotas.com.br\/parques-e-atracoes\/wp-content\/uploads\/sites\/45\/2023\/03\/tirolesa1.jpg\" alt=\"\" class=\"wp-image-117\" srcset=\"https:\/\/blog.panrotas.com.br\/parques-e-atracoes\/wp-content\/uploads\/sites\/45\/2023\/03\/tirolesa1.jpg 498w, https:\/\/blog.panrotas.com.br\/parques-e-atracoes\/wp-content\/uploads\/sites\/45\/2023\/03\/tirolesa1-286x300.jpg 286w\" sizes=\"(max-width: 498px) 100vw, 498px\" \/><figcaption>Aviso publicado no site do Parque Bondinho P\u00e3o de A\u00e7\u00facar, sobre o in\u00edcio das obras da tirolesa; abertura est\u00e1 prevista para o segundo semestre<\/figcaption><\/figure><\/div>\n\n\n\n<p>Mais que a \u201cTirolesa do Bondinho\u201d, a nova atra\u00e7\u00e3o deve virar a \u201cTirolesa do Rio\u201d, tendo tudo para se tornar uma das experi\u00eancias mais desejadas pelos visitantes da capital fluminense. H\u00e1 cr\u00edticas, naturalmente. Em entrevista ao jornal <em>O Globo<\/em>, o CEO do Parque Bondinho, Sandro Fernandes, assegurou que todas as licen\u00e7as foram obtidas junto a \u00f3rg\u00e3os como o Instituto do Patrim\u00f4nio Hist\u00f3rico e Art\u00edstico Nacional (Iphan), com os impactos da nova atra\u00e7\u00e3o bem estudados e debatidos.<\/p>\n\n\n\n<p>O presidente da Associa\u00e7\u00e3o Carioca de Turismo de Aventura (ACTA), F\u00e1bio Nascimento, que \u00e9 montanhista e membro do Conselho Consultivo do Monumento Natural dos Morros do P\u00e3o de A\u00e7\u00facar e Urca (Consemona), participou da apresenta\u00e7\u00e3o do projeto no ano passado e, em artigo, demonstrou todo seu otimismo com a nova atra\u00e7\u00e3o. \u201cO P\u00e3o de A\u00e7\u00facar \u00e9 um dos s\u00edmbolos do Rio e do Brasil, reconhecido em todo o planeta e visitado por 1,6 milh\u00e3o de pessoas em 2022. A Tirolesa do P\u00e3o de A\u00e7\u00facar (eu diria Tirolesa do Rio), voando sobre o Monumento Natural dos Morros do P\u00e3o de A\u00e7\u00facar e Urca, a unidade de conserva\u00e7\u00e3o mais visitada da cidade e uma das mais visitadas do pa\u00eds, ser\u00e1 um marco do turismo de aventura no Rio e no Brasil.\u201d<\/p>\n\n\n\n<p><strong>Afinal, como ser\u00e1?<\/strong><\/p>\n\n\n\n<p>Segundo o CEO do Parque Bondinho, a tirolesa tem investimento de R$ 50 milh\u00f5es e ter\u00e1 quatro vias de descida paralelas, com partidas e chegadas em plataformas pr\u00f3ximas \u00e0s esta\u00e7\u00f5es do telef\u00e9rico. Os cabos ser\u00e3o quase impercept\u00edveis na panor\u00e2mica do Rio, com 15 mil\u00edmetros de di\u00e2metro. Os visitantes ter\u00e3o explica\u00e7\u00f5es sobre o P\u00e3o de A\u00e7\u00facar e orienta\u00e7\u00f5es de seguran\u00e7a antes do preparo para a descida, com capacete que inclui prote\u00e7\u00e3o facial e ac\u00fastica.<\/p>\n\n\n\n<p>Objetivos soltos, como chinelos, celulares ou \u00f3culos, ser\u00e3o recolhidos em mochila acoplada \u00e0 cadeirinha da tirolesa. Em tecido resistente, a cadeirinha ser\u00e1 presa com equipamentos aos cabos da tirolesa e um sistema eletr\u00f4nico-digital com sensores jamais permitir\u00e1 que uma pessoa parta da rampa no P\u00e3o de A\u00e7\u00facar enquanto a que desceu anteriormente n\u00e3o tiver sa\u00eddo da via. A capacidade da tirolesa ser\u00e1 de 100 pessoas por hora.<\/p>\n\n\n\n<p><strong>E a\u00ed, animou?<\/strong> Conta pra gente aqui nos coment\u00e1rios se voc\u00ea \u00e9 do time que vai encarar a nova atra\u00e7\u00e3o! Eu vou!<\/p>\n\n\n\n<figure class=\"wp-block-gallery aligncenter columns-1 is-cropped\"><ul class=\"blocks-gallery-grid\"><li class=\"blocks-gallery-item\"><figure><img loading=\"lazy\" width=\"991\" height=\"533\" src=\"https:\/\/blog.panrotas.com.br\/parques-e-atracoes\/wp-content\/uploads\/sites\/45\/2023\/03\/rafael-duarte.jpg\" alt=\"\" data-id=\"114\" data-link=\"https:\/\/blog.panrotas.com.br\/parques-e-atracoes\/?attachment_id=114\" class=\"wp-image-114\" srcset=\"https:\/\/blog.panrotas.com.br\/parques-e-atracoes\/wp-content\/uploads\/sites\/45\/2023\/03\/rafael-duarte.jpg 991w, https:\/\/blog.panrotas.com.br\/parques-e-atracoes\/wp-content\/uploads\/sites\/45\/2023\/03\/rafael-duarte-300x161.jpg 300w, https:\/\/blog.panrotas.com.br\/parques-e-atracoes\/wp-content\/uploads\/sites\/45\/2023\/03\/rafael-duarte-768x413.jpg 768w, https:\/\/blog.panrotas.com.br\/parques-e-atracoes\/wp-content\/uploads\/sites\/45\/2023\/03\/rafael-duarte-740x398.jpg 740w\" sizes=\"(max-width: 991px) 100vw, 991px\" \/><figcaption class=\"blocks-gallery-item__caption\">Divulga\u00e7\u00e3o\/Rafael Duarte<\/figcaption><\/figure><\/li><\/ul><\/figure>\n","protected":false},"excerpt":{"rendered":"<p>Anunciada no ano passado, a tirolesa do Parque Bondinho P\u00e3o de A\u00e7\u00facar, no Rio de Janeiro, come\u00e7ou a ser constru\u00edda e a promessa \u00e9 de entrega da nova atra\u00e7\u00e3o tur\u00edstica carioca no in\u00edcio do segundo semestre. Ser\u00e3o 755 metros de \u201cvoo\u201d, partindo de 395 metros de altitude, entre o P\u00e3o de A\u00e7\u00facar e o Morro&hellip; <a class=\"more-link\" href=\"https:\/\/blog.panrotas.com.br\/parques-e-atracoes\/2023\/03\/06\/a-tirolesa-do-rio\/\">Continue reading &rarr;<\/a><\/p>\n","protected":false},"author":53,"featured_media":115,"comment_status":"open","ping_status":"open","sticky":false,"template":"","format":"standard","meta":{"spay_email":""},"categories":[1],"tags":[17,85,93,91,92,84,52,29,86,87,88,89,90],"yoast_head":"<!-- This site is optimized with the Yoast SEO plugin v17.3 - https:\/\/yoast.com\/wordpress\/plugins\/seo\/ -->\n<title>A tirolesa do rio - Parques e atra\u00e7\u00f5es<\/title>\n<meta name=\"robots\" content=\"index, follow, max-snippet:-1, max-image-preview:large, max-video-preview:-1\" \/>\n<link rel=\"canonical\" href=\"https:\/\/blog.panrotas.com.br\/parques-e-atracoes\/2023\/03\/06\/a-tirolesa-do-rio\/\" \/>\n<meta property=\"og:locale\" content=\"pt_BR\" \/>\n<meta property=\"og:type\" content=\"article\" \/>\n<meta property=\"og:title\" content=\"A tirolesa do rio - Parques e atra\u00e7\u00f5es\" \/>\n<meta property=\"og:description\" content=\"Anunciada no ano passado, a tirolesa do Parque Bondinho P\u00e3o de A\u00e7\u00facar, no Rio de Janeiro, come\u00e7ou a ser constru\u00edda e a promessa \u00e9 de entrega da nova atra\u00e7\u00e3o tur\u00edstica carioca no in\u00edcio do segundo semestre. Ser\u00e3o 755 metros de \u201cvoo\u201d, partindo de 395 metros de altitude, entre o P\u00e3o de A\u00e7\u00facar e o Morro&hellip; Continue reading &rarr;\" \/>\n<meta property=\"og:url\" content=\"https:\/\/blog.panrotas.com.br\/parques-e-atracoes\/2023\/03\/06\/a-tirolesa-do-rio\/\" \/>\n<meta property=\"og:site_name\" content=\"Parques e atra\u00e7\u00f5es\" \/>\n<meta property=\"article:published_time\" content=\"2023-03-06T12:00:56+00:00\" \/>\n<meta property=\"article:modified_time\" content=\"2023-03-06T12:00:58+00:00\" \/>\n<meta property=\"og:image\" content=\"http:\/\/blog.panrotas.com.br\/parques-e-atracoes\/wp-content\/uploads\/sites\/45\/2023\/03\/rafael-duarte1.jpg\" \/>\n\t<meta property=\"og:image:width\" content=\"976\" \/>\n\t<meta property=\"og:image:height\" content=\"520\" \/>\n<meta name=\"twitter:card\" content=\"summary_large_image\" \/>\n<meta name=\"twitter:label1\" content=\"Escrito por\" \/>\n\t<meta name=\"twitter:data1\" content=\"Izabel Reigada\" \/>\n\t<meta name=\"twitter:label2\" content=\"Est. tempo de leitura\" \/>\n\t<meta name=\"twitter:data2\" content=\"4 minutos\" \/>\n<script type=\"application\/ld+json\" class=\"yoast-schema-graph\">{\"@context\":\"https:\/\/schema.org\",\"@graph\":[{\"@type\":\"WebSite\",\"@id\":\"https:\/\/blog.panrotas.com.br\/parques-e-atracoes\/#website\",\"url\":\"https:\/\/blog.panrotas.com.br\/parques-e-atracoes\/\",\"name\":\"Parques e atra\\u00e7\\u00f5es\",\"description\":\"\",\"potentialAction\":[{\"@type\":\"SearchAction\",\"target\":{\"@type\":\"EntryPoint\",\"urlTemplate\":\"https:\/\/blog.panrotas.com.br\/parques-e-atracoes\/?s={search_term_string}\"},\"query-input\":\"required name=search_term_string\"}],\"inLanguage\":\"pt-BR\"},{\"@type\":\"ImageObject\",\"@id\":\"https:\/\/blog.panrotas.com.br\/parques-e-atracoes\/2023\/03\/06\/a-tirolesa-do-rio\/#primaryimage\",\"inLanguage\":\"pt-BR\",\"url\":\"https:\/\/blog.panrotas.com.br\/parques-e-atracoes\/wp-content\/uploads\/sites\/45\/2023\/03\/rafael-duarte1.jpg\",\"contentUrl\":\"https:\/\/blog.panrotas.com.br\/parques-e-atracoes\/wp-content\/uploads\/sites\/45\/2023\/03\/rafael-duarte1.jpg\",\"width\":976,\"height\":520,\"caption\":\"Parque Bondinho P\\u00e3o de A\\u00e7\\u00facar inaugura neste ano sua tirolesa (Foto: Rafael Duarte)\"},{\"@type\":\"WebPage\",\"@id\":\"https:\/\/blog.panrotas.com.br\/parques-e-atracoes\/2023\/03\/06\/a-tirolesa-do-rio\/#webpage\",\"url\":\"https:\/\/blog.panrotas.com.br\/parques-e-atracoes\/2023\/03\/06\/a-tirolesa-do-rio\/\",\"name\":\"A tirolesa do rio - Parques e atra\\u00e7\\u00f5es\",\"isPartOf\":{\"@id\":\"https:\/\/blog.panrotas.com.br\/parques-e-atracoes\/#website\"},\"primaryImageOfPage\":{\"@id\":\"https:\/\/blog.panrotas.com.br\/parques-e-atracoes\/2023\/03\/06\/a-tirolesa-do-rio\/#primaryimage\"},\"datePublished\":\"2023-03-06T12:00:56+00:00\",\"dateModified\":\"2023-03-06T12:00:58+00:00\",\"author\":{\"@id\":\"https:\/\/blog.panrotas.com.br\/parques-e-atracoes\/#\/schema\/person\/55d61bc7363452588c791d298ad2a72a\"},\"breadcrumb\":{\"@id\":\"https:\/\/blog.panrotas.com.br\/parques-e-atracoes\/2023\/03\/06\/a-tirolesa-do-rio\/#breadcrumb\"},\"inLanguage\":\"pt-BR\",\"potentialAction\":[{\"@type\":\"ReadAction\",\"target\":[\"https:\/\/blog.panrotas.com.br\/parques-e-atracoes\/2023\/03\/06\/a-tirolesa-do-rio\/\"]}]},{\"@type\":\"BreadcrumbList\",\"@id\":\"https:\/\/blog.panrotas.com.br\/parques-e-atracoes\/2023\/03\/06\/a-tirolesa-do-rio\/#breadcrumb\",\"itemListElement\":[{\"@type\":\"ListItem\",\"position\":1,\"name\":\"In\\u00edcio\",\"item\":\"https:\/\/blog.panrotas.com.br\/parques-e-atracoes\/\"},{\"@type\":\"ListItem\",\"position\":2,\"name\":\"A tirolesa do rio\"}]},{\"@type\":\"Person\",\"@id\":\"https:\/\/blog.panrotas.com.br\/parques-e-atracoes\/#\/schema\/person\/55d61bc7363452588c791d298ad2a72a\",\"name\":\"Izabel Reigada\",\"image\":{\"@type\":\"ImageObject\",\"@id\":\"https:\/\/blog.panrotas.com.br\/parques-e-atracoes\/#personlogo\",\"inLanguage\":\"pt-BR\",\"url\":\"https:\/\/secure.gravatar.com\/avatar\/cff605cdae1e853b6d5c967b6023b992?s=96&d=mm&r=g\",\"contentUrl\":\"https:\/\/secure.gravatar.com\/avatar\/cff605cdae1e853b6d5c967b6023b992?s=96&d=mm&r=g\",\"caption\":\"Izabel Reigada\"},\"url\":\"https:\/\/blog.panrotas.com.br\/parques-e-atracoes\/author\/izabel\/\"}]}<\/script>\n<!-- \/ Yoast SEO plugin. -->","yoast_head_json":{"title":"A tirolesa do rio - Parques e atra\u00e7\u00f5es","robots":{"index":"index","follow":"follow","max-snippet":"max-snippet:-1","max-image-preview":"max-image-preview:large","max-video-preview":"max-video-preview:-1"},"canonical":"https:\/\/blog.panrotas.com.br\/parques-e-atracoes\/2023\/03\/06\/a-tirolesa-do-rio\/","og_locale":"pt_BR","og_type":"article","og_title":"A tirolesa do rio - Parques e atra\u00e7\u00f5es","og_description":"Anunciada no ano passado, a tirolesa do Parque Bondinho P\u00e3o de A\u00e7\u00facar, no Rio de Janeiro, come\u00e7ou a ser constru\u00edda e a promessa \u00e9 de entrega da nova atra\u00e7\u00e3o tur\u00edstica carioca no in\u00edcio do segundo semestre. Ser\u00e3o 755 metros de \u201cvoo\u201d, partindo de 395 metros de altitude, entre o P\u00e3o de A\u00e7\u00facar e o Morro&hellip; Continue reading &rarr;","og_url":"https:\/\/blog.panrotas.com.br\/parques-e-atracoes\/2023\/03\/06\/a-tirolesa-do-rio\/","og_site_name":"Parques e atra\u00e7\u00f5es","article_published_time":"2023-03-06T12:00:56+00:00","article_modified_time":"2023-03-06T12:00:58+00:00","og_image":[{"width":976,"height":520,"url":"http:\/\/blog.panrotas.com.br\/parques-e-atracoes\/wp-content\/uploads\/sites\/45\/2023\/03\/rafael-duarte1.jpg","type":"image\/jpeg"}],"twitter_card":"summary_large_image","twitter_misc":{"Escrito por":"Izabel Reigada","Est. tempo de leitura":"4 minutos"},"schema":{"@context":"https:\/\/schema.org","@graph":[{"@type":"WebSite","@id":"https:\/\/blog.panrotas.com.br\/parques-e-atracoes\/#website","url":"https:\/\/blog.panrotas.com.br\/parques-e-atracoes\/","name":"Parques e atra\u00e7\u00f5es","description":"","potentialAction":[{"@type":"SearchAction","target":{"@type":"EntryPoint","urlTemplate":"https:\/\/blog.panrotas.com.br\/parques-e-atracoes\/?s={search_term_string}"},"query-input":"required name=search_term_string"}],"inLanguage":"pt-BR"},{"@type":"ImageObject","@id":"https:\/\/blog.panrotas.com.br\/parques-e-atracoes\/2023\/03\/06\/a-tirolesa-do-rio\/#primaryimage","inLanguage":"pt-BR","url":"https:\/\/blog.panrotas.com.br\/parques-e-atracoes\/wp-content\/uploads\/sites\/45\/2023\/03\/rafael-duarte1.jpg","contentUrl":"https:\/\/blog.panrotas.com.br\/parques-e-atracoes\/wp-content\/uploads\/sites\/45\/2023\/03\/rafael-duarte1.jpg","width":976,"height":520,"caption":"Parque Bondinho P\u00e3o de A\u00e7\u00facar inaugura neste ano sua tirolesa (Foto: Rafael Duarte)"},{"@type":"WebPage","@id":"https:\/\/blog.panrotas.com.br\/parques-e-atracoes\/2023\/03\/06\/a-tirolesa-do-rio\/#webpage","url":"https:\/\/blog.panrotas.com.br\/parques-e-atracoes\/2023\/03\/06\/a-tirolesa-do-rio\/","name":"A tirolesa do rio - Parques e atra\u00e7\u00f5es","isPartOf":{"@id":"https:\/\/blog.panrotas.com.br\/parques-e-atracoes\/#website"},"primaryImageOfPage":{"@id":"https:\/\/blog.panrotas.com.br\/parques-e-atracoes\/2023\/03\/06\/a-tirolesa-do-rio\/#primaryimage"},"datePublished":"2023-03-06T12:00:56+00:00","dateModified":"2023-03-06T12:00:58+00:00","author":{"@id":"https:\/\/blog.panrotas.com.br\/parques-e-atracoes\/#\/schema\/person\/55d61bc7363452588c791d298ad2a72a"},"breadcrumb":{"@id":"https:\/\/blog.panrotas.com.br\/parques-e-atracoes\/2023\/03\/06\/a-tirolesa-do-rio\/#breadcrumb"},"inLanguage":"pt-BR","potentialAction":[{"@type":"ReadAction","target":["https:\/\/blog.panrotas.com.br\/parques-e-atracoes\/2023\/03\/06\/a-tirolesa-do-rio\/"]}]},{"@type":"BreadcrumbList","@id":"https:\/\/blog.panrotas.com.br\/parques-e-atracoes\/2023\/03\/06\/a-tirolesa-do-rio\/#breadcrumb","itemListElement":[{"@type":"ListItem","position":1,"name":"In\u00edcio","item":"https:\/\/blog.panrotas.com.br\/parques-e-atracoes\/"},{"@type":"ListItem","position":2,"name":"A tirolesa do rio"}]},{"@type":"Person","@id":"https:\/\/blog.panrotas.com.br\/parques-e-atracoes\/#\/schema\/person\/55d61bc7363452588c791d298ad2a72a","name":"Izabel Reigada","image":{"@type":"ImageObject","@id":"https:\/\/blog.panrotas.com.br\/parques-e-atracoes\/#personlogo","inLanguage":"pt-BR","url":"https:\/\/secure.gravatar.com\/avatar\/cff605cdae1e853b6d5c967b6023b992?s=96&d=mm&r=g","contentUrl":"https:\/\/secure.gravatar.com\/avatar\/cff605cdae1e853b6d5c967b6023b992?s=96&d=mm&r=g","caption":"Izabel Reigada"},"url":"https:\/\/blog.panrotas.com.br\/parques-e-atracoes\/author\/izabel\/"}]}},"jetpack_featured_media_url":"https:\/\/blog.panrotas.com.br\/parques-e-atracoes\/wp-content\/uploads\/sites\/45\/2023\/03\/rafael-duarte1.jpg","_links":{"self":[{"href":"https:\/\/blog.panrotas.com.br\/parques-e-atracoes\/wp-json\/wp\/v2\/posts\/113"}],"collection":[{"href":"https:\/\/blog.panrotas.com.br\/parques-e-atracoes\/wp-json\/wp\/v2\/posts"}],"about":[{"href":"https:\/\/blog.panrotas.com.br\/parques-e-atracoes\/wp-json\/wp\/v2\/types\/post"}],"author":[{"embeddable":true,"href":"https:\/\/blog.panrotas.com.br\/parques-e-atracoes\/wp-json\/wp\/v2\/users\/53"}],"replies":[{"embeddable":true,"href":"https:\/\/blog.panrotas.com.br\/parques-e-atracoes\/wp-json\/wp\/v2\/comments?post=113"}],"version-history":[{"count":2,"href":"https:\/\/blog.panrotas.com.br\/parques-e-atracoes\/wp-json\/wp\/v2\/posts\/113\/revisions"}],"predecessor-version":[{"id":120,"href":"https:\/\/blog.panrotas.com.br\/parques-e-atracoes\/wp-json\/wp\/v2\/posts\/113\/revisions\/120"}],"wp:featuredmedia":[{"embeddable":true,"href":"https:\/\/blog.panrotas.com.br\/parques-e-atracoes\/wp-json\/wp\/v2\/media\/115"}],"wp:attachment":[{"href":"https:\/\/blog.panrotas.com.br\/parques-e-atracoes\/wp-json\/wp\/v2\/media?parent=113"}],"wp:term":[{"taxonomy":"category","embeddable":true,"href":"https:\/\/blog.panrotas.com.br\/parques-e-atracoes\/wp-json\/wp\/v2\/categories?post=113"},{"taxonomy":"post_tag","embeddable":true,"href":"https:\/\/blog.panrotas.com.br\/parques-e-atracoes\/wp-json\/wp\/v2\/tags?post=113"}],"curies":[{"name":"wp","href":"https:\/\/api.w.org\/{rel}","templated":true}]}}