{"id":266,"date":"2024-05-05T07:29:06","date_gmt":"2024-05-05T10:29:06","guid":{"rendered":"https:\/\/blog.panrotas.com.br\/parques-e-atracoes\/?p=266"},"modified":"2024-05-05T07:29:09","modified_gmt":"2024-05-05T10:29:09","slug":"foz-do-iguacu-reune-os-profissionais-de-parques-e-atracoes-nesta-semana","status":"publish","type":"post","link":"https:\/\/blog.panrotas.com.br\/parques-e-atracoes\/2024\/05\/05\/foz-do-iguacu-reune-os-profissionais-de-parques-e-atracoes-nesta-semana\/","title":{"rendered":"Foz do igua\u00e7u re\u00fane os profissionais de parques e atra\u00e7\u00f5es nesta semana"},"content":{"rendered":"\n<p>Nesta semana, Foz do Igua\u00e7u ser\u00e1 o ponto de encontro dos principais profissionais do setor de parques e atra\u00e7\u00f5es tur\u00edsticas do Brasil, com a realiza\u00e7\u00e3o da 5\u00aa edi\u00e7\u00e3o do SINDEPAT Summit. Itinerante, o evento idealizado pelo SINDEPAT visita um dos principais destinos tur\u00edsticos do Brasil, com forte apelo internacional, gra\u00e7as \u00e0s incr\u00edveis Cataratas do Igua\u00e7u, no Parque Nacional do Igua\u00e7u. Mas Foz do Igua\u00e7u, um desses destinos \u201cmust go\u201d, \u00e9 muito mais que seu principal cart\u00e3o-postal, e o SINDEPAT Summit ser\u00e1 uma oportunidade para mostrar isso.<\/p>\n\n\n\n<p>Pela primeira vez, a programa\u00e7\u00e3o do evento inclui oficialmente tr\u00eas dias de realiza\u00e7\u00e3o: 8, 9 e 10 de maio. Enquanto os dois primeiros dias s\u00e3o dedicados aos conte\u00fados da Plen\u00e1ria e \u00e0 apresenta\u00e7\u00e3o de produtos e servi\u00e7os na \u00c1rea de Exposi\u00e7\u00e3o, o terceiro dia re\u00fane as visitas t\u00e9cnicas. Os participantes poder\u00e3o conhecer o Parque Tecnol\u00f3gico Itaipu\/Turismo Itaipu, na manh\u00e3 da sexta; \u00e0 tarde, a visita\u00e7\u00e3o inclui o parque aqu\u00e1tico Blue Park, no Mabu Thermas, a roda-gigante Yup Star Foz e o Marco das Tr\u00eas Fronteiras.<\/p>\n\n\n\n<p>O Parque Nacional do Igua\u00e7u, claro, n\u00e3o poderia estar fora dessa visita\u00e7\u00e3o. Ele ser\u00e1 o endere\u00e7o do coquetel de encerramento do SINDEPAT Summit, no fim da tarde do dia 9. Os participantes ser\u00e3o levados do Centro de Eventos do Mabu Thermas diretamente ao parque, onde realizar\u00e3o trilha para conferir o produto \u201cEntardecer nas Cataratas\u201d, lan\u00e7ado pela gestora Urbia+Catartas neste ano. Em seguida, participam do coquetel de encerramento. A programa\u00e7\u00e3o inclu\u00ed tamb\u00e9m um coquetel de abertura, na noite do dia 8, em Itaipu, com a barragem iluminada, produto conhecido como \u201cItaipu Iluminada\u201d. Oportunidades de networking em meio aos cen\u00e1rios incr\u00edveis que os parques e atra\u00e7\u00f5es de Foz oferecem.<\/p>\n\n\n\n<div class=\"wp-block-jetpack-slideshow aligncenter\" data-effect=\"slide\"><div class=\"wp-block-jetpack-slideshow_container swiper-container\"><ul class=\"wp-block-jetpack-slideshow_swiper-wrapper swiper-wrapper\"><li class=\"wp-block-jetpack-slideshow_slide swiper-slide\"><figure><img loading=\"lazy\" width=\"1024\" height=\"478\" alt=\"\" class=\"wp-block-jetpack-slideshow_image wp-image-271\" data-id=\"271\" src=\"http:\/\/blog.panrotas.com.br\/parques-e-atracoes\/wp-content\/uploads\/sites\/45\/2024\/05\/Foz-do-Iguacu-1024x478.jpg\" srcset=\"https:\/\/blog.panrotas.com.br\/parques-e-atracoes\/wp-content\/uploads\/sites\/45\/2024\/05\/Foz-do-Iguacu-1024x478.jpg 1024w, https:\/\/blog.panrotas.com.br\/parques-e-atracoes\/wp-content\/uploads\/sites\/45\/2024\/05\/Foz-do-Iguacu-300x140.jpg 300w, https:\/\/blog.panrotas.com.br\/parques-e-atracoes\/wp-content\/uploads\/sites\/45\/2024\/05\/Foz-do-Iguacu-768x359.jpg 768w, https:\/\/blog.panrotas.com.br\/parques-e-atracoes\/wp-content\/uploads\/sites\/45\/2024\/05\/Foz-do-Iguacu-740x346.jpg 740w, https:\/\/blog.panrotas.com.br\/parques-e-atracoes\/wp-content\/uploads\/sites\/45\/2024\/05\/Foz-do-Iguacu.jpg 1103w\" sizes=\"(max-width: 1024px) 100vw, 1024px\" \/><figcaption class=\"wp-block-jetpack-slideshow_caption gallery-caption\">Foz do Igua\u00e7u (Cr\u00e9dito: Visit Iguassu)<\/figcaption><\/figure><\/li><li class=\"wp-block-jetpack-slideshow_slide swiper-slide\"><figure><img loading=\"lazy\" width=\"768\" height=\"512\" alt=\"\" class=\"wp-block-jetpack-slideshow_image wp-image-268\" data-id=\"268\" src=\"http:\/\/blog.panrotas.com.br\/parques-e-atracoes\/wp-content\/uploads\/sites\/45\/2024\/05\/Por-do-Sol-Cataratas_-Nilmar-Fernandes.jpeg\" srcset=\"https:\/\/blog.panrotas.com.br\/parques-e-atracoes\/wp-content\/uploads\/sites\/45\/2024\/05\/Por-do-Sol-Cataratas_-Nilmar-Fernandes.jpeg 768w, https:\/\/blog.panrotas.com.br\/parques-e-atracoes\/wp-content\/uploads\/sites\/45\/2024\/05\/Por-do-Sol-Cataratas_-Nilmar-Fernandes-300x200.jpeg 300w, https:\/\/blog.panrotas.com.br\/parques-e-atracoes\/wp-content\/uploads\/sites\/45\/2024\/05\/Por-do-Sol-Cataratas_-Nilmar-Fernandes-740x493.jpeg 740w\" sizes=\"(max-width: 768px) 100vw, 768px\" \/><figcaption class=\"wp-block-jetpack-slideshow_caption gallery-caption\">Entardecer nas Cataratas (Divulga\u00e7\u00e3o: Parque Nacional do Igua\u00e7u)<\/figcaption><\/figure><\/li><li class=\"wp-block-jetpack-slideshow_slide swiper-slide\"><figure><img loading=\"lazy\" width=\"952\" height=\"460\" alt=\"\" class=\"wp-block-jetpack-slideshow_image wp-image-270\" data-id=\"270\" src=\"http:\/\/blog.panrotas.com.br\/parques-e-atracoes\/wp-content\/uploads\/sites\/45\/2024\/05\/Itaipu-Iluminanada.jpg\" srcset=\"https:\/\/blog.panrotas.com.br\/parques-e-atracoes\/wp-content\/uploads\/sites\/45\/2024\/05\/Itaipu-Iluminanada.jpg 952w, https:\/\/blog.panrotas.com.br\/parques-e-atracoes\/wp-content\/uploads\/sites\/45\/2024\/05\/Itaipu-Iluminanada-300x145.jpg 300w, https:\/\/blog.panrotas.com.br\/parques-e-atracoes\/wp-content\/uploads\/sites\/45\/2024\/05\/Itaipu-Iluminanada-768x371.jpg 768w, https:\/\/blog.panrotas.com.br\/parques-e-atracoes\/wp-content\/uploads\/sites\/45\/2024\/05\/Itaipu-Iluminanada-740x358.jpg 740w\" sizes=\"(max-width: 952px) 100vw, 952px\" \/><figcaption class=\"wp-block-jetpack-slideshow_caption gallery-caption\">Itaipu Iluminada, endere\u00e7o do coquetel de abertura do SINDEPAT Summit<\/figcaption><\/figure><\/li><li class=\"wp-block-jetpack-slideshow_slide swiper-slide\"><figure><img loading=\"lazy\" width=\"934\" height=\"493\" alt=\"\" class=\"wp-block-jetpack-slideshow_image wp-image-269\" data-id=\"269\" src=\"http:\/\/blog.panrotas.com.br\/parques-e-atracoes\/wp-content\/uploads\/sites\/45\/2024\/05\/Marco-das-Tres-Fronteiras.jpg\" srcset=\"https:\/\/blog.panrotas.com.br\/parques-e-atracoes\/wp-content\/uploads\/sites\/45\/2024\/05\/Marco-das-Tres-Fronteiras.jpg 934w, https:\/\/blog.panrotas.com.br\/parques-e-atracoes\/wp-content\/uploads\/sites\/45\/2024\/05\/Marco-das-Tres-Fronteiras-300x158.jpg 300w, https:\/\/blog.panrotas.com.br\/parques-e-atracoes\/wp-content\/uploads\/sites\/45\/2024\/05\/Marco-das-Tres-Fronteiras-768x405.jpg 768w, https:\/\/blog.panrotas.com.br\/parques-e-atracoes\/wp-content\/uploads\/sites\/45\/2024\/05\/Marco-das-Tres-Fronteiras-740x391.jpg 740w\" sizes=\"(max-width: 934px) 100vw, 934px\" \/><figcaption class=\"wp-block-jetpack-slideshow_caption gallery-caption\">Marco das Tr\u00eas Fronteiras<\/figcaption><\/figure><\/li><li class=\"wp-block-jetpack-slideshow_slide swiper-slide\"><figure><img loading=\"lazy\" width=\"894\" height=\"529\" alt=\"\" class=\"wp-block-jetpack-slideshow_image wp-image-267\" data-id=\"267\" src=\"http:\/\/blog.panrotas.com.br\/parques-e-atracoes\/wp-content\/uploads\/sites\/45\/2024\/05\/Yup-Star-Foz.jpg\" srcset=\"https:\/\/blog.panrotas.com.br\/parques-e-atracoes\/wp-content\/uploads\/sites\/45\/2024\/05\/Yup-Star-Foz.jpg 894w, https:\/\/blog.panrotas.com.br\/parques-e-atracoes\/wp-content\/uploads\/sites\/45\/2024\/05\/Yup-Star-Foz-300x178.jpg 300w, https:\/\/blog.panrotas.com.br\/parques-e-atracoes\/wp-content\/uploads\/sites\/45\/2024\/05\/Yup-Star-Foz-768x454.jpg 768w, https:\/\/blog.panrotas.com.br\/parques-e-atracoes\/wp-content\/uploads\/sites\/45\/2024\/05\/Yup-Star-Foz-740x438.jpg 740w\" sizes=\"(max-width: 894px) 100vw, 894px\" \/><figcaption class=\"wp-block-jetpack-slideshow_caption gallery-caption\">Yup Star Foz <\/figcaption><\/figure><\/li><li class=\"wp-block-jetpack-slideshow_slide swiper-slide\"><figure><img loading=\"lazy\" width=\"1000\" height=\"670\" alt=\"Parques e atra\u00e7\u00f5es em Foz do Igua\u00e7u\" class=\"wp-block-jetpack-slideshow_image wp-image-272\" data-id=\"272\" src=\"http:\/\/blog.panrotas.com.br\/parques-e-atracoes\/wp-content\/uploads\/sites\/45\/2024\/05\/toboagua-4-1000x670-1.jpg\" srcset=\"https:\/\/blog.panrotas.com.br\/parques-e-atracoes\/wp-content\/uploads\/sites\/45\/2024\/05\/toboagua-4-1000x670-1.jpg 1000w, https:\/\/blog.panrotas.com.br\/parques-e-atracoes\/wp-content\/uploads\/sites\/45\/2024\/05\/toboagua-4-1000x670-1-300x201.jpg 300w, https:\/\/blog.panrotas.com.br\/parques-e-atracoes\/wp-content\/uploads\/sites\/45\/2024\/05\/toboagua-4-1000x670-1-768x515.jpg 768w, https:\/\/blog.panrotas.com.br\/parques-e-atracoes\/wp-content\/uploads\/sites\/45\/2024\/05\/toboagua-4-1000x670-1-740x496.jpg 740w\" sizes=\"(max-width: 1000px) 100vw, 1000px\" \/><figcaption class=\"wp-block-jetpack-slideshow_caption gallery-caption\">Blue Park Foz<\/figcaption><\/figure><\/li><\/ul><a class=\"wp-block-jetpack-slideshow_button-prev swiper-button-prev swiper-button-white\" role=\"button\"><\/a><a class=\"wp-block-jetpack-slideshow_button-next swiper-button-next swiper-button-white\" role=\"button\"><\/a><a aria-label=\"Pause Slideshow\" class=\"wp-block-jetpack-slideshow_button-pause\" role=\"button\"><\/a><div class=\"wp-block-jetpack-slideshow_pagination swiper-pagination swiper-pagination-white\"><\/div><\/div><\/div>\n\n\n\n<p class=\"has-text-align-center\"><strong>Conte\u00fados e dinamismo<\/strong><\/p>\n\n\n\n<p>H\u00e1 muitos conte\u00fados na programa\u00e7\u00e3o do SINDEPAT Summit, que pode ser <a href=\"https:\/\/www.sindepatsummit.com.br\/programacao-foz\" target=\"_blank\" rel=\"noreferrer noopener\">conferida aqui<\/a>. Neste post, quero destacar mais uma vez o dinamismo do setor. A cada edi\u00e7\u00e3o do Summit, temos o trabalho de reunir as principais novidades dos parques e atra\u00e7\u00f5es do Brasil lan\u00e7adas desde a \u00faltima edi\u00e7\u00e3o do evento. Essas novidades s\u00e3o reunidas em um v\u00eddeo e, acreditem, o exerc\u00edcio de fazer com que esse v\u00eddeo n\u00e3o se transforme em um pequeno curta, com entre 5 ou 10 minutos \u00e9 imenso!<\/p>\n\n\n\n<p>Reunimos os parques e atra\u00e7\u00f5es que foram abertos, as novas atra\u00e7\u00f5es adquiridas pelos parques j\u00e1 instalados e um pouco da oferta em desenvolvimento, que deve ser inaugurada at\u00e9 o final deste ano. Nesta edi\u00e7\u00e3o, mostramos a abertura de grandes equipamentos, como o Anim\u00e1lia Park (Cotia \u2013 SP), o Aventura Jur\u00e1ssica (Balne\u00e1rio Cambori\u00fa \u2013 SC), o NBA Park (Gramado \u2013 RS), os aqu\u00e1ticos Aquabeat (S\u00e3o Jos\u00e9 da Lapa \u2013 MG) e West Acqua Park (Martins \u2013 RN), os tem\u00e1ticos Orionverso (Ol\u00edmpia \u2013 SP) e Space Adventure, com duas unidades abertas em menos de um ano: em Canela (RS) e Balne\u00e1rio Cambori\u00fa (SC). Entre os parques j\u00e1 instalados, as novidades s\u00e3o cont\u00ednuas, uma vez que o setor vive de novidades, fazendo com que os parques e atra\u00e7\u00f5es sejam possivelmente um dos principais segmentos em investimentos no turismo.<\/p>\n\n\n\n<p>Os investimentos projetados pelo setor estar\u00e3o presentes no SINDEPAT Summit no lan\u00e7amento da 2\u00aa edi\u00e7\u00e3o do Parques, Atra\u00e7\u00f5es e Entretenimento no Brasil \u2013 Panorama Setorial. Produzido pelo Sindepat, Adibra e Noctua, o estudo ser\u00e1 apresentado no segundo dia do Summit trazendo um mapeamento atualizado da oferta do setor, informa\u00e7\u00f5es sobre a demanda e destacando os investimentos em curso. Spoiler: h\u00e1 ainda mais investimentos em curso que os mapeados na 1\u00aa edi\u00e7\u00e3o!<\/p>\n\n\n\n<p>Outra novidade nesta edi\u00e7\u00e3o do SINDEPAT Summit \u00e9 o lan\u00e7amento do 1\u00ba Anu\u00e1rio SINDEPAT. A publica\u00e7\u00e3o, que todos os participantes receber\u00e3o, re\u00fane as principais novidades do setor no \u00faltimo ano \u2013 como no v\u00eddeo que ser\u00e1 apresentado no Summit \u2013, os highlights da 2\u00aa edi\u00e7\u00e3o do Panorama Setorial, entrevista, artigos e um mapa com a localiza\u00e7\u00e3o dos associados SINDEPAT, presentes nas cinco regi\u00f5es do Brasil.<\/p>\n\n\n\n<p>A PANROTAS \u00e9 media partner do SINDEPAT Summit, novamente. Ent\u00e3o, acompanhe no Portal PANROTAS e nas <a href=\"https:\/\/www.instagram.com\/sindepat\/\" target=\"_blank\" rel=\"noreferrer noopener\">redes sociais do SINDEPAT <\/a>cobertura do evento! E para aqueles que estar\u00e3o em Foz nesta semana, um at\u00e9 logo! J\u00e1, j\u00e1 estaremos juntos!<\/p>\n\n\n\n<figure class=\"wp-block-image size-large\"><img loading=\"lazy\" width=\"1024\" height=\"576\" src=\"https:\/\/blog.panrotas.com.br\/parques-e-atracoes\/wp-content\/uploads\/sites\/45\/2024\/05\/Logomarca-SINDEPAT-Summit-1024x576.jpg\" alt=\"\" class=\"wp-image-273\" srcset=\"https:\/\/blog.panrotas.com.br\/parques-e-atracoes\/wp-content\/uploads\/sites\/45\/2024\/05\/Logomarca-SINDEPAT-Summit-1024x576.jpg 1024w, https:\/\/blog.panrotas.com.br\/parques-e-atracoes\/wp-content\/uploads\/sites\/45\/2024\/05\/Logomarca-SINDEPAT-Summit-300x169.jpg 300w, https:\/\/blog.panrotas.com.br\/parques-e-atracoes\/wp-content\/uploads\/sites\/45\/2024\/05\/Logomarca-SINDEPAT-Summit-768x432.jpg 768w, https:\/\/blog.panrotas.com.br\/parques-e-atracoes\/wp-content\/uploads\/sites\/45\/2024\/05\/Logomarca-SINDEPAT-Summit-1536x864.jpg 1536w, https:\/\/blog.panrotas.com.br\/parques-e-atracoes\/wp-content\/uploads\/sites\/45\/2024\/05\/Logomarca-SINDEPAT-Summit-740x416.jpg 740w, https:\/\/blog.panrotas.com.br\/parques-e-atracoes\/wp-content\/uploads\/sites\/45\/2024\/05\/Logomarca-SINDEPAT-Summit.jpg 1920w\" sizes=\"(max-width: 1024px) 100vw, 1024px\" \/><\/figure>\n","protected":false},"excerpt":{"rendered":"<p>Nesta semana, Foz do Igua\u00e7u ser\u00e1 o ponto de encontro dos principais profissionais do setor de parques e atra\u00e7\u00f5es tur\u00edsticas do Brasil, com a realiza\u00e7\u00e3o da 5\u00aa edi\u00e7\u00e3o do SINDEPAT Summit. Itinerante, o evento idealizado pelo SINDEPAT visita um dos principais destinos tur\u00edsticos do Brasil, com forte apelo internacional, gra\u00e7as \u00e0s incr\u00edveis Cataratas do Igua\u00e7u,&hellip; <a class=\"more-link\" href=\"https:\/\/blog.panrotas.com.br\/parques-e-atracoes\/2024\/05\/05\/foz-do-iguacu-reune-os-profissionais-de-parques-e-atracoes-nesta-semana\/\">Continue reading &rarr;<\/a><\/p>\n","protected":false},"author":53,"featured_media":0,"comment_status":"open","ping_status":"open","sticky":false,"template":"","format":"standard","meta":{"spay_email":""},"categories":[1],"tags":[],"yoast_head":"<!-- This site is optimized with the Yoast SEO plugin v17.3 - https:\/\/yoast.com\/wordpress\/plugins\/seo\/ -->\n<title>Foz do igua\u00e7u re\u00fane os profissionais de parques e atra\u00e7\u00f5es nesta semana - Parques e atra\u00e7\u00f5es<\/title>\n<meta name=\"robots\" content=\"index, follow, max-snippet:-1, max-image-preview:large, max-video-preview:-1\" \/>\n<link rel=\"canonical\" href=\"https:\/\/blog.panrotas.com.br\/parques-e-atracoes\/2024\/05\/05\/foz-do-iguacu-reune-os-profissionais-de-parques-e-atracoes-nesta-semana\/\" \/>\n<meta property=\"og:locale\" content=\"pt_BR\" \/>\n<meta property=\"og:type\" content=\"article\" \/>\n<meta property=\"og:title\" content=\"Foz do igua\u00e7u re\u00fane os profissionais de parques e atra\u00e7\u00f5es nesta semana - Parques e atra\u00e7\u00f5es\" \/>\n<meta property=\"og:description\" content=\"Nesta semana, Foz do Igua\u00e7u ser\u00e1 o ponto de encontro dos principais profissionais do setor de parques e atra\u00e7\u00f5es tur\u00edsticas do Brasil, com a realiza\u00e7\u00e3o da 5\u00aa edi\u00e7\u00e3o do SINDEPAT Summit. Itinerante, o evento idealizado pelo SINDEPAT visita um dos principais destinos tur\u00edsticos do Brasil, com forte apelo internacional, gra\u00e7as \u00e0s incr\u00edveis Cataratas do Igua\u00e7u,&hellip; Continue reading &rarr;\" \/>\n<meta property=\"og:url\" content=\"https:\/\/blog.panrotas.com.br\/parques-e-atracoes\/2024\/05\/05\/foz-do-iguacu-reune-os-profissionais-de-parques-e-atracoes-nesta-semana\/\" \/>\n<meta property=\"og:site_name\" content=\"Parques e atra\u00e7\u00f5es\" \/>\n<meta property=\"article:published_time\" content=\"2024-05-05T10:29:06+00:00\" \/>\n<meta property=\"article:modified_time\" content=\"2024-05-05T10:29:09+00:00\" \/>\n<meta property=\"og:image\" content=\"http:\/\/blog.panrotas.com.br\/parques-e-atracoes\/wp-content\/uploads\/sites\/45\/2024\/05\/Foz-do-Iguacu-1024x478.jpg\" \/>\n<meta name=\"twitter:card\" content=\"summary_large_image\" \/>\n<meta name=\"twitter:label1\" content=\"Escrito por\" \/>\n\t<meta name=\"twitter:data1\" content=\"Izabel Reigada\" \/>\n\t<meta name=\"twitter:label2\" content=\"Est. tempo de leitura\" \/>\n\t<meta name=\"twitter:data2\" content=\"5 minutos\" \/>\n<script type=\"application\/ld+json\" class=\"yoast-schema-graph\">{\"@context\":\"https:\/\/schema.org\",\"@graph\":[{\"@type\":\"WebSite\",\"@id\":\"https:\/\/blog.panrotas.com.br\/parques-e-atracoes\/#website\",\"url\":\"https:\/\/blog.panrotas.com.br\/parques-e-atracoes\/\",\"name\":\"Parques e atra\\u00e7\\u00f5es\",\"description\":\"\",\"potentialAction\":[{\"@type\":\"SearchAction\",\"target\":{\"@type\":\"EntryPoint\",\"urlTemplate\":\"https:\/\/blog.panrotas.com.br\/parques-e-atracoes\/?s={search_term_string}\"},\"query-input\":\"required name=search_term_string\"}],\"inLanguage\":\"pt-BR\"},{\"@type\":\"ImageObject\",\"@id\":\"https:\/\/blog.panrotas.com.br\/parques-e-atracoes\/2024\/05\/05\/foz-do-iguacu-reune-os-profissionais-de-parques-e-atracoes-nesta-semana\/#primaryimage\",\"inLanguage\":\"pt-BR\",\"url\":\"http:\/\/blog.panrotas.com.br\/parques-e-atracoes\/wp-content\/uploads\/sites\/45\/2024\/05\/Foz-do-Iguacu-1024x478.jpg\",\"contentUrl\":\"http:\/\/blog.panrotas.com.br\/parques-e-atracoes\/wp-content\/uploads\/sites\/45\/2024\/05\/Foz-do-Iguacu-1024x478.jpg\"},{\"@type\":\"WebPage\",\"@id\":\"https:\/\/blog.panrotas.com.br\/parques-e-atracoes\/2024\/05\/05\/foz-do-iguacu-reune-os-profissionais-de-parques-e-atracoes-nesta-semana\/#webpage\",\"url\":\"https:\/\/blog.panrotas.com.br\/parques-e-atracoes\/2024\/05\/05\/foz-do-iguacu-reune-os-profissionais-de-parques-e-atracoes-nesta-semana\/\",\"name\":\"Foz do igua\\u00e7u re\\u00fane os profissionais de parques e atra\\u00e7\\u00f5es nesta semana - Parques e atra\\u00e7\\u00f5es\",\"isPartOf\":{\"@id\":\"https:\/\/blog.panrotas.com.br\/parques-e-atracoes\/#website\"},\"primaryImageOfPage\":{\"@id\":\"https:\/\/blog.panrotas.com.br\/parques-e-atracoes\/2024\/05\/05\/foz-do-iguacu-reune-os-profissionais-de-parques-e-atracoes-nesta-semana\/#primaryimage\"},\"datePublished\":\"2024-05-05T10:29:06+00:00\",\"dateModified\":\"2024-05-05T10:29:09+00:00\",\"author\":{\"@id\":\"https:\/\/blog.panrotas.com.br\/parques-e-atracoes\/#\/schema\/person\/55d61bc7363452588c791d298ad2a72a\"},\"breadcrumb\":{\"@id\":\"https:\/\/blog.panrotas.com.br\/parques-e-atracoes\/2024\/05\/05\/foz-do-iguacu-reune-os-profissionais-de-parques-e-atracoes-nesta-semana\/#breadcrumb\"},\"inLanguage\":\"pt-BR\",\"potentialAction\":[{\"@type\":\"ReadAction\",\"target\":[\"https:\/\/blog.panrotas.com.br\/parques-e-atracoes\/2024\/05\/05\/foz-do-iguacu-reune-os-profissionais-de-parques-e-atracoes-nesta-semana\/\"]}]},{\"@type\":\"BreadcrumbList\",\"@id\":\"https:\/\/blog.panrotas.com.br\/parques-e-atracoes\/2024\/05\/05\/foz-do-iguacu-reune-os-profissionais-de-parques-e-atracoes-nesta-semana\/#breadcrumb\",\"itemListElement\":[{\"@type\":\"ListItem\",\"position\":1,\"name\":\"In\\u00edcio\",\"item\":\"https:\/\/blog.panrotas.com.br\/parques-e-atracoes\/\"},{\"@type\":\"ListItem\",\"position\":2,\"name\":\"Foz do igua\\u00e7u re\\u00fane os profissionais de parques e atra\\u00e7\\u00f5es nesta semana\"}]},{\"@type\":\"Person\",\"@id\":\"https:\/\/blog.panrotas.com.br\/parques-e-atracoes\/#\/schema\/person\/55d61bc7363452588c791d298ad2a72a\",\"name\":\"Izabel Reigada\",\"image\":{\"@type\":\"ImageObject\",\"@id\":\"https:\/\/blog.panrotas.com.br\/parques-e-atracoes\/#personlogo\",\"inLanguage\":\"pt-BR\",\"url\":\"https:\/\/secure.gravatar.com\/avatar\/cff605cdae1e853b6d5c967b6023b992?s=96&d=mm&r=g\",\"contentUrl\":\"https:\/\/secure.gravatar.com\/avatar\/cff605cdae1e853b6d5c967b6023b992?s=96&d=mm&r=g\",\"caption\":\"Izabel Reigada\"},\"url\":\"https:\/\/blog.panrotas.com.br\/parques-e-atracoes\/author\/izabel\/\"}]}<\/script>\n<!-- \/ Yoast SEO plugin. -->","yoast_head_json":{"title":"Foz do igua\u00e7u re\u00fane os profissionais de parques e atra\u00e7\u00f5es nesta semana - Parques e atra\u00e7\u00f5es","robots":{"index":"index","follow":"follow","max-snippet":"max-snippet:-1","max-image-preview":"max-image-preview:large","max-video-preview":"max-video-preview:-1"},"canonical":"https:\/\/blog.panrotas.com.br\/parques-e-atracoes\/2024\/05\/05\/foz-do-iguacu-reune-os-profissionais-de-parques-e-atracoes-nesta-semana\/","og_locale":"pt_BR","og_type":"article","og_title":"Foz do igua\u00e7u re\u00fane os profissionais de parques e atra\u00e7\u00f5es nesta semana - Parques e atra\u00e7\u00f5es","og_description":"Nesta semana, Foz do Igua\u00e7u ser\u00e1 o ponto de encontro dos principais profissionais do setor de parques e atra\u00e7\u00f5es tur\u00edsticas do Brasil, com a realiza\u00e7\u00e3o da 5\u00aa edi\u00e7\u00e3o do SINDEPAT Summit. Itinerante, o evento idealizado pelo SINDEPAT visita um dos principais destinos tur\u00edsticos do Brasil, com forte apelo internacional, gra\u00e7as \u00e0s incr\u00edveis Cataratas do Igua\u00e7u,&hellip; Continue reading &rarr;","og_url":"https:\/\/blog.panrotas.com.br\/parques-e-atracoes\/2024\/05\/05\/foz-do-iguacu-reune-os-profissionais-de-parques-e-atracoes-nesta-semana\/","og_site_name":"Parques e atra\u00e7\u00f5es","article_published_time":"2024-05-05T10:29:06+00:00","article_modified_time":"2024-05-05T10:29:09+00:00","og_image":[{"url":"http:\/\/blog.panrotas.com.br\/parques-e-atracoes\/wp-content\/uploads\/sites\/45\/2024\/05\/Foz-do-Iguacu-1024x478.jpg"}],"twitter_card":"summary_large_image","twitter_misc":{"Escrito por":"Izabel Reigada","Est. tempo de leitura":"5 minutos"},"schema":{"@context":"https:\/\/schema.org","@graph":[{"@type":"WebSite","@id":"https:\/\/blog.panrotas.com.br\/parques-e-atracoes\/#website","url":"https:\/\/blog.panrotas.com.br\/parques-e-atracoes\/","name":"Parques e atra\u00e7\u00f5es","description":"","potentialAction":[{"@type":"SearchAction","target":{"@type":"EntryPoint","urlTemplate":"https:\/\/blog.panrotas.com.br\/parques-e-atracoes\/?s={search_term_string}"},"query-input":"required name=search_term_string"}],"inLanguage":"pt-BR"},{"@type":"ImageObject","@id":"https:\/\/blog.panrotas.com.br\/parques-e-atracoes\/2024\/05\/05\/foz-do-iguacu-reune-os-profissionais-de-parques-e-atracoes-nesta-semana\/#primaryimage","inLanguage":"pt-BR","url":"http:\/\/blog.panrotas.com.br\/parques-e-atracoes\/wp-content\/uploads\/sites\/45\/2024\/05\/Foz-do-Iguacu-1024x478.jpg","contentUrl":"http:\/\/blog.panrotas.com.br\/parques-e-atracoes\/wp-content\/uploads\/sites\/45\/2024\/05\/Foz-do-Iguacu-1024x478.jpg"},{"@type":"WebPage","@id":"https:\/\/blog.panrotas.com.br\/parques-e-atracoes\/2024\/05\/05\/foz-do-iguacu-reune-os-profissionais-de-parques-e-atracoes-nesta-semana\/#webpage","url":"https:\/\/blog.panrotas.com.br\/parques-e-atracoes\/2024\/05\/05\/foz-do-iguacu-reune-os-profissionais-de-parques-e-atracoes-nesta-semana\/","name":"Foz do igua\u00e7u re\u00fane os profissionais de parques e atra\u00e7\u00f5es nesta semana - Parques e atra\u00e7\u00f5es","isPartOf":{"@id":"https:\/\/blog.panrotas.com.br\/parques-e-atracoes\/#website"},"primaryImageOfPage":{"@id":"https:\/\/blog.panrotas.com.br\/parques-e-atracoes\/2024\/05\/05\/foz-do-iguacu-reune-os-profissionais-de-parques-e-atracoes-nesta-semana\/#primaryimage"},"datePublished":"2024-05-05T10:29:06+00:00","dateModified":"2024-05-05T10:29:09+00:00","author":{"@id":"https:\/\/blog.panrotas.com.br\/parques-e-atracoes\/#\/schema\/person\/55d61bc7363452588c791d298ad2a72a"},"breadcrumb":{"@id":"https:\/\/blog.panrotas.com.br\/parques-e-atracoes\/2024\/05\/05\/foz-do-iguacu-reune-os-profissionais-de-parques-e-atracoes-nesta-semana\/#breadcrumb"},"inLanguage":"pt-BR","potentialAction":[{"@type":"ReadAction","target":["https:\/\/blog.panrotas.com.br\/parques-e-atracoes\/2024\/05\/05\/foz-do-iguacu-reune-os-profissionais-de-parques-e-atracoes-nesta-semana\/"]}]},{"@type":"BreadcrumbList","@id":"https:\/\/blog.panrotas.com.br\/parques-e-atracoes\/2024\/05\/05\/foz-do-iguacu-reune-os-profissionais-de-parques-e-atracoes-nesta-semana\/#breadcrumb","itemListElement":[{"@type":"ListItem","position":1,"name":"In\u00edcio","item":"https:\/\/blog.panrotas.com.br\/parques-e-atracoes\/"},{"@type":"ListItem","position":2,"name":"Foz do igua\u00e7u re\u00fane os profissionais de parques e atra\u00e7\u00f5es nesta semana"}]},{"@type":"Person","@id":"https:\/\/blog.panrotas.com.br\/parques-e-atracoes\/#\/schema\/person\/55d61bc7363452588c791d298ad2a72a","name":"Izabel Reigada","image":{"@type":"ImageObject","@id":"https:\/\/blog.panrotas.com.br\/parques-e-atracoes\/#personlogo","inLanguage":"pt-BR","url":"https:\/\/secure.gravatar.com\/avatar\/cff605cdae1e853b6d5c967b6023b992?s=96&d=mm&r=g","contentUrl":"https:\/\/secure.gravatar.com\/avatar\/cff605cdae1e853b6d5c967b6023b992?s=96&d=mm&r=g","caption":"Izabel Reigada"},"url":"https:\/\/blog.panrotas.com.br\/parques-e-atracoes\/author\/izabel\/"}]}},"jetpack_featured_media_url":"","_links":{"self":[{"href":"https:\/\/blog.panrotas.com.br\/parques-e-atracoes\/wp-json\/wp\/v2\/posts\/266"}],"collection":[{"href":"https:\/\/blog.panrotas.com.br\/parques-e-atracoes\/wp-json\/wp\/v2\/posts"}],"about":[{"href":"https:\/\/blog.panrotas.com.br\/parques-e-atracoes\/wp-json\/wp\/v2\/types\/post"}],"author":[{"embeddable":true,"href":"https:\/\/blog.panrotas.com.br\/parques-e-atracoes\/wp-json\/wp\/v2\/users\/53"}],"replies":[{"embeddable":true,"href":"https:\/\/blog.panrotas.com.br\/parques-e-atracoes\/wp-json\/wp\/v2\/comments?post=266"}],"version-history":[{"count":2,"href":"https:\/\/blog.panrotas.com.br\/parques-e-atracoes\/wp-json\/wp\/v2\/posts\/266\/revisions"}],"predecessor-version":[{"id":275,"href":"https:\/\/blog.panrotas.com.br\/parques-e-atracoes\/wp-json\/wp\/v2\/posts\/266\/revisions\/275"}],"wp:attachment":[{"href":"https:\/\/blog.panrotas.com.br\/parques-e-atracoes\/wp-json\/wp\/v2\/media?parent=266"}],"wp:term":[{"taxonomy":"category","embeddable":true,"href":"https:\/\/blog.panrotas.com.br\/parques-e-atracoes\/wp-json\/wp\/v2\/categories?post=266"},{"taxonomy":"post_tag","embeddable":true,"href":"https:\/\/blog.panrotas.com.br\/parques-e-atracoes\/wp-json\/wp\/v2\/tags?post=266"}],"curies":[{"name":"wp","href":"https:\/\/api.w.org\/{rel}","templated":true}]}}