{"id":31,"date":"2022-10-04T09:39:17","date_gmt":"2022-10-04T12:39:17","guid":{"rendered":"https:\/\/blog.panrotas.com.br\/parques-e-atracoes\/?p=31"},"modified":"2022-10-04T09:39:19","modified_gmt":"2022-10-04T12:39:19","slug":"oceanos-ganham-exposicao-imersiva-no-aquario-do-rio","status":"publish","type":"post","link":"https:\/\/blog.panrotas.com.br\/parques-e-atracoes\/2022\/10\/04\/oceanos-ganham-exposicao-imersiva-no-aquario-do-rio\/","title":{"rendered":"Oceanos ganham exposi\u00e7\u00e3o imersiva no aqu\u00e1rio do rio"},"content":{"rendered":"\n<p>J\u00e1 esteve em alguma exposi\u00e7\u00e3o imersiva, aquelas que usam diferentes recursos multim\u00eddia, com proje\u00e7\u00f5es, trilha sonora, muitas cores e luzes? Se voc\u00ea \u00e9 ass\u00edduo do Instagram, certamente viu alguma foto da \u201cpiscina que n\u00e3o molha\u201d, da exposi\u00e7\u00e3o A Tens\u00e3o, do argentino Leandro Erlich no Centro Cultural Banco do Brasil, em S\u00e3o Paulo. Uma das mais divulgadas, a <em>Beyond Van Gogh<\/em>, recebeu mais de 300 mil visitantes durante sua passagem pela capital paulista.<\/p>\n\n\n\n<p>Famosas por reunirem obras de artistas em proje\u00e7\u00f5es, como as dos pintores Renoir, Monet e Portinari, essas exposi\u00e7\u00f5es agora saem do mundo das artes e mergulham, literalmente, nos oceanos. O Aqu\u00e1rio Marinho do Rio de Janeiro recebe at\u00e9 dezembro a exposi\u00e7\u00e3o imersiva <em>Oceano Sem Fronteiras<\/em>, apresentando uma nova atra\u00e7\u00e3o dentro do aqu\u00e1rio, umas das atra\u00e7\u00f5es tur\u00edsticas mais visitadas do Rio de Janeiro, que alcan\u00e7ou cinco milh\u00f5es de visitantes em julho deste ano.<\/p>\n\n\n\n<p>A exposi\u00e7\u00e3o <em>Oceano Sem Fronteiras<\/em> prop\u00f5e reflex\u00f5es sobre a import\u00e2ncia de garantir uma rela\u00e7\u00e3o saud\u00e1vel com os mares. Por meio de proje\u00e7\u00f5es e diferentes recursos multim\u00eddia, \u00e9 poss\u00edvel visitar o fundo do mar e interagir com as esp\u00e9cies que vivem por l\u00e1. S\u00e3o 170 metros quadrados com mapas, pain\u00e9is e conte\u00fados que destacam a necessidade de conserva\u00e7\u00e3o da biodiversidade dos mares. A exposi\u00e7\u00e3o re\u00fane ainda informa\u00e7\u00f5es sobre economia oce\u00e2nica, o litoral brasileiro e a rela\u00e7\u00e3o dos seres humanos com o mar, alertando para a pesca predat\u00f3ria e o ac\u00famulo de pl\u00e1stico nos oceanos.<\/p>\n\n\n\n<figure class=\"wp-block-embed is-type-video is-provider-youtube wp-block-embed-youtube wp-embed-aspect-16-9 wp-has-aspect-ratio\"><div class=\"wp-block-embed__wrapper\">\n<div class=\"jetpack-video-wrapper\"><iframe loading=\"lazy\" title=\"Exposi\u00e7\u00e3o -  Oceano Sem Fronteiras\" width=\"740\" height=\"416\" src=\"https:\/\/www.youtube.com\/embed\/S0wdLE_p4Lo?feature=oembed\" frameborder=\"0\" allow=\"accelerometer; autoplay; clipboard-write; encrypted-media; gyroscope; picture-in-picture\" allowfullscreen><\/iframe><\/div>\n<\/div><\/figure>\n\n\n\n<p>Segundo a gerente de Sustentabilidade do Grupo Cataratas, respons\u00e1vel pela gest\u00e3o do AquaRio, Talita Uzeda, o aqu\u00e1rio prioriza, desde sua abertura, a conscientiza\u00e7\u00e3o do p\u00fablico sobre a import\u00e2ncia da conserva\u00e7\u00e3o da biodiversidade marinha. \u201cAo longo de mais de cinco anos, o atrativo trouxe diversas experi\u00eancias aos visitantes. Com a exposi\u00e7\u00e3o imersiva <em>Oceano Sem Fronteiras<\/em>, esperamos que o p\u00fablico se sinta engajado a ser o guardi\u00e3o dos mares, entendendo a rela\u00e7\u00e3o \u00fanica que a humanidade sempre teve com os oceanos\u201d, defende.<\/p>\n\n\n\n<p>A exposi\u00e7\u00e3o tem ingresso independente do aqu\u00e1rio e pode ser visitada das 9h \u00e0s 17h, de segunda a sexta-feira, e das 9h \u00e0s 18h, nos finais de semana, ficando em cartaz at\u00e9 11 de dezembro. A <em>Oceano Sem Fronteiras<\/em> \u00e9 realizada pela Deeplab Project, em parceria com a Metaverse Agency e produzida pela Dellarte Solu\u00e7\u00f5es Culturais, respons\u00e1vel pela comercializa\u00e7\u00e3o dos ingressos. Para mais informa\u00e7\u00f5es sobre a exposi\u00e7\u00e3o, <a href=\"https:\/\/www.dellarte.com.br\/content\/oceano-sem-fronteiras-rio-de-janeiro-aquario-aquario-marinho-do-rio#:~:text=De%2010%20de%20setembro%20a,e%20saud%C3%A1vel%20com%20esse%20ecossistema\" target=\"_blank\" rel=\"noreferrer noopener\">clique aqui<\/a>. O site do AquaRio e o <a href=\"http:\/\/www.aquariomarinhodorio.com.br\" target=\"_blank\" rel=\"noreferrer noopener\">www.aquari<\/a><a href=\"http:\/\/www.aquariomarinhodorio.com.br\">omarinhodorio.com.br<\/a>.<\/p>\n\n\n\n<div class=\"wp-block-jetpack-slideshow aligncenter\" data-effect=\"slide\"><div class=\"wp-block-jetpack-slideshow_container swiper-container\"><ul class=\"wp-block-jetpack-slideshow_swiper-wrapper swiper-wrapper\"><li class=\"wp-block-jetpack-slideshow_slide swiper-slide\"><figure><img loading=\"lazy\" width=\"578\" height=\"406\" alt=\"\" class=\"wp-block-jetpack-slideshow_image wp-image-36\" data-id=\"36\" src=\"http:\/\/blog.panrotas.com.br\/parques-e-atracoes\/wp-content\/uploads\/sites\/45\/2022\/09\/aquarioimersivo.jpg\" srcset=\"https:\/\/blog.panrotas.com.br\/parques-e-atracoes\/wp-content\/uploads\/sites\/45\/2022\/09\/aquarioimersivo.jpg 578w, https:\/\/blog.panrotas.com.br\/parques-e-atracoes\/wp-content\/uploads\/sites\/45\/2022\/09\/aquarioimersivo-300x211.jpg 300w\" sizes=\"(max-width: 578px) 100vw, 578px\" \/><\/figure><\/li><li class=\"wp-block-jetpack-slideshow_slide swiper-slide\"><figure><img loading=\"lazy\" width=\"642\" height=\"452\" alt=\"\" class=\"wp-block-jetpack-slideshow_image wp-image-37\" data-id=\"37\" src=\"http:\/\/blog.panrotas.com.br\/parques-e-atracoes\/wp-content\/uploads\/sites\/45\/2022\/09\/oceano-renato-mangolin-1.jpg\" srcset=\"https:\/\/blog.panrotas.com.br\/parques-e-atracoes\/wp-content\/uploads\/sites\/45\/2022\/09\/oceano-renato-mangolin-1.jpg 642w, https:\/\/blog.panrotas.com.br\/parques-e-atracoes\/wp-content\/uploads\/sites\/45\/2022\/09\/oceano-renato-mangolin-1-300x211.jpg 300w\" sizes=\"(max-width: 642px) 100vw, 642px\" \/><figcaption class=\"wp-block-jetpack-slideshow_caption gallery-caption\">Cr\u00e9dito: Renato Mangolin<\/figcaption><\/figure><\/li><li class=\"wp-block-jetpack-slideshow_slide swiper-slide\"><figure><img loading=\"lazy\" width=\"656\" height=\"475\" alt=\"\" class=\"wp-block-jetpack-slideshow_image wp-image-38\" data-id=\"38\" src=\"http:\/\/blog.panrotas.com.br\/parques-e-atracoes\/wp-content\/uploads\/sites\/45\/2022\/09\/oceano-renato-mangolin2-1.jpg\" srcset=\"https:\/\/blog.panrotas.com.br\/parques-e-atracoes\/wp-content\/uploads\/sites\/45\/2022\/09\/oceano-renato-mangolin2-1.jpg 656w, https:\/\/blog.panrotas.com.br\/parques-e-atracoes\/wp-content\/uploads\/sites\/45\/2022\/09\/oceano-renato-mangolin2-1-300x217.jpg 300w\" sizes=\"(max-width: 656px) 100vw, 656px\" \/><figcaption class=\"wp-block-jetpack-slideshow_caption gallery-caption\">Cr\u00e9dito: Renato Mangolin<\/figcaption><\/figure><\/li><li class=\"wp-block-jetpack-slideshow_slide swiper-slide\"><figure><img loading=\"lazy\" width=\"558\" height=\"482\" alt=\"\" class=\"wp-block-jetpack-slideshow_image wp-image-39\" data-id=\"39\" src=\"http:\/\/blog.panrotas.com.br\/parques-e-atracoes\/wp-content\/uploads\/sites\/45\/2022\/09\/oceano-rm-1.jpg\" srcset=\"https:\/\/blog.panrotas.com.br\/parques-e-atracoes\/wp-content\/uploads\/sites\/45\/2022\/09\/oceano-rm-1.jpg 558w, https:\/\/blog.panrotas.com.br\/parques-e-atracoes\/wp-content\/uploads\/sites\/45\/2022\/09\/oceano-rm-1-300x259.jpg 300w\" sizes=\"(max-width: 558px) 100vw, 558px\" \/><figcaption class=\"wp-block-jetpack-slideshow_caption gallery-caption\">Cr\u00e9dito: Renato Mangolin<\/figcaption><\/figure><\/li><\/ul><a class=\"wp-block-jetpack-slideshow_button-prev swiper-button-prev swiper-button-white\" role=\"button\"><\/a><a class=\"wp-block-jetpack-slideshow_button-next swiper-button-next swiper-button-white\" role=\"button\"><\/a><a aria-label=\"Pause Slideshow\" class=\"wp-block-jetpack-slideshow_button-pause\" role=\"button\"><\/a><div class=\"wp-block-jetpack-slideshow_pagination swiper-pagination swiper-pagination-white\"><\/div><\/div><\/div>\n","protected":false},"excerpt":{"rendered":"<p>J\u00e1 esteve em alguma exposi\u00e7\u00e3o imersiva, aquelas que usam diferentes recursos multim\u00eddia, com proje\u00e7\u00f5es, trilha sonora, muitas cores e luzes? Se voc\u00ea \u00e9 ass\u00edduo do Instagram, certamente viu alguma foto da \u201cpiscina que n\u00e3o molha\u201d, da exposi\u00e7\u00e3o A Tens\u00e3o, do argentino Leandro Erlich no Centro Cultural Banco do Brasil, em S\u00e3o Paulo. Uma das mais&hellip; <a class=\"more-link\" href=\"https:\/\/blog.panrotas.com.br\/parques-e-atracoes\/2022\/10\/04\/oceanos-ganham-exposicao-imersiva-no-aquario-do-rio\/\">Continue reading &rarr;<\/a><\/p>\n","protected":false},"author":53,"featured_media":0,"comment_status":"open","ping_status":"open","sticky":false,"template":"","format":"standard","meta":{"spay_email":""},"categories":[1],"tags":[28,24,17,30,25,31,26,3,29,27],"yoast_head":"<!-- This site is optimized with the Yoast SEO plugin v17.3 - https:\/\/yoast.com\/wordpress\/plugins\/seo\/ -->\n<title>Oceanos ganham exposi\u00e7\u00e3o imersiva no aqu\u00e1rio do rio - Parques e atra\u00e7\u00f5es<\/title>\n<meta name=\"robots\" content=\"index, follow, max-snippet:-1, max-image-preview:large, max-video-preview:-1\" \/>\n<link rel=\"canonical\" href=\"https:\/\/blog.panrotas.com.br\/parques-e-atracoes\/2022\/10\/04\/oceanos-ganham-exposicao-imersiva-no-aquario-do-rio\/\" \/>\n<meta property=\"og:locale\" content=\"pt_BR\" \/>\n<meta property=\"og:type\" content=\"article\" \/>\n<meta property=\"og:title\" content=\"Oceanos ganham exposi\u00e7\u00e3o imersiva no aqu\u00e1rio do rio - Parques e atra\u00e7\u00f5es\" \/>\n<meta property=\"og:description\" content=\"J\u00e1 esteve em alguma exposi\u00e7\u00e3o imersiva, aquelas que usam diferentes recursos multim\u00eddia, com proje\u00e7\u00f5es, trilha sonora, muitas cores e luzes? Se voc\u00ea \u00e9 ass\u00edduo do Instagram, certamente viu alguma foto da \u201cpiscina que n\u00e3o molha\u201d, da exposi\u00e7\u00e3o A Tens\u00e3o, do argentino Leandro Erlich no Centro Cultural Banco do Brasil, em S\u00e3o Paulo. Uma das mais&hellip; Continue reading &rarr;\" \/>\n<meta property=\"og:url\" content=\"https:\/\/blog.panrotas.com.br\/parques-e-atracoes\/2022\/10\/04\/oceanos-ganham-exposicao-imersiva-no-aquario-do-rio\/\" \/>\n<meta property=\"og:site_name\" content=\"Parques e atra\u00e7\u00f5es\" \/>\n<meta property=\"article:published_time\" content=\"2022-10-04T12:39:17+00:00\" \/>\n<meta property=\"article:modified_time\" content=\"2022-10-04T12:39:19+00:00\" \/>\n<meta property=\"og:image\" content=\"http:\/\/blog.panrotas.com.br\/parques-e-atracoes\/wp-content\/uploads\/sites\/45\/2022\/09\/aquarioimersivo.jpg\" \/>\n<meta name=\"twitter:card\" content=\"summary_large_image\" \/>\n<meta name=\"twitter:label1\" content=\"Escrito por\" \/>\n\t<meta name=\"twitter:data1\" content=\"Izabel Reigada\" \/>\n\t<meta name=\"twitter:label2\" content=\"Est. tempo de leitura\" \/>\n\t<meta name=\"twitter:data2\" content=\"3 minutos\" \/>\n<script type=\"application\/ld+json\" class=\"yoast-schema-graph\">{\"@context\":\"https:\/\/schema.org\",\"@graph\":[{\"@type\":\"WebSite\",\"@id\":\"https:\/\/blog.panrotas.com.br\/parques-e-atracoes\/#website\",\"url\":\"https:\/\/blog.panrotas.com.br\/parques-e-atracoes\/\",\"name\":\"Parques e atra\\u00e7\\u00f5es\",\"description\":\"\",\"potentialAction\":[{\"@type\":\"SearchAction\",\"target\":{\"@type\":\"EntryPoint\",\"urlTemplate\":\"https:\/\/blog.panrotas.com.br\/parques-e-atracoes\/?s={search_term_string}\"},\"query-input\":\"required name=search_term_string\"}],\"inLanguage\":\"pt-BR\"},{\"@type\":\"ImageObject\",\"@id\":\"https:\/\/blog.panrotas.com.br\/parques-e-atracoes\/2022\/10\/04\/oceanos-ganham-exposicao-imersiva-no-aquario-do-rio\/#primaryimage\",\"inLanguage\":\"pt-BR\",\"url\":\"http:\/\/blog.panrotas.com.br\/parques-e-atracoes\/wp-content\/uploads\/sites\/45\/2022\/09\/aquarioimersivo.jpg\",\"contentUrl\":\"http:\/\/blog.panrotas.com.br\/parques-e-atracoes\/wp-content\/uploads\/sites\/45\/2022\/09\/aquarioimersivo.jpg\"},{\"@type\":\"WebPage\",\"@id\":\"https:\/\/blog.panrotas.com.br\/parques-e-atracoes\/2022\/10\/04\/oceanos-ganham-exposicao-imersiva-no-aquario-do-rio\/#webpage\",\"url\":\"https:\/\/blog.panrotas.com.br\/parques-e-atracoes\/2022\/10\/04\/oceanos-ganham-exposicao-imersiva-no-aquario-do-rio\/\",\"name\":\"Oceanos ganham exposi\\u00e7\\u00e3o imersiva no aqu\\u00e1rio do rio - Parques e atra\\u00e7\\u00f5es\",\"isPartOf\":{\"@id\":\"https:\/\/blog.panrotas.com.br\/parques-e-atracoes\/#website\"},\"primaryImageOfPage\":{\"@id\":\"https:\/\/blog.panrotas.com.br\/parques-e-atracoes\/2022\/10\/04\/oceanos-ganham-exposicao-imersiva-no-aquario-do-rio\/#primaryimage\"},\"datePublished\":\"2022-10-04T12:39:17+00:00\",\"dateModified\":\"2022-10-04T12:39:19+00:00\",\"author\":{\"@id\":\"https:\/\/blog.panrotas.com.br\/parques-e-atracoes\/#\/schema\/person\/55d61bc7363452588c791d298ad2a72a\"},\"breadcrumb\":{\"@id\":\"https:\/\/blog.panrotas.com.br\/parques-e-atracoes\/2022\/10\/04\/oceanos-ganham-exposicao-imersiva-no-aquario-do-rio\/#breadcrumb\"},\"inLanguage\":\"pt-BR\",\"potentialAction\":[{\"@type\":\"ReadAction\",\"target\":[\"https:\/\/blog.panrotas.com.br\/parques-e-atracoes\/2022\/10\/04\/oceanos-ganham-exposicao-imersiva-no-aquario-do-rio\/\"]}]},{\"@type\":\"BreadcrumbList\",\"@id\":\"https:\/\/blog.panrotas.com.br\/parques-e-atracoes\/2022\/10\/04\/oceanos-ganham-exposicao-imersiva-no-aquario-do-rio\/#breadcrumb\",\"itemListElement\":[{\"@type\":\"ListItem\",\"position\":1,\"name\":\"In\\u00edcio\",\"item\":\"https:\/\/blog.panrotas.com.br\/parques-e-atracoes\/\"},{\"@type\":\"ListItem\",\"position\":2,\"name\":\"Oceanos ganham exposi\\u00e7\\u00e3o imersiva no aqu\\u00e1rio do rio\"}]},{\"@type\":\"Person\",\"@id\":\"https:\/\/blog.panrotas.com.br\/parques-e-atracoes\/#\/schema\/person\/55d61bc7363452588c791d298ad2a72a\",\"name\":\"Izabel Reigada\",\"image\":{\"@type\":\"ImageObject\",\"@id\":\"https:\/\/blog.panrotas.com.br\/parques-e-atracoes\/#personlogo\",\"inLanguage\":\"pt-BR\",\"url\":\"https:\/\/secure.gravatar.com\/avatar\/cff605cdae1e853b6d5c967b6023b992?s=96&d=mm&r=g\",\"contentUrl\":\"https:\/\/secure.gravatar.com\/avatar\/cff605cdae1e853b6d5c967b6023b992?s=96&d=mm&r=g\",\"caption\":\"Izabel Reigada\"},\"url\":\"https:\/\/blog.panrotas.com.br\/parques-e-atracoes\/author\/izabel\/\"}]}<\/script>\n<!-- \/ Yoast SEO plugin. -->","yoast_head_json":{"title":"Oceanos ganham exposi\u00e7\u00e3o imersiva no aqu\u00e1rio do rio - Parques e atra\u00e7\u00f5es","robots":{"index":"index","follow":"follow","max-snippet":"max-snippet:-1","max-image-preview":"max-image-preview:large","max-video-preview":"max-video-preview:-1"},"canonical":"https:\/\/blog.panrotas.com.br\/parques-e-atracoes\/2022\/10\/04\/oceanos-ganham-exposicao-imersiva-no-aquario-do-rio\/","og_locale":"pt_BR","og_type":"article","og_title":"Oceanos ganham exposi\u00e7\u00e3o imersiva no aqu\u00e1rio do rio - Parques e atra\u00e7\u00f5es","og_description":"J\u00e1 esteve em alguma exposi\u00e7\u00e3o imersiva, aquelas que usam diferentes recursos multim\u00eddia, com proje\u00e7\u00f5es, trilha sonora, muitas cores e luzes? Se voc\u00ea \u00e9 ass\u00edduo do Instagram, certamente viu alguma foto da \u201cpiscina que n\u00e3o molha\u201d, da exposi\u00e7\u00e3o A Tens\u00e3o, do argentino Leandro Erlich no Centro Cultural Banco do Brasil, em S\u00e3o Paulo. Uma das mais&hellip; Continue reading &rarr;","og_url":"https:\/\/blog.panrotas.com.br\/parques-e-atracoes\/2022\/10\/04\/oceanos-ganham-exposicao-imersiva-no-aquario-do-rio\/","og_site_name":"Parques e atra\u00e7\u00f5es","article_published_time":"2022-10-04T12:39:17+00:00","article_modified_time":"2022-10-04T12:39:19+00:00","og_image":[{"url":"http:\/\/blog.panrotas.com.br\/parques-e-atracoes\/wp-content\/uploads\/sites\/45\/2022\/09\/aquarioimersivo.jpg"}],"twitter_card":"summary_large_image","twitter_misc":{"Escrito por":"Izabel Reigada","Est. tempo de leitura":"3 minutos"},"schema":{"@context":"https:\/\/schema.org","@graph":[{"@type":"WebSite","@id":"https:\/\/blog.panrotas.com.br\/parques-e-atracoes\/#website","url":"https:\/\/blog.panrotas.com.br\/parques-e-atracoes\/","name":"Parques e atra\u00e7\u00f5es","description":"","potentialAction":[{"@type":"SearchAction","target":{"@type":"EntryPoint","urlTemplate":"https:\/\/blog.panrotas.com.br\/parques-e-atracoes\/?s={search_term_string}"},"query-input":"required name=search_term_string"}],"inLanguage":"pt-BR"},{"@type":"ImageObject","@id":"https:\/\/blog.panrotas.com.br\/parques-e-atracoes\/2022\/10\/04\/oceanos-ganham-exposicao-imersiva-no-aquario-do-rio\/#primaryimage","inLanguage":"pt-BR","url":"http:\/\/blog.panrotas.com.br\/parques-e-atracoes\/wp-content\/uploads\/sites\/45\/2022\/09\/aquarioimersivo.jpg","contentUrl":"http:\/\/blog.panrotas.com.br\/parques-e-atracoes\/wp-content\/uploads\/sites\/45\/2022\/09\/aquarioimersivo.jpg"},{"@type":"WebPage","@id":"https:\/\/blog.panrotas.com.br\/parques-e-atracoes\/2022\/10\/04\/oceanos-ganham-exposicao-imersiva-no-aquario-do-rio\/#webpage","url":"https:\/\/blog.panrotas.com.br\/parques-e-atracoes\/2022\/10\/04\/oceanos-ganham-exposicao-imersiva-no-aquario-do-rio\/","name":"Oceanos ganham exposi\u00e7\u00e3o imersiva no aqu\u00e1rio do rio - Parques e atra\u00e7\u00f5es","isPartOf":{"@id":"https:\/\/blog.panrotas.com.br\/parques-e-atracoes\/#website"},"primaryImageOfPage":{"@id":"https:\/\/blog.panrotas.com.br\/parques-e-atracoes\/2022\/10\/04\/oceanos-ganham-exposicao-imersiva-no-aquario-do-rio\/#primaryimage"},"datePublished":"2022-10-04T12:39:17+00:00","dateModified":"2022-10-04T12:39:19+00:00","author":{"@id":"https:\/\/blog.panrotas.com.br\/parques-e-atracoes\/#\/schema\/person\/55d61bc7363452588c791d298ad2a72a"},"breadcrumb":{"@id":"https:\/\/blog.panrotas.com.br\/parques-e-atracoes\/2022\/10\/04\/oceanos-ganham-exposicao-imersiva-no-aquario-do-rio\/#breadcrumb"},"inLanguage":"pt-BR","potentialAction":[{"@type":"ReadAction","target":["https:\/\/blog.panrotas.com.br\/parques-e-atracoes\/2022\/10\/04\/oceanos-ganham-exposicao-imersiva-no-aquario-do-rio\/"]}]},{"@type":"BreadcrumbList","@id":"https:\/\/blog.panrotas.com.br\/parques-e-atracoes\/2022\/10\/04\/oceanos-ganham-exposicao-imersiva-no-aquario-do-rio\/#breadcrumb","itemListElement":[{"@type":"ListItem","position":1,"name":"In\u00edcio","item":"https:\/\/blog.panrotas.com.br\/parques-e-atracoes\/"},{"@type":"ListItem","position":2,"name":"Oceanos ganham exposi\u00e7\u00e3o imersiva no aqu\u00e1rio do rio"}]},{"@type":"Person","@id":"https:\/\/blog.panrotas.com.br\/parques-e-atracoes\/#\/schema\/person\/55d61bc7363452588c791d298ad2a72a","name":"Izabel Reigada","image":{"@type":"ImageObject","@id":"https:\/\/blog.panrotas.com.br\/parques-e-atracoes\/#personlogo","inLanguage":"pt-BR","url":"https:\/\/secure.gravatar.com\/avatar\/cff605cdae1e853b6d5c967b6023b992?s=96&d=mm&r=g","contentUrl":"https:\/\/secure.gravatar.com\/avatar\/cff605cdae1e853b6d5c967b6023b992?s=96&d=mm&r=g","caption":"Izabel Reigada"},"url":"https:\/\/blog.panrotas.com.br\/parques-e-atracoes\/author\/izabel\/"}]}},"jetpack_featured_media_url":"","_links":{"self":[{"href":"https:\/\/blog.panrotas.com.br\/parques-e-atracoes\/wp-json\/wp\/v2\/posts\/31"}],"collection":[{"href":"https:\/\/blog.panrotas.com.br\/parques-e-atracoes\/wp-json\/wp\/v2\/posts"}],"about":[{"href":"https:\/\/blog.panrotas.com.br\/parques-e-atracoes\/wp-json\/wp\/v2\/types\/post"}],"author":[{"embeddable":true,"href":"https:\/\/blog.panrotas.com.br\/parques-e-atracoes\/wp-json\/wp\/v2\/users\/53"}],"replies":[{"embeddable":true,"href":"https:\/\/blog.panrotas.com.br\/parques-e-atracoes\/wp-json\/wp\/v2\/comments?post=31"}],"version-history":[{"count":2,"href":"https:\/\/blog.panrotas.com.br\/parques-e-atracoes\/wp-json\/wp\/v2\/posts\/31\/revisions"}],"predecessor-version":[{"id":45,"href":"https:\/\/blog.panrotas.com.br\/parques-e-atracoes\/wp-json\/wp\/v2\/posts\/31\/revisions\/45"}],"wp:attachment":[{"href":"https:\/\/blog.panrotas.com.br\/parques-e-atracoes\/wp-json\/wp\/v2\/media?parent=31"}],"wp:term":[{"taxonomy":"category","embeddable":true,"href":"https:\/\/blog.panrotas.com.br\/parques-e-atracoes\/wp-json\/wp\/v2\/categories?post=31"},{"taxonomy":"post_tag","embeddable":true,"href":"https:\/\/blog.panrotas.com.br\/parques-e-atracoes\/wp-json\/wp\/v2\/tags?post=31"}],"curies":[{"name":"wp","href":"https:\/\/api.w.org\/{rel}","templated":true}]}}