{"id":377,"date":"2024-12-23T16:45:09","date_gmt":"2024-12-23T18:45:09","guid":{"rendered":"https:\/\/blog.panrotas.com.br\/parques-e-atracoes\/?p=377"},"modified":"2024-12-23T16:45:13","modified_gmt":"2024-12-23T18:45:13","slug":"parque-arvorar-ce-e-prato-cheio-para-educar-e-divertir","status":"publish","type":"post","link":"https:\/\/blog.panrotas.com.br\/parques-e-atracoes\/2024\/12\/23\/parque-arvorar-ce-e-prato-cheio-para-educar-e-divertir\/","title":{"rendered":"Parque Arvorar (CE) \u00e9 prato cheio para educar e divertir"},"content":{"rendered":"\n<p>2024 vai chegando ao fim com a abertura, em soft opening, do parque mais aguardado do ano: <strong>o Arvorar<\/strong>. Al\u00e9m de pertencer ao Beach Park, um dos principais complexos de lazer do Brasil, o Arvorar leva para o Nordeste a proposta de ressignificar a experi\u00eancia dentro dos parques. N\u00e3o se trata apenas de divers\u00e3o \u2013 embora ela exista e seja especialmente projetada para a crian\u00e7ada \u2013, mas a proposta \u00e9 vai al\u00e9m&#8230; Divertir, sim, mas ensinando, alertando e preparando as novas gera\u00e7\u00f5es para a preserva\u00e7\u00e3o e o cuidado com a natureza. <\/p>\n\n\n\n<p>Instalado na planejada Vila Terra Brasilis, a 25 minutos de carro do Beach Park, o Arvorar tem em sua entrada a escultura da <strong>ave s\u00edmbolo do Cear\u00e1<\/strong>, uma jandaia, de asas abertas para nos receber. Mas antes mesmo do parque receber seus primeiros visitantes, a fauna cearense pode dar as boas-vindas a 18 p\u00e1ssaros reintroduzidos na Reserva Natural Serra das Almas, maior Reserva Particular do Patrim\u00f4nio Natural (RPPN) do Cear\u00e1, em um dos primeiros <strong>sucessos do projeto Refaunar Arvorar<\/strong>, realizado pelo parque em parceria com ONGs ambientais do Estado. A jandaia e o periquito cara suja foram justamente as aves escolhidas para o in\u00edcio do projeto.\u00a0 Para saber mais sobre o projeto, <a href=\"https:\/\/www.parquearvorar.com.br\/conservacao\">clique aqui<\/a>.<\/p>\n\n\n\n<div class=\"wp-block-image\"><figure class=\"aligncenter size-large\"><img loading=\"lazy\" width=\"605\" height=\"359\" src=\"https:\/\/blog.panrotas.com.br\/parques-e-atracoes\/wp-content\/uploads\/sites\/45\/2024\/12\/Arvorar-Portal.jpg\" alt=\"\" class=\"wp-image-378\" srcset=\"https:\/\/blog.panrotas.com.br\/parques-e-atracoes\/wp-content\/uploads\/sites\/45\/2024\/12\/Arvorar-Portal.jpg 605w, https:\/\/blog.panrotas.com.br\/parques-e-atracoes\/wp-content\/uploads\/sites\/45\/2024\/12\/Arvorar-Portal-300x178.jpg 300w\" sizes=\"(max-width: 605px) 100vw, 605px\" \/><figcaption>Jandaia na entrada do Arvorar \u00e9 ave s\u00edmbolo do Cear\u00e1 (Divulga\u00e7\u00e3o)<\/figcaption><\/figure><\/div>\n\n\n\n<p>Uma vez dentro do parque, o visitante come\u00e7a a ouvir os sons das aves mais animadas, o que pode variar bastante segundo o hor\u00e1rio da visita. Logo ap\u00f3s o portal, est\u00e1 a Casa dos Passarim, uma estrutura met\u00e1lica revestida com materiais que lembram um gigantesco ninho de p\u00e1ssaro, que funciona como um mirante. Do alto, tem-se a vista para os avi\u00e1rios do parque e boa parte da regi\u00e3o. Para os mais pregui\u00e7osos, aviso que a vista vale cada degrau dessa torre de quatro andares.\u00a0<\/p>\n\n\n\n<p>Mas s\u00e3o os tr\u00eas avi\u00e1rios o ponto alto do parque. As visitas s\u00e3o monitoradas por educadores ambientais que auxiliam os visitantes a observarem caracter\u00edsticas e comportamentos das esp\u00e9cies. Ao todo, o <strong>Arvorar re\u00fane cerca de 250 p\u00e1ssaros<\/strong>, r\u00e9pteis e pequenos mam\u00edferos, que est\u00e3o divididos nos avi\u00e1rios segundo suas caracter\u00edsticas e tamanhos. Assim, h\u00e1 o Avi\u00e1rio dos Pequenos e Barulhentos; dos Grandes e Coloridos; e dos Cantores e Velozes. Juntos, os avi\u00e1rios ocupam tr\u00eas mil dos 27 mil metros quadrados do Arvorar.<\/p>\n\n\n\n<p>\u00c9 no avi\u00e1rio dos Pequenos e Barulhentos que est\u00e3o marrecos, macucos, jandaias e periquitos da cara suja. No habitat dos Grandes e Coloridos, est\u00e3o tucanos e araras, al\u00e9m de jabutis. N\u00e3o se engane, o ambiente tamb\u00e9m pode ser bastante barulhento se as araras estiverem \u2018conversando\u2019. No avi\u00e1rio dos Cantores e Velozes, a estrela \u00e9 o guar\u00e1-vermelho, que pode se aproximar bastante dos visitantes. A orienta\u00e7\u00e3o \u00e9 n\u00e3o interagir com os animais, apesar deles parecerem procurar essa intera\u00e7\u00e3o&#8230; Cutias e mutuns tamb\u00e9m s\u00e3o outras esp\u00e9cies presentes nesse habitat.<\/p>\n\n\n\n<figure class=\"wp-block-gallery columns-3 is-cropped\"><ul class=\"blocks-gallery-grid\"><li class=\"blocks-gallery-item\"><figure><img loading=\"lazy\" width=\"334\" height=\"412\" src=\"https:\/\/blog.panrotas.com.br\/parques-e-atracoes\/wp-content\/uploads\/sites\/45\/2024\/12\/Arvorar-Jandaias.jpg\" alt=\"\" data-id=\"381\" data-link=\"https:\/\/blog.panrotas.com.br\/parques-e-atracoes\/?attachment_id=381\" class=\"wp-image-381\" srcset=\"https:\/\/blog.panrotas.com.br\/parques-e-atracoes\/wp-content\/uploads\/sites\/45\/2024\/12\/Arvorar-Jandaias.jpg 334w, https:\/\/blog.panrotas.com.br\/parques-e-atracoes\/wp-content\/uploads\/sites\/45\/2024\/12\/Arvorar-Jandaias-243x300.jpg 243w\" sizes=\"(max-width: 334px) 100vw, 334px\" \/><\/figure><\/li><li class=\"blocks-gallery-item\"><figure><img loading=\"lazy\" width=\"341\" height=\"408\" src=\"https:\/\/blog.panrotas.com.br\/parques-e-atracoes\/wp-content\/uploads\/sites\/45\/2024\/12\/Arvorar-Araras-1-1.jpg\" alt=\"\" data-id=\"382\" data-link=\"https:\/\/blog.panrotas.com.br\/parques-e-atracoes\/?attachment_id=382\" class=\"wp-image-382\" srcset=\"https:\/\/blog.panrotas.com.br\/parques-e-atracoes\/wp-content\/uploads\/sites\/45\/2024\/12\/Arvorar-Araras-1-1.jpg 341w, https:\/\/blog.panrotas.com.br\/parques-e-atracoes\/wp-content\/uploads\/sites\/45\/2024\/12\/Arvorar-Araras-1-1-251x300.jpg 251w\" sizes=\"(max-width: 341px) 100vw, 341px\" \/><\/figure><\/li><li class=\"blocks-gallery-item\"><figure><img loading=\"lazy\" width=\"346\" height=\"501\" src=\"https:\/\/blog.panrotas.com.br\/parques-e-atracoes\/wp-content\/uploads\/sites\/45\/2024\/12\/Arvorar-Aviario-3-1.jpg\" alt=\"\" data-id=\"383\" data-full-url=\"https:\/\/blog.panrotas.com.br\/parques-e-atracoes\/wp-content\/uploads\/sites\/45\/2024\/12\/Arvorar-Aviario-3-1.jpg\" data-link=\"https:\/\/blog.panrotas.com.br\/parques-e-atracoes\/?attachment_id=383\" class=\"wp-image-383\" srcset=\"https:\/\/blog.panrotas.com.br\/parques-e-atracoes\/wp-content\/uploads\/sites\/45\/2024\/12\/Arvorar-Aviario-3-1.jpg 346w, https:\/\/blog.panrotas.com.br\/parques-e-atracoes\/wp-content\/uploads\/sites\/45\/2024\/12\/Arvorar-Aviario-3-1-207x300.jpg 207w\" sizes=\"(max-width: 346px) 100vw, 346px\" \/><\/figure><\/li><\/ul><figcaption class=\"blocks-gallery-caption\">As jandaias, da foto \u00e0 esquerda, est\u00e3o no Avi\u00e1rio dos Pequenos e Barulhentos; as araras, no dos Grandes e Coloridos; e o guar\u00e1, nos Cantores e Velozes<\/figcaption><\/figure>\n\n\n\n<p><strong>Divers\u00e3o<\/strong><\/p>\n\n\n\n<p>Mas o Arvorar n\u00e3o \u00e9 apenas contemplativo. Para a crian\u00e7ada, foram criados os espa\u00e7os Arvor\u00e3o e Arvorinho. O primeiro \u00e9 para aqueles com mais de 1,30 m de altura. \u00c9 um circuito de arvorismo com redes para escalar, pontes de equil\u00edbrio, t\u00faneis e outros desafios em meio \u00e0s copas das \u00e1rvores. O Red\u00e3o \u00e9 outra op\u00e7\u00e3o para quem j\u00e1 t\u00eam mais de 1 metro de altura, com escalada em redes tensionadas que tamb\u00e9m levam para junto da copa das \u00e1rvores. Os menores, com at\u00e9 1,30 metro, podem se divertir no Arvorinho, um playground em madeira, com escorregadores, parede de escalada e balan\u00e7os, entre outras atra\u00e7\u00f5es infantis.<\/p>\n\n\n\n<p>Antes de iniciar a visita, vale checar a programa\u00e7\u00e3o do <strong>audit\u00f3rio Soldadinho do Araripe<\/strong>, um espa\u00e7o para pe\u00e7as teatrais e apresenta\u00e7\u00f5es educativas. No dia em que visitei o parque, acompanhando uma visita t\u00e9cnica, pude observar a maestria dos voos de uma coruja que se exibiu em rasantes sobre a cabe\u00e7a da curiosa audi\u00eancia. No \u00faltimo fim de semana, por exemplo, houve apresenta\u00e7\u00e3o sobre a biodiversidade brasileira e a pe\u00e7a \u201cPoxa, P\u00f3luis\u201d, sobre um visitante interplanet\u00e1rio que gosta de \u2018redecorar\u2019 planetas, combinando educa\u00e7\u00e3o sustent\u00e1vel em um ambiente teatral l\u00fadico.<\/p>\n\n\n\n<div class=\"wp-block-jetpack-tiled-gallery aligncenter is-style-rectangular\"><div class=\"tiled-gallery__gallery\"><div class=\"tiled-gallery__row\"><div class=\"tiled-gallery__col\" style=\"flex-basis:18.41415%\"><figure class=\"tiled-gallery__item\"><img srcset=\"https:\/\/i0.wp.com\/blog.panrotas.com.br\/parques-e-atracoes\/wp-content\/uploads\/sites\/45\/2024\/12\/Arvorar-Arvorao.jpg?strip=info&#038;w=348 348w\" alt=\"\" data-height=\"519\" data-id=\"384\" data-link=\"https:\/\/blog.panrotas.com.br\/parques-e-atracoes\/?attachment_id=384\" data-url=\"http:\/\/blog.panrotas.com.br\/parques-e-atracoes\/wp-content\/uploads\/sites\/45\/2024\/12\/Arvorar-Arvorao.jpg\" data-width=\"348\" src=\"https:\/\/i0.wp.com\/blog.panrotas.com.br\/parques-e-atracoes\/wp-content\/uploads\/sites\/45\/2024\/12\/Arvorar-Arvorao.jpg\" data-amp-layout=\"responsive\" \/><\/figure><\/div><div class=\"tiled-gallery__col\" style=\"flex-basis:17.62135%\"><figure class=\"tiled-gallery__item\"><img srcset=\"https:\/\/i0.wp.com\/blog.panrotas.com.br\/parques-e-atracoes\/wp-content\/uploads\/sites\/45\/2024\/12\/Arvorar-Passarim.jpg?strip=info&#038;w=340 340w\" alt=\"\" data-height=\"530\" data-id=\"386\" data-link=\"https:\/\/blog.panrotas.com.br\/parques-e-atracoes\/?attachment_id=386\" data-url=\"http:\/\/blog.panrotas.com.br\/parques-e-atracoes\/wp-content\/uploads\/sites\/45\/2024\/12\/Arvorar-Passarim.jpg\" data-width=\"340\" src=\"https:\/\/i0.wp.com\/blog.panrotas.com.br\/parques-e-atracoes\/wp-content\/uploads\/sites\/45\/2024\/12\/Arvorar-Passarim.jpg\" data-amp-layout=\"responsive\" \/><\/figure><\/div><div class=\"tiled-gallery__col\" style=\"flex-basis:18.08285%\"><figure class=\"tiled-gallery__item\"><img srcset=\"https:\/\/i1.wp.com\/blog.panrotas.com.br\/parques-e-atracoes\/wp-content\/uploads\/sites\/45\/2024\/12\/Arvorar-Passarim-2.jpg?strip=info&#038;w=345 345w\" alt=\"\" data-height=\"524\" data-id=\"387\" data-link=\"https:\/\/blog.panrotas.com.br\/parques-e-atracoes\/?attachment_id=387\" data-url=\"http:\/\/blog.panrotas.com.br\/parques-e-atracoes\/wp-content\/uploads\/sites\/45\/2024\/12\/Arvorar-Passarim-2.jpg\" data-width=\"345\" src=\"https:\/\/i1.wp.com\/blog.panrotas.com.br\/parques-e-atracoes\/wp-content\/uploads\/sites\/45\/2024\/12\/Arvorar-Passarim-2.jpg\" data-amp-layout=\"responsive\" \/><\/figure><\/div><div class=\"tiled-gallery__col\" style=\"flex-basis:45.88165%\"><figure class=\"tiled-gallery__item\"><img srcset=\"https:\/\/i1.wp.com\/blog.panrotas.com.br\/parques-e-atracoes\/wp-content\/uploads\/sites\/45\/2024\/12\/Arvorinho.jpg?strip=info&#038;w=600 600w,https:\/\/i1.wp.com\/blog.panrotas.com.br\/parques-e-atracoes\/wp-content\/uploads\/sites\/45\/2024\/12\/Arvorinho.jpg?strip=info&#038;w=873 873w\" alt=\"\" data-height=\"521\" data-id=\"388\" data-link=\"https:\/\/blog.panrotas.com.br\/parques-e-atracoes\/?attachment_id=388\" data-url=\"http:\/\/blog.panrotas.com.br\/parques-e-atracoes\/wp-content\/uploads\/sites\/45\/2024\/12\/Arvorinho.jpg\" data-width=\"873\" src=\"https:\/\/i1.wp.com\/blog.panrotas.com.br\/parques-e-atracoes\/wp-content\/uploads\/sites\/45\/2024\/12\/Arvorinho.jpg\" data-amp-layout=\"responsive\" \/><\/figure><\/div><\/div><\/div><\/div>\n\n\n\n<p>Por enquanto, o Arvorar abre somente \u00e0s sextas-feiras, s\u00e1bados e domingos, das 9h \u00e0s 17h, com limita\u00e7\u00e3o no n\u00famero de ingressos. Para o conforto das fam\u00edlias, p\u00fablico-alvo do parque, a infraestrutura conta tamb\u00e9m com o restaurante Lagoa do Mato, com pratos t\u00edpicos da culin\u00e1ria regional. Para saber mais, confira o<a href=\"http:\/\/www.parquearvorar.com.br\" target=\"_blank\" rel=\"noreferrer noopener\"> site do parque<\/a>.<\/p>\n\n\n\n<p><strong>Em tempo<\/strong>: j\u00e1 temos um novo parque para colocar na lista de mais aguardados! Afinal, o <a href=\"https:\/\/www.panrotas.com.br\/destinos\/parques-tematicos\/2024\/12\/cacau-park-tera-areas-tematicas-hoteis-e-maior-montanha-russa-da-america-latina-fotos_212267.html\" target=\"_blank\" rel=\"noreferrer noopener\">Cacau Park foi anunciado ainda neste m\u00eas<\/a>, com a promessa de tornar-se o maior parque tem\u00e1tico da Am\u00e9rica Latina. Mas, essa entrega n\u00e3o acontece antes de 2027&#8230; Ent\u00e3o, me diz qual voc\u00ea acha que pode ser o parque ou atra\u00e7\u00e3o mais aguardado do ano que come\u00e7a na semana que vem! Palpites para as aberturas ao longo de 2025? Deixa aqui nos coment\u00e1rios!<\/p>\n\n\n\n<div class=\"wp-block-jetpack-slideshow aligncenter\" data-effect=\"slide\"><div class=\"wp-block-jetpack-slideshow_container swiper-container\"><ul class=\"wp-block-jetpack-slideshow_swiper-wrapper swiper-wrapper\"><li class=\"wp-block-jetpack-slideshow_slide swiper-slide\"><figure><img loading=\"lazy\" width=\"880\" height=\"529\" alt=\"\" class=\"wp-block-jetpack-slideshow_image wp-image-389\" data-id=\"389\" src=\"http:\/\/blog.panrotas.com.br\/parques-e-atracoes\/wp-content\/uploads\/sites\/45\/2024\/12\/Arvorar-Mapa.jpg\" srcset=\"https:\/\/blog.panrotas.com.br\/parques-e-atracoes\/wp-content\/uploads\/sites\/45\/2024\/12\/Arvorar-Mapa.jpg 880w, https:\/\/blog.panrotas.com.br\/parques-e-atracoes\/wp-content\/uploads\/sites\/45\/2024\/12\/Arvorar-Mapa-300x180.jpg 300w, https:\/\/blog.panrotas.com.br\/parques-e-atracoes\/wp-content\/uploads\/sites\/45\/2024\/12\/Arvorar-Mapa-768x462.jpg 768w, https:\/\/blog.panrotas.com.br\/parques-e-atracoes\/wp-content\/uploads\/sites\/45\/2024\/12\/Arvorar-Mapa-740x445.jpg 740w\" sizes=\"(max-width: 880px) 100vw, 880px\" \/><figcaption class=\"wp-block-jetpack-slideshow_caption gallery-caption\">Mapa do Arvorar<\/figcaption><\/figure><\/li><li class=\"wp-block-jetpack-slideshow_slide swiper-slide\"><figure><img loading=\"lazy\" width=\"914\" height=\"505\" alt=\"\" class=\"wp-block-jetpack-slideshow_image wp-image-390\" data-id=\"390\" src=\"http:\/\/blog.panrotas.com.br\/parques-e-atracoes\/wp-content\/uploads\/sites\/45\/2024\/12\/Arvorar-Aviario-2.jpg\" srcset=\"https:\/\/blog.panrotas.com.br\/parques-e-atracoes\/wp-content\/uploads\/sites\/45\/2024\/12\/Arvorar-Aviario-2.jpg 914w, https:\/\/blog.panrotas.com.br\/parques-e-atracoes\/wp-content\/uploads\/sites\/45\/2024\/12\/Arvorar-Aviario-2-300x166.jpg 300w, https:\/\/blog.panrotas.com.br\/parques-e-atracoes\/wp-content\/uploads\/sites\/45\/2024\/12\/Arvorar-Aviario-2-768x424.jpg 768w, https:\/\/blog.panrotas.com.br\/parques-e-atracoes\/wp-content\/uploads\/sites\/45\/2024\/12\/Arvorar-Aviario-2-740x409.jpg 740w\" sizes=\"(max-width: 914px) 100vw, 914px\" \/><figcaption class=\"wp-block-jetpack-slideshow_caption gallery-caption\">Trilhas dentro do avi\u00e1rio<\/figcaption><\/figure><\/li><li class=\"wp-block-jetpack-slideshow_slide swiper-slide\"><figure><img loading=\"lazy\" width=\"834\" height=\"513\" alt=\"\" class=\"wp-block-jetpack-slideshow_image wp-image-391\" data-id=\"391\" src=\"http:\/\/blog.panrotas.com.br\/parques-e-atracoes\/wp-content\/uploads\/sites\/45\/2024\/12\/Arvorar-Passarim1.jpg\" srcset=\"https:\/\/blog.panrotas.com.br\/parques-e-atracoes\/wp-content\/uploads\/sites\/45\/2024\/12\/Arvorar-Passarim1.jpg 834w, https:\/\/blog.panrotas.com.br\/parques-e-atracoes\/wp-content\/uploads\/sites\/45\/2024\/12\/Arvorar-Passarim1-300x185.jpg 300w, https:\/\/blog.panrotas.com.br\/parques-e-atracoes\/wp-content\/uploads\/sites\/45\/2024\/12\/Arvorar-Passarim1-768x472.jpg 768w, https:\/\/blog.panrotas.com.br\/parques-e-atracoes\/wp-content\/uploads\/sites\/45\/2024\/12\/Arvorar-Passarim1-740x455.jpg 740w\" sizes=\"(max-width: 834px) 100vw, 834px\" \/><figcaption class=\"wp-block-jetpack-slideshow_caption gallery-caption\">Parte da vista do alto da Casa dos Passarim<\/figcaption><\/figure><\/li><\/ul><a class=\"wp-block-jetpack-slideshow_button-prev swiper-button-prev swiper-button-white\" role=\"button\"><\/a><a class=\"wp-block-jetpack-slideshow_button-next swiper-button-next swiper-button-white\" role=\"button\"><\/a><a aria-label=\"Pause Slideshow\" class=\"wp-block-jetpack-slideshow_button-pause\" role=\"button\"><\/a><div class=\"wp-block-jetpack-slideshow_pagination swiper-pagination swiper-pagination-white\"><\/div><\/div><\/div>\n","protected":false},"excerpt":{"rendered":"<p>2024 vai chegando ao fim com a abertura, em soft opening, do parque mais aguardado do ano: o Arvorar. Al\u00e9m de pertencer ao Beach Park, um dos principais complexos de lazer do Brasil, o Arvorar leva para o Nordeste a proposta de ressignificar a experi\u00eancia dentro dos parques. N\u00e3o se trata apenas de divers\u00e3o \u2013&hellip; <a class=\"more-link\" href=\"https:\/\/blog.panrotas.com.br\/parques-e-atracoes\/2024\/12\/23\/parque-arvorar-ce-e-prato-cheio-para-educar-e-divertir\/\">Continue reading &rarr;<\/a><\/p>\n","protected":false},"author":53,"featured_media":396,"comment_status":"open","ping_status":"open","sticky":false,"template":"","format":"standard","meta":{"spay_email":""},"categories":[1],"tags":[189,193,17,190,66,176,199,198,197,195,192,170,196,188,3,200,191,27,194],"yoast_head":"<!-- This site is optimized with the Yoast SEO plugin v17.3 - https:\/\/yoast.com\/wordpress\/plugins\/seo\/ -->\n<title>Parque Arvorar (CE) \u00e9 prato cheio para educar e divertir - Parques e atra\u00e7\u00f5es<\/title>\n<meta name=\"robots\" content=\"index, follow, max-snippet:-1, max-image-preview:large, max-video-preview:-1\" \/>\n<link rel=\"canonical\" href=\"https:\/\/blog.panrotas.com.br\/parques-e-atracoes\/2024\/12\/23\/parque-arvorar-ce-e-prato-cheio-para-educar-e-divertir\/\" \/>\n<meta property=\"og:locale\" content=\"pt_BR\" \/>\n<meta property=\"og:type\" content=\"article\" \/>\n<meta property=\"og:title\" content=\"Parque Arvorar (CE) \u00e9 prato cheio para educar e divertir - Parques e atra\u00e7\u00f5es\" \/>\n<meta property=\"og:description\" content=\"2024 vai chegando ao fim com a abertura, em soft opening, do parque mais aguardado do ano: o Arvorar. Al\u00e9m de pertencer ao Beach Park, um dos principais complexos de lazer do Brasil, o Arvorar leva para o Nordeste a proposta de ressignificar a experi\u00eancia dentro dos parques. N\u00e3o se trata apenas de divers\u00e3o \u2013&hellip; Continue reading &rarr;\" \/>\n<meta property=\"og:url\" content=\"https:\/\/blog.panrotas.com.br\/parques-e-atracoes\/2024\/12\/23\/parque-arvorar-ce-e-prato-cheio-para-educar-e-divertir\/\" \/>\n<meta property=\"og:site_name\" content=\"Parques e atra\u00e7\u00f5es\" \/>\n<meta property=\"article:published_time\" content=\"2024-12-23T18:45:09+00:00\" \/>\n<meta property=\"article:modified_time\" content=\"2024-12-23T18:45:13+00:00\" \/>\n<meta property=\"og:image\" content=\"http:\/\/blog.panrotas.com.br\/parques-e-atracoes\/wp-content\/uploads\/sites\/45\/2024\/12\/Arvorar.png\" \/>\n\t<meta property=\"og:image:width\" content=\"800\" \/>\n\t<meta property=\"og:image:height\" content=\"530\" \/>\n<meta name=\"twitter:card\" content=\"summary_large_image\" \/>\n<meta name=\"twitter:label1\" content=\"Escrito por\" \/>\n\t<meta name=\"twitter:data1\" content=\"Izabel Reigada\" \/>\n\t<meta name=\"twitter:label2\" content=\"Est. tempo de leitura\" \/>\n\t<meta name=\"twitter:data2\" content=\"6 minutos\" \/>\n<script type=\"application\/ld+json\" class=\"yoast-schema-graph\">{\"@context\":\"https:\/\/schema.org\",\"@graph\":[{\"@type\":\"WebSite\",\"@id\":\"https:\/\/blog.panrotas.com.br\/parques-e-atracoes\/#website\",\"url\":\"https:\/\/blog.panrotas.com.br\/parques-e-atracoes\/\",\"name\":\"Parques e atra\\u00e7\\u00f5es\",\"description\":\"\",\"potentialAction\":[{\"@type\":\"SearchAction\",\"target\":{\"@type\":\"EntryPoint\",\"urlTemplate\":\"https:\/\/blog.panrotas.com.br\/parques-e-atracoes\/?s={search_term_string}\"},\"query-input\":\"required name=search_term_string\"}],\"inLanguage\":\"pt-BR\"},{\"@type\":\"ImageObject\",\"@id\":\"https:\/\/blog.panrotas.com.br\/parques-e-atracoes\/2024\/12\/23\/parque-arvorar-ce-e-prato-cheio-para-educar-e-divertir\/#primaryimage\",\"inLanguage\":\"pt-BR\",\"url\":\"https:\/\/blog.panrotas.com.br\/parques-e-atracoes\/wp-content\/uploads\/sites\/45\/2024\/12\/Arvorar.png\",\"contentUrl\":\"https:\/\/blog.panrotas.com.br\/parques-e-atracoes\/wp-content\/uploads\/sites\/45\/2024\/12\/Arvorar.png\",\"width\":800,\"height\":530},{\"@type\":\"WebPage\",\"@id\":\"https:\/\/blog.panrotas.com.br\/parques-e-atracoes\/2024\/12\/23\/parque-arvorar-ce-e-prato-cheio-para-educar-e-divertir\/#webpage\",\"url\":\"https:\/\/blog.panrotas.com.br\/parques-e-atracoes\/2024\/12\/23\/parque-arvorar-ce-e-prato-cheio-para-educar-e-divertir\/\",\"name\":\"Parque Arvorar (CE) \\u00e9 prato cheio para educar e divertir - Parques e atra\\u00e7\\u00f5es\",\"isPartOf\":{\"@id\":\"https:\/\/blog.panrotas.com.br\/parques-e-atracoes\/#website\"},\"primaryImageOfPage\":{\"@id\":\"https:\/\/blog.panrotas.com.br\/parques-e-atracoes\/2024\/12\/23\/parque-arvorar-ce-e-prato-cheio-para-educar-e-divertir\/#primaryimage\"},\"datePublished\":\"2024-12-23T18:45:09+00:00\",\"dateModified\":\"2024-12-23T18:45:13+00:00\",\"author\":{\"@id\":\"https:\/\/blog.panrotas.com.br\/parques-e-atracoes\/#\/schema\/person\/55d61bc7363452588c791d298ad2a72a\"},\"breadcrumb\":{\"@id\":\"https:\/\/blog.panrotas.com.br\/parques-e-atracoes\/2024\/12\/23\/parque-arvorar-ce-e-prato-cheio-para-educar-e-divertir\/#breadcrumb\"},\"inLanguage\":\"pt-BR\",\"potentialAction\":[{\"@type\":\"ReadAction\",\"target\":[\"https:\/\/blog.panrotas.com.br\/parques-e-atracoes\/2024\/12\/23\/parque-arvorar-ce-e-prato-cheio-para-educar-e-divertir\/\"]}]},{\"@type\":\"BreadcrumbList\",\"@id\":\"https:\/\/blog.panrotas.com.br\/parques-e-atracoes\/2024\/12\/23\/parque-arvorar-ce-e-prato-cheio-para-educar-e-divertir\/#breadcrumb\",\"itemListElement\":[{\"@type\":\"ListItem\",\"position\":1,\"name\":\"In\\u00edcio\",\"item\":\"https:\/\/blog.panrotas.com.br\/parques-e-atracoes\/\"},{\"@type\":\"ListItem\",\"position\":2,\"name\":\"Parque Arvorar (CE) \\u00e9 prato cheio para educar e divertir\"}]},{\"@type\":\"Person\",\"@id\":\"https:\/\/blog.panrotas.com.br\/parques-e-atracoes\/#\/schema\/person\/55d61bc7363452588c791d298ad2a72a\",\"name\":\"Izabel Reigada\",\"image\":{\"@type\":\"ImageObject\",\"@id\":\"https:\/\/blog.panrotas.com.br\/parques-e-atracoes\/#personlogo\",\"inLanguage\":\"pt-BR\",\"url\":\"https:\/\/secure.gravatar.com\/avatar\/cff605cdae1e853b6d5c967b6023b992?s=96&d=mm&r=g\",\"contentUrl\":\"https:\/\/secure.gravatar.com\/avatar\/cff605cdae1e853b6d5c967b6023b992?s=96&d=mm&r=g\",\"caption\":\"Izabel Reigada\"},\"url\":\"https:\/\/blog.panrotas.com.br\/parques-e-atracoes\/author\/izabel\/\"}]}<\/script>\n<!-- \/ Yoast SEO plugin. -->","yoast_head_json":{"title":"Parque Arvorar (CE) \u00e9 prato cheio para educar e divertir - Parques e atra\u00e7\u00f5es","robots":{"index":"index","follow":"follow","max-snippet":"max-snippet:-1","max-image-preview":"max-image-preview:large","max-video-preview":"max-video-preview:-1"},"canonical":"https:\/\/blog.panrotas.com.br\/parques-e-atracoes\/2024\/12\/23\/parque-arvorar-ce-e-prato-cheio-para-educar-e-divertir\/","og_locale":"pt_BR","og_type":"article","og_title":"Parque Arvorar (CE) \u00e9 prato cheio para educar e divertir - Parques e atra\u00e7\u00f5es","og_description":"2024 vai chegando ao fim com a abertura, em soft opening, do parque mais aguardado do ano: o Arvorar. Al\u00e9m de pertencer ao Beach Park, um dos principais complexos de lazer do Brasil, o Arvorar leva para o Nordeste a proposta de ressignificar a experi\u00eancia dentro dos parques. N\u00e3o se trata apenas de divers\u00e3o \u2013&hellip; Continue reading &rarr;","og_url":"https:\/\/blog.panrotas.com.br\/parques-e-atracoes\/2024\/12\/23\/parque-arvorar-ce-e-prato-cheio-para-educar-e-divertir\/","og_site_name":"Parques e atra\u00e7\u00f5es","article_published_time":"2024-12-23T18:45:09+00:00","article_modified_time":"2024-12-23T18:45:13+00:00","og_image":[{"width":800,"height":530,"url":"http:\/\/blog.panrotas.com.br\/parques-e-atracoes\/wp-content\/uploads\/sites\/45\/2024\/12\/Arvorar.png","type":"image\/png"}],"twitter_card":"summary_large_image","twitter_misc":{"Escrito por":"Izabel Reigada","Est. tempo de leitura":"6 minutos"},"schema":{"@context":"https:\/\/schema.org","@graph":[{"@type":"WebSite","@id":"https:\/\/blog.panrotas.com.br\/parques-e-atracoes\/#website","url":"https:\/\/blog.panrotas.com.br\/parques-e-atracoes\/","name":"Parques e atra\u00e7\u00f5es","description":"","potentialAction":[{"@type":"SearchAction","target":{"@type":"EntryPoint","urlTemplate":"https:\/\/blog.panrotas.com.br\/parques-e-atracoes\/?s={search_term_string}"},"query-input":"required name=search_term_string"}],"inLanguage":"pt-BR"},{"@type":"ImageObject","@id":"https:\/\/blog.panrotas.com.br\/parques-e-atracoes\/2024\/12\/23\/parque-arvorar-ce-e-prato-cheio-para-educar-e-divertir\/#primaryimage","inLanguage":"pt-BR","url":"https:\/\/blog.panrotas.com.br\/parques-e-atracoes\/wp-content\/uploads\/sites\/45\/2024\/12\/Arvorar.png","contentUrl":"https:\/\/blog.panrotas.com.br\/parques-e-atracoes\/wp-content\/uploads\/sites\/45\/2024\/12\/Arvorar.png","width":800,"height":530},{"@type":"WebPage","@id":"https:\/\/blog.panrotas.com.br\/parques-e-atracoes\/2024\/12\/23\/parque-arvorar-ce-e-prato-cheio-para-educar-e-divertir\/#webpage","url":"https:\/\/blog.panrotas.com.br\/parques-e-atracoes\/2024\/12\/23\/parque-arvorar-ce-e-prato-cheio-para-educar-e-divertir\/","name":"Parque Arvorar (CE) \u00e9 prato cheio para educar e divertir - Parques e atra\u00e7\u00f5es","isPartOf":{"@id":"https:\/\/blog.panrotas.com.br\/parques-e-atracoes\/#website"},"primaryImageOfPage":{"@id":"https:\/\/blog.panrotas.com.br\/parques-e-atracoes\/2024\/12\/23\/parque-arvorar-ce-e-prato-cheio-para-educar-e-divertir\/#primaryimage"},"datePublished":"2024-12-23T18:45:09+00:00","dateModified":"2024-12-23T18:45:13+00:00","author":{"@id":"https:\/\/blog.panrotas.com.br\/parques-e-atracoes\/#\/schema\/person\/55d61bc7363452588c791d298ad2a72a"},"breadcrumb":{"@id":"https:\/\/blog.panrotas.com.br\/parques-e-atracoes\/2024\/12\/23\/parque-arvorar-ce-e-prato-cheio-para-educar-e-divertir\/#breadcrumb"},"inLanguage":"pt-BR","potentialAction":[{"@type":"ReadAction","target":["https:\/\/blog.panrotas.com.br\/parques-e-atracoes\/2024\/12\/23\/parque-arvorar-ce-e-prato-cheio-para-educar-e-divertir\/"]}]},{"@type":"BreadcrumbList","@id":"https:\/\/blog.panrotas.com.br\/parques-e-atracoes\/2024\/12\/23\/parque-arvorar-ce-e-prato-cheio-para-educar-e-divertir\/#breadcrumb","itemListElement":[{"@type":"ListItem","position":1,"name":"In\u00edcio","item":"https:\/\/blog.panrotas.com.br\/parques-e-atracoes\/"},{"@type":"ListItem","position":2,"name":"Parque Arvorar (CE) \u00e9 prato cheio para educar e divertir"}]},{"@type":"Person","@id":"https:\/\/blog.panrotas.com.br\/parques-e-atracoes\/#\/schema\/person\/55d61bc7363452588c791d298ad2a72a","name":"Izabel Reigada","image":{"@type":"ImageObject","@id":"https:\/\/blog.panrotas.com.br\/parques-e-atracoes\/#personlogo","inLanguage":"pt-BR","url":"https:\/\/secure.gravatar.com\/avatar\/cff605cdae1e853b6d5c967b6023b992?s=96&d=mm&r=g","contentUrl":"https:\/\/secure.gravatar.com\/avatar\/cff605cdae1e853b6d5c967b6023b992?s=96&d=mm&r=g","caption":"Izabel Reigada"},"url":"https:\/\/blog.panrotas.com.br\/parques-e-atracoes\/author\/izabel\/"}]}},"jetpack_featured_media_url":"https:\/\/blog.panrotas.com.br\/parques-e-atracoes\/wp-content\/uploads\/sites\/45\/2024\/12\/Arvorar.png","_links":{"self":[{"href":"https:\/\/blog.panrotas.com.br\/parques-e-atracoes\/wp-json\/wp\/v2\/posts\/377"}],"collection":[{"href":"https:\/\/blog.panrotas.com.br\/parques-e-atracoes\/wp-json\/wp\/v2\/posts"}],"about":[{"href":"https:\/\/blog.panrotas.com.br\/parques-e-atracoes\/wp-json\/wp\/v2\/types\/post"}],"author":[{"embeddable":true,"href":"https:\/\/blog.panrotas.com.br\/parques-e-atracoes\/wp-json\/wp\/v2\/users\/53"}],"replies":[{"embeddable":true,"href":"https:\/\/blog.panrotas.com.br\/parques-e-atracoes\/wp-json\/wp\/v2\/comments?post=377"}],"version-history":[{"count":1,"href":"https:\/\/blog.panrotas.com.br\/parques-e-atracoes\/wp-json\/wp\/v2\/posts\/377\/revisions"}],"predecessor-version":[{"id":395,"href":"https:\/\/blog.panrotas.com.br\/parques-e-atracoes\/wp-json\/wp\/v2\/posts\/377\/revisions\/395"}],"wp:featuredmedia":[{"embeddable":true,"href":"https:\/\/blog.panrotas.com.br\/parques-e-atracoes\/wp-json\/wp\/v2\/media\/396"}],"wp:attachment":[{"href":"https:\/\/blog.panrotas.com.br\/parques-e-atracoes\/wp-json\/wp\/v2\/media?parent=377"}],"wp:term":[{"taxonomy":"category","embeddable":true,"href":"https:\/\/blog.panrotas.com.br\/parques-e-atracoes\/wp-json\/wp\/v2\/categories?post=377"},{"taxonomy":"post_tag","embeddable":true,"href":"https:\/\/blog.panrotas.com.br\/parques-e-atracoes\/wp-json\/wp\/v2\/tags?post=377"}],"curies":[{"name":"wp","href":"https:\/\/api.w.org\/{rel}","templated":true}]}}