{"id":243,"date":"2025-04-29T15:37:49","date_gmt":"2025-04-29T18:37:49","guid":{"rendered":"https:\/\/blog.panrotas.com.br\/passaporte-de-fe\/?p=243"},"modified":"2025-04-29T15:37:52","modified_gmt":"2025-04-29T18:37:52","slug":"rota-de-paulo-de-tarso-atrai-turistas-religiosos","status":"publish","type":"post","link":"https:\/\/blog.panrotas.com.br\/passaporte-de-fe\/2025\/04\/29\/rota-de-paulo-de-tarso-atrai-turistas-religiosos\/","title":{"rendered":"Rota de Paulo de tarso atrai turistas religiosos"},"content":{"rendered":"\n<p><strong>Peregrina\u00e7\u00e3o internacional percorre locais sagrados na&nbsp;Turquia, Gr\u00e9cia e It\u00e1lia e revela a trajet\u00f3ria do ap\u00f3stolo&nbsp;Paulo&nbsp;em suas miss\u00f5es pelo mundo antigo<\/strong><\/p>\n\n\n\n<p>A f\u00e9 e a hist\u00f3ria se entrela\u00e7aram em um dos roteiros mais simb\u00f3licos do turismo religioso internacional: a&nbsp;<strong>Rota de S\u00e3o&nbsp;Paulo<\/strong>&nbsp;. Inspirado nas viagens mission\u00e1rias do ap\u00f3stolo&nbsp;Paulo&nbsp;de Tarso, o percurso atrai peregrinos, estudiosos e turistas em busca das origens do cristianismo e da cultura mediterr\u00e2nea. Entre paisagens arqueol\u00f3gicas e cidades modernas, o itiner\u00e1rio passa por tr\u00eas pa\u00edses-chave \u2014&nbsp;Turquia, Gr\u00e9cia e It\u00e1lia \u2014 e reconstitui o itiner\u00e1rio descrito no Novo Testamento.<\/p>\n\n\n\n<p>Paulo, considerado um dos grandes divulgadores da f\u00e9 crist\u00e3 no mundo greco-romano, percorreu milhares de quil\u00f4metros em miss\u00f5es evangelizadoras durante o s\u00e9culo I. Seu legado \u00e9 celebrado por meio de igrejas, ru\u00ednas, sinagogas e centros culturais que contam sua hist\u00f3ria com profundidade e emo\u00e7\u00e3o.<\/p>\n\n\n\n<p>Na&nbsp;<strong>Turquia<\/strong>&nbsp;, os visitantes podem conhecer&nbsp;<strong>Tarso<\/strong>&nbsp;, cidade natal de&nbsp;Paulo, al\u00e9m de importantes polos da \u00c1sia Menor como&nbsp;<strong>\u00c9feso, Ic\u00f4nio, Listra, Derbe e Antioquia da Pis\u00eddia<\/strong>&nbsp;. Esses locais preservam ru\u00ednas romanas e memoriais crist\u00e3os que testemunharam os prim\u00f3rdios da f\u00e9 no Oriente.<\/p>\n\n\n\n<p>O roteiro segue para a&nbsp;<strong>Gr\u00e9cia<\/strong>&nbsp;, onde&nbsp;Paulo&nbsp;realizou sua primeira grande miss\u00e3o europeia. Em cidades como&nbsp;<strong>Filipos, Tessal\u00f4nica, Berea, Atenas<\/strong>&nbsp;e&nbsp;<strong>Corinto<\/strong>&nbsp;, ele esconde debates filos\u00f3ficos, exclusivos e persegui\u00e7\u00f5es. Hoje, igrejas ortodoxas, s\u00edtios destru\u00eddos e museus narram esses momentos cruciais da hist\u00f3ria crist\u00e3.<\/p>\n\n\n\n<p>A jornada culmina na&nbsp;<strong>It\u00e1lia<\/strong>&nbsp;, com destaque para&nbsp;<strong>Roma<\/strong>&nbsp;, onde, segundo a tradi\u00e7\u00e3o,&nbsp;Paulo&nbsp;foi preso, escreveu cartas e acabou martirizado. A&nbsp;<strong>Bas\u00edlica de S\u00e3o&nbsp;Paulo&nbsp;Extramuros<\/strong>&nbsp;, a&nbsp;<strong>Via \u00c1pia<\/strong>&nbsp;e a pris\u00e3o de&nbsp;<strong>Mamertino<\/strong>&nbsp;s\u00e3o paradas obrigat\u00f3rias para quem deseja reviver seus \u00faltimos passos.<\/p>\n\n\n\n<p>Mais do que uma simples viagem, a Rota de S\u00e3o&nbsp;Paulo&nbsp;\u00e9 uma tradi\u00e7\u00e3o espiritual e cultural. Ela oferece n\u00e3o apenas a chance de explorar lugares hist\u00f3ricos, mas tamb\u00e9m de reflex\u00e3o sobre f\u00e9, resist\u00eancia e transforma\u00e7\u00e3o \u2014 valores universais que ainda ecoam nos caminhos do ap\u00f3stolo.<\/p>\n\n\n\n<p class=\"has-text-align-center\"><strong>Turquia&nbsp;\u2013 As ra\u00edzes e as primeiras miss\u00f5es<\/strong><\/p>\n\n\n\n<p>A atual&nbsp;Turquia, na Antiguidade conhecida como \u00c1sia Menor, abriga o in\u00edcio da jornada paulina.<\/p>\n\n\n\n<ul><li><strong>Tarso<\/strong>&nbsp;: cidade natal de&nbsp;Paulo. Visite a Igreja de S\u00e3o&nbsp;Paulo&nbsp;e o po\u00e7o tradicionalmente ligado \u00e0 sua inf\u00e2ncia.<\/li><li><strong>Antioquia da Pis\u00eddia<\/strong>&nbsp;: onde&nbsp;Paulo&nbsp;teria pregado em uma das primeiras comunidades gent\u00edlicas. Ru\u00ednas da bas\u00edlica e do teatro romano revelam a impon\u00eancia do lugar.<\/li><li><strong>\u00c9feso<\/strong>&nbsp;: uma das cidades mais importantes do mundo antigo.&nbsp;Paulo&nbsp;viveu ali por tr\u00eas anos. O grande teatro, a Biblioteca de Celso e a Igreja de S\u00e3o Jo\u00e3o comp\u00f5em o roteiro.<\/li><li><strong>Ic\u00f4nio, Listra e Derbe<\/strong>&nbsp;: cen\u00e1rio das primeiras persegui\u00e7\u00f5es e especificidades. Guias locais ajudam a localizar os pontos de relev\u00e2ncia b\u00edblica.<\/li><\/ul>\n\n\n\n<p><strong>Experi\u00eancia recomendada<\/strong>&nbsp;: Trilhas hist\u00f3ricas e visitas reflexivas com guias especializados em cristianismo primitivo.<\/p>\n\n\n\n<p class=\"has-text-align-center\"><strong>&nbsp;Gr\u00e9cia \u2013 Debates filos\u00f3ficos e as primeiras comunidades na Europa<\/strong><\/p>\n\n\n\n<p>Paulo&nbsp;desembarcou na Europa por Filipos e iniciou uma jornada que mescla f\u00e9 e debates intelectuais.<\/p>\n\n\n\n<ul><li><strong>Filipos<\/strong>&nbsp;: local do batismo de L\u00eddia, a primeira convertida europeia. O rio Zygaktis permite vivenciar renova\u00e7\u00f5es simb\u00f3licas de f\u00e9.<\/li><li><strong>Tessal\u00f4nica<\/strong>&nbsp;: ru\u00ednas e roupas mostram a tens\u00e3o entre a mensagem crist\u00e3 e a vida urbana helen\u00edstica.<\/li><li><strong>Berea<\/strong>&nbsp;: onde os bereanos, elogiados por&nbsp;Paulo, investigavam cuidadosamente as Escrituras.<\/li><li><strong>Atenas<\/strong>&nbsp;: palco do famoso discurso no Are\u00f3pago, onde&nbsp;Paulo&nbsp;confronta os epicuristas e estoicos sobre o &#8220;Deus desconhecido&#8221;.<\/li><li><strong>Corinto<\/strong>&nbsp;: centro comercial onde&nbsp;Paulo&nbsp;viveu por 18 meses. Visitas ao tribunal (bema) e \u00e0 estrada romana de Cencr\u00e9ia marcam a viagem.<\/li><\/ul>\n\n\n\n<p><strong>Experi\u00eancia recomendada<\/strong>&nbsp;: Leitura p\u00fablica de Atos 17 com vista para a Acr\u00f3pole, em Atenas, ou estudos b\u00edblicos guiados em Berea.<\/p>\n\n\n\n<p class=\"has-text-align-center\"><strong>&nbsp;It\u00e1lia \u2013 Pris\u00e3o e mart\u00edrio<\/strong><\/p>\n\n\n\n<p>O roteiro culmina em Roma, onde&nbsp;Paulo&nbsp;teria sido prisioneiro e martirizado.<\/p>\n\n\n\n<ul><li><strong>Bas\u00edlica de S\u00e3o&nbsp;Paulo&nbsp;Extramuros<\/strong>&nbsp;: erguida sobre o local de seu suposto t\u00famulo.<\/li><li><strong>Pris\u00e3o Mamertina<\/strong>&nbsp;: onde&nbsp;Paulo&nbsp;teria ficado preso com Pedro.<\/li><li><strong>Via \u00c1pia<\/strong>&nbsp;: estrada por onde entrou em Roma, hoje caminho de peregrina\u00e7\u00e3o.<\/li><li><strong>Vaticano e igrejas paulinas<\/strong>&nbsp;: visitas \u00e0s sete igrejas tradicionais incluem mem\u00f3rias das cartas paulinas.<\/li><\/ul>\n\n\n\n<p><strong>Experi\u00eancia recomendada<\/strong>&nbsp;: peregrina\u00e7\u00e3o guiada pelas sete igrejas de Roma com abordagem na miss\u00e3o de&nbsp;Paulo&nbsp;e sua influ\u00eancia no cristianismo ocidental.<\/p>\n\n\n\n<p class=\"has-text-align-center\"><strong>Entre f\u00e9 e hist\u00f3ria: uma viagem de transforma\u00e7\u00e3o<\/strong><\/p>\n\n\n\n<p>Mais do que um trajeto tur\u00edstico, a&nbsp;<strong>Rota de S\u00e3o&nbsp;Paulo<\/strong>&nbsp;prop\u00f5e uma imers\u00e3o espiritual, cultural e hist\u00f3rica. Em cada cidade, ru\u00edna ou paisagem, o visitante \u00e9 convidado a revisitar os dilemas enfrentados por&nbsp;Paulo: f\u00e9 e raz\u00e3o, tradi\u00e7\u00e3o e inova\u00e7\u00e3o, confronto e concilia\u00e7\u00e3o.<\/p>\n\n\n\n<p>Para muitos, essa peregrina\u00e7\u00e3o \u00e9 tamb\u00e9m um reencontro pessoal \u2014 com a f\u00e9, com as origens e com um mundo que ainda carrega os ecos das palavras do ap\u00f3stolo que disse:&nbsp;<em>&#8220;Combati o bom combate, terminei a corrida, guardei a f\u00e9&#8221; (2Tm 4,7)<\/em>&nbsp;.<\/p>\n","protected":false},"excerpt":{"rendered":"<p>Peregrina\u00e7\u00e3o internacional percorre locais sagrados na&nbsp;Turquia, Gr\u00e9cia e It\u00e1lia e revela a trajet\u00f3ria do ap\u00f3stolo&nbsp;Paulo&nbsp;em suas miss\u00f5es pelo mundo antigo A f\u00e9 e a hist\u00f3ria se entrela\u00e7aram em um dos roteiros mais simb\u00f3licos do turismo religioso internacional: a&nbsp;Rota de S\u00e3o&nbsp;Paulo&nbsp;. Inspirado nas viagens mission\u00e1rias do ap\u00f3stolo&nbsp;Paulo&nbsp;de Tarso, o percurso atrai peregrinos, estudiosos e turistas em&hellip; <a class=\"more-link\" href=\"https:\/\/blog.panrotas.com.br\/passaporte-de-fe\/2025\/04\/29\/rota-de-paulo-de-tarso-atrai-turistas-religiosos\/\">Continue reading &rarr;<\/a><\/p>\n","protected":false},"author":46,"featured_media":244,"comment_status":"open","ping_status":"closed","sticky":false,"template":"","format":"standard","meta":{"spay_email":""},"categories":[1],"tags":[201,184,37,189,8,4,89],"yoast_head":"<!-- This site is optimized with the Yoast SEO plugin v17.3 - https:\/\/yoast.com\/wordpress\/plugins\/seo\/ -->\n<title>Rota de Paulo de tarso atrai turistas religiosos - Passaporte de F\u00e9<\/title>\n<meta name=\"robots\" content=\"index, follow, max-snippet:-1, max-image-preview:large, max-video-preview:-1\" \/>\n<link rel=\"canonical\" href=\"https:\/\/blog.panrotas.com.br\/passaporte-de-fe\/2025\/04\/29\/rota-de-paulo-de-tarso-atrai-turistas-religiosos\/\" \/>\n<meta property=\"og:locale\" content=\"pt_BR\" \/>\n<meta property=\"og:type\" content=\"article\" \/>\n<meta property=\"og:title\" content=\"Rota de Paulo de tarso atrai turistas religiosos - Passaporte de F\u00e9\" \/>\n<meta property=\"og:description\" content=\"Peregrina\u00e7\u00e3o internacional percorre locais sagrados na&nbsp;Turquia, Gr\u00e9cia e It\u00e1lia e revela a trajet\u00f3ria do ap\u00f3stolo&nbsp;Paulo&nbsp;em suas miss\u00f5es pelo mundo antigo A f\u00e9 e a hist\u00f3ria se entrela\u00e7aram em um dos roteiros mais simb\u00f3licos do turismo religioso internacional: a&nbsp;Rota de S\u00e3o&nbsp;Paulo&nbsp;. Inspirado nas viagens mission\u00e1rias do ap\u00f3stolo&nbsp;Paulo&nbsp;de Tarso, o percurso atrai peregrinos, estudiosos e turistas em&hellip; Continue reading &rarr;\" \/>\n<meta property=\"og:url\" content=\"https:\/\/blog.panrotas.com.br\/passaporte-de-fe\/2025\/04\/29\/rota-de-paulo-de-tarso-atrai-turistas-religiosos\/\" \/>\n<meta property=\"og:site_name\" content=\"Passaporte de F\u00e9\" \/>\n<meta property=\"article:published_time\" content=\"2025-04-29T18:37:49+00:00\" \/>\n<meta property=\"article:modified_time\" content=\"2025-04-29T18:37:52+00:00\" \/>\n<meta property=\"og:image\" content=\"http:\/\/blog.panrotas.com.br\/passaporte-de-fe\/wp-content\/uploads\/sites\/40\/2025\/04\/tour-san-pablo.jpg\" \/>\n\t<meta property=\"og:image:width\" content=\"869\" \/>\n\t<meta property=\"og:image:height\" content=\"400\" \/>\n<meta name=\"twitter:card\" content=\"summary_large_image\" \/>\n<meta name=\"twitter:label1\" content=\"Escrito por\" \/>\n\t<meta name=\"twitter:data1\" content=\"Ricardo Hida\" \/>\n\t<meta name=\"twitter:label2\" content=\"Est. tempo de leitura\" \/>\n\t<meta name=\"twitter:data2\" content=\"4 minutos\" \/>\n<script type=\"application\/ld+json\" class=\"yoast-schema-graph\">{\"@context\":\"https:\/\/schema.org\",\"@graph\":[{\"@type\":\"WebSite\",\"@id\":\"https:\/\/blog.panrotas.com.br\/passaporte-de-fe\/#website\",\"url\":\"https:\/\/blog.panrotas.com.br\/passaporte-de-fe\/\",\"name\":\"Passaporte de F\\u00e9\",\"description\":\"\",\"potentialAction\":[{\"@type\":\"SearchAction\",\"target\":{\"@type\":\"EntryPoint\",\"urlTemplate\":\"https:\/\/blog.panrotas.com.br\/passaporte-de-fe\/?s={search_term_string}\"},\"query-input\":\"required name=search_term_string\"}],\"inLanguage\":\"pt-BR\"},{\"@type\":\"ImageObject\",\"@id\":\"https:\/\/blog.panrotas.com.br\/passaporte-de-fe\/2025\/04\/29\/rota-de-paulo-de-tarso-atrai-turistas-religiosos\/#primaryimage\",\"inLanguage\":\"pt-BR\",\"url\":\"https:\/\/blog.panrotas.com.br\/passaporte-de-fe\/wp-content\/uploads\/sites\/40\/2025\/04\/tour-san-pablo.jpg\",\"contentUrl\":\"https:\/\/blog.panrotas.com.br\/passaporte-de-fe\/wp-content\/uploads\/sites\/40\/2025\/04\/tour-san-pablo.jpg\",\"width\":869,\"height\":400},{\"@type\":\"WebPage\",\"@id\":\"https:\/\/blog.panrotas.com.br\/passaporte-de-fe\/2025\/04\/29\/rota-de-paulo-de-tarso-atrai-turistas-religiosos\/#webpage\",\"url\":\"https:\/\/blog.panrotas.com.br\/passaporte-de-fe\/2025\/04\/29\/rota-de-paulo-de-tarso-atrai-turistas-religiosos\/\",\"name\":\"Rota de Paulo de tarso atrai turistas religiosos - Passaporte de F\\u00e9\",\"isPartOf\":{\"@id\":\"https:\/\/blog.panrotas.com.br\/passaporte-de-fe\/#website\"},\"primaryImageOfPage\":{\"@id\":\"https:\/\/blog.panrotas.com.br\/passaporte-de-fe\/2025\/04\/29\/rota-de-paulo-de-tarso-atrai-turistas-religiosos\/#primaryimage\"},\"datePublished\":\"2025-04-29T18:37:49+00:00\",\"dateModified\":\"2025-04-29T18:37:52+00:00\",\"author\":{\"@id\":\"https:\/\/blog.panrotas.com.br\/passaporte-de-fe\/#\/schema\/person\/aa7b7bf89db5f064b48ae84113fdc3c4\"},\"breadcrumb\":{\"@id\":\"https:\/\/blog.panrotas.com.br\/passaporte-de-fe\/2025\/04\/29\/rota-de-paulo-de-tarso-atrai-turistas-religiosos\/#breadcrumb\"},\"inLanguage\":\"pt-BR\",\"potentialAction\":[{\"@type\":\"ReadAction\",\"target\":[\"https:\/\/blog.panrotas.com.br\/passaporte-de-fe\/2025\/04\/29\/rota-de-paulo-de-tarso-atrai-turistas-religiosos\/\"]}]},{\"@type\":\"BreadcrumbList\",\"@id\":\"https:\/\/blog.panrotas.com.br\/passaporte-de-fe\/2025\/04\/29\/rota-de-paulo-de-tarso-atrai-turistas-religiosos\/#breadcrumb\",\"itemListElement\":[{\"@type\":\"ListItem\",\"position\":1,\"name\":\"In\\u00edcio\",\"item\":\"https:\/\/blog.panrotas.com.br\/passaporte-de-fe\/\"},{\"@type\":\"ListItem\",\"position\":2,\"name\":\"Rota de Paulo de tarso atrai turistas religiosos\"}]},{\"@type\":\"Person\",\"@id\":\"https:\/\/blog.panrotas.com.br\/passaporte-de-fe\/#\/schema\/person\/aa7b7bf89db5f064b48ae84113fdc3c4\",\"name\":\"Ricardo Hida\",\"image\":{\"@type\":\"ImageObject\",\"@id\":\"https:\/\/blog.panrotas.com.br\/passaporte-de-fe\/#personlogo\",\"inLanguage\":\"pt-BR\",\"url\":\"https:\/\/secure.gravatar.com\/avatar\/7a934f308fb63ddcba15869d95a8c9b2?s=96&d=mm&r=g\",\"contentUrl\":\"https:\/\/secure.gravatar.com\/avatar\/7a934f308fb63ddcba15869d95a8c9b2?s=96&d=mm&r=g\",\"caption\":\"Ricardo Hida\"},\"description\":\"Doutorando, Mestre em Ci\\u00eancia da Religi\\u00e3o e pesquisador da PUC-SP em Turismo religioso. Autor e coautor de 9 livros, 3 deles best sellers. Graduado pela FAAP e p\\u00f3s-graduado pela Casper L\\u00edbero, trabalhou na Air France, Accor, Atout France e hoje dirige a Promonde. Est\\u00e1 \\u00e0 frente tamb\\u00e9m do F\\u00f3rum de Turismo e Espiritualidade. Viaja o mundo para viver experi\\u00eancias transformadoras\\u00a0e\\u00a0m\\u00edsticas.\",\"url\":\"https:\/\/blog.panrotas.com.br\/passaporte-de-fe\/author\/ricardohida\/\"}]}<\/script>\n<!-- \/ Yoast SEO plugin. -->","yoast_head_json":{"title":"Rota de Paulo de tarso atrai turistas religiosos - Passaporte de F\u00e9","robots":{"index":"index","follow":"follow","max-snippet":"max-snippet:-1","max-image-preview":"max-image-preview:large","max-video-preview":"max-video-preview:-1"},"canonical":"https:\/\/blog.panrotas.com.br\/passaporte-de-fe\/2025\/04\/29\/rota-de-paulo-de-tarso-atrai-turistas-religiosos\/","og_locale":"pt_BR","og_type":"article","og_title":"Rota de Paulo de tarso atrai turistas religiosos - Passaporte de F\u00e9","og_description":"Peregrina\u00e7\u00e3o internacional percorre locais sagrados na&nbsp;Turquia, Gr\u00e9cia e It\u00e1lia e revela a trajet\u00f3ria do ap\u00f3stolo&nbsp;Paulo&nbsp;em suas miss\u00f5es pelo mundo antigo A f\u00e9 e a hist\u00f3ria se entrela\u00e7aram em um dos roteiros mais simb\u00f3licos do turismo religioso internacional: a&nbsp;Rota de S\u00e3o&nbsp;Paulo&nbsp;. Inspirado nas viagens mission\u00e1rias do ap\u00f3stolo&nbsp;Paulo&nbsp;de Tarso, o percurso atrai peregrinos, estudiosos e turistas em&hellip; Continue reading &rarr;","og_url":"https:\/\/blog.panrotas.com.br\/passaporte-de-fe\/2025\/04\/29\/rota-de-paulo-de-tarso-atrai-turistas-religiosos\/","og_site_name":"Passaporte de F\u00e9","article_published_time":"2025-04-29T18:37:49+00:00","article_modified_time":"2025-04-29T18:37:52+00:00","og_image":[{"width":869,"height":400,"url":"http:\/\/blog.panrotas.com.br\/passaporte-de-fe\/wp-content\/uploads\/sites\/40\/2025\/04\/tour-san-pablo.jpg","type":"image\/jpeg"}],"twitter_card":"summary_large_image","twitter_misc":{"Escrito por":"Ricardo Hida","Est. tempo de leitura":"4 minutos"},"schema":{"@context":"https:\/\/schema.org","@graph":[{"@type":"WebSite","@id":"https:\/\/blog.panrotas.com.br\/passaporte-de-fe\/#website","url":"https:\/\/blog.panrotas.com.br\/passaporte-de-fe\/","name":"Passaporte de F\u00e9","description":"","potentialAction":[{"@type":"SearchAction","target":{"@type":"EntryPoint","urlTemplate":"https:\/\/blog.panrotas.com.br\/passaporte-de-fe\/?s={search_term_string}"},"query-input":"required name=search_term_string"}],"inLanguage":"pt-BR"},{"@type":"ImageObject","@id":"https:\/\/blog.panrotas.com.br\/passaporte-de-fe\/2025\/04\/29\/rota-de-paulo-de-tarso-atrai-turistas-religiosos\/#primaryimage","inLanguage":"pt-BR","url":"https:\/\/blog.panrotas.com.br\/passaporte-de-fe\/wp-content\/uploads\/sites\/40\/2025\/04\/tour-san-pablo.jpg","contentUrl":"https:\/\/blog.panrotas.com.br\/passaporte-de-fe\/wp-content\/uploads\/sites\/40\/2025\/04\/tour-san-pablo.jpg","width":869,"height":400},{"@type":"WebPage","@id":"https:\/\/blog.panrotas.com.br\/passaporte-de-fe\/2025\/04\/29\/rota-de-paulo-de-tarso-atrai-turistas-religiosos\/#webpage","url":"https:\/\/blog.panrotas.com.br\/passaporte-de-fe\/2025\/04\/29\/rota-de-paulo-de-tarso-atrai-turistas-religiosos\/","name":"Rota de Paulo de tarso atrai turistas religiosos - Passaporte de F\u00e9","isPartOf":{"@id":"https:\/\/blog.panrotas.com.br\/passaporte-de-fe\/#website"},"primaryImageOfPage":{"@id":"https:\/\/blog.panrotas.com.br\/passaporte-de-fe\/2025\/04\/29\/rota-de-paulo-de-tarso-atrai-turistas-religiosos\/#primaryimage"},"datePublished":"2025-04-29T18:37:49+00:00","dateModified":"2025-04-29T18:37:52+00:00","author":{"@id":"https:\/\/blog.panrotas.com.br\/passaporte-de-fe\/#\/schema\/person\/aa7b7bf89db5f064b48ae84113fdc3c4"},"breadcrumb":{"@id":"https:\/\/blog.panrotas.com.br\/passaporte-de-fe\/2025\/04\/29\/rota-de-paulo-de-tarso-atrai-turistas-religiosos\/#breadcrumb"},"inLanguage":"pt-BR","potentialAction":[{"@type":"ReadAction","target":["https:\/\/blog.panrotas.com.br\/passaporte-de-fe\/2025\/04\/29\/rota-de-paulo-de-tarso-atrai-turistas-religiosos\/"]}]},{"@type":"BreadcrumbList","@id":"https:\/\/blog.panrotas.com.br\/passaporte-de-fe\/2025\/04\/29\/rota-de-paulo-de-tarso-atrai-turistas-religiosos\/#breadcrumb","itemListElement":[{"@type":"ListItem","position":1,"name":"In\u00edcio","item":"https:\/\/blog.panrotas.com.br\/passaporte-de-fe\/"},{"@type":"ListItem","position":2,"name":"Rota de Paulo de tarso atrai turistas religiosos"}]},{"@type":"Person","@id":"https:\/\/blog.panrotas.com.br\/passaporte-de-fe\/#\/schema\/person\/aa7b7bf89db5f064b48ae84113fdc3c4","name":"Ricardo Hida","image":{"@type":"ImageObject","@id":"https:\/\/blog.panrotas.com.br\/passaporte-de-fe\/#personlogo","inLanguage":"pt-BR","url":"https:\/\/secure.gravatar.com\/avatar\/7a934f308fb63ddcba15869d95a8c9b2?s=96&d=mm&r=g","contentUrl":"https:\/\/secure.gravatar.com\/avatar\/7a934f308fb63ddcba15869d95a8c9b2?s=96&d=mm&r=g","caption":"Ricardo Hida"},"description":"Doutorando, Mestre em Ci\u00eancia da Religi\u00e3o e pesquisador da PUC-SP em Turismo religioso. Autor e coautor de 9 livros, 3 deles best sellers. Graduado pela FAAP e p\u00f3s-graduado pela Casper L\u00edbero, trabalhou na Air France, Accor, Atout France e hoje dirige a Promonde. Est\u00e1 \u00e0 frente tamb\u00e9m do F\u00f3rum de Turismo e Espiritualidade. Viaja o mundo para viver experi\u00eancias transformadoras\u00a0e\u00a0m\u00edsticas.","url":"https:\/\/blog.panrotas.com.br\/passaporte-de-fe\/author\/ricardohida\/"}]}},"jetpack_featured_media_url":"https:\/\/blog.panrotas.com.br\/passaporte-de-fe\/wp-content\/uploads\/sites\/40\/2025\/04\/tour-san-pablo.jpg","_links":{"self":[{"href":"https:\/\/blog.panrotas.com.br\/passaporte-de-fe\/wp-json\/wp\/v2\/posts\/243"}],"collection":[{"href":"https:\/\/blog.panrotas.com.br\/passaporte-de-fe\/wp-json\/wp\/v2\/posts"}],"about":[{"href":"https:\/\/blog.panrotas.com.br\/passaporte-de-fe\/wp-json\/wp\/v2\/types\/post"}],"author":[{"embeddable":true,"href":"https:\/\/blog.panrotas.com.br\/passaporte-de-fe\/wp-json\/wp\/v2\/users\/46"}],"replies":[{"embeddable":true,"href":"https:\/\/blog.panrotas.com.br\/passaporte-de-fe\/wp-json\/wp\/v2\/comments?post=243"}],"version-history":[{"count":1,"href":"https:\/\/blog.panrotas.com.br\/passaporte-de-fe\/wp-json\/wp\/v2\/posts\/243\/revisions"}],"predecessor-version":[{"id":245,"href":"https:\/\/blog.panrotas.com.br\/passaporte-de-fe\/wp-json\/wp\/v2\/posts\/243\/revisions\/245"}],"wp:featuredmedia":[{"embeddable":true,"href":"https:\/\/blog.panrotas.com.br\/passaporte-de-fe\/wp-json\/wp\/v2\/media\/244"}],"wp:attachment":[{"href":"https:\/\/blog.panrotas.com.br\/passaporte-de-fe\/wp-json\/wp\/v2\/media?parent=243"}],"wp:term":[{"taxonomy":"category","embeddable":true,"href":"https:\/\/blog.panrotas.com.br\/passaporte-de-fe\/wp-json\/wp\/v2\/categories?post=243"},{"taxonomy":"post_tag","embeddable":true,"href":"https:\/\/blog.panrotas.com.br\/passaporte-de-fe\/wp-json\/wp\/v2\/tags?post=243"}],"curies":[{"name":"wp","href":"https:\/\/api.w.org\/{rel}","templated":true}]}}