{"id":294,"date":"2025-09-09T20:06:12","date_gmt":"2025-09-09T23:06:12","guid":{"rendered":"https:\/\/blog.panrotas.com.br\/passaporte-de-fe\/?p=294"},"modified":"2025-09-09T20:06:15","modified_gmt":"2025-09-09T23:06:15","slug":"os-caminhos-sefarditas-a-rota-judaica-pela-espanha","status":"publish","type":"post","link":"https:\/\/blog.panrotas.com.br\/passaporte-de-fe\/2025\/09\/09\/os-caminhos-sefarditas-a-rota-judaica-pela-espanha\/","title":{"rendered":"Os Caminhos Sefarditas: a rota judaica pela Espanha"},"content":{"rendered":"\n<p>Viajar pela Espanha \u00e9 tamb\u00e9m redescobrir e valorizar a mem\u00f3ria de diferentes povos e religi\u00f5es que ajudaram a construir a hist\u00f3ria do pa\u00eds. Entre pal\u00e1cios mouriscos, catedrais g\u00f3ticas e vilas medievais, h\u00e1 um fio cultural que atravessa s\u00e9culos e fronteiras: a heran\u00e7a judaica sefardita. Muito antes da expuls\u00e3o decretada pelos Reis Cat\u00f3licos em 1492, comunidades judaicas floresciam em dezenas de cidades ib\u00e9ricas, deixando marcas profundas na arte, na ci\u00eancia, na filosofia e na vida urbana. Hoje, esse legado \u00e9 celebrado e preservado atrav\u00e9s da Red de Juder\u00edas de Espa\u00f1a \u2013 Caminos de Sefarad, uma rede que conecta 21 cidades e prop\u00f5e uma jornada tur\u00edstica e cultural \u00fanica: seguir os passos dos judeus que moldaram parte essencial da identidade espanhola.<\/p>\n\n\n\n<p>Em cada destino, a viagem \u00e9 um mergulho no tempo. <strong>T<\/strong>oledo, por exemplo, conserva sinagogas transformadas em museus, como a do Tr\u00e2nsito e a de Santa Mar\u00eda la Blanca, testemunhas de uma conviv\u00eancia plural que fez da cidade um centro intelectual da Idade M\u00e9dia. Em C\u00f3rdoba, a antiga juder\u00eda se abre em ruelas estreitas e floridas que conduzem \u00e0 sinagoga do s\u00e9culo XIV e \u00e0 est\u00e1tua de Maim\u00f4nides, o grande fil\u00f3sofo e m\u00e9dico judeu nascido ali. J\u00e1 em Sevilha, \u00e9 o bairro de Santa Cruz que resguarda a mem\u00f3ria judaica entre p\u00e1tios andaluzes e lendas imemoriais.<\/p>\n\n\n\n<p>Mais ao norte, em Seg\u00f3via, \u00e9 poss\u00edvel visitar o Centro de Educa\u00e7\u00e3o Judaica, a Porta de San Andr\u00e9s e um antigo cemit\u00e9rio hebraico com vista para a muralha medieval. Em Barcelona, o bairro do Call revela as origens da cidade judaica desde o s\u00e9culo VII, com a Sinagoga Maior \u2014 considerada uma das mais antigas da Europa \u2014 reaberta ao p\u00fablico ap\u00f3s cuidadosa restaura\u00e7\u00e3o. Cidades como Girona, Besal\u00fa e Ribadavia tamb\u00e9m preservam tra\u00e7os singulares, seja em arquivos hist\u00f3ricos, seja em festas que celebram a mem\u00f3ria sefardita.<\/p>\n\n\n\n<p>Percorrer essa rota \u00e9 mais do que uma experi\u00eancia cultural: \u00e9 uma viagem sensorial. Em cada juder\u00eda, o visitante \u00e9 convidado a perder-se entre ruas de pedra, descobrir inscri\u00e7\u00f5es em hebraico gravadas discretamente nas paredes, ouvir hist\u00f3rias de fam\u00edlias que viveram ali por s\u00e9culos e provar sabores que atravessaram o tempo, como doces sefarditas ou receitas resgatadas da tradi\u00e7\u00e3o. Os itiner\u00e1rios unem hist\u00f3ria e emo\u00e7\u00e3o, pois narram tanto o florescimento quanto a di\u00e1spora, oferecendo uma experi\u00eancia de mem\u00f3ria viva.<\/p>\n\n\n\n<p>Al\u00e9m dos museus e sinagogas, a Red de Juder\u00edas organiza eventos, exposi\u00e7\u00f5es e atividades que integram o viajante ao cotidiano local. Em cidades menores, como Estella ou Tudela, o turismo ganha o charme da descoberta inesperada, enquanto em centros maiores, como Madrid ou Granada, a heran\u00e7a judaica dialoga com a efervesc\u00eancia contempor\u00e2nea. Empresas de turismo cultural j\u00e1 oferecem pacotes completos \u2014 de dez a quatorze dias \u2014 que percorrem diversas dessas cidades, mas tamb\u00e9m \u00e9 poss\u00edvel criar um roteiro independente, conectando os pontos mais significativos de acordo com os interesses de cada viajante.<\/p>\n\n\n\n<p>Ao longo do caminho, o que se revela n\u00e3o \u00e9 apenas a hist\u00f3ria de uma comunidade, mas o mosaico da pr\u00f3pria Espanha, feita de encontros, conviv\u00eancias e tens\u00f5es que ajudaram a moldar o pa\u00eds moderno. Viajar pelos Caminhos de Sefarad \u00e9, em \u00faltima inst\u00e2ncia, um convite a refletir sobre a riqueza da diversidade cultural e a import\u00e2ncia da mem\u00f3ria como patrim\u00f4nio vivo. Para o turista, \u00e9 uma oportunidade rara: caminhar pelas mesmas ruas que fil\u00f3sofos, m\u00e9dicos, artes\u00e3os e poetas percorreram, e sentir, em cada pedra e cada sil\u00eancio, que a viagem tamb\u00e9m \u00e9 uma forma de reencontro.  <\/p>\n","protected":false},"excerpt":{"rendered":"<p>Viajar pela Espanha \u00e9 tamb\u00e9m redescobrir e valorizar a mem\u00f3ria de diferentes povos e religi\u00f5es que ajudaram a construir a hist\u00f3ria do pa\u00eds. Entre pal\u00e1cios mouriscos, catedrais g\u00f3ticas e vilas medievais, h\u00e1 um fio cultural que atravessa s\u00e9culos e fronteiras: a heran\u00e7a judaica sefardita. Muito antes da expuls\u00e3o decretada pelos Reis Cat\u00f3licos em 1492, comunidades&hellip; <a class=\"more-link\" href=\"https:\/\/blog.panrotas.com.br\/passaporte-de-fe\/2025\/09\/09\/os-caminhos-sefarditas-a-rota-judaica-pela-espanha\/\">Continue reading &rarr;<\/a><\/p>\n","protected":false},"author":46,"featured_media":295,"comment_status":"open","ping_status":"closed","sticky":false,"template":"","format":"standard","meta":{"spay_email":""},"categories":[1],"tags":[266,222,267,188,4],"yoast_head":"<!-- This site is optimized with the Yoast SEO plugin v17.3 - https:\/\/yoast.com\/wordpress\/plugins\/seo\/ -->\n<title>Os Caminhos Sefarditas: a rota judaica pela Espanha - Passaporte de F\u00e9<\/title>\n<meta name=\"robots\" content=\"index, follow, max-snippet:-1, max-image-preview:large, max-video-preview:-1\" \/>\n<link rel=\"canonical\" href=\"https:\/\/blog.panrotas.com.br\/passaporte-de-fe\/2025\/09\/09\/os-caminhos-sefarditas-a-rota-judaica-pela-espanha\/\" \/>\n<meta property=\"og:locale\" content=\"pt_BR\" \/>\n<meta property=\"og:type\" content=\"article\" \/>\n<meta property=\"og:title\" content=\"Os Caminhos Sefarditas: a rota judaica pela Espanha - Passaporte de F\u00e9\" \/>\n<meta property=\"og:description\" content=\"Viajar pela Espanha \u00e9 tamb\u00e9m redescobrir e valorizar a mem\u00f3ria de diferentes povos e religi\u00f5es que ajudaram a construir a hist\u00f3ria do pa\u00eds. Entre pal\u00e1cios mouriscos, catedrais g\u00f3ticas e vilas medievais, h\u00e1 um fio cultural que atravessa s\u00e9culos e fronteiras: a heran\u00e7a judaica sefardita. Muito antes da expuls\u00e3o decretada pelos Reis Cat\u00f3licos em 1492, comunidades&hellip; Continue reading &rarr;\" \/>\n<meta property=\"og:url\" content=\"https:\/\/blog.panrotas.com.br\/passaporte-de-fe\/2025\/09\/09\/os-caminhos-sefarditas-a-rota-judaica-pela-espanha\/\" \/>\n<meta property=\"og:site_name\" content=\"Passaporte de F\u00e9\" \/>\n<meta property=\"article:published_time\" content=\"2025-09-09T23:06:12+00:00\" \/>\n<meta property=\"article:modified_time\" content=\"2025-09-09T23:06:15+00:00\" \/>\n<meta property=\"og:image\" content=\"http:\/\/blog.panrotas.com.br\/passaporte-de-fe\/wp-content\/uploads\/sites\/40\/2025\/09\/sefarad.jpeg\" \/>\n\t<meta property=\"og:image:width\" content=\"709\" \/>\n\t<meta property=\"og:image:height\" content=\"531\" \/>\n<meta name=\"twitter:card\" content=\"summary_large_image\" \/>\n<meta name=\"twitter:label1\" content=\"Escrito por\" \/>\n\t<meta name=\"twitter:data1\" content=\"Ricardo Hida\" \/>\n\t<meta name=\"twitter:label2\" content=\"Est. tempo de leitura\" \/>\n\t<meta name=\"twitter:data2\" content=\"3 minutos\" \/>\n<script type=\"application\/ld+json\" class=\"yoast-schema-graph\">{\"@context\":\"https:\/\/schema.org\",\"@graph\":[{\"@type\":\"WebSite\",\"@id\":\"https:\/\/blog.panrotas.com.br\/passaporte-de-fe\/#website\",\"url\":\"https:\/\/blog.panrotas.com.br\/passaporte-de-fe\/\",\"name\":\"Passaporte de F\\u00e9\",\"description\":\"\",\"potentialAction\":[{\"@type\":\"SearchAction\",\"target\":{\"@type\":\"EntryPoint\",\"urlTemplate\":\"https:\/\/blog.panrotas.com.br\/passaporte-de-fe\/?s={search_term_string}\"},\"query-input\":\"required name=search_term_string\"}],\"inLanguage\":\"pt-BR\"},{\"@type\":\"ImageObject\",\"@id\":\"https:\/\/blog.panrotas.com.br\/passaporte-de-fe\/2025\/09\/09\/os-caminhos-sefarditas-a-rota-judaica-pela-espanha\/#primaryimage\",\"inLanguage\":\"pt-BR\",\"url\":\"https:\/\/blog.panrotas.com.br\/passaporte-de-fe\/wp-content\/uploads\/sites\/40\/2025\/09\/sefarad.jpeg\",\"contentUrl\":\"https:\/\/blog.panrotas.com.br\/passaporte-de-fe\/wp-content\/uploads\/sites\/40\/2025\/09\/sefarad.jpeg\",\"width\":709,\"height\":531},{\"@type\":\"WebPage\",\"@id\":\"https:\/\/blog.panrotas.com.br\/passaporte-de-fe\/2025\/09\/09\/os-caminhos-sefarditas-a-rota-judaica-pela-espanha\/#webpage\",\"url\":\"https:\/\/blog.panrotas.com.br\/passaporte-de-fe\/2025\/09\/09\/os-caminhos-sefarditas-a-rota-judaica-pela-espanha\/\",\"name\":\"Os Caminhos Sefarditas: a rota judaica pela Espanha - Passaporte de F\\u00e9\",\"isPartOf\":{\"@id\":\"https:\/\/blog.panrotas.com.br\/passaporte-de-fe\/#website\"},\"primaryImageOfPage\":{\"@id\":\"https:\/\/blog.panrotas.com.br\/passaporte-de-fe\/2025\/09\/09\/os-caminhos-sefarditas-a-rota-judaica-pela-espanha\/#primaryimage\"},\"datePublished\":\"2025-09-09T23:06:12+00:00\",\"dateModified\":\"2025-09-09T23:06:15+00:00\",\"author\":{\"@id\":\"https:\/\/blog.panrotas.com.br\/passaporte-de-fe\/#\/schema\/person\/aa7b7bf89db5f064b48ae84113fdc3c4\"},\"breadcrumb\":{\"@id\":\"https:\/\/blog.panrotas.com.br\/passaporte-de-fe\/2025\/09\/09\/os-caminhos-sefarditas-a-rota-judaica-pela-espanha\/#breadcrumb\"},\"inLanguage\":\"pt-BR\",\"potentialAction\":[{\"@type\":\"ReadAction\",\"target\":[\"https:\/\/blog.panrotas.com.br\/passaporte-de-fe\/2025\/09\/09\/os-caminhos-sefarditas-a-rota-judaica-pela-espanha\/\"]}]},{\"@type\":\"BreadcrumbList\",\"@id\":\"https:\/\/blog.panrotas.com.br\/passaporte-de-fe\/2025\/09\/09\/os-caminhos-sefarditas-a-rota-judaica-pela-espanha\/#breadcrumb\",\"itemListElement\":[{\"@type\":\"ListItem\",\"position\":1,\"name\":\"In\\u00edcio\",\"item\":\"https:\/\/blog.panrotas.com.br\/passaporte-de-fe\/\"},{\"@type\":\"ListItem\",\"position\":2,\"name\":\"Os Caminhos Sefarditas: a rota judaica pela Espanha\"}]},{\"@type\":\"Person\",\"@id\":\"https:\/\/blog.panrotas.com.br\/passaporte-de-fe\/#\/schema\/person\/aa7b7bf89db5f064b48ae84113fdc3c4\",\"name\":\"Ricardo Hida\",\"image\":{\"@type\":\"ImageObject\",\"@id\":\"https:\/\/blog.panrotas.com.br\/passaporte-de-fe\/#personlogo\",\"inLanguage\":\"pt-BR\",\"url\":\"https:\/\/secure.gravatar.com\/avatar\/7a934f308fb63ddcba15869d95a8c9b2?s=96&d=mm&r=g\",\"contentUrl\":\"https:\/\/secure.gravatar.com\/avatar\/7a934f308fb63ddcba15869d95a8c9b2?s=96&d=mm&r=g\",\"caption\":\"Ricardo Hida\"},\"description\":\"Doutorando, Mestre em Ci\\u00eancia da Religi\\u00e3o e pesquisador da PUC-SP em Turismo religioso. Autor e coautor de 9 livros, 3 deles best sellers. Graduado pela FAAP e p\\u00f3s-graduado pela Casper L\\u00edbero, trabalhou na Air France, Accor, Atout France e hoje dirige a Promonde. Est\\u00e1 \\u00e0 frente tamb\\u00e9m do F\\u00f3rum de Turismo e Espiritualidade. Viaja o mundo para viver experi\\u00eancias transformadoras\\u00a0e\\u00a0m\\u00edsticas.\",\"url\":\"https:\/\/blog.panrotas.com.br\/passaporte-de-fe\/author\/ricardohida\/\"}]}<\/script>\n<!-- \/ Yoast SEO plugin. -->","yoast_head_json":{"title":"Os Caminhos Sefarditas: a rota judaica pela Espanha - Passaporte de F\u00e9","robots":{"index":"index","follow":"follow","max-snippet":"max-snippet:-1","max-image-preview":"max-image-preview:large","max-video-preview":"max-video-preview:-1"},"canonical":"https:\/\/blog.panrotas.com.br\/passaporte-de-fe\/2025\/09\/09\/os-caminhos-sefarditas-a-rota-judaica-pela-espanha\/","og_locale":"pt_BR","og_type":"article","og_title":"Os Caminhos Sefarditas: a rota judaica pela Espanha - Passaporte de F\u00e9","og_description":"Viajar pela Espanha \u00e9 tamb\u00e9m redescobrir e valorizar a mem\u00f3ria de diferentes povos e religi\u00f5es que ajudaram a construir a hist\u00f3ria do pa\u00eds. Entre pal\u00e1cios mouriscos, catedrais g\u00f3ticas e vilas medievais, h\u00e1 um fio cultural que atravessa s\u00e9culos e fronteiras: a heran\u00e7a judaica sefardita. Muito antes da expuls\u00e3o decretada pelos Reis Cat\u00f3licos em 1492, comunidades&hellip; Continue reading &rarr;","og_url":"https:\/\/blog.panrotas.com.br\/passaporte-de-fe\/2025\/09\/09\/os-caminhos-sefarditas-a-rota-judaica-pela-espanha\/","og_site_name":"Passaporte de F\u00e9","article_published_time":"2025-09-09T23:06:12+00:00","article_modified_time":"2025-09-09T23:06:15+00:00","og_image":[{"width":709,"height":531,"url":"http:\/\/blog.panrotas.com.br\/passaporte-de-fe\/wp-content\/uploads\/sites\/40\/2025\/09\/sefarad.jpeg","type":"image\/jpeg"}],"twitter_card":"summary_large_image","twitter_misc":{"Escrito por":"Ricardo Hida","Est. tempo de leitura":"3 minutos"},"schema":{"@context":"https:\/\/schema.org","@graph":[{"@type":"WebSite","@id":"https:\/\/blog.panrotas.com.br\/passaporte-de-fe\/#website","url":"https:\/\/blog.panrotas.com.br\/passaporte-de-fe\/","name":"Passaporte de F\u00e9","description":"","potentialAction":[{"@type":"SearchAction","target":{"@type":"EntryPoint","urlTemplate":"https:\/\/blog.panrotas.com.br\/passaporte-de-fe\/?s={search_term_string}"},"query-input":"required name=search_term_string"}],"inLanguage":"pt-BR"},{"@type":"ImageObject","@id":"https:\/\/blog.panrotas.com.br\/passaporte-de-fe\/2025\/09\/09\/os-caminhos-sefarditas-a-rota-judaica-pela-espanha\/#primaryimage","inLanguage":"pt-BR","url":"https:\/\/blog.panrotas.com.br\/passaporte-de-fe\/wp-content\/uploads\/sites\/40\/2025\/09\/sefarad.jpeg","contentUrl":"https:\/\/blog.panrotas.com.br\/passaporte-de-fe\/wp-content\/uploads\/sites\/40\/2025\/09\/sefarad.jpeg","width":709,"height":531},{"@type":"WebPage","@id":"https:\/\/blog.panrotas.com.br\/passaporte-de-fe\/2025\/09\/09\/os-caminhos-sefarditas-a-rota-judaica-pela-espanha\/#webpage","url":"https:\/\/blog.panrotas.com.br\/passaporte-de-fe\/2025\/09\/09\/os-caminhos-sefarditas-a-rota-judaica-pela-espanha\/","name":"Os Caminhos Sefarditas: a rota judaica pela Espanha - Passaporte de F\u00e9","isPartOf":{"@id":"https:\/\/blog.panrotas.com.br\/passaporte-de-fe\/#website"},"primaryImageOfPage":{"@id":"https:\/\/blog.panrotas.com.br\/passaporte-de-fe\/2025\/09\/09\/os-caminhos-sefarditas-a-rota-judaica-pela-espanha\/#primaryimage"},"datePublished":"2025-09-09T23:06:12+00:00","dateModified":"2025-09-09T23:06:15+00:00","author":{"@id":"https:\/\/blog.panrotas.com.br\/passaporte-de-fe\/#\/schema\/person\/aa7b7bf89db5f064b48ae84113fdc3c4"},"breadcrumb":{"@id":"https:\/\/blog.panrotas.com.br\/passaporte-de-fe\/2025\/09\/09\/os-caminhos-sefarditas-a-rota-judaica-pela-espanha\/#breadcrumb"},"inLanguage":"pt-BR","potentialAction":[{"@type":"ReadAction","target":["https:\/\/blog.panrotas.com.br\/passaporte-de-fe\/2025\/09\/09\/os-caminhos-sefarditas-a-rota-judaica-pela-espanha\/"]}]},{"@type":"BreadcrumbList","@id":"https:\/\/blog.panrotas.com.br\/passaporte-de-fe\/2025\/09\/09\/os-caminhos-sefarditas-a-rota-judaica-pela-espanha\/#breadcrumb","itemListElement":[{"@type":"ListItem","position":1,"name":"In\u00edcio","item":"https:\/\/blog.panrotas.com.br\/passaporte-de-fe\/"},{"@type":"ListItem","position":2,"name":"Os Caminhos Sefarditas: a rota judaica pela Espanha"}]},{"@type":"Person","@id":"https:\/\/blog.panrotas.com.br\/passaporte-de-fe\/#\/schema\/person\/aa7b7bf89db5f064b48ae84113fdc3c4","name":"Ricardo Hida","image":{"@type":"ImageObject","@id":"https:\/\/blog.panrotas.com.br\/passaporte-de-fe\/#personlogo","inLanguage":"pt-BR","url":"https:\/\/secure.gravatar.com\/avatar\/7a934f308fb63ddcba15869d95a8c9b2?s=96&d=mm&r=g","contentUrl":"https:\/\/secure.gravatar.com\/avatar\/7a934f308fb63ddcba15869d95a8c9b2?s=96&d=mm&r=g","caption":"Ricardo Hida"},"description":"Doutorando, Mestre em Ci\u00eancia da Religi\u00e3o e pesquisador da PUC-SP em Turismo religioso. Autor e coautor de 9 livros, 3 deles best sellers. Graduado pela FAAP e p\u00f3s-graduado pela Casper L\u00edbero, trabalhou na Air France, Accor, Atout France e hoje dirige a Promonde. Est\u00e1 \u00e0 frente tamb\u00e9m do F\u00f3rum de Turismo e Espiritualidade. Viaja o mundo para viver experi\u00eancias transformadoras\u00a0e\u00a0m\u00edsticas.","url":"https:\/\/blog.panrotas.com.br\/passaporte-de-fe\/author\/ricardohida\/"}]}},"jetpack_featured_media_url":"https:\/\/blog.panrotas.com.br\/passaporte-de-fe\/wp-content\/uploads\/sites\/40\/2025\/09\/sefarad.jpeg","_links":{"self":[{"href":"https:\/\/blog.panrotas.com.br\/passaporte-de-fe\/wp-json\/wp\/v2\/posts\/294"}],"collection":[{"href":"https:\/\/blog.panrotas.com.br\/passaporte-de-fe\/wp-json\/wp\/v2\/posts"}],"about":[{"href":"https:\/\/blog.panrotas.com.br\/passaporte-de-fe\/wp-json\/wp\/v2\/types\/post"}],"author":[{"embeddable":true,"href":"https:\/\/blog.panrotas.com.br\/passaporte-de-fe\/wp-json\/wp\/v2\/users\/46"}],"replies":[{"embeddable":true,"href":"https:\/\/blog.panrotas.com.br\/passaporte-de-fe\/wp-json\/wp\/v2\/comments?post=294"}],"version-history":[{"count":2,"href":"https:\/\/blog.panrotas.com.br\/passaporte-de-fe\/wp-json\/wp\/v2\/posts\/294\/revisions"}],"predecessor-version":[{"id":297,"href":"https:\/\/blog.panrotas.com.br\/passaporte-de-fe\/wp-json\/wp\/v2\/posts\/294\/revisions\/297"}],"wp:featuredmedia":[{"embeddable":true,"href":"https:\/\/blog.panrotas.com.br\/passaporte-de-fe\/wp-json\/wp\/v2\/media\/295"}],"wp:attachment":[{"href":"https:\/\/blog.panrotas.com.br\/passaporte-de-fe\/wp-json\/wp\/v2\/media?parent=294"}],"wp:term":[{"taxonomy":"category","embeddable":true,"href":"https:\/\/blog.panrotas.com.br\/passaporte-de-fe\/wp-json\/wp\/v2\/categories?post=294"},{"taxonomy":"post_tag","embeddable":true,"href":"https:\/\/blog.panrotas.com.br\/passaporte-de-fe\/wp-json\/wp\/v2\/tags?post=294"}],"curies":[{"name":"wp","href":"https:\/\/api.w.org\/{rel}","templated":true}]}}