{"id":320,"date":"2025-10-20T18:33:31","date_gmt":"2025-10-20T21:33:31","guid":{"rendered":"https:\/\/blog.panrotas.com.br\/passaporte-de-fe\/?p=320"},"modified":"2025-10-20T18:39:52","modified_gmt":"2025-10-20T21:39:52","slug":"caminhos-de-luz-chico-xavier","status":"publish","type":"post","link":"https:\/\/blog.panrotas.com.br\/passaporte-de-fe\/2025\/10\/20\/caminhos-de-luz-chico-xavier\/","title":{"rendered":"Caminhos de Luz \u2013 Chico Xavier"},"content":{"rendered":"\n<p>O Brasil abriga uma das maiores comunidades esp\u00edritas do mundo. Estimativas apontam que, em 2020, cerca de 3 % da popula\u00e7\u00e3o brasileira (ou aproximadamente seis milh\u00f5es de pessoas) se declaravam seguidores do Espiritismo.<\/p>\n\n\n\n<p>Desse modo, ao lan\u00e7ar o olhar para o roteiro Caminhos de Luz \u2013 Chico\u202fXavier, n\u00e3o se trata apenas de um passeio tur\u00edstico, mas de um mergulho em uma trajet\u00f3ria que dialoga com milh\u00f5es de brasileiros que vivem e inspiram-se pelos princ\u00edpios esp\u00edritas.<\/p>\n\n\n\n<p>Trata-se de uma das mais importantes rotas de turismo religioso do Brasil, unindo as cidades de Pedro Leopoldo e Uberaba, ambas em Minas Gerais, em um percurso que celebra a vida, a obra e a mensagem de amor e caridade do m\u00e9dium Chico Xavier. Criado com o prop\u00f3sito de preservar sua mem\u00f3ria e difundir seu legado espiritual, o roteiro convida o visitante a percorrer lugares marcantes da trajet\u00f3ria de um dos maiores expoentes do espiritismo mundial, em uma jornada que combina f\u00e9, cultura e introspec\u00e7\u00e3o.<\/p>\n\n\n\n<p>A primeira etapa acontece em Pedro Leopoldo, cidade natal de Chico Xavier. L\u00e1, o visitante pode conhecer a Pra\u00e7a Chico Xavier, o Centro Esp\u00edrita Luiz Gonzaga, a Fazenda Modelo, onde o m\u00e9dium trabalhou e produziu suas primeiras psicografias, e a Casa de Chico Xavier, mantida como um espa\u00e7o de mem\u00f3ria e devo\u00e7\u00e3o. Essa fase do roteiro revela o ambiente simples onde tudo come\u00e7ou, mostrando o cotidiano do jovem Francisco C\u00e2ndido Xavier antes de se tornar uma figura reconhecida nacional e internacionalmente.<\/p>\n\n\n\n<p>A segunda parte do percurso conduz o viajante at\u00e9 Uberaba, cidade para onde Chico se mudou em 1959 e onde viveu at\u00e9 seu falecimento, em 2002. Ali, o roteiro inclui visitas \u00e0 Casa de Mem\u00f3rias e Lembran\u00e7as de Chico Xavier, ao Museu Chico Xavier, ao Centro Esp\u00edrita da Prece, local onde ele realizava suas reuni\u00f5es e psicografias, e ao Cemit\u00e9rio S\u00e3o Jo\u00e3o Batista, onde repousam seus restos mortais e para onde acorrem milhares de peregrinos todos os anos. Uberaba tornou-se, assim, um centro de espiritualidade e acolhimento, recebendo visitantes de todo o pa\u00eds que buscam inspira\u00e7\u00e3o em sua mensagem de amor incondicional e servi\u00e7o ao pr\u00f3ximo.<\/p>\n\n\n\n<p>Mais do que um roteiro tur\u00edstico, \u201cCaminhos de Luz \u2013 Chico Xavier\u201d \u00e9 uma experi\u00eancia transformadora que transcende doutrinas e convida \u00e0 reflex\u00e3o sobre valores humanos universais. Entre as montanhas e igrejas de Minas, o viajante reencontra a simplicidade e a f\u00e9 que marcaram a vida do m\u00e9dium. Percorrer o caminho entre Pedro Leopoldo e Uberaba \u00e9, portanto, trilhar tamb\u00e9m um percurso interior, em que cada parada revela um fragmento de espiritualidade, humildade e esperan\u00e7a; virtudes que fizeram de Chico Xavier um s\u00edmbolo de luz e consolo para milh\u00f5es de pessoas.<\/p>\n","protected":false},"excerpt":{"rendered":"<p>O Brasil abriga uma das maiores comunidades esp\u00edritas do mundo. Estimativas apontam que, em 2020, cerca de 3 % da popula\u00e7\u00e3o brasileira (ou aproximadamente seis milh\u00f5es de pessoas) se declaravam seguidores do Espiritismo. Desse modo, ao lan\u00e7ar o olhar para o roteiro Caminhos de Luz \u2013 Chico\u202fXavier, n\u00e3o se trata apenas de um passeio tur\u00edstico,&hellip; <a class=\"more-link\" href=\"https:\/\/blog.panrotas.com.br\/passaporte-de-fe\/2025\/10\/20\/caminhos-de-luz-chico-xavier\/\">Continue reading &rarr;<\/a><\/p>\n","protected":false},"author":46,"featured_media":326,"comment_status":"open","ping_status":"closed","sticky":false,"template":"","format":"standard","meta":{"spay_email":""},"categories":[1],"tags":[283,284,285,286],"yoast_head":"<!-- This site is optimized with the Yoast SEO plugin v17.3 - https:\/\/yoast.com\/wordpress\/plugins\/seo\/ -->\n<title>Caminhos de Luz \u2013 Chico Xavier - Passaporte de F\u00e9<\/title>\n<meta name=\"robots\" content=\"index, follow, max-snippet:-1, max-image-preview:large, max-video-preview:-1\" \/>\n<link rel=\"canonical\" href=\"https:\/\/blog.panrotas.com.br\/passaporte-de-fe\/2025\/10\/20\/caminhos-de-luz-chico-xavier\/\" \/>\n<meta property=\"og:locale\" content=\"pt_BR\" \/>\n<meta property=\"og:type\" content=\"article\" \/>\n<meta property=\"og:title\" content=\"Caminhos de Luz \u2013 Chico Xavier - Passaporte de F\u00e9\" \/>\n<meta property=\"og:description\" content=\"O Brasil abriga uma das maiores comunidades esp\u00edritas do mundo. Estimativas apontam que, em 2020, cerca de 3 % da popula\u00e7\u00e3o brasileira (ou aproximadamente seis milh\u00f5es de pessoas) se declaravam seguidores do Espiritismo. Desse modo, ao lan\u00e7ar o olhar para o roteiro Caminhos de Luz \u2013 Chico\u202fXavier, n\u00e3o se trata apenas de um passeio tur\u00edstico,&hellip; Continue reading &rarr;\" \/>\n<meta property=\"og:url\" content=\"https:\/\/blog.panrotas.com.br\/passaporte-de-fe\/2025\/10\/20\/caminhos-de-luz-chico-xavier\/\" \/>\n<meta property=\"og:site_name\" content=\"Passaporte de F\u00e9\" \/>\n<meta property=\"article:published_time\" content=\"2025-10-20T21:33:31+00:00\" \/>\n<meta property=\"article:modified_time\" content=\"2025-10-20T21:39:52+00:00\" \/>\n<meta property=\"og:image\" content=\"http:\/\/blog.panrotas.com.br\/passaporte-de-fe\/wp-content\/uploads\/sites\/40\/2025\/10\/194006202001095e179db6179b6-1.jpeg\" \/>\n\t<meta property=\"og:image:width\" content=\"1040\" \/>\n\t<meta property=\"og:image:height\" content=\"584\" \/>\n<meta name=\"twitter:card\" content=\"summary_large_image\" \/>\n<meta name=\"twitter:label1\" content=\"Escrito por\" \/>\n\t<meta name=\"twitter:data1\" content=\"Ricardo Hida\" \/>\n\t<meta name=\"twitter:label2\" content=\"Est. tempo de leitura\" \/>\n\t<meta name=\"twitter:data2\" content=\"2 minutos\" \/>\n<script type=\"application\/ld+json\" class=\"yoast-schema-graph\">{\"@context\":\"https:\/\/schema.org\",\"@graph\":[{\"@type\":\"WebSite\",\"@id\":\"https:\/\/blog.panrotas.com.br\/passaporte-de-fe\/#website\",\"url\":\"https:\/\/blog.panrotas.com.br\/passaporte-de-fe\/\",\"name\":\"Passaporte de F\\u00e9\",\"description\":\"\",\"potentialAction\":[{\"@type\":\"SearchAction\",\"target\":{\"@type\":\"EntryPoint\",\"urlTemplate\":\"https:\/\/blog.panrotas.com.br\/passaporte-de-fe\/?s={search_term_string}\"},\"query-input\":\"required name=search_term_string\"}],\"inLanguage\":\"pt-BR\"},{\"@type\":\"ImageObject\",\"@id\":\"https:\/\/blog.panrotas.com.br\/passaporte-de-fe\/2025\/10\/20\/caminhos-de-luz-chico-xavier\/#primaryimage\",\"inLanguage\":\"pt-BR\",\"url\":\"https:\/\/blog.panrotas.com.br\/passaporte-de-fe\/wp-content\/uploads\/sites\/40\/2025\/10\/194006202001095e179db6179b6-1.jpeg\",\"contentUrl\":\"https:\/\/blog.panrotas.com.br\/passaporte-de-fe\/wp-content\/uploads\/sites\/40\/2025\/10\/194006202001095e179db6179b6-1.jpeg\",\"width\":1040,\"height\":584},{\"@type\":\"WebPage\",\"@id\":\"https:\/\/blog.panrotas.com.br\/passaporte-de-fe\/2025\/10\/20\/caminhos-de-luz-chico-xavier\/#webpage\",\"url\":\"https:\/\/blog.panrotas.com.br\/passaporte-de-fe\/2025\/10\/20\/caminhos-de-luz-chico-xavier\/\",\"name\":\"Caminhos de Luz \\u2013 Chico Xavier - Passaporte de F\\u00e9\",\"isPartOf\":{\"@id\":\"https:\/\/blog.panrotas.com.br\/passaporte-de-fe\/#website\"},\"primaryImageOfPage\":{\"@id\":\"https:\/\/blog.panrotas.com.br\/passaporte-de-fe\/2025\/10\/20\/caminhos-de-luz-chico-xavier\/#primaryimage\"},\"datePublished\":\"2025-10-20T21:33:31+00:00\",\"dateModified\":\"2025-10-20T21:39:52+00:00\",\"author\":{\"@id\":\"https:\/\/blog.panrotas.com.br\/passaporte-de-fe\/#\/schema\/person\/aa7b7bf89db5f064b48ae84113fdc3c4\"},\"breadcrumb\":{\"@id\":\"https:\/\/blog.panrotas.com.br\/passaporte-de-fe\/2025\/10\/20\/caminhos-de-luz-chico-xavier\/#breadcrumb\"},\"inLanguage\":\"pt-BR\",\"potentialAction\":[{\"@type\":\"ReadAction\",\"target\":[\"https:\/\/blog.panrotas.com.br\/passaporte-de-fe\/2025\/10\/20\/caminhos-de-luz-chico-xavier\/\"]}]},{\"@type\":\"BreadcrumbList\",\"@id\":\"https:\/\/blog.panrotas.com.br\/passaporte-de-fe\/2025\/10\/20\/caminhos-de-luz-chico-xavier\/#breadcrumb\",\"itemListElement\":[{\"@type\":\"ListItem\",\"position\":1,\"name\":\"In\\u00edcio\",\"item\":\"https:\/\/blog.panrotas.com.br\/passaporte-de-fe\/\"},{\"@type\":\"ListItem\",\"position\":2,\"name\":\"Caminhos de Luz \\u2013 Chico Xavier\"}]},{\"@type\":\"Person\",\"@id\":\"https:\/\/blog.panrotas.com.br\/passaporte-de-fe\/#\/schema\/person\/aa7b7bf89db5f064b48ae84113fdc3c4\",\"name\":\"Ricardo Hida\",\"image\":{\"@type\":\"ImageObject\",\"@id\":\"https:\/\/blog.panrotas.com.br\/passaporte-de-fe\/#personlogo\",\"inLanguage\":\"pt-BR\",\"url\":\"https:\/\/secure.gravatar.com\/avatar\/7a934f308fb63ddcba15869d95a8c9b2?s=96&d=mm&r=g\",\"contentUrl\":\"https:\/\/secure.gravatar.com\/avatar\/7a934f308fb63ddcba15869d95a8c9b2?s=96&d=mm&r=g\",\"caption\":\"Ricardo Hida\"},\"description\":\"Doutorando, Mestre em Ci\\u00eancia da Religi\\u00e3o e pesquisador da PUC-SP em Turismo religioso. Autor e coautor de 9 livros, 3 deles best sellers. Graduado pela FAAP e p\\u00f3s-graduado pela Casper L\\u00edbero, trabalhou na Air France, Accor, Atout France e hoje dirige a Promonde. Est\\u00e1 \\u00e0 frente tamb\\u00e9m do F\\u00f3rum de Turismo e Espiritualidade. Viaja o mundo para viver experi\\u00eancias transformadoras\\u00a0e\\u00a0m\\u00edsticas.\",\"url\":\"https:\/\/blog.panrotas.com.br\/passaporte-de-fe\/author\/ricardohida\/\"}]}<\/script>\n<!-- \/ Yoast SEO plugin. -->","yoast_head_json":{"title":"Caminhos de Luz \u2013 Chico Xavier - Passaporte de F\u00e9","robots":{"index":"index","follow":"follow","max-snippet":"max-snippet:-1","max-image-preview":"max-image-preview:large","max-video-preview":"max-video-preview:-1"},"canonical":"https:\/\/blog.panrotas.com.br\/passaporte-de-fe\/2025\/10\/20\/caminhos-de-luz-chico-xavier\/","og_locale":"pt_BR","og_type":"article","og_title":"Caminhos de Luz \u2013 Chico Xavier - Passaporte de F\u00e9","og_description":"O Brasil abriga uma das maiores comunidades esp\u00edritas do mundo. Estimativas apontam que, em 2020, cerca de 3 % da popula\u00e7\u00e3o brasileira (ou aproximadamente seis milh\u00f5es de pessoas) se declaravam seguidores do Espiritismo. Desse modo, ao lan\u00e7ar o olhar para o roteiro Caminhos de Luz \u2013 Chico\u202fXavier, n\u00e3o se trata apenas de um passeio tur\u00edstico,&hellip; Continue reading &rarr;","og_url":"https:\/\/blog.panrotas.com.br\/passaporte-de-fe\/2025\/10\/20\/caminhos-de-luz-chico-xavier\/","og_site_name":"Passaporte de F\u00e9","article_published_time":"2025-10-20T21:33:31+00:00","article_modified_time":"2025-10-20T21:39:52+00:00","og_image":[{"width":1040,"height":584,"url":"http:\/\/blog.panrotas.com.br\/passaporte-de-fe\/wp-content\/uploads\/sites\/40\/2025\/10\/194006202001095e179db6179b6-1.jpeg","type":"image\/jpeg"}],"twitter_card":"summary_large_image","twitter_misc":{"Escrito por":"Ricardo Hida","Est. tempo de leitura":"2 minutos"},"schema":{"@context":"https:\/\/schema.org","@graph":[{"@type":"WebSite","@id":"https:\/\/blog.panrotas.com.br\/passaporte-de-fe\/#website","url":"https:\/\/blog.panrotas.com.br\/passaporte-de-fe\/","name":"Passaporte de F\u00e9","description":"","potentialAction":[{"@type":"SearchAction","target":{"@type":"EntryPoint","urlTemplate":"https:\/\/blog.panrotas.com.br\/passaporte-de-fe\/?s={search_term_string}"},"query-input":"required name=search_term_string"}],"inLanguage":"pt-BR"},{"@type":"ImageObject","@id":"https:\/\/blog.panrotas.com.br\/passaporte-de-fe\/2025\/10\/20\/caminhos-de-luz-chico-xavier\/#primaryimage","inLanguage":"pt-BR","url":"https:\/\/blog.panrotas.com.br\/passaporte-de-fe\/wp-content\/uploads\/sites\/40\/2025\/10\/194006202001095e179db6179b6-1.jpeg","contentUrl":"https:\/\/blog.panrotas.com.br\/passaporte-de-fe\/wp-content\/uploads\/sites\/40\/2025\/10\/194006202001095e179db6179b6-1.jpeg","width":1040,"height":584},{"@type":"WebPage","@id":"https:\/\/blog.panrotas.com.br\/passaporte-de-fe\/2025\/10\/20\/caminhos-de-luz-chico-xavier\/#webpage","url":"https:\/\/blog.panrotas.com.br\/passaporte-de-fe\/2025\/10\/20\/caminhos-de-luz-chico-xavier\/","name":"Caminhos de Luz \u2013 Chico Xavier - Passaporte de F\u00e9","isPartOf":{"@id":"https:\/\/blog.panrotas.com.br\/passaporte-de-fe\/#website"},"primaryImageOfPage":{"@id":"https:\/\/blog.panrotas.com.br\/passaporte-de-fe\/2025\/10\/20\/caminhos-de-luz-chico-xavier\/#primaryimage"},"datePublished":"2025-10-20T21:33:31+00:00","dateModified":"2025-10-20T21:39:52+00:00","author":{"@id":"https:\/\/blog.panrotas.com.br\/passaporte-de-fe\/#\/schema\/person\/aa7b7bf89db5f064b48ae84113fdc3c4"},"breadcrumb":{"@id":"https:\/\/blog.panrotas.com.br\/passaporte-de-fe\/2025\/10\/20\/caminhos-de-luz-chico-xavier\/#breadcrumb"},"inLanguage":"pt-BR","potentialAction":[{"@type":"ReadAction","target":["https:\/\/blog.panrotas.com.br\/passaporte-de-fe\/2025\/10\/20\/caminhos-de-luz-chico-xavier\/"]}]},{"@type":"BreadcrumbList","@id":"https:\/\/blog.panrotas.com.br\/passaporte-de-fe\/2025\/10\/20\/caminhos-de-luz-chico-xavier\/#breadcrumb","itemListElement":[{"@type":"ListItem","position":1,"name":"In\u00edcio","item":"https:\/\/blog.panrotas.com.br\/passaporte-de-fe\/"},{"@type":"ListItem","position":2,"name":"Caminhos de Luz \u2013 Chico Xavier"}]},{"@type":"Person","@id":"https:\/\/blog.panrotas.com.br\/passaporte-de-fe\/#\/schema\/person\/aa7b7bf89db5f064b48ae84113fdc3c4","name":"Ricardo Hida","image":{"@type":"ImageObject","@id":"https:\/\/blog.panrotas.com.br\/passaporte-de-fe\/#personlogo","inLanguage":"pt-BR","url":"https:\/\/secure.gravatar.com\/avatar\/7a934f308fb63ddcba15869d95a8c9b2?s=96&d=mm&r=g","contentUrl":"https:\/\/secure.gravatar.com\/avatar\/7a934f308fb63ddcba15869d95a8c9b2?s=96&d=mm&r=g","caption":"Ricardo Hida"},"description":"Doutorando, Mestre em Ci\u00eancia da Religi\u00e3o e pesquisador da PUC-SP em Turismo religioso. Autor e coautor de 9 livros, 3 deles best sellers. Graduado pela FAAP e p\u00f3s-graduado pela Casper L\u00edbero, trabalhou na Air France, Accor, Atout France e hoje dirige a Promonde. Est\u00e1 \u00e0 frente tamb\u00e9m do F\u00f3rum de Turismo e Espiritualidade. Viaja o mundo para viver experi\u00eancias transformadoras\u00a0e\u00a0m\u00edsticas.","url":"https:\/\/blog.panrotas.com.br\/passaporte-de-fe\/author\/ricardohida\/"}]}},"jetpack_featured_media_url":"https:\/\/blog.panrotas.com.br\/passaporte-de-fe\/wp-content\/uploads\/sites\/40\/2025\/10\/194006202001095e179db6179b6-1.jpeg","_links":{"self":[{"href":"https:\/\/blog.panrotas.com.br\/passaporte-de-fe\/wp-json\/wp\/v2\/posts\/320"}],"collection":[{"href":"https:\/\/blog.panrotas.com.br\/passaporte-de-fe\/wp-json\/wp\/v2\/posts"}],"about":[{"href":"https:\/\/blog.panrotas.com.br\/passaporte-de-fe\/wp-json\/wp\/v2\/types\/post"}],"author":[{"embeddable":true,"href":"https:\/\/blog.panrotas.com.br\/passaporte-de-fe\/wp-json\/wp\/v2\/users\/46"}],"replies":[{"embeddable":true,"href":"https:\/\/blog.panrotas.com.br\/passaporte-de-fe\/wp-json\/wp\/v2\/comments?post=320"}],"version-history":[{"count":2,"href":"https:\/\/blog.panrotas.com.br\/passaporte-de-fe\/wp-json\/wp\/v2\/posts\/320\/revisions"}],"predecessor-version":[{"id":327,"href":"https:\/\/blog.panrotas.com.br\/passaporte-de-fe\/wp-json\/wp\/v2\/posts\/320\/revisions\/327"}],"wp:featuredmedia":[{"embeddable":true,"href":"https:\/\/blog.panrotas.com.br\/passaporte-de-fe\/wp-json\/wp\/v2\/media\/326"}],"wp:attachment":[{"href":"https:\/\/blog.panrotas.com.br\/passaporte-de-fe\/wp-json\/wp\/v2\/media?parent=320"}],"wp:term":[{"taxonomy":"category","embeddable":true,"href":"https:\/\/blog.panrotas.com.br\/passaporte-de-fe\/wp-json\/wp\/v2\/categories?post=320"},{"taxonomy":"post_tag","embeddable":true,"href":"https:\/\/blog.panrotas.com.br\/passaporte-de-fe\/wp-json\/wp\/v2\/tags?post=320"}],"curies":[{"name":"wp","href":"https:\/\/api.w.org\/{rel}","templated":true}]}}