{"id":328,"date":"2025-10-31T13:47:48","date_gmt":"2025-10-31T16:47:48","guid":{"rendered":"https:\/\/blog.panrotas.com.br\/passaporte-de-fe\/?p=328"},"modified":"2025-10-31T13:47:51","modified_gmt":"2025-10-31T16:47:51","slug":"europa-investe-em-turismo-espiritual-no-brasil","status":"publish","type":"post","link":"https:\/\/blog.panrotas.com.br\/passaporte-de-fe\/2025\/10\/31\/europa-investe-em-turismo-espiritual-no-brasil\/","title":{"rendered":"Europa investe em turismo espiritual no Brasil"},"content":{"rendered":"\n<p>A Comiss\u00e3o Europeia de Turismo, com sede em Bruxelas, tem uma certeza: f\u00e9 tamb\u00e9m viaja. E o Brasil \u00e9 um dos maiores mercados para turismo espiritual, raz\u00e3o pela qual recebe em novembro o projeto \u201cSacred Horizons\u201d, da European Travel Commission (ETC), que promove duas rodadas de neg\u00f3cios focadas em turismo espiritual e cultural. As edi\u00e7\u00f5es acontecem em Belo Horizonte (26\/11) e Curitiba (27\/11), conectando representantes oficiais de destinos europeus com agentes de viagens, operadores brasileiros e imprensa especializada.<\/p>\n\n\n\n<p>N\u00e3o \u00e9 um nicho pequeno como dissemos muitas vezes nesse blog, e como atestam as not\u00edcias do Panrotas. Segundo dados da ONU Turismo, o turismo religioso e espiritual movimenta cerca de 300 milh\u00f5es de viajantes por ano e gera algo em torno de 18 bilh\u00f5es de euros em receitas mundiais. Esse movimento n\u00e3o se explica apenas pela devo\u00e7\u00e3o tradicional. H\u00e1 um interesse cada vez maior por experi\u00eancias de transforma\u00e7\u00e3o pessoal, reconex\u00e3o interior e sentido de vida \u2014 tend\u00eancia que, como mostrou recentemente a revista Forbes, vem crescendo tanto entre pessoas de f\u00e9 quanto entre quem busca bem-estar, sil\u00eancio e cura emocional. Esse tipo de viajante est\u00e1 reativando n\u00e3o s\u00f3 os grandes polos de peregrina\u00e7\u00e3o, mas tamb\u00e9m pequenos destinos que encontram, na espiritualidade, uma forma de preserva\u00e7\u00e3o cultural e de desenvolvimento econ\u00f4mico local.<\/p>\n\n\n\n<p>O \u201cSacred Horizons\u201d traz ao Brasil delega\u00e7\u00f5es de San Marino, It\u00e1lia, Gr\u00e9cia e Cro\u00e1cia. Do lado italiano, estar\u00e3o presentes cidades e rotas que fazem parte do imagin\u00e1rio espiritual europeu: Assis, Loreto e Chiusi della Verna \u2014 destinos ligados a S\u00e3o Francisco, Santa Clara e \u00e0 devo\u00e7\u00e3o mariana \u2014 al\u00e9m de regi\u00f5es como a Emilia-Romagna, que vem trabalhando experi\u00eancias culturais e espirituais combinadas. Operadores como Malatesta Viaggi e Istoria Viaggi participam com propostas de peregrina\u00e7\u00e3o e viv\u00eancia est\u00e9tica do patrim\u00f4nio religioso, n\u00e3o s\u00f3 como \u201croteiro de igreja\u201d, mas como experi\u00eancia de arte, mem\u00f3ria e contempla\u00e7\u00e3o.<\/p>\n\n\n\n<p>San Marino chega representado institucionalmente pelo pr\u00f3prio Minist\u00e9rio do Turismo da Rep\u00fablica de San Marino, acompanhado por empresas locais, entre elas o Grand Hotel San Marino e a San Marino Outlet Experience. \u00c9 uma mensagem clara: espiritualidade e hospitalidade premium podem andar juntas, unindo bem-estar, lifestyle e consumo qualificado. A Gr\u00e9cia apresenta seu legado ortodoxo e bizantino, com monast\u00e9rios hist\u00f3ricos e tradi\u00e7\u00f5es lit\u00fargicas que formam um eixo de peregrina\u00e7\u00e3o que vai al\u00e9m da imagem cl\u00e1ssica \u201csol e ilhas\u201d. J\u00e1 a Cro\u00e1cia traz Rab Island, destino que combina natureza mediterr\u00e2nea, tradi\u00e7\u00e3o mon\u00e1stica e um tipo de sil\u00eancio buscado hoje por viajantes que desejam desacelerar.<\/p>\n\n\n\n<p>A din\u00e2mica dos encontros inclui apresenta\u00e7\u00f5es institucionais, rodadas pr\u00e9-agendadas entre expositores europeus e compradores brasileiros, al\u00e9m de momentos de networking em coffee breaks e conversas com autoridades e formadores de opini\u00e3o. Em Belo Horizonte, o evento ser\u00e1 realizado no Hilton Garden Inn, reunindo tamb\u00e9m parceiros locais. Em Curitiba, o encontro acontece no Radisson. A meta \u00e9 ambiciosa: mais de 150 reuni\u00f5es de neg\u00f3cios e ao menos 40 compradores brasileiros qualificados nas agendas, com foco direto em gera\u00e7\u00e3o de produto e novas vendas.<\/p>\n\n\n\n<p>A ETC define o objetivo do projeto como a cria\u00e7\u00e3o de \u201cpontes entre f\u00e9 e cultura\u201d: fortalecer destinos que preservam tradi\u00e7\u00f5es espirituais, apresentar essas experi\u00eancias ao mercado brasileiro e convidar o viajante a algo que est\u00e1 muito al\u00e9m do city tour \u2014 uma jornada que combina patrim\u00f4nio, emo\u00e7\u00e3o, est\u00e9tica e sentido.<\/p>\n","protected":false},"excerpt":{"rendered":"<p>A Comiss\u00e3o Europeia de Turismo, com sede em Bruxelas, tem uma certeza: f\u00e9 tamb\u00e9m viaja. E o Brasil \u00e9 um dos maiores mercados para turismo espiritual, raz\u00e3o pela qual recebe em novembro o projeto \u201cSacred Horizons\u201d, da European Travel Commission (ETC), que promove duas rodadas de neg\u00f3cios focadas em turismo espiritual e cultural. As edi\u00e7\u00f5es&hellip; <a class=\"more-link\" href=\"https:\/\/blog.panrotas.com.br\/passaporte-de-fe\/2025\/10\/31\/europa-investe-em-turismo-espiritual-no-brasil\/\">Continue reading &rarr;<\/a><\/p>\n","protected":false},"author":46,"featured_media":329,"comment_status":"open","ping_status":"closed","sticky":false,"template":"","format":"standard","meta":{"spay_email":""},"categories":[1],"tags":[287,288,290,291,289],"yoast_head":"<!-- This site is optimized with the Yoast SEO plugin v17.3 - https:\/\/yoast.com\/wordpress\/plugins\/seo\/ -->\n<title>Europa investe em turismo espiritual no Brasil - Passaporte de F\u00e9<\/title>\n<meta name=\"robots\" content=\"index, follow, max-snippet:-1, max-image-preview:large, max-video-preview:-1\" \/>\n<link rel=\"canonical\" href=\"https:\/\/blog.panrotas.com.br\/passaporte-de-fe\/2025\/10\/31\/europa-investe-em-turismo-espiritual-no-brasil\/\" \/>\n<meta property=\"og:locale\" content=\"pt_BR\" \/>\n<meta property=\"og:type\" content=\"article\" \/>\n<meta property=\"og:title\" content=\"Europa investe em turismo espiritual no Brasil - Passaporte de F\u00e9\" \/>\n<meta property=\"og:description\" content=\"A Comiss\u00e3o Europeia de Turismo, com sede em Bruxelas, tem uma certeza: f\u00e9 tamb\u00e9m viaja. E o Brasil \u00e9 um dos maiores mercados para turismo espiritual, raz\u00e3o pela qual recebe em novembro o projeto \u201cSacred Horizons\u201d, da European Travel Commission (ETC), que promove duas rodadas de neg\u00f3cios focadas em turismo espiritual e cultural. As edi\u00e7\u00f5es&hellip; Continue reading &rarr;\" \/>\n<meta property=\"og:url\" content=\"https:\/\/blog.panrotas.com.br\/passaporte-de-fe\/2025\/10\/31\/europa-investe-em-turismo-espiritual-no-brasil\/\" \/>\n<meta property=\"og:site_name\" content=\"Passaporte de F\u00e9\" \/>\n<meta property=\"article:published_time\" content=\"2025-10-31T16:47:48+00:00\" \/>\n<meta property=\"article:modified_time\" content=\"2025-10-31T16:47:51+00:00\" \/>\n<meta property=\"og:image\" content=\"http:\/\/blog.panrotas.com.br\/passaporte-de-fe\/wp-content\/uploads\/sites\/40\/2025\/10\/sacred-horizons.jpg\" \/>\n\t<meta property=\"og:image:width\" content=\"1500\" \/>\n\t<meta property=\"og:image:height\" content=\"1000\" \/>\n<meta name=\"twitter:card\" content=\"summary_large_image\" \/>\n<meta name=\"twitter:label1\" content=\"Escrito por\" \/>\n\t<meta name=\"twitter:data1\" content=\"Ricardo Hida\" \/>\n\t<meta name=\"twitter:label2\" content=\"Est. tempo de leitura\" \/>\n\t<meta name=\"twitter:data2\" content=\"3 minutos\" \/>\n<script type=\"application\/ld+json\" class=\"yoast-schema-graph\">{\"@context\":\"https:\/\/schema.org\",\"@graph\":[{\"@type\":\"WebSite\",\"@id\":\"https:\/\/blog.panrotas.com.br\/passaporte-de-fe\/#website\",\"url\":\"https:\/\/blog.panrotas.com.br\/passaporte-de-fe\/\",\"name\":\"Passaporte de F\\u00e9\",\"description\":\"\",\"potentialAction\":[{\"@type\":\"SearchAction\",\"target\":{\"@type\":\"EntryPoint\",\"urlTemplate\":\"https:\/\/blog.panrotas.com.br\/passaporte-de-fe\/?s={search_term_string}\"},\"query-input\":\"required name=search_term_string\"}],\"inLanguage\":\"pt-BR\"},{\"@type\":\"ImageObject\",\"@id\":\"https:\/\/blog.panrotas.com.br\/passaporte-de-fe\/2025\/10\/31\/europa-investe-em-turismo-espiritual-no-brasil\/#primaryimage\",\"inLanguage\":\"pt-BR\",\"url\":\"https:\/\/blog.panrotas.com.br\/passaporte-de-fe\/wp-content\/uploads\/sites\/40\/2025\/10\/sacred-horizons.jpg\",\"contentUrl\":\"https:\/\/blog.panrotas.com.br\/passaporte-de-fe\/wp-content\/uploads\/sites\/40\/2025\/10\/sacred-horizons.jpg\",\"width\":1500,\"height\":1000},{\"@type\":\"WebPage\",\"@id\":\"https:\/\/blog.panrotas.com.br\/passaporte-de-fe\/2025\/10\/31\/europa-investe-em-turismo-espiritual-no-brasil\/#webpage\",\"url\":\"https:\/\/blog.panrotas.com.br\/passaporte-de-fe\/2025\/10\/31\/europa-investe-em-turismo-espiritual-no-brasil\/\",\"name\":\"Europa investe em turismo espiritual no Brasil - Passaporte de F\\u00e9\",\"isPartOf\":{\"@id\":\"https:\/\/blog.panrotas.com.br\/passaporte-de-fe\/#website\"},\"primaryImageOfPage\":{\"@id\":\"https:\/\/blog.panrotas.com.br\/passaporte-de-fe\/2025\/10\/31\/europa-investe-em-turismo-espiritual-no-brasil\/#primaryimage\"},\"datePublished\":\"2025-10-31T16:47:48+00:00\",\"dateModified\":\"2025-10-31T16:47:51+00:00\",\"author\":{\"@id\":\"https:\/\/blog.panrotas.com.br\/passaporte-de-fe\/#\/schema\/person\/aa7b7bf89db5f064b48ae84113fdc3c4\"},\"breadcrumb\":{\"@id\":\"https:\/\/blog.panrotas.com.br\/passaporte-de-fe\/2025\/10\/31\/europa-investe-em-turismo-espiritual-no-brasil\/#breadcrumb\"},\"inLanguage\":\"pt-BR\",\"potentialAction\":[{\"@type\":\"ReadAction\",\"target\":[\"https:\/\/blog.panrotas.com.br\/passaporte-de-fe\/2025\/10\/31\/europa-investe-em-turismo-espiritual-no-brasil\/\"]}]},{\"@type\":\"BreadcrumbList\",\"@id\":\"https:\/\/blog.panrotas.com.br\/passaporte-de-fe\/2025\/10\/31\/europa-investe-em-turismo-espiritual-no-brasil\/#breadcrumb\",\"itemListElement\":[{\"@type\":\"ListItem\",\"position\":1,\"name\":\"In\\u00edcio\",\"item\":\"https:\/\/blog.panrotas.com.br\/passaporte-de-fe\/\"},{\"@type\":\"ListItem\",\"position\":2,\"name\":\"Europa investe em turismo espiritual no Brasil\"}]},{\"@type\":\"Person\",\"@id\":\"https:\/\/blog.panrotas.com.br\/passaporte-de-fe\/#\/schema\/person\/aa7b7bf89db5f064b48ae84113fdc3c4\",\"name\":\"Ricardo Hida\",\"image\":{\"@type\":\"ImageObject\",\"@id\":\"https:\/\/blog.panrotas.com.br\/passaporte-de-fe\/#personlogo\",\"inLanguage\":\"pt-BR\",\"url\":\"https:\/\/secure.gravatar.com\/avatar\/7a934f308fb63ddcba15869d95a8c9b2?s=96&d=mm&r=g\",\"contentUrl\":\"https:\/\/secure.gravatar.com\/avatar\/7a934f308fb63ddcba15869d95a8c9b2?s=96&d=mm&r=g\",\"caption\":\"Ricardo Hida\"},\"description\":\"Doutorando, Mestre em Ci\\u00eancia da Religi\\u00e3o e pesquisador da PUC-SP em Turismo religioso. Autor e coautor de 9 livros, 3 deles best sellers. Graduado pela FAAP e p\\u00f3s-graduado pela Casper L\\u00edbero, trabalhou na Air France, Accor, Atout France e hoje dirige a Promonde. Est\\u00e1 \\u00e0 frente tamb\\u00e9m do F\\u00f3rum de Turismo e Espiritualidade. Viaja o mundo para viver experi\\u00eancias transformadoras\\u00a0e\\u00a0m\\u00edsticas.\",\"url\":\"https:\/\/blog.panrotas.com.br\/passaporte-de-fe\/author\/ricardohida\/\"}]}<\/script>\n<!-- \/ Yoast SEO plugin. -->","yoast_head_json":{"title":"Europa investe em turismo espiritual no Brasil - Passaporte de F\u00e9","robots":{"index":"index","follow":"follow","max-snippet":"max-snippet:-1","max-image-preview":"max-image-preview:large","max-video-preview":"max-video-preview:-1"},"canonical":"https:\/\/blog.panrotas.com.br\/passaporte-de-fe\/2025\/10\/31\/europa-investe-em-turismo-espiritual-no-brasil\/","og_locale":"pt_BR","og_type":"article","og_title":"Europa investe em turismo espiritual no Brasil - Passaporte de F\u00e9","og_description":"A Comiss\u00e3o Europeia de Turismo, com sede em Bruxelas, tem uma certeza: f\u00e9 tamb\u00e9m viaja. E o Brasil \u00e9 um dos maiores mercados para turismo espiritual, raz\u00e3o pela qual recebe em novembro o projeto \u201cSacred Horizons\u201d, da European Travel Commission (ETC), que promove duas rodadas de neg\u00f3cios focadas em turismo espiritual e cultural. As edi\u00e7\u00f5es&hellip; Continue reading &rarr;","og_url":"https:\/\/blog.panrotas.com.br\/passaporte-de-fe\/2025\/10\/31\/europa-investe-em-turismo-espiritual-no-brasil\/","og_site_name":"Passaporte de F\u00e9","article_published_time":"2025-10-31T16:47:48+00:00","article_modified_time":"2025-10-31T16:47:51+00:00","og_image":[{"width":1500,"height":1000,"url":"http:\/\/blog.panrotas.com.br\/passaporte-de-fe\/wp-content\/uploads\/sites\/40\/2025\/10\/sacred-horizons.jpg","type":"image\/jpeg"}],"twitter_card":"summary_large_image","twitter_misc":{"Escrito por":"Ricardo Hida","Est. tempo de leitura":"3 minutos"},"schema":{"@context":"https:\/\/schema.org","@graph":[{"@type":"WebSite","@id":"https:\/\/blog.panrotas.com.br\/passaporte-de-fe\/#website","url":"https:\/\/blog.panrotas.com.br\/passaporte-de-fe\/","name":"Passaporte de F\u00e9","description":"","potentialAction":[{"@type":"SearchAction","target":{"@type":"EntryPoint","urlTemplate":"https:\/\/blog.panrotas.com.br\/passaporte-de-fe\/?s={search_term_string}"},"query-input":"required name=search_term_string"}],"inLanguage":"pt-BR"},{"@type":"ImageObject","@id":"https:\/\/blog.panrotas.com.br\/passaporte-de-fe\/2025\/10\/31\/europa-investe-em-turismo-espiritual-no-brasil\/#primaryimage","inLanguage":"pt-BR","url":"https:\/\/blog.panrotas.com.br\/passaporte-de-fe\/wp-content\/uploads\/sites\/40\/2025\/10\/sacred-horizons.jpg","contentUrl":"https:\/\/blog.panrotas.com.br\/passaporte-de-fe\/wp-content\/uploads\/sites\/40\/2025\/10\/sacred-horizons.jpg","width":1500,"height":1000},{"@type":"WebPage","@id":"https:\/\/blog.panrotas.com.br\/passaporte-de-fe\/2025\/10\/31\/europa-investe-em-turismo-espiritual-no-brasil\/#webpage","url":"https:\/\/blog.panrotas.com.br\/passaporte-de-fe\/2025\/10\/31\/europa-investe-em-turismo-espiritual-no-brasil\/","name":"Europa investe em turismo espiritual no Brasil - Passaporte de F\u00e9","isPartOf":{"@id":"https:\/\/blog.panrotas.com.br\/passaporte-de-fe\/#website"},"primaryImageOfPage":{"@id":"https:\/\/blog.panrotas.com.br\/passaporte-de-fe\/2025\/10\/31\/europa-investe-em-turismo-espiritual-no-brasil\/#primaryimage"},"datePublished":"2025-10-31T16:47:48+00:00","dateModified":"2025-10-31T16:47:51+00:00","author":{"@id":"https:\/\/blog.panrotas.com.br\/passaporte-de-fe\/#\/schema\/person\/aa7b7bf89db5f064b48ae84113fdc3c4"},"breadcrumb":{"@id":"https:\/\/blog.panrotas.com.br\/passaporte-de-fe\/2025\/10\/31\/europa-investe-em-turismo-espiritual-no-brasil\/#breadcrumb"},"inLanguage":"pt-BR","potentialAction":[{"@type":"ReadAction","target":["https:\/\/blog.panrotas.com.br\/passaporte-de-fe\/2025\/10\/31\/europa-investe-em-turismo-espiritual-no-brasil\/"]}]},{"@type":"BreadcrumbList","@id":"https:\/\/blog.panrotas.com.br\/passaporte-de-fe\/2025\/10\/31\/europa-investe-em-turismo-espiritual-no-brasil\/#breadcrumb","itemListElement":[{"@type":"ListItem","position":1,"name":"In\u00edcio","item":"https:\/\/blog.panrotas.com.br\/passaporte-de-fe\/"},{"@type":"ListItem","position":2,"name":"Europa investe em turismo espiritual no Brasil"}]},{"@type":"Person","@id":"https:\/\/blog.panrotas.com.br\/passaporte-de-fe\/#\/schema\/person\/aa7b7bf89db5f064b48ae84113fdc3c4","name":"Ricardo Hida","image":{"@type":"ImageObject","@id":"https:\/\/blog.panrotas.com.br\/passaporte-de-fe\/#personlogo","inLanguage":"pt-BR","url":"https:\/\/secure.gravatar.com\/avatar\/7a934f308fb63ddcba15869d95a8c9b2?s=96&d=mm&r=g","contentUrl":"https:\/\/secure.gravatar.com\/avatar\/7a934f308fb63ddcba15869d95a8c9b2?s=96&d=mm&r=g","caption":"Ricardo Hida"},"description":"Doutorando, Mestre em Ci\u00eancia da Religi\u00e3o e pesquisador da PUC-SP em Turismo religioso. Autor e coautor de 9 livros, 3 deles best sellers. Graduado pela FAAP e p\u00f3s-graduado pela Casper L\u00edbero, trabalhou na Air France, Accor, Atout France e hoje dirige a Promonde. Est\u00e1 \u00e0 frente tamb\u00e9m do F\u00f3rum de Turismo e Espiritualidade. Viaja o mundo para viver experi\u00eancias transformadoras\u00a0e\u00a0m\u00edsticas.","url":"https:\/\/blog.panrotas.com.br\/passaporte-de-fe\/author\/ricardohida\/"}]}},"jetpack_featured_media_url":"https:\/\/blog.panrotas.com.br\/passaporte-de-fe\/wp-content\/uploads\/sites\/40\/2025\/10\/sacred-horizons.jpg","_links":{"self":[{"href":"https:\/\/blog.panrotas.com.br\/passaporte-de-fe\/wp-json\/wp\/v2\/posts\/328"}],"collection":[{"href":"https:\/\/blog.panrotas.com.br\/passaporte-de-fe\/wp-json\/wp\/v2\/posts"}],"about":[{"href":"https:\/\/blog.panrotas.com.br\/passaporte-de-fe\/wp-json\/wp\/v2\/types\/post"}],"author":[{"embeddable":true,"href":"https:\/\/blog.panrotas.com.br\/passaporte-de-fe\/wp-json\/wp\/v2\/users\/46"}],"replies":[{"embeddable":true,"href":"https:\/\/blog.panrotas.com.br\/passaporte-de-fe\/wp-json\/wp\/v2\/comments?post=328"}],"version-history":[{"count":1,"href":"https:\/\/blog.panrotas.com.br\/passaporte-de-fe\/wp-json\/wp\/v2\/posts\/328\/revisions"}],"predecessor-version":[{"id":330,"href":"https:\/\/blog.panrotas.com.br\/passaporte-de-fe\/wp-json\/wp\/v2\/posts\/328\/revisions\/330"}],"wp:featuredmedia":[{"embeddable":true,"href":"https:\/\/blog.panrotas.com.br\/passaporte-de-fe\/wp-json\/wp\/v2\/media\/329"}],"wp:attachment":[{"href":"https:\/\/blog.panrotas.com.br\/passaporte-de-fe\/wp-json\/wp\/v2\/media?parent=328"}],"wp:term":[{"taxonomy":"category","embeddable":true,"href":"https:\/\/blog.panrotas.com.br\/passaporte-de-fe\/wp-json\/wp\/v2\/categories?post=328"},{"taxonomy":"post_tag","embeddable":true,"href":"https:\/\/blog.panrotas.com.br\/passaporte-de-fe\/wp-json\/wp\/v2\/tags?post=328"}],"curies":[{"name":"wp","href":"https:\/\/api.w.org\/{rel}","templated":true}]}}