{"id":331,"date":"2025-11-04T12:46:50","date_gmt":"2025-11-04T14:46:50","guid":{"rendered":"https:\/\/blog.panrotas.com.br\/passaporte-de-fe\/?p=331"},"modified":"2025-11-04T12:46:53","modified_gmt":"2025-11-04T14:46:53","slug":"roteiro-neo-eso-no-sudeste","status":"publish","type":"post","link":"https:\/\/blog.panrotas.com.br\/passaporte-de-fe\/2025\/11\/04\/roteiro-neo-eso-no-sudeste\/","title":{"rendered":"Roteiro neo-Es\u00f4 no sudeste"},"content":{"rendered":"\n<p>H\u00e1 viagens que descansam o corpo \u2014 e h\u00e1 aquelas que despertam a curiosidade e lados da alma. Entre o litoral paulista e as montanhas de Minas e do Rio, existe um percurso que une energia tel\u00farica, paisagens exuberantes e mitos que desafiam a raz\u00e3o. Um roteiro m\u00edstico , voltado para os neo-esot\u00e9ricos, que atravessa Peru\u00edbe, S\u00e3o Tom\u00e9 das Letras, Sana e Visconde de Mau\u00e1, destinos ligados por uma mesma busca: a do reencontro entre natureza e transcend\u00eancia.<\/p>\n\n\n\n<h3><strong>Peru\u00edbe: portais do mar e da ufologia<\/strong><\/h3>\n\n\n\n<p>Localizada no litoral sul paulista, Peru\u00edbe \u00e9 um dos v\u00e9rtices do chamado Tri\u00e2ngulo da Ufologia Brasileira, ao lado de S\u00e3o Tom\u00e9 das Letras (MG) e Alto Para\u00edso (GO). Cercada pela Esta\u00e7\u00e3o Ecol\u00f3gica da Jureia-Itatins, a cidade combina praias selvagens com mist\u00e9rios c\u00f3smicos. Moradores e visitantes relatam avistamentos de luzes no c\u00e9u e fen\u00f4menos que desafiam a ci\u00eancia. Trata-se de uma dos munic\u00edpios brasileiros com mais relatos de OVNIS. \u00c9 preciso lembrar que um OVNI n\u00e3o indica necessariamente a exist\u00eancia de uma nave alien\u00edgena. Como o pr\u00f3prio nome diz, trata-se de um objeto voador n\u00e3o identificado. Mas o verdadeiro encanto est\u00e1 na energia densa da Mata Atl\u00e2ntica, onde se acredita que antigos povos guardaram segredos sobre portais dimensionais e civiliza\u00e7\u00f5es perdidas.<\/p>\n\n\n\n<h3><strong>S\u00e3o Tom\u00e9 das Letras: a cidade das pedras e das estrelas<\/strong><\/h3>\n\n\n\n<p>Nas montanhas do sul de Minas<strong>, <\/strong>S\u00e3o Tom\u00e9 das Letras \u00e9 o cora\u00e7\u00e3o desse roteiro esot\u00e9rico. A cidade, feita de quartzito e lendas, vibra com hist\u00f3rias de duendes, fadas e tamb\u00e9m discos voadores. Cada pedra parece conter um s\u00edmbolo, e cada gruta um segredo. No alto da Casa da Pir\u00e2mide, visitantes observam o p\u00f4r do sol como um ritual de reconex\u00e3o. Diz-se que a cidade est\u00e1 sobre uma das sete cidades subterr\u00e2neas de Agartha, e que suas \u00e1guas e cristais canalizam uma das maiores energias tel\u00faricas do planeta. Dizem as boas e m\u00e1s l\u00ednguas que existe um portal que conecta S\u00e3o Tom\u00e9 a Machu Picchu. Vale passar um final de semana para conhecer uma atmosfera que n\u00e3o se encontra em nenhum outro lugar do mundo.<br>Mas para al\u00e9m dos mitos, S\u00e3o Tom\u00e9 \u00e9 um convite \u00e0 contempla\u00e7\u00e3o e \u00e0 conviv\u00eancia entre o humano e o sagrado natural.<\/p>\n\n\n\n<h3><strong>Sana: o vilarejo do sil\u00eancio e da cura<\/strong><\/h3>\n\n\n\n<p>Descendo a serra rumo ao norte fluminense, o pequeno Sana, distrito de Maca\u00e9, \u00e9 ref\u00fagio de terapeutas, artistas e buscadores espirituais. Suas cachoeiras \u2014 especialmente a Sete Quedas \u2014 s\u00e3o templos naturais onde o banho \u00e9 quase um batismo energ\u00e9tico. O clima buc\u00f3lico, o artesanato e as rodas de m\u00fasica ao entardecer criam um ambiente de espiritualidade simples e comunit\u00e1ria, heran\u00e7a dos hippies que ali chegaram nos anos 1970 e fundaram uma cultura de paz e reconex\u00e3o com a terra. N\u00e3o espere grandes luxos, mas muito acolhimento e sorrisos.<\/p>\n\n\n\n<h3><strong>Visconde de Mau\u00e1: o sagrado nas montanhas<\/strong><\/h3>\n\n\n\n<p>Encerrando o percurso, Visconde de Mau\u00e1, entre o Rio e Minas, une luxo, natureza e espiritualidade. Suas pousadas charmosas e alta gastronomia convivem com a for\u00e7a dos rios e o sil\u00eancio das montanhas. \u00c9 destino para quem busca retiros, medita\u00e7\u00e3o, astrologia e terapias hol\u00edsticas \u2014 mas tamb\u00e9m para quem entende que o verdadeiro luxo \u00e9 a introspec\u00e7\u00e3o. O clima frio e a paisagem alpina transformam cada caminhada em contempla\u00e7\u00e3o, cada neblina em met\u00e1fora do invis\u00edvel. Trata-se de um destino tamb\u00e9m muito voltado para casais e lua-de-mel.<\/p>\n\n\n\n<h3><strong>Uma rota de autoconhecimento<\/strong><\/h3>\n\n\n\n<p>Mais do que um roteiro tur\u00edstico, esse percurso \u00e9, para muitos,  uma rota inici\u00e1tica, onde cada parada indica um portal de autoconsci\u00eancia. Ligando o mar ao planalto e \u00e0s montanhas, conecta s\u00edmbolos \u2014 \u00e1gua, pedra, ar e fogo \u2014 e experi\u00eancias que atravessam a f\u00e9, o mito e o mist\u00e9rio. De Peru\u00edbe a Mau\u00e1, o viajante encontra n\u00e3o apenas destinos, mas espelhos: cada cidade revela um fragmento do sagrado que ainda habita em n\u00f3s. Como acontece em todo o turismo religioso e espiritual no pa\u00eds, as atividades ainda s\u00e3o pouco sistematizadas, embora demanda n\u00e3o falte. Fique de olho!<\/p>\n","protected":false},"excerpt":{"rendered":"<p>H\u00e1 viagens que descansam o corpo \u2014 e h\u00e1 aquelas que despertam a curiosidade e lados da alma. Entre o litoral paulista e as montanhas de Minas e do Rio, existe um percurso que une energia tel\u00farica, paisagens exuberantes e mitos que desafiam a raz\u00e3o. Um roteiro m\u00edstico , voltado para os neo-esot\u00e9ricos, que atravessa&hellip; <a class=\"more-link\" href=\"https:\/\/blog.panrotas.com.br\/passaporte-de-fe\/2025\/11\/04\/roteiro-neo-eso-no-sudeste\/\">Continue reading &rarr;<\/a><\/p>\n","protected":false},"author":46,"featured_media":332,"comment_status":"open","ping_status":"closed","sticky":false,"template":"","format":"standard","meta":{"spay_email":""},"categories":[1],"tags":[296,293,295,292,147,8,4,294],"yoast_head":"<!-- This site is optimized with the Yoast SEO plugin v17.3 - https:\/\/yoast.com\/wordpress\/plugins\/seo\/ -->\n<title>Roteiro neo-Es\u00f4 no sudeste - Passaporte de F\u00e9<\/title>\n<meta name=\"robots\" content=\"index, follow, max-snippet:-1, max-image-preview:large, max-video-preview:-1\" \/>\n<link rel=\"canonical\" href=\"https:\/\/blog.panrotas.com.br\/passaporte-de-fe\/2025\/11\/04\/roteiro-neo-eso-no-sudeste\/\" \/>\n<meta property=\"og:locale\" content=\"pt_BR\" \/>\n<meta property=\"og:type\" content=\"article\" \/>\n<meta property=\"og:title\" content=\"Roteiro neo-Es\u00f4 no sudeste - Passaporte de F\u00e9\" \/>\n<meta property=\"og:description\" content=\"H\u00e1 viagens que descansam o corpo \u2014 e h\u00e1 aquelas que despertam a curiosidade e lados da alma. Entre o litoral paulista e as montanhas de Minas e do Rio, existe um percurso que une energia tel\u00farica, paisagens exuberantes e mitos que desafiam a raz\u00e3o. Um roteiro m\u00edstico , voltado para os neo-esot\u00e9ricos, que atravessa&hellip; Continue reading &rarr;\" \/>\n<meta property=\"og:url\" content=\"https:\/\/blog.panrotas.com.br\/passaporte-de-fe\/2025\/11\/04\/roteiro-neo-eso-no-sudeste\/\" \/>\n<meta property=\"og:site_name\" content=\"Passaporte de F\u00e9\" \/>\n<meta property=\"article:published_time\" content=\"2025-11-04T14:46:50+00:00\" \/>\n<meta property=\"article:modified_time\" content=\"2025-11-04T14:46:53+00:00\" \/>\n<meta property=\"og:image\" content=\"http:\/\/blog.panrotas.com.br\/passaporte-de-fe\/wp-content\/uploads\/sites\/40\/2025\/11\/sao-thome-das-letras.jpg\" \/>\n\t<meta property=\"og:image:width\" content=\"1035\" \/>\n\t<meta property=\"og:image:height\" content=\"691\" \/>\n<meta name=\"twitter:card\" content=\"summary_large_image\" \/>\n<meta name=\"twitter:label1\" content=\"Escrito por\" \/>\n\t<meta name=\"twitter:data1\" content=\"Ricardo Hida\" \/>\n\t<meta name=\"twitter:label2\" content=\"Est. tempo de leitura\" \/>\n\t<meta name=\"twitter:data2\" content=\"3 minutos\" \/>\n<script type=\"application\/ld+json\" class=\"yoast-schema-graph\">{\"@context\":\"https:\/\/schema.org\",\"@graph\":[{\"@type\":\"WebSite\",\"@id\":\"https:\/\/blog.panrotas.com.br\/passaporte-de-fe\/#website\",\"url\":\"https:\/\/blog.panrotas.com.br\/passaporte-de-fe\/\",\"name\":\"Passaporte de F\\u00e9\",\"description\":\"\",\"potentialAction\":[{\"@type\":\"SearchAction\",\"target\":{\"@type\":\"EntryPoint\",\"urlTemplate\":\"https:\/\/blog.panrotas.com.br\/passaporte-de-fe\/?s={search_term_string}\"},\"query-input\":\"required name=search_term_string\"}],\"inLanguage\":\"pt-BR\"},{\"@type\":\"ImageObject\",\"@id\":\"https:\/\/blog.panrotas.com.br\/passaporte-de-fe\/2025\/11\/04\/roteiro-neo-eso-no-sudeste\/#primaryimage\",\"inLanguage\":\"pt-BR\",\"url\":\"https:\/\/blog.panrotas.com.br\/passaporte-de-fe\/wp-content\/uploads\/sites\/40\/2025\/11\/sao-thome-das-letras.jpg\",\"contentUrl\":\"https:\/\/blog.panrotas.com.br\/passaporte-de-fe\/wp-content\/uploads\/sites\/40\/2025\/11\/sao-thome-das-letras.jpg\",\"width\":1035,\"height\":691},{\"@type\":\"WebPage\",\"@id\":\"https:\/\/blog.panrotas.com.br\/passaporte-de-fe\/2025\/11\/04\/roteiro-neo-eso-no-sudeste\/#webpage\",\"url\":\"https:\/\/blog.panrotas.com.br\/passaporte-de-fe\/2025\/11\/04\/roteiro-neo-eso-no-sudeste\/\",\"name\":\"Roteiro neo-Es\\u00f4 no sudeste - Passaporte de F\\u00e9\",\"isPartOf\":{\"@id\":\"https:\/\/blog.panrotas.com.br\/passaporte-de-fe\/#website\"},\"primaryImageOfPage\":{\"@id\":\"https:\/\/blog.panrotas.com.br\/passaporte-de-fe\/2025\/11\/04\/roteiro-neo-eso-no-sudeste\/#primaryimage\"},\"datePublished\":\"2025-11-04T14:46:50+00:00\",\"dateModified\":\"2025-11-04T14:46:53+00:00\",\"author\":{\"@id\":\"https:\/\/blog.panrotas.com.br\/passaporte-de-fe\/#\/schema\/person\/aa7b7bf89db5f064b48ae84113fdc3c4\"},\"breadcrumb\":{\"@id\":\"https:\/\/blog.panrotas.com.br\/passaporte-de-fe\/2025\/11\/04\/roteiro-neo-eso-no-sudeste\/#breadcrumb\"},\"inLanguage\":\"pt-BR\",\"potentialAction\":[{\"@type\":\"ReadAction\",\"target\":[\"https:\/\/blog.panrotas.com.br\/passaporte-de-fe\/2025\/11\/04\/roteiro-neo-eso-no-sudeste\/\"]}]},{\"@type\":\"BreadcrumbList\",\"@id\":\"https:\/\/blog.panrotas.com.br\/passaporte-de-fe\/2025\/11\/04\/roteiro-neo-eso-no-sudeste\/#breadcrumb\",\"itemListElement\":[{\"@type\":\"ListItem\",\"position\":1,\"name\":\"In\\u00edcio\",\"item\":\"https:\/\/blog.panrotas.com.br\/passaporte-de-fe\/\"},{\"@type\":\"ListItem\",\"position\":2,\"name\":\"Roteiro neo-Es\\u00f4 no sudeste\"}]},{\"@type\":\"Person\",\"@id\":\"https:\/\/blog.panrotas.com.br\/passaporte-de-fe\/#\/schema\/person\/aa7b7bf89db5f064b48ae84113fdc3c4\",\"name\":\"Ricardo Hida\",\"image\":{\"@type\":\"ImageObject\",\"@id\":\"https:\/\/blog.panrotas.com.br\/passaporte-de-fe\/#personlogo\",\"inLanguage\":\"pt-BR\",\"url\":\"https:\/\/secure.gravatar.com\/avatar\/7a934f308fb63ddcba15869d95a8c9b2?s=96&d=mm&r=g\",\"contentUrl\":\"https:\/\/secure.gravatar.com\/avatar\/7a934f308fb63ddcba15869d95a8c9b2?s=96&d=mm&r=g\",\"caption\":\"Ricardo Hida\"},\"description\":\"Doutorando, Mestre em Ci\\u00eancia da Religi\\u00e3o e pesquisador da PUC-SP em Turismo religioso. Autor e coautor de 9 livros, 3 deles best sellers. Graduado pela FAAP e p\\u00f3s-graduado pela Casper L\\u00edbero, trabalhou na Air France, Accor, Atout France e hoje dirige a Promonde. Est\\u00e1 \\u00e0 frente tamb\\u00e9m do F\\u00f3rum de Turismo e Espiritualidade. Viaja o mundo para viver experi\\u00eancias transformadoras\\u00a0e\\u00a0m\\u00edsticas.\",\"url\":\"https:\/\/blog.panrotas.com.br\/passaporte-de-fe\/author\/ricardohida\/\"}]}<\/script>\n<!-- \/ Yoast SEO plugin. -->","yoast_head_json":{"title":"Roteiro neo-Es\u00f4 no sudeste - Passaporte de F\u00e9","robots":{"index":"index","follow":"follow","max-snippet":"max-snippet:-1","max-image-preview":"max-image-preview:large","max-video-preview":"max-video-preview:-1"},"canonical":"https:\/\/blog.panrotas.com.br\/passaporte-de-fe\/2025\/11\/04\/roteiro-neo-eso-no-sudeste\/","og_locale":"pt_BR","og_type":"article","og_title":"Roteiro neo-Es\u00f4 no sudeste - Passaporte de F\u00e9","og_description":"H\u00e1 viagens que descansam o corpo \u2014 e h\u00e1 aquelas que despertam a curiosidade e lados da alma. Entre o litoral paulista e as montanhas de Minas e do Rio, existe um percurso que une energia tel\u00farica, paisagens exuberantes e mitos que desafiam a raz\u00e3o. Um roteiro m\u00edstico , voltado para os neo-esot\u00e9ricos, que atravessa&hellip; Continue reading &rarr;","og_url":"https:\/\/blog.panrotas.com.br\/passaporte-de-fe\/2025\/11\/04\/roteiro-neo-eso-no-sudeste\/","og_site_name":"Passaporte de F\u00e9","article_published_time":"2025-11-04T14:46:50+00:00","article_modified_time":"2025-11-04T14:46:53+00:00","og_image":[{"width":1035,"height":691,"url":"http:\/\/blog.panrotas.com.br\/passaporte-de-fe\/wp-content\/uploads\/sites\/40\/2025\/11\/sao-thome-das-letras.jpg","type":"image\/jpeg"}],"twitter_card":"summary_large_image","twitter_misc":{"Escrito por":"Ricardo Hida","Est. tempo de leitura":"3 minutos"},"schema":{"@context":"https:\/\/schema.org","@graph":[{"@type":"WebSite","@id":"https:\/\/blog.panrotas.com.br\/passaporte-de-fe\/#website","url":"https:\/\/blog.panrotas.com.br\/passaporte-de-fe\/","name":"Passaporte de F\u00e9","description":"","potentialAction":[{"@type":"SearchAction","target":{"@type":"EntryPoint","urlTemplate":"https:\/\/blog.panrotas.com.br\/passaporte-de-fe\/?s={search_term_string}"},"query-input":"required name=search_term_string"}],"inLanguage":"pt-BR"},{"@type":"ImageObject","@id":"https:\/\/blog.panrotas.com.br\/passaporte-de-fe\/2025\/11\/04\/roteiro-neo-eso-no-sudeste\/#primaryimage","inLanguage":"pt-BR","url":"https:\/\/blog.panrotas.com.br\/passaporte-de-fe\/wp-content\/uploads\/sites\/40\/2025\/11\/sao-thome-das-letras.jpg","contentUrl":"https:\/\/blog.panrotas.com.br\/passaporte-de-fe\/wp-content\/uploads\/sites\/40\/2025\/11\/sao-thome-das-letras.jpg","width":1035,"height":691},{"@type":"WebPage","@id":"https:\/\/blog.panrotas.com.br\/passaporte-de-fe\/2025\/11\/04\/roteiro-neo-eso-no-sudeste\/#webpage","url":"https:\/\/blog.panrotas.com.br\/passaporte-de-fe\/2025\/11\/04\/roteiro-neo-eso-no-sudeste\/","name":"Roteiro neo-Es\u00f4 no sudeste - Passaporte de F\u00e9","isPartOf":{"@id":"https:\/\/blog.panrotas.com.br\/passaporte-de-fe\/#website"},"primaryImageOfPage":{"@id":"https:\/\/blog.panrotas.com.br\/passaporte-de-fe\/2025\/11\/04\/roteiro-neo-eso-no-sudeste\/#primaryimage"},"datePublished":"2025-11-04T14:46:50+00:00","dateModified":"2025-11-04T14:46:53+00:00","author":{"@id":"https:\/\/blog.panrotas.com.br\/passaporte-de-fe\/#\/schema\/person\/aa7b7bf89db5f064b48ae84113fdc3c4"},"breadcrumb":{"@id":"https:\/\/blog.panrotas.com.br\/passaporte-de-fe\/2025\/11\/04\/roteiro-neo-eso-no-sudeste\/#breadcrumb"},"inLanguage":"pt-BR","potentialAction":[{"@type":"ReadAction","target":["https:\/\/blog.panrotas.com.br\/passaporte-de-fe\/2025\/11\/04\/roteiro-neo-eso-no-sudeste\/"]}]},{"@type":"BreadcrumbList","@id":"https:\/\/blog.panrotas.com.br\/passaporte-de-fe\/2025\/11\/04\/roteiro-neo-eso-no-sudeste\/#breadcrumb","itemListElement":[{"@type":"ListItem","position":1,"name":"In\u00edcio","item":"https:\/\/blog.panrotas.com.br\/passaporte-de-fe\/"},{"@type":"ListItem","position":2,"name":"Roteiro neo-Es\u00f4 no sudeste"}]},{"@type":"Person","@id":"https:\/\/blog.panrotas.com.br\/passaporte-de-fe\/#\/schema\/person\/aa7b7bf89db5f064b48ae84113fdc3c4","name":"Ricardo Hida","image":{"@type":"ImageObject","@id":"https:\/\/blog.panrotas.com.br\/passaporte-de-fe\/#personlogo","inLanguage":"pt-BR","url":"https:\/\/secure.gravatar.com\/avatar\/7a934f308fb63ddcba15869d95a8c9b2?s=96&d=mm&r=g","contentUrl":"https:\/\/secure.gravatar.com\/avatar\/7a934f308fb63ddcba15869d95a8c9b2?s=96&d=mm&r=g","caption":"Ricardo Hida"},"description":"Doutorando, Mestre em Ci\u00eancia da Religi\u00e3o e pesquisador da PUC-SP em Turismo religioso. Autor e coautor de 9 livros, 3 deles best sellers. Graduado pela FAAP e p\u00f3s-graduado pela Casper L\u00edbero, trabalhou na Air France, Accor, Atout France e hoje dirige a Promonde. Est\u00e1 \u00e0 frente tamb\u00e9m do F\u00f3rum de Turismo e Espiritualidade. Viaja o mundo para viver experi\u00eancias transformadoras\u00a0e\u00a0m\u00edsticas.","url":"https:\/\/blog.panrotas.com.br\/passaporte-de-fe\/author\/ricardohida\/"}]}},"jetpack_featured_media_url":"https:\/\/blog.panrotas.com.br\/passaporte-de-fe\/wp-content\/uploads\/sites\/40\/2025\/11\/sao-thome-das-letras.jpg","_links":{"self":[{"href":"https:\/\/blog.panrotas.com.br\/passaporte-de-fe\/wp-json\/wp\/v2\/posts\/331"}],"collection":[{"href":"https:\/\/blog.panrotas.com.br\/passaporte-de-fe\/wp-json\/wp\/v2\/posts"}],"about":[{"href":"https:\/\/blog.panrotas.com.br\/passaporte-de-fe\/wp-json\/wp\/v2\/types\/post"}],"author":[{"embeddable":true,"href":"https:\/\/blog.panrotas.com.br\/passaporte-de-fe\/wp-json\/wp\/v2\/users\/46"}],"replies":[{"embeddable":true,"href":"https:\/\/blog.panrotas.com.br\/passaporte-de-fe\/wp-json\/wp\/v2\/comments?post=331"}],"version-history":[{"count":1,"href":"https:\/\/blog.panrotas.com.br\/passaporte-de-fe\/wp-json\/wp\/v2\/posts\/331\/revisions"}],"predecessor-version":[{"id":333,"href":"https:\/\/blog.panrotas.com.br\/passaporte-de-fe\/wp-json\/wp\/v2\/posts\/331\/revisions\/333"}],"wp:featuredmedia":[{"embeddable":true,"href":"https:\/\/blog.panrotas.com.br\/passaporte-de-fe\/wp-json\/wp\/v2\/media\/332"}],"wp:attachment":[{"href":"https:\/\/blog.panrotas.com.br\/passaporte-de-fe\/wp-json\/wp\/v2\/media?parent=331"}],"wp:term":[{"taxonomy":"category","embeddable":true,"href":"https:\/\/blog.panrotas.com.br\/passaporte-de-fe\/wp-json\/wp\/v2\/categories?post=331"},{"taxonomy":"post_tag","embeddable":true,"href":"https:\/\/blog.panrotas.com.br\/passaporte-de-fe\/wp-json\/wp\/v2\/tags?post=331"}],"curies":[{"name":"wp","href":"https:\/\/api.w.org\/{rel}","templated":true}]}}