{"id":349,"date":"2025-12-17T17:03:58","date_gmt":"2025-12-17T19:03:58","guid":{"rendered":"https:\/\/blog.panrotas.com.br\/passaporte-de-fe\/?p=349"},"modified":"2025-12-17T17:04:01","modified_gmt":"2025-12-17T19:04:01","slug":"turismo-vira-narrativa-santo-antonio-e-o-poder-das-historias-inacabadas","status":"publish","type":"post","link":"https:\/\/blog.panrotas.com.br\/passaporte-de-fe\/2025\/12\/17\/turismo-vira-narrativa-santo-antonio-e-o-poder-das-historias-inacabadas\/","title":{"rendered":"turismo vira narrativa:  Santo Ant\u00f4nio e o poder das hist\u00f3rias inacabadas"},"content":{"rendered":"\n<p>Antes de se tornar not\u00edcia, a hist\u00f3ria da est\u00e1tua inacabada de Santo Ant\u00f4nio, em Caridade, no interior do Cear\u00e1, j\u00e1 havia atravessado a literatura e est\u00e1 a caminho do cinema. O projeto, iniciado em 1984, nasceu com a ambi\u00e7\u00e3o de transformar o pico do morro em um polo de turismo religioso, inspirado no sucesso da vizinha Canind\u00e9. A obra, no entanto, foi interrompida em 1986, deixando o corpo da imagem erguido no alto do morro e a cabe\u00e7a, montada no ch\u00e3o, esquecida por d\u00e9cadas. Esse detalhe improv\u00e1vel chamou a aten\u00e7\u00e3o da escritora cearense<strong> <\/strong>Socorro Acioli, que enxergou ali uma potente met\u00e1fora e criou o romance <em>A Cabe\u00e7a do Santo<\/em>. A hist\u00f3ria ganhou proje\u00e7\u00e3o internacional, abriu portas em oficinas liter\u00e1rias e avan\u00e7ou para a linguagem audiovisual, com adapta\u00e7\u00e3o cinematogr\u00e1fica em desenvolvimento,  inclusive com di\u00e1logo para poss\u00edveis filmagens no pr\u00f3prio munic\u00edpio. Um projeto tur\u00edstico interrompido acabava, assim, transformado em patrim\u00f4nio simb\u00f3lico.<\/p>\n\n\n\n<p>Poucas hist\u00f3rias ilustram t\u00e3o bem a for\u00e7a da persist\u00eancia e da f\u00e9 quanto a de Caridade. Ap\u00f3s 39 anos, a cidade finalmente assistiu \u00e0 conclus\u00e3o da imagem monumental de Santo Ant\u00f4nio, com a instala\u00e7\u00e3o definitiva da cabe\u00e7a no alto do Morro do Serrote. O gesto, acompanhado com emo\u00e7\u00e3o pela popula\u00e7\u00e3o, foi rapidamente compartilhado nas redes sociais e carrega um significado que vai al\u00e9m da engenharia ou da est\u00e9tica: trata-se da materializa\u00e7\u00e3o de um sonho coletivo que atravessou gera\u00e7\u00f5es.<\/p>\n\n\n\n<p>Durante d\u00e9cadas, a separa\u00e7\u00e3o entre corpo e cabe\u00e7a n\u00e3o foi apenas uma obra inacabada, mas tamb\u00e9m uma narrativa aberta. A cabe\u00e7a de concreto, esquecida em outro ponto da cidade, acabou se tornando um s\u00edmbolo curioso, atraindo visitantes, despertando hist\u00f3rias e alimentando o imagin\u00e1rio local. Sem planejamento formal, Caridade j\u00e1 vivia, ali, um tipo de turismo espont\u00e2neo, baseado na curiosidade, na oralidade e na for\u00e7a das hist\u00f3rias.<\/p>\n\n\n\n<p>A conclus\u00e3o da est\u00e1tua marca agora um novo momento. A imagem integra um projeto mais amplo de cria\u00e7\u00e3o de um complexo religioso, com espa\u00e7os de contempla\u00e7\u00e3o, infraestrutura para visitantes e um mirante com vista privilegiada da regi\u00e3o. A proposta reposiciona Caridade no mapa do turismo religioso do Cear\u00e1, ampliando o di\u00e1logo com outros destinos de f\u00e9 j\u00e1 consolidados e oferecendo novas possibilidades de circula\u00e7\u00e3o tur\u00edstica pelo interior do estado.<\/p>\n\n\n\n<p>Para agentes de viagens e operadores, o caso de Caridade \u00e9 especialmente revelador. Ele mostra como o turismo contempor\u00e2neo n\u00e3o se sustenta apenas em infraestrutura ou grandes investimentos, mas tamb\u00e9m em narrativas aut\u00eanticas, capazes de conectar territ\u00f3rio, cultura, f\u00e9 e imagina\u00e7\u00e3o. A cidade re\u00fane todos os elementos que hoje mobilizam o viajante: espiritualidade, literatura, cinema, mem\u00f3ria coletiva e uma hist\u00f3ria real que parece fic\u00e7\u00e3o.<\/p>\n\n\n\n<p>Em tempos em que o turismo busca experi\u00eancias com sentido, pertencimento e identidade, Caridade ensina uma li\u00e7\u00e3o valiosa ao trade: destinos n\u00e3o se constroem apenas com obras conclu\u00eddas, mas com hist\u00f3rias bem contadas. E, \u00e0s vezes, \u00e9 justamente o que ficou inacabado que cria os v\u00ednculos mais profundos ; at\u00e9 o momento em que o ciclo, finalmente, se fecha.<\/p>\n","protected":false},"excerpt":{"rendered":"<p>Antes de se tornar not\u00edcia, a hist\u00f3ria da est\u00e1tua inacabada de Santo Ant\u00f4nio, em Caridade, no interior do Cear\u00e1, j\u00e1 havia atravessado a literatura e est\u00e1 a caminho do cinema. O projeto, iniciado em 1984, nasceu com a ambi\u00e7\u00e3o de transformar o pico do morro em um polo de turismo religioso, inspirado no sucesso da&hellip; <a class=\"more-link\" href=\"https:\/\/blog.panrotas.com.br\/passaporte-de-fe\/2025\/12\/17\/turismo-vira-narrativa-santo-antonio-e-o-poder-das-historias-inacabadas\/\">Continue reading &rarr;<\/a><\/p>\n","protected":false},"author":46,"featured_media":350,"comment_status":"open","ping_status":"closed","sticky":false,"template":"","format":"standard","meta":{"spay_email":""},"categories":[1],"tags":[313,312,208,16,311,4],"yoast_head":"<!-- This site is optimized with the Yoast SEO plugin v17.3 - https:\/\/yoast.com\/wordpress\/plugins\/seo\/ -->\n<title>turismo vira narrativa: Santo Ant\u00f4nio e o poder das hist\u00f3rias inacabadas - Passaporte de F\u00e9<\/title>\n<meta name=\"robots\" content=\"index, follow, max-snippet:-1, max-image-preview:large, max-video-preview:-1\" \/>\n<link rel=\"canonical\" href=\"https:\/\/blog.panrotas.com.br\/passaporte-de-fe\/2025\/12\/17\/turismo-vira-narrativa-santo-antonio-e-o-poder-das-historias-inacabadas\/\" \/>\n<meta property=\"og:locale\" content=\"pt_BR\" \/>\n<meta property=\"og:type\" content=\"article\" \/>\n<meta property=\"og:title\" content=\"turismo vira narrativa: Santo Ant\u00f4nio e o poder das hist\u00f3rias inacabadas - Passaporte de F\u00e9\" \/>\n<meta property=\"og:description\" content=\"Antes de se tornar not\u00edcia, a hist\u00f3ria da est\u00e1tua inacabada de Santo Ant\u00f4nio, em Caridade, no interior do Cear\u00e1, j\u00e1 havia atravessado a literatura e est\u00e1 a caminho do cinema. O projeto, iniciado em 1984, nasceu com a ambi\u00e7\u00e3o de transformar o pico do morro em um polo de turismo religioso, inspirado no sucesso da&hellip; Continue reading &rarr;\" \/>\n<meta property=\"og:url\" content=\"https:\/\/blog.panrotas.com.br\/passaporte-de-fe\/2025\/12\/17\/turismo-vira-narrativa-santo-antonio-e-o-poder-das-historias-inacabadas\/\" \/>\n<meta property=\"og:site_name\" content=\"Passaporte de F\u00e9\" \/>\n<meta property=\"article:published_time\" content=\"2025-12-17T19:03:58+00:00\" \/>\n<meta property=\"article:modified_time\" content=\"2025-12-17T19:04:01+00:00\" \/>\n<meta property=\"og:image\" content=\"http:\/\/blog.panrotas.com.br\/passaporte-de-fe\/wp-content\/uploads\/sites\/40\/2025\/12\/a-cabeca-do-santo-destacada-valkirias.png\" \/>\n\t<meta property=\"og:image:width\" content=\"1080\" \/>\n\t<meta property=\"og:image:height\" content=\"540\" \/>\n<meta name=\"twitter:card\" content=\"summary_large_image\" \/>\n<meta name=\"twitter:label1\" content=\"Escrito por\" \/>\n\t<meta name=\"twitter:data1\" content=\"Ricardo Hida\" \/>\n\t<meta name=\"twitter:label2\" content=\"Est. tempo de leitura\" \/>\n\t<meta name=\"twitter:data2\" content=\"3 minutos\" \/>\n<script type=\"application\/ld+json\" class=\"yoast-schema-graph\">{\"@context\":\"https:\/\/schema.org\",\"@graph\":[{\"@type\":\"WebSite\",\"@id\":\"https:\/\/blog.panrotas.com.br\/passaporte-de-fe\/#website\",\"url\":\"https:\/\/blog.panrotas.com.br\/passaporte-de-fe\/\",\"name\":\"Passaporte de F\\u00e9\",\"description\":\"\",\"potentialAction\":[{\"@type\":\"SearchAction\",\"target\":{\"@type\":\"EntryPoint\",\"urlTemplate\":\"https:\/\/blog.panrotas.com.br\/passaporte-de-fe\/?s={search_term_string}\"},\"query-input\":\"required name=search_term_string\"}],\"inLanguage\":\"pt-BR\"},{\"@type\":\"ImageObject\",\"@id\":\"https:\/\/blog.panrotas.com.br\/passaporte-de-fe\/2025\/12\/17\/turismo-vira-narrativa-santo-antonio-e-o-poder-das-historias-inacabadas\/#primaryimage\",\"inLanguage\":\"pt-BR\",\"url\":\"https:\/\/blog.panrotas.com.br\/passaporte-de-fe\/wp-content\/uploads\/sites\/40\/2025\/12\/a-cabeca-do-santo-destacada-valkirias.png\",\"contentUrl\":\"https:\/\/blog.panrotas.com.br\/passaporte-de-fe\/wp-content\/uploads\/sites\/40\/2025\/12\/a-cabeca-do-santo-destacada-valkirias.png\",\"width\":1080,\"height\":540},{\"@type\":\"WebPage\",\"@id\":\"https:\/\/blog.panrotas.com.br\/passaporte-de-fe\/2025\/12\/17\/turismo-vira-narrativa-santo-antonio-e-o-poder-das-historias-inacabadas\/#webpage\",\"url\":\"https:\/\/blog.panrotas.com.br\/passaporte-de-fe\/2025\/12\/17\/turismo-vira-narrativa-santo-antonio-e-o-poder-das-historias-inacabadas\/\",\"name\":\"turismo vira narrativa: Santo Ant\\u00f4nio e o poder das hist\\u00f3rias inacabadas - Passaporte de F\\u00e9\",\"isPartOf\":{\"@id\":\"https:\/\/blog.panrotas.com.br\/passaporte-de-fe\/#website\"},\"primaryImageOfPage\":{\"@id\":\"https:\/\/blog.panrotas.com.br\/passaporte-de-fe\/2025\/12\/17\/turismo-vira-narrativa-santo-antonio-e-o-poder-das-historias-inacabadas\/#primaryimage\"},\"datePublished\":\"2025-12-17T19:03:58+00:00\",\"dateModified\":\"2025-12-17T19:04:01+00:00\",\"author\":{\"@id\":\"https:\/\/blog.panrotas.com.br\/passaporte-de-fe\/#\/schema\/person\/aa7b7bf89db5f064b48ae84113fdc3c4\"},\"breadcrumb\":{\"@id\":\"https:\/\/blog.panrotas.com.br\/passaporte-de-fe\/2025\/12\/17\/turismo-vira-narrativa-santo-antonio-e-o-poder-das-historias-inacabadas\/#breadcrumb\"},\"inLanguage\":\"pt-BR\",\"potentialAction\":[{\"@type\":\"ReadAction\",\"target\":[\"https:\/\/blog.panrotas.com.br\/passaporte-de-fe\/2025\/12\/17\/turismo-vira-narrativa-santo-antonio-e-o-poder-das-historias-inacabadas\/\"]}]},{\"@type\":\"BreadcrumbList\",\"@id\":\"https:\/\/blog.panrotas.com.br\/passaporte-de-fe\/2025\/12\/17\/turismo-vira-narrativa-santo-antonio-e-o-poder-das-historias-inacabadas\/#breadcrumb\",\"itemListElement\":[{\"@type\":\"ListItem\",\"position\":1,\"name\":\"In\\u00edcio\",\"item\":\"https:\/\/blog.panrotas.com.br\/passaporte-de-fe\/\"},{\"@type\":\"ListItem\",\"position\":2,\"name\":\"turismo vira narrativa: Santo Ant\\u00f4nio e o poder das hist\\u00f3rias inacabadas\"}]},{\"@type\":\"Person\",\"@id\":\"https:\/\/blog.panrotas.com.br\/passaporte-de-fe\/#\/schema\/person\/aa7b7bf89db5f064b48ae84113fdc3c4\",\"name\":\"Ricardo Hida\",\"image\":{\"@type\":\"ImageObject\",\"@id\":\"https:\/\/blog.panrotas.com.br\/passaporte-de-fe\/#personlogo\",\"inLanguage\":\"pt-BR\",\"url\":\"https:\/\/secure.gravatar.com\/avatar\/7a934f308fb63ddcba15869d95a8c9b2?s=96&d=mm&r=g\",\"contentUrl\":\"https:\/\/secure.gravatar.com\/avatar\/7a934f308fb63ddcba15869d95a8c9b2?s=96&d=mm&r=g\",\"caption\":\"Ricardo Hida\"},\"description\":\"Doutorando, Mestre em Ci\\u00eancia da Religi\\u00e3o e pesquisador da PUC-SP em Turismo religioso. Autor e coautor de 9 livros, 3 deles best sellers. Graduado pela FAAP e p\\u00f3s-graduado pela Casper L\\u00edbero, trabalhou na Air France, Accor, Atout France e hoje dirige a Promonde. Est\\u00e1 \\u00e0 frente tamb\\u00e9m do F\\u00f3rum de Turismo e Espiritualidade. Viaja o mundo para viver experi\\u00eancias transformadoras\\u00a0e\\u00a0m\\u00edsticas.\",\"url\":\"https:\/\/blog.panrotas.com.br\/passaporte-de-fe\/author\/ricardohida\/\"}]}<\/script>\n<!-- \/ Yoast SEO plugin. -->","yoast_head_json":{"title":"turismo vira narrativa: Santo Ant\u00f4nio e o poder das hist\u00f3rias inacabadas - Passaporte de F\u00e9","robots":{"index":"index","follow":"follow","max-snippet":"max-snippet:-1","max-image-preview":"max-image-preview:large","max-video-preview":"max-video-preview:-1"},"canonical":"https:\/\/blog.panrotas.com.br\/passaporte-de-fe\/2025\/12\/17\/turismo-vira-narrativa-santo-antonio-e-o-poder-das-historias-inacabadas\/","og_locale":"pt_BR","og_type":"article","og_title":"turismo vira narrativa: Santo Ant\u00f4nio e o poder das hist\u00f3rias inacabadas - Passaporte de F\u00e9","og_description":"Antes de se tornar not\u00edcia, a hist\u00f3ria da est\u00e1tua inacabada de Santo Ant\u00f4nio, em Caridade, no interior do Cear\u00e1, j\u00e1 havia atravessado a literatura e est\u00e1 a caminho do cinema. O projeto, iniciado em 1984, nasceu com a ambi\u00e7\u00e3o de transformar o pico do morro em um polo de turismo religioso, inspirado no sucesso da&hellip; Continue reading &rarr;","og_url":"https:\/\/blog.panrotas.com.br\/passaporte-de-fe\/2025\/12\/17\/turismo-vira-narrativa-santo-antonio-e-o-poder-das-historias-inacabadas\/","og_site_name":"Passaporte de F\u00e9","article_published_time":"2025-12-17T19:03:58+00:00","article_modified_time":"2025-12-17T19:04:01+00:00","og_image":[{"width":1080,"height":540,"url":"http:\/\/blog.panrotas.com.br\/passaporte-de-fe\/wp-content\/uploads\/sites\/40\/2025\/12\/a-cabeca-do-santo-destacada-valkirias.png","type":"image\/png"}],"twitter_card":"summary_large_image","twitter_misc":{"Escrito por":"Ricardo Hida","Est. tempo de leitura":"3 minutos"},"schema":{"@context":"https:\/\/schema.org","@graph":[{"@type":"WebSite","@id":"https:\/\/blog.panrotas.com.br\/passaporte-de-fe\/#website","url":"https:\/\/blog.panrotas.com.br\/passaporte-de-fe\/","name":"Passaporte de F\u00e9","description":"","potentialAction":[{"@type":"SearchAction","target":{"@type":"EntryPoint","urlTemplate":"https:\/\/blog.panrotas.com.br\/passaporte-de-fe\/?s={search_term_string}"},"query-input":"required name=search_term_string"}],"inLanguage":"pt-BR"},{"@type":"ImageObject","@id":"https:\/\/blog.panrotas.com.br\/passaporte-de-fe\/2025\/12\/17\/turismo-vira-narrativa-santo-antonio-e-o-poder-das-historias-inacabadas\/#primaryimage","inLanguage":"pt-BR","url":"https:\/\/blog.panrotas.com.br\/passaporte-de-fe\/wp-content\/uploads\/sites\/40\/2025\/12\/a-cabeca-do-santo-destacada-valkirias.png","contentUrl":"https:\/\/blog.panrotas.com.br\/passaporte-de-fe\/wp-content\/uploads\/sites\/40\/2025\/12\/a-cabeca-do-santo-destacada-valkirias.png","width":1080,"height":540},{"@type":"WebPage","@id":"https:\/\/blog.panrotas.com.br\/passaporte-de-fe\/2025\/12\/17\/turismo-vira-narrativa-santo-antonio-e-o-poder-das-historias-inacabadas\/#webpage","url":"https:\/\/blog.panrotas.com.br\/passaporte-de-fe\/2025\/12\/17\/turismo-vira-narrativa-santo-antonio-e-o-poder-das-historias-inacabadas\/","name":"turismo vira narrativa: Santo Ant\u00f4nio e o poder das hist\u00f3rias inacabadas - Passaporte de F\u00e9","isPartOf":{"@id":"https:\/\/blog.panrotas.com.br\/passaporte-de-fe\/#website"},"primaryImageOfPage":{"@id":"https:\/\/blog.panrotas.com.br\/passaporte-de-fe\/2025\/12\/17\/turismo-vira-narrativa-santo-antonio-e-o-poder-das-historias-inacabadas\/#primaryimage"},"datePublished":"2025-12-17T19:03:58+00:00","dateModified":"2025-12-17T19:04:01+00:00","author":{"@id":"https:\/\/blog.panrotas.com.br\/passaporte-de-fe\/#\/schema\/person\/aa7b7bf89db5f064b48ae84113fdc3c4"},"breadcrumb":{"@id":"https:\/\/blog.panrotas.com.br\/passaporte-de-fe\/2025\/12\/17\/turismo-vira-narrativa-santo-antonio-e-o-poder-das-historias-inacabadas\/#breadcrumb"},"inLanguage":"pt-BR","potentialAction":[{"@type":"ReadAction","target":["https:\/\/blog.panrotas.com.br\/passaporte-de-fe\/2025\/12\/17\/turismo-vira-narrativa-santo-antonio-e-o-poder-das-historias-inacabadas\/"]}]},{"@type":"BreadcrumbList","@id":"https:\/\/blog.panrotas.com.br\/passaporte-de-fe\/2025\/12\/17\/turismo-vira-narrativa-santo-antonio-e-o-poder-das-historias-inacabadas\/#breadcrumb","itemListElement":[{"@type":"ListItem","position":1,"name":"In\u00edcio","item":"https:\/\/blog.panrotas.com.br\/passaporte-de-fe\/"},{"@type":"ListItem","position":2,"name":"turismo vira narrativa: Santo Ant\u00f4nio e o poder das hist\u00f3rias inacabadas"}]},{"@type":"Person","@id":"https:\/\/blog.panrotas.com.br\/passaporte-de-fe\/#\/schema\/person\/aa7b7bf89db5f064b48ae84113fdc3c4","name":"Ricardo Hida","image":{"@type":"ImageObject","@id":"https:\/\/blog.panrotas.com.br\/passaporte-de-fe\/#personlogo","inLanguage":"pt-BR","url":"https:\/\/secure.gravatar.com\/avatar\/7a934f308fb63ddcba15869d95a8c9b2?s=96&d=mm&r=g","contentUrl":"https:\/\/secure.gravatar.com\/avatar\/7a934f308fb63ddcba15869d95a8c9b2?s=96&d=mm&r=g","caption":"Ricardo Hida"},"description":"Doutorando, Mestre em Ci\u00eancia da Religi\u00e3o e pesquisador da PUC-SP em Turismo religioso. Autor e coautor de 9 livros, 3 deles best sellers. Graduado pela FAAP e p\u00f3s-graduado pela Casper L\u00edbero, trabalhou na Air France, Accor, Atout France e hoje dirige a Promonde. Est\u00e1 \u00e0 frente tamb\u00e9m do F\u00f3rum de Turismo e Espiritualidade. Viaja o mundo para viver experi\u00eancias transformadoras\u00a0e\u00a0m\u00edsticas.","url":"https:\/\/blog.panrotas.com.br\/passaporte-de-fe\/author\/ricardohida\/"}]}},"jetpack_featured_media_url":"https:\/\/blog.panrotas.com.br\/passaporte-de-fe\/wp-content\/uploads\/sites\/40\/2025\/12\/a-cabeca-do-santo-destacada-valkirias.png","_links":{"self":[{"href":"https:\/\/blog.panrotas.com.br\/passaporte-de-fe\/wp-json\/wp\/v2\/posts\/349"}],"collection":[{"href":"https:\/\/blog.panrotas.com.br\/passaporte-de-fe\/wp-json\/wp\/v2\/posts"}],"about":[{"href":"https:\/\/blog.panrotas.com.br\/passaporte-de-fe\/wp-json\/wp\/v2\/types\/post"}],"author":[{"embeddable":true,"href":"https:\/\/blog.panrotas.com.br\/passaporte-de-fe\/wp-json\/wp\/v2\/users\/46"}],"replies":[{"embeddable":true,"href":"https:\/\/blog.panrotas.com.br\/passaporte-de-fe\/wp-json\/wp\/v2\/comments?post=349"}],"version-history":[{"count":1,"href":"https:\/\/blog.panrotas.com.br\/passaporte-de-fe\/wp-json\/wp\/v2\/posts\/349\/revisions"}],"predecessor-version":[{"id":351,"href":"https:\/\/blog.panrotas.com.br\/passaporte-de-fe\/wp-json\/wp\/v2\/posts\/349\/revisions\/351"}],"wp:featuredmedia":[{"embeddable":true,"href":"https:\/\/blog.panrotas.com.br\/passaporte-de-fe\/wp-json\/wp\/v2\/media\/350"}],"wp:attachment":[{"href":"https:\/\/blog.panrotas.com.br\/passaporte-de-fe\/wp-json\/wp\/v2\/media?parent=349"}],"wp:term":[{"taxonomy":"category","embeddable":true,"href":"https:\/\/blog.panrotas.com.br\/passaporte-de-fe\/wp-json\/wp\/v2\/categories?post=349"},{"taxonomy":"post_tag","embeddable":true,"href":"https:\/\/blog.panrotas.com.br\/passaporte-de-fe\/wp-json\/wp\/v2\/tags?post=349"}],"curies":[{"name":"wp","href":"https:\/\/api.w.org\/{rel}","templated":true}]}}