{"id":352,"date":"2026-01-07T12:21:27","date_gmt":"2026-01-07T14:21:27","guid":{"rendered":"https:\/\/blog.panrotas.com.br\/passaporte-de-fe\/?p=352"},"modified":"2026-01-07T12:22:10","modified_gmt":"2026-01-07T14:22:10","slug":"muito-alem-do-axe-por-que-salvador-e-um-dos-destinos-espirituais-do-brasil","status":"publish","type":"post","link":"https:\/\/blog.panrotas.com.br\/passaporte-de-fe\/2026\/01\/07\/muito-alem-do-axe-por-que-salvador-e-um-dos-destinos-espirituais-do-brasil\/","title":{"rendered":"Muito al\u00e9m do ax\u00e9: por que Salvador \u00e9 um dos destinos espirituais do Brasil"},"content":{"rendered":"\n<p>2 de fevereiro em Salvador n\u00e3o \u00e9 apenas uma data no calend\u00e1rio: \u00e9 um portal simb\u00f3lico que se abre para o encontro entre turismo, cultura e espiritualidade. No bairro do Rio Vermelho, a tradicional Festa de Iemanj\u00e1 mobiliza moradores, devotos e viajantes do mundo inteiro, transformando a cidade em um grande palco de f\u00e9 viva, m\u00fasica, cores e afetos.<\/p>\n\n\n\n<p>Para o turismo contempor\u00e2neo , cada vez mais atento a experi\u00eancias aut\u00eanticas , a celebra\u00e7\u00e3o oferece muito mais do que um evento pontual. \u00c9 a chance de viver Salvador em profundidade, compreendendo suas matrizes culturais, sua religiosidade plural e a for\u00e7a simb\u00f3lica do Atl\u00e2ntico como territ\u00f3rio sagrado.<\/p>\n\n\n\n<p>Embora profundamente ligada \u00e0s religi\u00f5es de matriz africana, a Festa de Iemanj\u00e1 extrapola fronteiras confessionais. Ela acolhe curiosos, pesquisadores, artistas e viajantes interessados em compreender como a heran\u00e7a africana moldou a identidade baiana. N\u00e3o por acaso, cresce a cada ano o n\u00famero de turistas praticantes do candombl\u00e9 e da umbanda que planejam sua viagem para Salvador especialmente nesse per\u00edodo, em busca de pertencimento, devo\u00e7\u00e3o e reconex\u00e3o ancestral.<\/p>\n\n\n\n<p>Eu mesmo vivi essa experi\u00eancia h\u00e1 tr\u00eas anos. Al\u00e9m da festa no Rio Vermelho, percorri um roteiro de Salvador negro, que ajuda a contextualizar a celebra\u00e7\u00e3o dentro de uma hist\u00f3ria maior:  de resist\u00eancia, criatividade e sacralidade cotidiana.<\/p>\n\n\n\n<p>O encanto de Salvador est\u00e1 tamb\u00e9m na conviv\u00eancia entre tradi\u00e7\u00f5es. No mesmo roteiro, visitei igrejas cat\u00f3licas hist\u00f3ricas, o Santu\u00e1rio de Santa Dulce dos Pobres, espa\u00e7o de f\u00e9, acolhimento e impacto social  e a Mans\u00e3o do Caminho, fundada pelo m\u00e9dium Divaldo Pereira Franco, refer\u00eancia no espiritismo brasileiro.<\/p>\n\n\n\n<p>Essa costura entre catolicismo popular, espiritismo e religiosidades afro-brasileiras n\u00e3o \u00e9 exce\u00e7\u00e3o: \u00e9 marca estrutural da experi\u00eancia soteropolitana. Para o visitante atento, trata-se de uma aula viva sobre sincretismo, toler\u00e2ncia e diversidade espiritual.<\/p>\n\n\n\n<p>Nenhuma imers\u00e3o cultural em Salvador estaria completa sem a visita ,  sempre respeitosa e consciente,  aos terreiros de candombl\u00e9. \u00c9 importante lembrar que o tradicional Il\u00ea Iy\u00e1 Omi Ax\u00e9 Iyamass\u00ea (Gantois) encontra-se fechado at\u00e9 maio, em raz\u00e3o do falecimento de Carmen de Oxaguian, filha da lend\u00e1ria M\u00e3e Menininha de Oxum. A informa\u00e7\u00e3o \u00e9 essencial para o planejamento respons\u00e1vel do roteiro e refor\u00e7a a import\u00e2ncia de compreender que esses espa\u00e7os s\u00e3o, antes de tudo, casas de tradi\u00e7\u00e3o, luto, continuidade e ax\u00e9.<\/p>\n\n\n\n<p>Oferecer Salvador no 2 de fevereiro \u00e9 propor ao viajante algo que vai al\u00e9m do espet\u00e1culo: \u00e9 convid\u00e1-lo a participar, a observar com sensibilidade, a aprender. \u00c9 turismo cultural, espiritual e \u00e9tico capaz de gerar impacto positivo, fortalecer identidades e criar mem\u00f3rias que permanecem.<\/p>\n\n\n\n<p>Para quem busca destinos com alma, poucos lugares no mundo entregam tanto quanto Salvador. E poucos dias revelam t\u00e3o bem essa alma quanto o dia de Iemanj\u00e1, quando a cidade inteira parece lembrar que viajar tamb\u00e9m pode ser um ato de escuta, rever\u00eancia e transforma\u00e7\u00e3o.<\/p>\n","protected":false},"excerpt":{"rendered":"<p>2 de fevereiro em Salvador n\u00e3o \u00e9 apenas uma data no calend\u00e1rio: \u00e9 um portal simb\u00f3lico que se abre para o encontro entre turismo, cultura e espiritualidade. No bairro do Rio Vermelho, a tradicional Festa de Iemanj\u00e1 mobiliza moradores, devotos e viajantes do mundo inteiro, transformando a cidade em um grande palco de f\u00e9 viva,&hellip; <a class=\"more-link\" href=\"https:\/\/blog.panrotas.com.br\/passaporte-de-fe\/2026\/01\/07\/muito-alem-do-axe-por-que-salvador-e-um-dos-destinos-espirituais-do-brasil\/\">Continue reading &rarr;<\/a><\/p>\n","protected":false},"author":46,"featured_media":355,"comment_status":"open","ping_status":"closed","sticky":false,"template":"","format":"standard","meta":{"spay_email":""},"categories":[1],"tags":[51,181,316,284,240,315,16,314,228],"yoast_head":"<!-- This site is optimized with the Yoast SEO plugin v17.3 - https:\/\/yoast.com\/wordpress\/plugins\/seo\/ -->\n<title>Muito al\u00e9m do ax\u00e9: por que Salvador \u00e9 um dos destinos espirituais do Brasil - Passaporte de F\u00e9<\/title>\n<meta name=\"robots\" content=\"index, follow, max-snippet:-1, max-image-preview:large, max-video-preview:-1\" \/>\n<link rel=\"canonical\" href=\"https:\/\/blog.panrotas.com.br\/passaporte-de-fe\/2026\/01\/07\/muito-alem-do-axe-por-que-salvador-e-um-dos-destinos-espirituais-do-brasil\/\" \/>\n<meta property=\"og:locale\" content=\"pt_BR\" \/>\n<meta property=\"og:type\" content=\"article\" \/>\n<meta property=\"og:title\" content=\"Muito al\u00e9m do ax\u00e9: por que Salvador \u00e9 um dos destinos espirituais do Brasil - Passaporte de F\u00e9\" \/>\n<meta property=\"og:description\" content=\"2 de fevereiro em Salvador n\u00e3o \u00e9 apenas uma data no calend\u00e1rio: \u00e9 um portal simb\u00f3lico que se abre para o encontro entre turismo, cultura e espiritualidade. No bairro do Rio Vermelho, a tradicional Festa de Iemanj\u00e1 mobiliza moradores, devotos e viajantes do mundo inteiro, transformando a cidade em um grande palco de f\u00e9 viva,&hellip; Continue reading &rarr;\" \/>\n<meta property=\"og:url\" content=\"https:\/\/blog.panrotas.com.br\/passaporte-de-fe\/2026\/01\/07\/muito-alem-do-axe-por-que-salvador-e-um-dos-destinos-espirituais-do-brasil\/\" \/>\n<meta property=\"og:site_name\" content=\"Passaporte de F\u00e9\" \/>\n<meta property=\"article:published_time\" content=\"2026-01-07T14:21:27+00:00\" \/>\n<meta property=\"article:modified_time\" content=\"2026-01-07T14:22:10+00:00\" \/>\n<meta property=\"og:image\" content=\"http:\/\/blog.panrotas.com.br\/passaporte-de-fe\/wp-content\/uploads\/sites\/40\/2026\/01\/iemanjainte.jpg\" \/>\n\t<meta property=\"og:image:width\" content=\"731\" \/>\n\t<meta property=\"og:image:height\" content=\"487\" \/>\n<meta name=\"twitter:card\" content=\"summary_large_image\" \/>\n<meta name=\"twitter:label1\" content=\"Escrito por\" \/>\n\t<meta name=\"twitter:data1\" content=\"Ricardo Hida\" \/>\n\t<meta name=\"twitter:label2\" content=\"Est. tempo de leitura\" \/>\n\t<meta name=\"twitter:data2\" content=\"2 minutos\" \/>\n<script type=\"application\/ld+json\" class=\"yoast-schema-graph\">{\"@context\":\"https:\/\/schema.org\",\"@graph\":[{\"@type\":\"WebSite\",\"@id\":\"https:\/\/blog.panrotas.com.br\/passaporte-de-fe\/#website\",\"url\":\"https:\/\/blog.panrotas.com.br\/passaporte-de-fe\/\",\"name\":\"Passaporte de F\\u00e9\",\"description\":\"\",\"potentialAction\":[{\"@type\":\"SearchAction\",\"target\":{\"@type\":\"EntryPoint\",\"urlTemplate\":\"https:\/\/blog.panrotas.com.br\/passaporte-de-fe\/?s={search_term_string}\"},\"query-input\":\"required name=search_term_string\"}],\"inLanguage\":\"pt-BR\"},{\"@type\":\"ImageObject\",\"@id\":\"https:\/\/blog.panrotas.com.br\/passaporte-de-fe\/2026\/01\/07\/muito-alem-do-axe-por-que-salvador-e-um-dos-destinos-espirituais-do-brasil\/#primaryimage\",\"inLanguage\":\"pt-BR\",\"url\":\"https:\/\/blog.panrotas.com.br\/passaporte-de-fe\/wp-content\/uploads\/sites\/40\/2026\/01\/iemanjainte.jpg\",\"contentUrl\":\"https:\/\/blog.panrotas.com.br\/passaporte-de-fe\/wp-content\/uploads\/sites\/40\/2026\/01\/iemanjainte.jpg\",\"width\":731,\"height\":487},{\"@type\":\"WebPage\",\"@id\":\"https:\/\/blog.panrotas.com.br\/passaporte-de-fe\/2026\/01\/07\/muito-alem-do-axe-por-que-salvador-e-um-dos-destinos-espirituais-do-brasil\/#webpage\",\"url\":\"https:\/\/blog.panrotas.com.br\/passaporte-de-fe\/2026\/01\/07\/muito-alem-do-axe-por-que-salvador-e-um-dos-destinos-espirituais-do-brasil\/\",\"name\":\"Muito al\\u00e9m do ax\\u00e9: por que Salvador \\u00e9 um dos destinos espirituais do Brasil - Passaporte de F\\u00e9\",\"isPartOf\":{\"@id\":\"https:\/\/blog.panrotas.com.br\/passaporte-de-fe\/#website\"},\"primaryImageOfPage\":{\"@id\":\"https:\/\/blog.panrotas.com.br\/passaporte-de-fe\/2026\/01\/07\/muito-alem-do-axe-por-que-salvador-e-um-dos-destinos-espirituais-do-brasil\/#primaryimage\"},\"datePublished\":\"2026-01-07T14:21:27+00:00\",\"dateModified\":\"2026-01-07T14:22:10+00:00\",\"author\":{\"@id\":\"https:\/\/blog.panrotas.com.br\/passaporte-de-fe\/#\/schema\/person\/aa7b7bf89db5f064b48ae84113fdc3c4\"},\"breadcrumb\":{\"@id\":\"https:\/\/blog.panrotas.com.br\/passaporte-de-fe\/2026\/01\/07\/muito-alem-do-axe-por-que-salvador-e-um-dos-destinos-espirituais-do-brasil\/#breadcrumb\"},\"inLanguage\":\"pt-BR\",\"potentialAction\":[{\"@type\":\"ReadAction\",\"target\":[\"https:\/\/blog.panrotas.com.br\/passaporte-de-fe\/2026\/01\/07\/muito-alem-do-axe-por-que-salvador-e-um-dos-destinos-espirituais-do-brasil\/\"]}]},{\"@type\":\"BreadcrumbList\",\"@id\":\"https:\/\/blog.panrotas.com.br\/passaporte-de-fe\/2026\/01\/07\/muito-alem-do-axe-por-que-salvador-e-um-dos-destinos-espirituais-do-brasil\/#breadcrumb\",\"itemListElement\":[{\"@type\":\"ListItem\",\"position\":1,\"name\":\"In\\u00edcio\",\"item\":\"https:\/\/blog.panrotas.com.br\/passaporte-de-fe\/\"},{\"@type\":\"ListItem\",\"position\":2,\"name\":\"Muito al\\u00e9m do ax\\u00e9: por que Salvador \\u00e9 um dos destinos espirituais do Brasil\"}]},{\"@type\":\"Person\",\"@id\":\"https:\/\/blog.panrotas.com.br\/passaporte-de-fe\/#\/schema\/person\/aa7b7bf89db5f064b48ae84113fdc3c4\",\"name\":\"Ricardo Hida\",\"image\":{\"@type\":\"ImageObject\",\"@id\":\"https:\/\/blog.panrotas.com.br\/passaporte-de-fe\/#personlogo\",\"inLanguage\":\"pt-BR\",\"url\":\"https:\/\/secure.gravatar.com\/avatar\/7a934f308fb63ddcba15869d95a8c9b2?s=96&d=mm&r=g\",\"contentUrl\":\"https:\/\/secure.gravatar.com\/avatar\/7a934f308fb63ddcba15869d95a8c9b2?s=96&d=mm&r=g\",\"caption\":\"Ricardo Hida\"},\"description\":\"Doutorando, Mestre em Ci\\u00eancia da Religi\\u00e3o e pesquisador da PUC-SP em Turismo religioso. Autor e coautor de 9 livros, 3 deles best sellers. Graduado pela FAAP e p\\u00f3s-graduado pela Casper L\\u00edbero, trabalhou na Air France, Accor, Atout France e hoje dirige a Promonde. Est\\u00e1 \\u00e0 frente tamb\\u00e9m do F\\u00f3rum de Turismo e Espiritualidade. Viaja o mundo para viver experi\\u00eancias transformadoras\\u00a0e\\u00a0m\\u00edsticas.\",\"url\":\"https:\/\/blog.panrotas.com.br\/passaporte-de-fe\/author\/ricardohida\/\"}]}<\/script>\n<!-- \/ Yoast SEO plugin. -->","yoast_head_json":{"title":"Muito al\u00e9m do ax\u00e9: por que Salvador \u00e9 um dos destinos espirituais do Brasil - Passaporte de F\u00e9","robots":{"index":"index","follow":"follow","max-snippet":"max-snippet:-1","max-image-preview":"max-image-preview:large","max-video-preview":"max-video-preview:-1"},"canonical":"https:\/\/blog.panrotas.com.br\/passaporte-de-fe\/2026\/01\/07\/muito-alem-do-axe-por-que-salvador-e-um-dos-destinos-espirituais-do-brasil\/","og_locale":"pt_BR","og_type":"article","og_title":"Muito al\u00e9m do ax\u00e9: por que Salvador \u00e9 um dos destinos espirituais do Brasil - Passaporte de F\u00e9","og_description":"2 de fevereiro em Salvador n\u00e3o \u00e9 apenas uma data no calend\u00e1rio: \u00e9 um portal simb\u00f3lico que se abre para o encontro entre turismo, cultura e espiritualidade. No bairro do Rio Vermelho, a tradicional Festa de Iemanj\u00e1 mobiliza moradores, devotos e viajantes do mundo inteiro, transformando a cidade em um grande palco de f\u00e9 viva,&hellip; Continue reading &rarr;","og_url":"https:\/\/blog.panrotas.com.br\/passaporte-de-fe\/2026\/01\/07\/muito-alem-do-axe-por-que-salvador-e-um-dos-destinos-espirituais-do-brasil\/","og_site_name":"Passaporte de F\u00e9","article_published_time":"2026-01-07T14:21:27+00:00","article_modified_time":"2026-01-07T14:22:10+00:00","og_image":[{"width":731,"height":487,"url":"http:\/\/blog.panrotas.com.br\/passaporte-de-fe\/wp-content\/uploads\/sites\/40\/2026\/01\/iemanjainte.jpg","type":"image\/jpeg"}],"twitter_card":"summary_large_image","twitter_misc":{"Escrito por":"Ricardo Hida","Est. tempo de leitura":"2 minutos"},"schema":{"@context":"https:\/\/schema.org","@graph":[{"@type":"WebSite","@id":"https:\/\/blog.panrotas.com.br\/passaporte-de-fe\/#website","url":"https:\/\/blog.panrotas.com.br\/passaporte-de-fe\/","name":"Passaporte de F\u00e9","description":"","potentialAction":[{"@type":"SearchAction","target":{"@type":"EntryPoint","urlTemplate":"https:\/\/blog.panrotas.com.br\/passaporte-de-fe\/?s={search_term_string}"},"query-input":"required name=search_term_string"}],"inLanguage":"pt-BR"},{"@type":"ImageObject","@id":"https:\/\/blog.panrotas.com.br\/passaporte-de-fe\/2026\/01\/07\/muito-alem-do-axe-por-que-salvador-e-um-dos-destinos-espirituais-do-brasil\/#primaryimage","inLanguage":"pt-BR","url":"https:\/\/blog.panrotas.com.br\/passaporte-de-fe\/wp-content\/uploads\/sites\/40\/2026\/01\/iemanjainte.jpg","contentUrl":"https:\/\/blog.panrotas.com.br\/passaporte-de-fe\/wp-content\/uploads\/sites\/40\/2026\/01\/iemanjainte.jpg","width":731,"height":487},{"@type":"WebPage","@id":"https:\/\/blog.panrotas.com.br\/passaporte-de-fe\/2026\/01\/07\/muito-alem-do-axe-por-que-salvador-e-um-dos-destinos-espirituais-do-brasil\/#webpage","url":"https:\/\/blog.panrotas.com.br\/passaporte-de-fe\/2026\/01\/07\/muito-alem-do-axe-por-que-salvador-e-um-dos-destinos-espirituais-do-brasil\/","name":"Muito al\u00e9m do ax\u00e9: por que Salvador \u00e9 um dos destinos espirituais do Brasil - Passaporte de F\u00e9","isPartOf":{"@id":"https:\/\/blog.panrotas.com.br\/passaporte-de-fe\/#website"},"primaryImageOfPage":{"@id":"https:\/\/blog.panrotas.com.br\/passaporte-de-fe\/2026\/01\/07\/muito-alem-do-axe-por-que-salvador-e-um-dos-destinos-espirituais-do-brasil\/#primaryimage"},"datePublished":"2026-01-07T14:21:27+00:00","dateModified":"2026-01-07T14:22:10+00:00","author":{"@id":"https:\/\/blog.panrotas.com.br\/passaporte-de-fe\/#\/schema\/person\/aa7b7bf89db5f064b48ae84113fdc3c4"},"breadcrumb":{"@id":"https:\/\/blog.panrotas.com.br\/passaporte-de-fe\/2026\/01\/07\/muito-alem-do-axe-por-que-salvador-e-um-dos-destinos-espirituais-do-brasil\/#breadcrumb"},"inLanguage":"pt-BR","potentialAction":[{"@type":"ReadAction","target":["https:\/\/blog.panrotas.com.br\/passaporte-de-fe\/2026\/01\/07\/muito-alem-do-axe-por-que-salvador-e-um-dos-destinos-espirituais-do-brasil\/"]}]},{"@type":"BreadcrumbList","@id":"https:\/\/blog.panrotas.com.br\/passaporte-de-fe\/2026\/01\/07\/muito-alem-do-axe-por-que-salvador-e-um-dos-destinos-espirituais-do-brasil\/#breadcrumb","itemListElement":[{"@type":"ListItem","position":1,"name":"In\u00edcio","item":"https:\/\/blog.panrotas.com.br\/passaporte-de-fe\/"},{"@type":"ListItem","position":2,"name":"Muito al\u00e9m do ax\u00e9: por que Salvador \u00e9 um dos destinos espirituais do Brasil"}]},{"@type":"Person","@id":"https:\/\/blog.panrotas.com.br\/passaporte-de-fe\/#\/schema\/person\/aa7b7bf89db5f064b48ae84113fdc3c4","name":"Ricardo Hida","image":{"@type":"ImageObject","@id":"https:\/\/blog.panrotas.com.br\/passaporte-de-fe\/#personlogo","inLanguage":"pt-BR","url":"https:\/\/secure.gravatar.com\/avatar\/7a934f308fb63ddcba15869d95a8c9b2?s=96&d=mm&r=g","contentUrl":"https:\/\/secure.gravatar.com\/avatar\/7a934f308fb63ddcba15869d95a8c9b2?s=96&d=mm&r=g","caption":"Ricardo Hida"},"description":"Doutorando, Mestre em Ci\u00eancia da Religi\u00e3o e pesquisador da PUC-SP em Turismo religioso. Autor e coautor de 9 livros, 3 deles best sellers. Graduado pela FAAP e p\u00f3s-graduado pela Casper L\u00edbero, trabalhou na Air France, Accor, Atout France e hoje dirige a Promonde. Est\u00e1 \u00e0 frente tamb\u00e9m do F\u00f3rum de Turismo e Espiritualidade. Viaja o mundo para viver experi\u00eancias transformadoras\u00a0e\u00a0m\u00edsticas.","url":"https:\/\/blog.panrotas.com.br\/passaporte-de-fe\/author\/ricardohida\/"}]}},"jetpack_featured_media_url":"https:\/\/blog.panrotas.com.br\/passaporte-de-fe\/wp-content\/uploads\/sites\/40\/2026\/01\/iemanjainte.jpg","_links":{"self":[{"href":"https:\/\/blog.panrotas.com.br\/passaporte-de-fe\/wp-json\/wp\/v2\/posts\/352"}],"collection":[{"href":"https:\/\/blog.panrotas.com.br\/passaporte-de-fe\/wp-json\/wp\/v2\/posts"}],"about":[{"href":"https:\/\/blog.panrotas.com.br\/passaporte-de-fe\/wp-json\/wp\/v2\/types\/post"}],"author":[{"embeddable":true,"href":"https:\/\/blog.panrotas.com.br\/passaporte-de-fe\/wp-json\/wp\/v2\/users\/46"}],"replies":[{"embeddable":true,"href":"https:\/\/blog.panrotas.com.br\/passaporte-de-fe\/wp-json\/wp\/v2\/comments?post=352"}],"version-history":[{"count":1,"href":"https:\/\/blog.panrotas.com.br\/passaporte-de-fe\/wp-json\/wp\/v2\/posts\/352\/revisions"}],"predecessor-version":[{"id":354,"href":"https:\/\/blog.panrotas.com.br\/passaporte-de-fe\/wp-json\/wp\/v2\/posts\/352\/revisions\/354"}],"wp:featuredmedia":[{"embeddable":true,"href":"https:\/\/blog.panrotas.com.br\/passaporte-de-fe\/wp-json\/wp\/v2\/media\/355"}],"wp:attachment":[{"href":"https:\/\/blog.panrotas.com.br\/passaporte-de-fe\/wp-json\/wp\/v2\/media?parent=352"}],"wp:term":[{"taxonomy":"category","embeddable":true,"href":"https:\/\/blog.panrotas.com.br\/passaporte-de-fe\/wp-json\/wp\/v2\/categories?post=352"},{"taxonomy":"post_tag","embeddable":true,"href":"https:\/\/blog.panrotas.com.br\/passaporte-de-fe\/wp-json\/wp\/v2\/tags?post=352"}],"curies":[{"name":"wp","href":"https:\/\/api.w.org\/{rel}","templated":true}]}}