{"id":390,"date":"2026-04-27T15:44:57","date_gmt":"2026-04-27T18:44:57","guid":{"rendered":"https:\/\/blog.panrotas.com.br\/passaporte-de-fe\/?p=390"},"modified":"2026-04-27T15:45:34","modified_gmt":"2026-04-27T18:45:34","slug":"ceara-inaugura-complexo-da-beata-benigna-e-reforca-o-turismo-religioso-no-cariri","status":"publish","type":"post","link":"https:\/\/blog.panrotas.com.br\/passaporte-de-fe\/2026\/04\/27\/ceara-inaugura-complexo-da-beata-benigna-e-reforca-o-turismo-religioso-no-cariri\/","title":{"rendered":"Cear\u00e1 inaugura Complexo da Beata Benigna"},"content":{"rendered":"\n<p>O Cear\u00e1 acaba de ganhar um novo marco no turismo religioso com a inaugura\u00e7\u00e3o do Complexo da Beata Benigna, em Santana do Cariri. O espa\u00e7o, dedicado \u00e0 mem\u00f3ria de Benigna Cardoso da Silva, j\u00e1 nasce como um dos principais polos de peregrina\u00e7\u00e3o do Nordeste e amplia o protagonismo da regi\u00e3o do Cariri no cen\u00e1rio nacional de f\u00e9 e devo\u00e7\u00e3o.<\/p>\n\n\n\n<p>A cerim\u00f4nia de abertura reuniu autoridades locais, lideran\u00e7as religiosas e fi\u00e9is vindos de diferentes estados, consolidando um projeto que vinha sendo estruturado desde 2017. O complexo inclui uma imagem monumental da beata, com cerca de 26 metros de altura, al\u00e9m de templo, \u00e1reas de contempla\u00e7\u00e3o e infraestrutura voltada ao acolhimento de visitantes. A proposta vai al\u00e9m do simbolismo religioso e aposta na organiza\u00e7\u00e3o de um destino capaz de receber romarias de forma estruturada, dialogando com modelos j\u00e1 consolidados no Brasil.<\/p>\n\n\n\n<p>Conhecida como a \u201cHero\u00edna da Castidade\u201d, Benigna foi assassinada em 1941 aos 13 anos e se tornou s\u00edmbolo de f\u00e9 popular no interior cearense. O reconhecimento institucional ganhou for\u00e7a nos \u00faltimos anos, especialmente com o avan\u00e7o de seu processo de beatifica\u00e7\u00e3o pela Igreja Cat\u00f3lica, o que impulsionou investimentos p\u00fablicos e privados na cria\u00e7\u00e3o de um espa\u00e7o permanente de devo\u00e7\u00e3o.<\/p>\n\n\n\n<p>A inaugura\u00e7\u00e3o tamb\u00e9m refor\u00e7a uma estrat\u00e9gia mais ampla de desenvolvimento regional. O Cariri, que j\u00e1 atrai milhares de visitantes todos os anos por conta da devo\u00e7\u00e3o a Padre C\u00edcero em Juazeiro do Norte, amplia agora seu portf\u00f3lio religioso com um novo atrativo capaz de diversificar fluxos tur\u00edsticos e aumentar o tempo de perman\u00eancia na regi\u00e3o. A expectativa \u00e9 que o complexo gere impacto direto na economia local, com est\u00edmulo \u00e0 hotelaria, gastronomia e com\u00e9rcio.<\/p>\n\n\n\n<p>Do ponto de vista do turismo, o projeto acompanha uma tend\u00eancia crescente de valoriza\u00e7\u00e3o de experi\u00eancias espirituais e culturais. O viajante contempor\u00e2neo busca destinos que ofere\u00e7am n\u00e3o apenas lazer, mas tamb\u00e9m significado, conex\u00e3o e identidade. Nesse contexto, o Complexo da Beata Benigna surge como um produto tur\u00edstico estruturado, que alia devo\u00e7\u00e3o, patrim\u00f4nio simb\u00f3lico e desenvolvimento territorial.<\/p>\n\n\n\n<p>Com a nova atra\u00e7\u00e3o, Santana do Cariri se posiciona de forma mais clara no mapa do turismo religioso brasileiro, fortalecendo o Cear\u00e1 como destino estrat\u00e9gico nesse segmento e abrindo espa\u00e7o para novos roteiros integrados no Nordeste.<\/p>\n","protected":false},"excerpt":{"rendered":"<p>O Cear\u00e1 acaba de ganhar um novo marco no turismo religioso com a inaugura\u00e7\u00e3o do Complexo da Beata Benigna, em Santana do Cariri. O espa\u00e7o, dedicado \u00e0 mem\u00f3ria de Benigna Cardoso da Silva, j\u00e1 nasce como um dos principais polos de peregrina\u00e7\u00e3o do Nordeste e amplia o protagonismo da regi\u00e3o do Cariri no cen\u00e1rio nacional&hellip; <a class=\"more-link\" href=\"https:\/\/blog.panrotas.com.br\/passaporte-de-fe\/2026\/04\/27\/ceara-inaugura-complexo-da-beata-benigna-e-reforca-o-turismo-religioso-no-cariri\/\">Continue reading &rarr;<\/a><\/p>\n","protected":false},"author":46,"featured_media":391,"comment_status":"open","ping_status":"closed","sticky":false,"template":"","format":"standard","meta":{"spay_email":""},"categories":[1],"tags":[337,336,208,16,8,4],"yoast_head":"<!-- This site is optimized with the Yoast SEO plugin v17.3 - https:\/\/yoast.com\/wordpress\/plugins\/seo\/ -->\n<title>Cear\u00e1 inaugura Complexo da Beata Benigna - Passaporte de F\u00e9<\/title>\n<meta name=\"robots\" content=\"index, follow, max-snippet:-1, max-image-preview:large, max-video-preview:-1\" \/>\n<link rel=\"canonical\" href=\"https:\/\/blog.panrotas.com.br\/passaporte-de-fe\/2026\/04\/27\/ceara-inaugura-complexo-da-beata-benigna-e-reforca-o-turismo-religioso-no-cariri\/\" \/>\n<meta property=\"og:locale\" content=\"pt_BR\" \/>\n<meta property=\"og:type\" content=\"article\" \/>\n<meta property=\"og:title\" content=\"Cear\u00e1 inaugura Complexo da Beata Benigna - Passaporte de F\u00e9\" \/>\n<meta property=\"og:description\" content=\"O Cear\u00e1 acaba de ganhar um novo marco no turismo religioso com a inaugura\u00e7\u00e3o do Complexo da Beata Benigna, em Santana do Cariri. O espa\u00e7o, dedicado \u00e0 mem\u00f3ria de Benigna Cardoso da Silva, j\u00e1 nasce como um dos principais polos de peregrina\u00e7\u00e3o do Nordeste e amplia o protagonismo da regi\u00e3o do Cariri no cen\u00e1rio nacional&hellip; Continue reading &rarr;\" \/>\n<meta property=\"og:url\" content=\"https:\/\/blog.panrotas.com.br\/passaporte-de-fe\/2026\/04\/27\/ceara-inaugura-complexo-da-beata-benigna-e-reforca-o-turismo-religioso-no-cariri\/\" \/>\n<meta property=\"og:site_name\" content=\"Passaporte de F\u00e9\" \/>\n<meta property=\"article:published_time\" content=\"2026-04-27T18:44:57+00:00\" \/>\n<meta property=\"article:modified_time\" content=\"2026-04-27T18:45:34+00:00\" \/>\n<meta property=\"og:image\" content=\"http:\/\/blog.panrotas.com.br\/passaporte-de-fe\/wp-content\/uploads\/sites\/40\/2026\/04\/cq5dam.thumbnail.cropped.1000.563.jpeg\" \/>\n\t<meta property=\"og:image:width\" content=\"1000\" \/>\n\t<meta property=\"og:image:height\" content=\"563\" \/>\n<meta name=\"twitter:card\" content=\"summary_large_image\" \/>\n<meta name=\"twitter:label1\" content=\"Escrito por\" \/>\n\t<meta name=\"twitter:data1\" content=\"Ricardo Hida\" \/>\n\t<meta name=\"twitter:label2\" content=\"Est. tempo de leitura\" \/>\n\t<meta name=\"twitter:data2\" content=\"2 minutos\" \/>\n<script type=\"application\/ld+json\" class=\"yoast-schema-graph\">{\"@context\":\"https:\/\/schema.org\",\"@graph\":[{\"@type\":\"WebSite\",\"@id\":\"https:\/\/blog.panrotas.com.br\/passaporte-de-fe\/#website\",\"url\":\"https:\/\/blog.panrotas.com.br\/passaporte-de-fe\/\",\"name\":\"Passaporte de F\\u00e9\",\"description\":\"\",\"potentialAction\":[{\"@type\":\"SearchAction\",\"target\":{\"@type\":\"EntryPoint\",\"urlTemplate\":\"https:\/\/blog.panrotas.com.br\/passaporte-de-fe\/?s={search_term_string}\"},\"query-input\":\"required name=search_term_string\"}],\"inLanguage\":\"pt-BR\"},{\"@type\":\"ImageObject\",\"@id\":\"https:\/\/blog.panrotas.com.br\/passaporte-de-fe\/2026\/04\/27\/ceara-inaugura-complexo-da-beata-benigna-e-reforca-o-turismo-religioso-no-cariri\/#primaryimage\",\"inLanguage\":\"pt-BR\",\"url\":\"https:\/\/blog.panrotas.com.br\/passaporte-de-fe\/wp-content\/uploads\/sites\/40\/2026\/04\/cq5dam.thumbnail.cropped.1000.563.jpeg\",\"contentUrl\":\"https:\/\/blog.panrotas.com.br\/passaporte-de-fe\/wp-content\/uploads\/sites\/40\/2026\/04\/cq5dam.thumbnail.cropped.1000.563.jpeg\",\"width\":1000,\"height\":563},{\"@type\":\"WebPage\",\"@id\":\"https:\/\/blog.panrotas.com.br\/passaporte-de-fe\/2026\/04\/27\/ceara-inaugura-complexo-da-beata-benigna-e-reforca-o-turismo-religioso-no-cariri\/#webpage\",\"url\":\"https:\/\/blog.panrotas.com.br\/passaporte-de-fe\/2026\/04\/27\/ceara-inaugura-complexo-da-beata-benigna-e-reforca-o-turismo-religioso-no-cariri\/\",\"name\":\"Cear\\u00e1 inaugura Complexo da Beata Benigna - Passaporte de F\\u00e9\",\"isPartOf\":{\"@id\":\"https:\/\/blog.panrotas.com.br\/passaporte-de-fe\/#website\"},\"primaryImageOfPage\":{\"@id\":\"https:\/\/blog.panrotas.com.br\/passaporte-de-fe\/2026\/04\/27\/ceara-inaugura-complexo-da-beata-benigna-e-reforca-o-turismo-religioso-no-cariri\/#primaryimage\"},\"datePublished\":\"2026-04-27T18:44:57+00:00\",\"dateModified\":\"2026-04-27T18:45:34+00:00\",\"author\":{\"@id\":\"https:\/\/blog.panrotas.com.br\/passaporte-de-fe\/#\/schema\/person\/aa7b7bf89db5f064b48ae84113fdc3c4\"},\"breadcrumb\":{\"@id\":\"https:\/\/blog.panrotas.com.br\/passaporte-de-fe\/2026\/04\/27\/ceara-inaugura-complexo-da-beata-benigna-e-reforca-o-turismo-religioso-no-cariri\/#breadcrumb\"},\"inLanguage\":\"pt-BR\",\"potentialAction\":[{\"@type\":\"ReadAction\",\"target\":[\"https:\/\/blog.panrotas.com.br\/passaporte-de-fe\/2026\/04\/27\/ceara-inaugura-complexo-da-beata-benigna-e-reforca-o-turismo-religioso-no-cariri\/\"]}]},{\"@type\":\"BreadcrumbList\",\"@id\":\"https:\/\/blog.panrotas.com.br\/passaporte-de-fe\/2026\/04\/27\/ceara-inaugura-complexo-da-beata-benigna-e-reforca-o-turismo-religioso-no-cariri\/#breadcrumb\",\"itemListElement\":[{\"@type\":\"ListItem\",\"position\":1,\"name\":\"In\\u00edcio\",\"item\":\"https:\/\/blog.panrotas.com.br\/passaporte-de-fe\/\"},{\"@type\":\"ListItem\",\"position\":2,\"name\":\"Cear\\u00e1 inaugura Complexo da Beata Benigna\"}]},{\"@type\":\"Person\",\"@id\":\"https:\/\/blog.panrotas.com.br\/passaporte-de-fe\/#\/schema\/person\/aa7b7bf89db5f064b48ae84113fdc3c4\",\"name\":\"Ricardo Hida\",\"image\":{\"@type\":\"ImageObject\",\"@id\":\"https:\/\/blog.panrotas.com.br\/passaporte-de-fe\/#personlogo\",\"inLanguage\":\"pt-BR\",\"url\":\"https:\/\/secure.gravatar.com\/avatar\/7a934f308fb63ddcba15869d95a8c9b2?s=96&d=mm&r=g\",\"contentUrl\":\"https:\/\/secure.gravatar.com\/avatar\/7a934f308fb63ddcba15869d95a8c9b2?s=96&d=mm&r=g\",\"caption\":\"Ricardo Hida\"},\"description\":\"Doutorando, Mestre em Ci\\u00eancia da Religi\\u00e3o e pesquisador da PUC-SP em Turismo religioso. Autor e coautor de 9 livros, 3 deles best sellers. Graduado pela FAAP e p\\u00f3s-graduado pela Casper L\\u00edbero, trabalhou na Air France, Accor, Atout France e hoje dirige a Promonde. Est\\u00e1 \\u00e0 frente tamb\\u00e9m do F\\u00f3rum de Turismo e Espiritualidade. Viaja o mundo para viver experi\\u00eancias transformadoras\\u00a0e\\u00a0m\\u00edsticas.\",\"url\":\"https:\/\/blog.panrotas.com.br\/passaporte-de-fe\/author\/ricardohida\/\"}]}<\/script>\n<!-- \/ Yoast SEO plugin. -->","yoast_head_json":{"title":"Cear\u00e1 inaugura Complexo da Beata Benigna - Passaporte de F\u00e9","robots":{"index":"index","follow":"follow","max-snippet":"max-snippet:-1","max-image-preview":"max-image-preview:large","max-video-preview":"max-video-preview:-1"},"canonical":"https:\/\/blog.panrotas.com.br\/passaporte-de-fe\/2026\/04\/27\/ceara-inaugura-complexo-da-beata-benigna-e-reforca-o-turismo-religioso-no-cariri\/","og_locale":"pt_BR","og_type":"article","og_title":"Cear\u00e1 inaugura Complexo da Beata Benigna - Passaporte de F\u00e9","og_description":"O Cear\u00e1 acaba de ganhar um novo marco no turismo religioso com a inaugura\u00e7\u00e3o do Complexo da Beata Benigna, em Santana do Cariri. O espa\u00e7o, dedicado \u00e0 mem\u00f3ria de Benigna Cardoso da Silva, j\u00e1 nasce como um dos principais polos de peregrina\u00e7\u00e3o do Nordeste e amplia o protagonismo da regi\u00e3o do Cariri no cen\u00e1rio nacional&hellip; Continue reading &rarr;","og_url":"https:\/\/blog.panrotas.com.br\/passaporte-de-fe\/2026\/04\/27\/ceara-inaugura-complexo-da-beata-benigna-e-reforca-o-turismo-religioso-no-cariri\/","og_site_name":"Passaporte de F\u00e9","article_published_time":"2026-04-27T18:44:57+00:00","article_modified_time":"2026-04-27T18:45:34+00:00","og_image":[{"width":1000,"height":563,"url":"http:\/\/blog.panrotas.com.br\/passaporte-de-fe\/wp-content\/uploads\/sites\/40\/2026\/04\/cq5dam.thumbnail.cropped.1000.563.jpeg","type":"image\/jpeg"}],"twitter_card":"summary_large_image","twitter_misc":{"Escrito por":"Ricardo Hida","Est. tempo de leitura":"2 minutos"},"schema":{"@context":"https:\/\/schema.org","@graph":[{"@type":"WebSite","@id":"https:\/\/blog.panrotas.com.br\/passaporte-de-fe\/#website","url":"https:\/\/blog.panrotas.com.br\/passaporte-de-fe\/","name":"Passaporte de F\u00e9","description":"","potentialAction":[{"@type":"SearchAction","target":{"@type":"EntryPoint","urlTemplate":"https:\/\/blog.panrotas.com.br\/passaporte-de-fe\/?s={search_term_string}"},"query-input":"required name=search_term_string"}],"inLanguage":"pt-BR"},{"@type":"ImageObject","@id":"https:\/\/blog.panrotas.com.br\/passaporte-de-fe\/2026\/04\/27\/ceara-inaugura-complexo-da-beata-benigna-e-reforca-o-turismo-religioso-no-cariri\/#primaryimage","inLanguage":"pt-BR","url":"https:\/\/blog.panrotas.com.br\/passaporte-de-fe\/wp-content\/uploads\/sites\/40\/2026\/04\/cq5dam.thumbnail.cropped.1000.563.jpeg","contentUrl":"https:\/\/blog.panrotas.com.br\/passaporte-de-fe\/wp-content\/uploads\/sites\/40\/2026\/04\/cq5dam.thumbnail.cropped.1000.563.jpeg","width":1000,"height":563},{"@type":"WebPage","@id":"https:\/\/blog.panrotas.com.br\/passaporte-de-fe\/2026\/04\/27\/ceara-inaugura-complexo-da-beata-benigna-e-reforca-o-turismo-religioso-no-cariri\/#webpage","url":"https:\/\/blog.panrotas.com.br\/passaporte-de-fe\/2026\/04\/27\/ceara-inaugura-complexo-da-beata-benigna-e-reforca-o-turismo-religioso-no-cariri\/","name":"Cear\u00e1 inaugura Complexo da Beata Benigna - Passaporte de F\u00e9","isPartOf":{"@id":"https:\/\/blog.panrotas.com.br\/passaporte-de-fe\/#website"},"primaryImageOfPage":{"@id":"https:\/\/blog.panrotas.com.br\/passaporte-de-fe\/2026\/04\/27\/ceara-inaugura-complexo-da-beata-benigna-e-reforca-o-turismo-religioso-no-cariri\/#primaryimage"},"datePublished":"2026-04-27T18:44:57+00:00","dateModified":"2026-04-27T18:45:34+00:00","author":{"@id":"https:\/\/blog.panrotas.com.br\/passaporte-de-fe\/#\/schema\/person\/aa7b7bf89db5f064b48ae84113fdc3c4"},"breadcrumb":{"@id":"https:\/\/blog.panrotas.com.br\/passaporte-de-fe\/2026\/04\/27\/ceara-inaugura-complexo-da-beata-benigna-e-reforca-o-turismo-religioso-no-cariri\/#breadcrumb"},"inLanguage":"pt-BR","potentialAction":[{"@type":"ReadAction","target":["https:\/\/blog.panrotas.com.br\/passaporte-de-fe\/2026\/04\/27\/ceara-inaugura-complexo-da-beata-benigna-e-reforca-o-turismo-religioso-no-cariri\/"]}]},{"@type":"BreadcrumbList","@id":"https:\/\/blog.panrotas.com.br\/passaporte-de-fe\/2026\/04\/27\/ceara-inaugura-complexo-da-beata-benigna-e-reforca-o-turismo-religioso-no-cariri\/#breadcrumb","itemListElement":[{"@type":"ListItem","position":1,"name":"In\u00edcio","item":"https:\/\/blog.panrotas.com.br\/passaporte-de-fe\/"},{"@type":"ListItem","position":2,"name":"Cear\u00e1 inaugura Complexo da Beata Benigna"}]},{"@type":"Person","@id":"https:\/\/blog.panrotas.com.br\/passaporte-de-fe\/#\/schema\/person\/aa7b7bf89db5f064b48ae84113fdc3c4","name":"Ricardo Hida","image":{"@type":"ImageObject","@id":"https:\/\/blog.panrotas.com.br\/passaporte-de-fe\/#personlogo","inLanguage":"pt-BR","url":"https:\/\/secure.gravatar.com\/avatar\/7a934f308fb63ddcba15869d95a8c9b2?s=96&d=mm&r=g","contentUrl":"https:\/\/secure.gravatar.com\/avatar\/7a934f308fb63ddcba15869d95a8c9b2?s=96&d=mm&r=g","caption":"Ricardo Hida"},"description":"Doutorando, Mestre em Ci\u00eancia da Religi\u00e3o e pesquisador da PUC-SP em Turismo religioso. Autor e coautor de 9 livros, 3 deles best sellers. Graduado pela FAAP e p\u00f3s-graduado pela Casper L\u00edbero, trabalhou na Air France, Accor, Atout France e hoje dirige a Promonde. Est\u00e1 \u00e0 frente tamb\u00e9m do F\u00f3rum de Turismo e Espiritualidade. Viaja o mundo para viver experi\u00eancias transformadoras\u00a0e\u00a0m\u00edsticas.","url":"https:\/\/blog.panrotas.com.br\/passaporte-de-fe\/author\/ricardohida\/"}]}},"jetpack_featured_media_url":"https:\/\/blog.panrotas.com.br\/passaporte-de-fe\/wp-content\/uploads\/sites\/40\/2026\/04\/cq5dam.thumbnail.cropped.1000.563.jpeg","_links":{"self":[{"href":"https:\/\/blog.panrotas.com.br\/passaporte-de-fe\/wp-json\/wp\/v2\/posts\/390"}],"collection":[{"href":"https:\/\/blog.panrotas.com.br\/passaporte-de-fe\/wp-json\/wp\/v2\/posts"}],"about":[{"href":"https:\/\/blog.panrotas.com.br\/passaporte-de-fe\/wp-json\/wp\/v2\/types\/post"}],"author":[{"embeddable":true,"href":"https:\/\/blog.panrotas.com.br\/passaporte-de-fe\/wp-json\/wp\/v2\/users\/46"}],"replies":[{"embeddable":true,"href":"https:\/\/blog.panrotas.com.br\/passaporte-de-fe\/wp-json\/wp\/v2\/comments?post=390"}],"version-history":[{"count":2,"href":"https:\/\/blog.panrotas.com.br\/passaporte-de-fe\/wp-json\/wp\/v2\/posts\/390\/revisions"}],"predecessor-version":[{"id":393,"href":"https:\/\/blog.panrotas.com.br\/passaporte-de-fe\/wp-json\/wp\/v2\/posts\/390\/revisions\/393"}],"wp:featuredmedia":[{"embeddable":true,"href":"https:\/\/blog.panrotas.com.br\/passaporte-de-fe\/wp-json\/wp\/v2\/media\/391"}],"wp:attachment":[{"href":"https:\/\/blog.panrotas.com.br\/passaporte-de-fe\/wp-json\/wp\/v2\/media?parent=390"}],"wp:term":[{"taxonomy":"category","embeddable":true,"href":"https:\/\/blog.panrotas.com.br\/passaporte-de-fe\/wp-json\/wp\/v2\/categories?post=390"},{"taxonomy":"post_tag","embeddable":true,"href":"https:\/\/blog.panrotas.com.br\/passaporte-de-fe\/wp-json\/wp\/v2\/tags?post=390"}],"curies":[{"name":"wp","href":"https:\/\/api.w.org\/{rel}","templated":true}]}}