{"id":3367,"date":"2013-01-28T17:24:46","date_gmt":"2013-01-28T20:24:46","guid":{"rendered":"http:\/\/blog.panrotas.com.br\/semreserva\/?p=3367"},"modified":"2013-01-28T17:24:46","modified_gmt":"2013-01-28T20:24:46","slug":"embratur-quer-controle-de-precos-na-aviacao-ou-um-passinho-atras-por-favor","status":"publish","type":"post","link":"https:\/\/blog.panrotas.com.br\/semreserva\/embratur-quer-controle-de-precos-na-aviacao-ou-um-passinho-atras-por-favor\/28-01-2013\/","title":{"rendered":"EMBRATUR QUER CONTROLE DE PRE\u00c7OS NA AVIA\u00c7\u00c3O (OU &#8220;UM PASSINHO ATR\u00c1S, POR FAVOR&#8221;)"},"content":{"rendered":"<p>Depois de anunciar um (no m\u00ednimo, pol\u00eamico) \u201cmonitoramento\u201d do pre\u00e7o de hot\u00e9is no Brasil e no mundo, Fl\u00e1vio Dino, presidente da Embratur, \u00f3rg\u00e3o do governo federal subordinado ao Minist\u00e9rio do Turismo e cuja miss\u00e3o \u00e9 cuidar da promo\u00e7\u00e3o do Brasil no Exterior, agora d\u00e1 seu parecer sobre a avia\u00e7\u00e3o brasileira.<\/p>\n<p>Em entrevista ao Valor Econ\u00f4mico, Dino sugere um teto para as tarifas das empresas a\u00e9reas, \u201cpara coibir abusos\u201d, e a cabotagem dom\u00e9stica, permitindo que empresas estrangeiras operem voos no Brasil.<\/p>\n<p>Ou Dino, sabe de algo que o mercado desconhece, ou ele desconhece como funciona a avia\u00e7\u00e3o no Brasil e no mundo. As companhias a\u00e9reas nacionais tiveram preju\u00edzos bilion\u00e1rios em 2012; segundo a Anac,\u00a070% das tarifas a\u00e9reas vendidas foram a menos de R$ 300 em 2012, 15% abaixo de R$ 100 e apenas 0,23% acima de R$ 1,5 mil. Sem falar na falta de infraestrutura para que a avia\u00e7\u00e3o cres\u00e7a como merece e precisa.\u00a0\u00a0<\/p>\n<p>Dino quer colocar as duas sugest\u00f5es no projeto de lei 6716\/2009, pronto para ser votado e que aumenta de 20% para 49% a participa\u00e7\u00e3o de estrangeiras em empresas nacionais.<\/p>\n<p>O mercado de avia\u00e7\u00e3o e o trade tur\u00edstico est\u00e3o surpresos com as propostas, que, supondo que fossem aprovadas, levariam a uma guerra tarif\u00e1ria sem fim e que acabaria, j\u00e1 sabemos, com o fim das empresas nacionais.\u00a0Terminar com a liberdade tarif\u00e1ria n\u00e3o significaria pre\u00e7os menores. E nem a garantia de mais cidades servidas. Pois voar entre o Rio e S\u00e3o Paulo todo mundo quer, mas ligar o Nordeste, por exemplo, ningu\u00e9m conseguiu at\u00e9 hoje.<\/p>\n<p>Para Fl\u00e1vio Dino, se as empresas nacionais n\u00e3o conseguem sobreviver em um ambiente competitivo (assim como no caso dos hot\u00e9is Dino ignora diferen\u00e7as de custo, impostos, pol\u00edticas governamentais e leis da concorr\u00eancia ao comparar uma empresa brasileira com qualquer outra estrangeira), \u201cseria melhor estatizar\u201d.<\/p>\n<p>A pergunta que fica \u00e9: como ter estrangeiras operando entre Bras\u00edlia e Salvador e ter um pre\u00e7o m\u00e1ximo de R$ 500 (hipot\u00e9tico) para a mesma rota, trar\u00e3o mais turistas estrangeiros para o Brasil?<\/p>\n<p>Pensando na mesma linha,\u00a0o presidente da Atout France, da Fran\u00e7a, pa\u00eds l\u00edder no recebimento de turistas estrangeiros, se daria melhor na presid\u00eancia da Embratur? Ou mesmo\u00a0o presidente do Instituto de Turismo da Argentina, pa\u00eds vizinho que recebe mais turistas que o Brasil&#8230; CLARO QUE N\u00c3O!!!<\/p>\n<p>Vamos aguardar o que a Abear e a SAC t\u00eam a dizer&#8230; A Anac j\u00e1 se pronunciou, via comunicado, na reportagem do Valor. Afinal, precisamos saber qual a pol\u00edtica do governo federal para a avia\u00e7\u00e3o brasileira.<\/p>\n<p>Para ler a mat\u00e9ria do Valor:<\/p>\n<p><a href=\"http:\/\/www.valor.com.br\/empresas\/2985422\/embratur-quer-teto-para-bilhete-aereo\">http:\/\/www.valor.com.br\/empresas\/2985422\/embratur-quer-teto-para-bilhete-aereo<\/a><\/p>\n<p>PS.: Em um governo e um Pa\u00eds que nunca foram ao socorro de uma empresa a\u00e9rea sequer, ao contr\u00e1rio de meio mundo p\u00f3s 11\/9 e de pa\u00edses que ainda mant\u00eam empresas estatais ou com incentivos, um governo e um Pa\u00eds que usam a lei da reciprocidade e o orgulho nacional para exigirem vistos de turistas americanos e de outros pa\u00edses (o que ajudaria na meta d\u00e1 Embratur para aumentar o n\u00famero de visitantes), um governo e um Pa\u00eds que apostam no produto nacional&#8230; aparecer uma ideia como essa, que no fundo entrega a avia\u00e7\u00e3o nacional a estrangeiros, \u00e9 no m\u00ednimo estranho.<\/p>\n","protected":false},"excerpt":{"rendered":"<p>Depois de anunciar um (no m\u00ednimo, pol\u00eamico) \u201cmonitoramento\u201d do pre\u00e7o de hot\u00e9is no Brasil e no mundo, Fl\u00e1vio Dino, presidente da Embratur, \u00f3rg\u00e3o do governo federal subordinado ao Minist\u00e9rio do Turismo e cuja miss\u00e3o \u00e9 cuidar da promo\u00e7\u00e3o do Brasil no Exterior, agora d\u00e1 seu parecer sobre a avia\u00e7\u00e3o brasileira. Em entrevista ao Valor Econ\u00f4mico, [&hellip;]<\/p>\n","protected":false},"author":7,"featured_media":0,"comment_status":"open","ping_status":"open","sticky":false,"template":"","format":"standard","meta":{"spay_email":""},"categories":[2],"tags":[],"yoast_head":"<!-- This site is optimized with the Yoast SEO plugin v17.3 - https:\/\/yoast.com\/wordpress\/plugins\/seo\/ -->\n<title>EMBRATUR QUER CONTROLE DE PRE\u00c7OS NA AVIA\u00c7\u00c3O (OU &quot;UM PASSINHO ATR\u00c1S, POR FAVOR&quot;) -<\/title>\n<meta name=\"description\" content=\"EMBRATUR QUER CONTROLE DE PRE\u00c7OS NA AVIA\u00c7\u00c3O (OU &quot;UM PASSINHO ATR\u00c1S, POR FAVOR&quot;). Confira essa Mat\u00e9ria no Canal Sem reserva. \u27a4 Projeto em parceria com a PANROTAS.\" \/>\n<meta name=\"robots\" content=\"index, follow, max-snippet:-1, max-image-preview:large, max-video-preview:-1\" \/>\n<link rel=\"canonical\" href=\"https:\/\/blog.panrotas.com.br\/semreserva\/embratur-quer-controle-de-precos-na-aviacao-ou-um-passinho-atras-por-favor\/28-01-2013\/\" \/>\n<meta property=\"og:locale\" content=\"pt_BR\" \/>\n<meta property=\"og:type\" content=\"article\" \/>\n<meta property=\"og:title\" content=\"EMBRATUR QUER CONTROLE DE PRE\u00c7OS NA AVIA\u00c7\u00c3O (OU &quot;UM PASSINHO ATR\u00c1S, POR FAVOR&quot;) -\" \/>\n<meta property=\"og:description\" content=\"EMBRATUR QUER CONTROLE DE PRE\u00c7OS NA AVIA\u00c7\u00c3O (OU &quot;UM PASSINHO ATR\u00c1S, POR FAVOR&quot;). Confira essa Mat\u00e9ria no Canal Sem reserva. \u27a4 Projeto em parceria com a PANROTAS.\" \/>\n<meta property=\"og:url\" content=\"https:\/\/blog.panrotas.com.br\/semreserva\/embratur-quer-controle-de-precos-na-aviacao-ou-um-passinho-atras-por-favor\/28-01-2013\/\" \/>\n<meta property=\"og:site_name\" content=\"Sem reserva\" \/>\n<meta property=\"article:publisher\" content=\"https:\/\/www.facebook.com\/portalpanrotas\/\" \/>\n<meta property=\"article:published_time\" content=\"2013-01-28T20:24:46+00:00\" \/>\n<meta name=\"twitter:card\" content=\"summary_large_image\" \/>\n<meta name=\"twitter:creator\" content=\"@portalpanrotas\" \/>\n<meta name=\"twitter:site\" content=\"@portalpanrotas\" \/>\n<meta name=\"twitter:label1\" content=\"Escrito por\" \/>\n\t<meta name=\"twitter:data1\" content=\"Artur Andrade\" \/>\n\t<meta name=\"twitter:label2\" content=\"Est. tempo de leitura\" \/>\n\t<meta name=\"twitter:data2\" content=\"3 minutos\" \/>\n<script type=\"application\/ld+json\" class=\"yoast-schema-graph\">{\"@context\":\"https:\/\/schema.org\",\"@graph\":[{\"@type\":\"Organization\",\"@id\":\"http:\/\/blog.panrotas.com.br\/semreserva\/#organization\",\"name\":\"Sem Reserva - Blog no Portal PANROTAS\",\"url\":\"http:\/\/blog.panrotas.com.br\/semreserva\/\",\"sameAs\":[\"https:\/\/www.facebook.com\/portalpanrotas\/\",\"https:\/\/www.instagram.com\/portalpanrotas\/\",\"https:\/\/br.linkedin.com\/company\/panrotas\",\"https:\/\/www.youtube.com\/tvpanrotas\",\"https:\/\/twitter.com\/portalpanrotas\"],\"logo\":{\"@type\":\"ImageObject\",\"@id\":\"http:\/\/blog.panrotas.com.br\/semreserva\/#logo\",\"inLanguage\":\"pt-BR\",\"url\":\"https:\/\/blog.panrotas.com.br\/semreserva\/wp-content\/uploads\/sites\/5\/2020\/06\/logo.png\",\"contentUrl\":\"https:\/\/blog.panrotas.com.br\/semreserva\/wp-content\/uploads\/sites\/5\/2020\/06\/logo.png\",\"width\":259,\"height\":53,\"caption\":\"Sem Reserva - Blog no Portal PANROTAS\"},\"image\":{\"@id\":\"http:\/\/blog.panrotas.com.br\/semreserva\/#logo\"}},{\"@type\":\"WebSite\",\"@id\":\"http:\/\/blog.panrotas.com.br\/semreserva\/#website\",\"url\":\"http:\/\/blog.panrotas.com.br\/semreserva\/\",\"name\":\"Sem reserva\",\"description\":\"Blogosfera PANROTAS\",\"publisher\":{\"@id\":\"http:\/\/blog.panrotas.com.br\/semreserva\/#organization\"},\"potentialAction\":[{\"@type\":\"SearchAction\",\"target\":{\"@type\":\"EntryPoint\",\"urlTemplate\":\"http:\/\/blog.panrotas.com.br\/semreserva\/?s={search_term_string}\"},\"query-input\":\"required name=search_term_string\"}],\"inLanguage\":\"pt-BR\"},{\"@type\":\"WebPage\",\"@id\":\"https:\/\/blog.panrotas.com.br\/semreserva\/embratur-quer-controle-de-precos-na-aviacao-ou-um-passinho-atras-por-favor\/28-01-2013\/#webpage\",\"url\":\"https:\/\/blog.panrotas.com.br\/semreserva\/embratur-quer-controle-de-precos-na-aviacao-ou-um-passinho-atras-por-favor\/28-01-2013\/\",\"name\":\"EMBRATUR QUER CONTROLE DE PRE\\u00c7OS NA AVIA\\u00c7\\u00c3O (OU \\\"UM PASSINHO ATR\\u00c1S, POR FAVOR\\\") -\",\"isPartOf\":{\"@id\":\"http:\/\/blog.panrotas.com.br\/semreserva\/#website\"},\"datePublished\":\"2013-01-28T20:24:46+00:00\",\"dateModified\":\"2013-01-28T20:24:46+00:00\",\"description\":\"EMBRATUR QUER CONTROLE DE PRE\\u00c7OS NA AVIA\\u00c7\\u00c3O (OU \\\"UM PASSINHO ATR\\u00c1S, POR FAVOR\\\"). Confira essa Mat\\u00e9ria no Canal Sem reserva. \\u27a4 Projeto em parceria com a PANROTAS.\",\"breadcrumb\":{\"@id\":\"https:\/\/blog.panrotas.com.br\/semreserva\/embratur-quer-controle-de-precos-na-aviacao-ou-um-passinho-atras-por-favor\/28-01-2013\/#breadcrumb\"},\"inLanguage\":\"pt-BR\",\"potentialAction\":[{\"@type\":\"ReadAction\",\"target\":[\"https:\/\/blog.panrotas.com.br\/semreserva\/embratur-quer-controle-de-precos-na-aviacao-ou-um-passinho-atras-por-favor\/28-01-2013\/\"]}]},{\"@type\":\"BreadcrumbList\",\"@id\":\"https:\/\/blog.panrotas.com.br\/semreserva\/embratur-quer-controle-de-precos-na-aviacao-ou-um-passinho-atras-por-favor\/28-01-2013\/#breadcrumb\",\"itemListElement\":[{\"@type\":\"ListItem\",\"position\":1,\"name\":\"Home do Blog\",\"item\":\"http:\/\/blog.panrotas.com.br\/semreserva\/\"},{\"@type\":\"ListItem\",\"position\":2,\"name\":\"Dia a dia\",\"item\":\"https:\/\/blog.panrotas.com.br\/semreserva\/category\/dia-a-dia\/\"},{\"@type\":\"ListItem\",\"position\":3,\"name\":\"EMBRATUR QUER CONTROLE DE PRE\\u00c7OS NA AVIA\\u00c7\\u00c3O (OU &#8220;UM PASSINHO ATR\\u00c1S, POR FAVOR&#8221;)\"}]},{\"@type\":\"Article\",\"@id\":\"https:\/\/blog.panrotas.com.br\/semreserva\/embratur-quer-controle-de-precos-na-aviacao-ou-um-passinho-atras-por-favor\/28-01-2013\/#article\",\"isPartOf\":{\"@id\":\"https:\/\/blog.panrotas.com.br\/semreserva\/embratur-quer-controle-de-precos-na-aviacao-ou-um-passinho-atras-por-favor\/28-01-2013\/#webpage\"},\"author\":{\"@id\":\"http:\/\/blog.panrotas.com.br\/semreserva\/#\/schema\/person\/c93b4555f6a497d2d83c25dcb80f61ed\"},\"headline\":\"EMBRATUR QUER CONTROLE DE PRE\\u00c7OS NA AVIA\\u00c7\\u00c3O (OU &#8220;UM PASSINHO ATR\\u00c1S, POR FAVOR&#8221;)\",\"datePublished\":\"2013-01-28T20:24:46+00:00\",\"dateModified\":\"2013-01-28T20:24:46+00:00\",\"mainEntityOfPage\":{\"@id\":\"https:\/\/blog.panrotas.com.br\/semreserva\/embratur-quer-controle-de-precos-na-aviacao-ou-um-passinho-atras-por-favor\/28-01-2013\/#webpage\"},\"wordCount\":595,\"commentCount\":0,\"publisher\":{\"@id\":\"http:\/\/blog.panrotas.com.br\/semreserva\/#organization\"},\"articleSection\":[\"Dia a dia\"],\"inLanguage\":\"pt-BR\",\"potentialAction\":[{\"@type\":\"CommentAction\",\"name\":\"Comment\",\"target\":[\"https:\/\/blog.panrotas.com.br\/semreserva\/embratur-quer-controle-de-precos-na-aviacao-ou-um-passinho-atras-por-favor\/28-01-2013\/#respond\"]}]},{\"@type\":\"Person\",\"@id\":\"http:\/\/blog.panrotas.com.br\/semreserva\/#\/schema\/person\/c93b4555f6a497d2d83c25dcb80f61ed\",\"name\":\"Artur Andrade\",\"image\":{\"@type\":\"ImageObject\",\"@id\":\"http:\/\/blog.panrotas.com.br\/semreserva\/#personlogo\",\"inLanguage\":\"pt-BR\",\"url\":\"https:\/\/secure.gravatar.com\/avatar\/a94564d630220cefd5c82f3452ac1ef4?s=96&d=mm&r=g\",\"contentUrl\":\"https:\/\/secure.gravatar.com\/avatar\/a94564d630220cefd5c82f3452ac1ef4?s=96&d=mm&r=g\",\"caption\":\"Artur Andrade\"},\"description\":\"Artur Luiz Andrade \\u00e9 carioca, taurino, jornalista e nasceu em 1969. \\u00c9 editor-chefe da PANROTAS Editora e mora em S\\u00e3o Paulo desde 1998\",\"sameAs\":[\"http:\/\/www.panrotas.com.br\"]}]}<\/script>\n<!-- \/ Yoast SEO plugin. -->","yoast_head_json":{"title":"EMBRATUR QUER CONTROLE DE PRE\u00c7OS NA AVIA\u00c7\u00c3O (OU \"UM PASSINHO ATR\u00c1S, POR FAVOR\") -","description":"EMBRATUR QUER CONTROLE DE PRE\u00c7OS NA AVIA\u00c7\u00c3O (OU \"UM PASSINHO ATR\u00c1S, POR FAVOR\"). Confira essa Mat\u00e9ria no Canal Sem reserva. \u27a4 Projeto em parceria com a PANROTAS.","robots":{"index":"index","follow":"follow","max-snippet":"max-snippet:-1","max-image-preview":"max-image-preview:large","max-video-preview":"max-video-preview:-1"},"canonical":"https:\/\/blog.panrotas.com.br\/semreserva\/embratur-quer-controle-de-precos-na-aviacao-ou-um-passinho-atras-por-favor\/28-01-2013\/","og_locale":"pt_BR","og_type":"article","og_title":"EMBRATUR QUER CONTROLE DE PRE\u00c7OS NA AVIA\u00c7\u00c3O (OU \"UM PASSINHO ATR\u00c1S, POR FAVOR\") -","og_description":"EMBRATUR QUER CONTROLE DE PRE\u00c7OS NA AVIA\u00c7\u00c3O (OU \"UM PASSINHO ATR\u00c1S, POR FAVOR\"). Confira essa Mat\u00e9ria no Canal Sem reserva. \u27a4 Projeto em parceria com a PANROTAS.","og_url":"https:\/\/blog.panrotas.com.br\/semreserva\/embratur-quer-controle-de-precos-na-aviacao-ou-um-passinho-atras-por-favor\/28-01-2013\/","og_site_name":"Sem reserva","article_publisher":"https:\/\/www.facebook.com\/portalpanrotas\/","article_published_time":"2013-01-28T20:24:46+00:00","twitter_card":"summary_large_image","twitter_creator":"@portalpanrotas","twitter_site":"@portalpanrotas","twitter_misc":{"Escrito por":"Artur Andrade","Est. tempo de leitura":"3 minutos"},"schema":{"@context":"https:\/\/schema.org","@graph":[{"@type":"Organization","@id":"http:\/\/blog.panrotas.com.br\/semreserva\/#organization","name":"Sem Reserva - Blog no Portal PANROTAS","url":"http:\/\/blog.panrotas.com.br\/semreserva\/","sameAs":["https:\/\/www.facebook.com\/portalpanrotas\/","https:\/\/www.instagram.com\/portalpanrotas\/","https:\/\/br.linkedin.com\/company\/panrotas","https:\/\/www.youtube.com\/tvpanrotas","https:\/\/twitter.com\/portalpanrotas"],"logo":{"@type":"ImageObject","@id":"http:\/\/blog.panrotas.com.br\/semreserva\/#logo","inLanguage":"pt-BR","url":"https:\/\/blog.panrotas.com.br\/semreserva\/wp-content\/uploads\/sites\/5\/2020\/06\/logo.png","contentUrl":"https:\/\/blog.panrotas.com.br\/semreserva\/wp-content\/uploads\/sites\/5\/2020\/06\/logo.png","width":259,"height":53,"caption":"Sem Reserva - Blog no Portal PANROTAS"},"image":{"@id":"http:\/\/blog.panrotas.com.br\/semreserva\/#logo"}},{"@type":"WebSite","@id":"http:\/\/blog.panrotas.com.br\/semreserva\/#website","url":"http:\/\/blog.panrotas.com.br\/semreserva\/","name":"Sem reserva","description":"Blogosfera PANROTAS","publisher":{"@id":"http:\/\/blog.panrotas.com.br\/semreserva\/#organization"},"potentialAction":[{"@type":"SearchAction","target":{"@type":"EntryPoint","urlTemplate":"http:\/\/blog.panrotas.com.br\/semreserva\/?s={search_term_string}"},"query-input":"required name=search_term_string"}],"inLanguage":"pt-BR"},{"@type":"WebPage","@id":"https:\/\/blog.panrotas.com.br\/semreserva\/embratur-quer-controle-de-precos-na-aviacao-ou-um-passinho-atras-por-favor\/28-01-2013\/#webpage","url":"https:\/\/blog.panrotas.com.br\/semreserva\/embratur-quer-controle-de-precos-na-aviacao-ou-um-passinho-atras-por-favor\/28-01-2013\/","name":"EMBRATUR QUER CONTROLE DE PRE\u00c7OS NA AVIA\u00c7\u00c3O (OU \"UM PASSINHO ATR\u00c1S, POR FAVOR\") -","isPartOf":{"@id":"http:\/\/blog.panrotas.com.br\/semreserva\/#website"},"datePublished":"2013-01-28T20:24:46+00:00","dateModified":"2013-01-28T20:24:46+00:00","description":"EMBRATUR QUER CONTROLE DE PRE\u00c7OS NA AVIA\u00c7\u00c3O (OU \"UM PASSINHO ATR\u00c1S, POR FAVOR\"). Confira essa Mat\u00e9ria no Canal Sem reserva. \u27a4 Projeto em parceria com a PANROTAS.","breadcrumb":{"@id":"https:\/\/blog.panrotas.com.br\/semreserva\/embratur-quer-controle-de-precos-na-aviacao-ou-um-passinho-atras-por-favor\/28-01-2013\/#breadcrumb"},"inLanguage":"pt-BR","potentialAction":[{"@type":"ReadAction","target":["https:\/\/blog.panrotas.com.br\/semreserva\/embratur-quer-controle-de-precos-na-aviacao-ou-um-passinho-atras-por-favor\/28-01-2013\/"]}]},{"@type":"BreadcrumbList","@id":"https:\/\/blog.panrotas.com.br\/semreserva\/embratur-quer-controle-de-precos-na-aviacao-ou-um-passinho-atras-por-favor\/28-01-2013\/#breadcrumb","itemListElement":[{"@type":"ListItem","position":1,"name":"Home do Blog","item":"http:\/\/blog.panrotas.com.br\/semreserva\/"},{"@type":"ListItem","position":2,"name":"Dia a dia","item":"https:\/\/blog.panrotas.com.br\/semreserva\/category\/dia-a-dia\/"},{"@type":"ListItem","position":3,"name":"EMBRATUR QUER CONTROLE DE PRE\u00c7OS NA AVIA\u00c7\u00c3O (OU &#8220;UM PASSINHO ATR\u00c1S, POR FAVOR&#8221;)"}]},{"@type":"Article","@id":"https:\/\/blog.panrotas.com.br\/semreserva\/embratur-quer-controle-de-precos-na-aviacao-ou-um-passinho-atras-por-favor\/28-01-2013\/#article","isPartOf":{"@id":"https:\/\/blog.panrotas.com.br\/semreserva\/embratur-quer-controle-de-precos-na-aviacao-ou-um-passinho-atras-por-favor\/28-01-2013\/#webpage"},"author":{"@id":"http:\/\/blog.panrotas.com.br\/semreserva\/#\/schema\/person\/c93b4555f6a497d2d83c25dcb80f61ed"},"headline":"EMBRATUR QUER CONTROLE DE PRE\u00c7OS NA AVIA\u00c7\u00c3O (OU &#8220;UM PASSINHO ATR\u00c1S, POR FAVOR&#8221;)","datePublished":"2013-01-28T20:24:46+00:00","dateModified":"2013-01-28T20:24:46+00:00","mainEntityOfPage":{"@id":"https:\/\/blog.panrotas.com.br\/semreserva\/embratur-quer-controle-de-precos-na-aviacao-ou-um-passinho-atras-por-favor\/28-01-2013\/#webpage"},"wordCount":595,"commentCount":0,"publisher":{"@id":"http:\/\/blog.panrotas.com.br\/semreserva\/#organization"},"articleSection":["Dia a dia"],"inLanguage":"pt-BR","potentialAction":[{"@type":"CommentAction","name":"Comment","target":["https:\/\/blog.panrotas.com.br\/semreserva\/embratur-quer-controle-de-precos-na-aviacao-ou-um-passinho-atras-por-favor\/28-01-2013\/#respond"]}]},{"@type":"Person","@id":"http:\/\/blog.panrotas.com.br\/semreserva\/#\/schema\/person\/c93b4555f6a497d2d83c25dcb80f61ed","name":"Artur Andrade","image":{"@type":"ImageObject","@id":"http:\/\/blog.panrotas.com.br\/semreserva\/#personlogo","inLanguage":"pt-BR","url":"https:\/\/secure.gravatar.com\/avatar\/a94564d630220cefd5c82f3452ac1ef4?s=96&d=mm&r=g","contentUrl":"https:\/\/secure.gravatar.com\/avatar\/a94564d630220cefd5c82f3452ac1ef4?s=96&d=mm&r=g","caption":"Artur Andrade"},"description":"Artur Luiz Andrade \u00e9 carioca, taurino, jornalista e nasceu em 1969. \u00c9 editor-chefe da PANROTAS Editora e mora em S\u00e3o Paulo desde 1998","sameAs":["http:\/\/www.panrotas.com.br"]}]}},"jetpack_featured_media_url":"","jetpack_shortlink":"https:\/\/wp.me\/p7idIU-Sj","_links":{"self":[{"href":"https:\/\/blog.panrotas.com.br\/semreserva\/wp-json\/wp\/v2\/posts\/3367"}],"collection":[{"href":"https:\/\/blog.panrotas.com.br\/semreserva\/wp-json\/wp\/v2\/posts"}],"about":[{"href":"https:\/\/blog.panrotas.com.br\/semreserva\/wp-json\/wp\/v2\/types\/post"}],"author":[{"embeddable":true,"href":"https:\/\/blog.panrotas.com.br\/semreserva\/wp-json\/wp\/v2\/users\/7"}],"replies":[{"embeddable":true,"href":"https:\/\/blog.panrotas.com.br\/semreserva\/wp-json\/wp\/v2\/comments?post=3367"}],"version-history":[{"count":0,"href":"https:\/\/blog.panrotas.com.br\/semreserva\/wp-json\/wp\/v2\/posts\/3367\/revisions"}],"wp:attachment":[{"href":"https:\/\/blog.panrotas.com.br\/semreserva\/wp-json\/wp\/v2\/media?parent=3367"}],"wp:term":[{"taxonomy":"category","embeddable":true,"href":"https:\/\/blog.panrotas.com.br\/semreserva\/wp-json\/wp\/v2\/categories?post=3367"},{"taxonomy":"post_tag","embeddable":true,"href":"https:\/\/blog.panrotas.com.br\/semreserva\/wp-json\/wp\/v2\/tags?post=3367"}],"curies":[{"name":"wp","href":"https:\/\/api.w.org\/{rel}","templated":true}]}}