{"id":3576,"date":"2013-05-27T00:06:36","date_gmt":"2013-05-27T03:06:36","guid":{"rendered":"http:\/\/blog.panrotas.com.br\/semreserva\/?p=3576"},"modified":"2013-05-27T00:06:36","modified_gmt":"2013-05-27T03:06:36","slug":"numeros-nao-mentem-nos-humanos-sim","status":"publish","type":"post","link":"https:\/\/blog.panrotas.com.br\/semreserva\/numeros-nao-mentem-nos-humanos-sim\/27-05-2013\/","title":{"rendered":"N\u00daMEROS N\u00c3O MENTEM. N\u00d3S, HUMANOS, SIM"},"content":{"rendered":"<p>Confesso que fiquei surpreso com a troca na presid\u00eancia da Tam. Talvez por n\u00e3o estar acostumado ao mercado financeiro, \u00e0 rela\u00e7\u00e3o de acionistas com os executivos que cuidam de seus ativos. Troquei algumas impress\u00f5es com alguns cabe\u00e7as do turismo e a conclus\u00e3o \u00e9 a mesma: o acionista quer resultado. E os n\u00fameros n\u00e3o mentem. Tamb\u00e9m gostava muito das conversas com o Marco Antonio Bologna e ele sempre me passou uma vis\u00e3o l\u00facida e moderna da avia\u00e7\u00e3o.<\/p>\n<p>Mas em um mercado em que duas empresas dominam a oferta e a demanda no dom\u00e9stico, perder dinheiro requer explica\u00e7\u00f5es. H\u00e1 muitas, algumas alheias ao controle dos presidentes de a\u00e9reas. Mas h\u00e1 a\u00e7\u00f5es cujos resultados n\u00e3o s\u00e3o perdoados.<\/p>\n<p>Eu j\u00e1 havia comentado com alguns no F\u00f3rum PANROTAS que o mercado estava achando a Tam um tanto amarrada, burocr\u00e1tica e com regras que n\u00e3o cabiam no Brasil. V\u00e1rios me falaram sobre isso.<\/p>\n<p>H\u00e1 duas semanas, falei novamente com algumas grandes empresas. Semana passada, a Abracorp divulgou seus resultados. Gol vendendo mais que a Tam no dom\u00e9stico. Ser\u00e1 uma tend\u00eancia? OK, vender mais n\u00e3o significa ganhar mais dinheiro. Mas h\u00e1 mais executivos, viajantes de neg\u00f3cios e clientes dessas grandes empresas viajando mais de Gol que de Tam dentro do Brasil. \u00c9 algo normal? M\u00e9rito da Gol? Estrat\u00e9gia da Tam para apostar em resultados? N\u00e3o sabemos.<\/p>\n<p>Viajei h\u00e1 pouco tempo de Tam no internacional e n\u00e3o reconheci o bom atendimento que h\u00e1 nos voos dom\u00e9sticos. A funcion\u00e1ria que me atendeu no check-in em Nova York falava em espanhol comigo. En Brasil, hablamos portugu\u00eas&#8230; In the US, English is the official language.<\/p>\n<p>Enfim, confesso que tamb\u00e9m me surpreendi, mas gostei da ousadia de terem oferecido o cargo de presidente a Claudia Sender. Jovem, mulher, veio de fora do turismo (assim como o Paulo Kakinoff, da Gol)&#8230; Fez uma \u00f3tima palestra no Lacte. \u00d3tima entrevistada. Dura e decidida, mas simp\u00e1tica ao mesmo tempo&#8230; Uma escolha bem interessante. Acionistas fazem apostas, certo?<\/p>\n<p>O turismo est\u00e1 cheio de gente \u201cnova\u201d (Claudia, Kakinoff, Falco&#8230;), ajudando a mudar e tendo a ajuda, claro, dos especialistas do setor&#8230; Uma combina\u00e7\u00e3o que tem tudo para dar certo.<\/p>\n<p>Falta o governo ajudar.<\/p>\n<p>Nem acreditei que mais uma vez o presidente da Embratur foi reclamar da hotelaria carioca&#8230; ou brasileira&#8230; que seja. E decidi que n\u00e3o vou comentar. Os acionistas da Embratur que saibam analisar falas e resultados, discursos e n\u00fameros.<\/p>\n<p>Boa sorte, Cl\u00e1udia, Falco, Kakinoff, Patriani, Efromovich, Bonadona, Louro, Neeleman, Paulus, Sampaio, Chieko, Dias, Alcorta, enfim, a todos os grandes profissionais e empreendedores\u00a0da iniciativa privada do turismo brasileiro. Voc\u00eas e todos os demais que constru\u00edram e constroem\u00a0o turismo no Brasil. O m\u00e9rito \u00e9 todo de voc\u00eas. E s\u00f3 de voc\u00eas.<\/p>\n","protected":false},"excerpt":{"rendered":"<p>Confesso que fiquei surpreso com a troca na presid\u00eancia da Tam. Talvez por n\u00e3o estar acostumado ao mercado financeiro, \u00e0 rela\u00e7\u00e3o de acionistas com os executivos que cuidam de seus ativos. Troquei algumas impress\u00f5es com alguns cabe\u00e7as do turismo e a conclus\u00e3o \u00e9 a mesma: o acionista quer resultado. E os n\u00fameros n\u00e3o mentem. Tamb\u00e9m [&hellip;]<\/p>\n","protected":false},"author":7,"featured_media":0,"comment_status":"open","ping_status":"open","sticky":false,"template":"","format":"standard","meta":{"spay_email":""},"categories":[2],"tags":[],"yoast_head":"<!-- This site is optimized with the Yoast SEO plugin v17.3 - https:\/\/yoast.com\/wordpress\/plugins\/seo\/ -->\n<title>N\u00daMEROS N\u00c3O MENTEM. N\u00d3S, HUMANOS, SIM -<\/title>\n<meta name=\"description\" content=\"N\u00daMEROS N\u00c3O MENTEM. N\u00d3S, HUMANOS, SIM. Confira essa Mat\u00e9ria no Canal Sem reserva. \u27a4 Projeto em parceria com a PANROTAS.\" \/>\n<meta name=\"robots\" content=\"index, follow, max-snippet:-1, max-image-preview:large, max-video-preview:-1\" \/>\n<link rel=\"canonical\" href=\"https:\/\/blog.panrotas.com.br\/semreserva\/numeros-nao-mentem-nos-humanos-sim\/27-05-2013\/\" \/>\n<meta property=\"og:locale\" content=\"pt_BR\" \/>\n<meta property=\"og:type\" content=\"article\" \/>\n<meta property=\"og:title\" content=\"N\u00daMEROS N\u00c3O MENTEM. N\u00d3S, HUMANOS, SIM -\" \/>\n<meta property=\"og:description\" content=\"N\u00daMEROS N\u00c3O MENTEM. N\u00d3S, HUMANOS, SIM. Confira essa Mat\u00e9ria no Canal Sem reserva. \u27a4 Projeto em parceria com a PANROTAS.\" \/>\n<meta property=\"og:url\" content=\"https:\/\/blog.panrotas.com.br\/semreserva\/numeros-nao-mentem-nos-humanos-sim\/27-05-2013\/\" \/>\n<meta property=\"og:site_name\" content=\"Sem reserva\" \/>\n<meta property=\"article:publisher\" content=\"https:\/\/www.facebook.com\/portalpanrotas\/\" \/>\n<meta property=\"article:published_time\" content=\"2013-05-27T03:06:36+00:00\" \/>\n<meta name=\"twitter:card\" content=\"summary_large_image\" \/>\n<meta name=\"twitter:creator\" content=\"@portalpanrotas\" \/>\n<meta name=\"twitter:site\" content=\"@portalpanrotas\" \/>\n<meta name=\"twitter:label1\" content=\"Escrito por\" \/>\n\t<meta name=\"twitter:data1\" content=\"Artur Andrade\" \/>\n\t<meta name=\"twitter:label2\" content=\"Est. tempo de leitura\" \/>\n\t<meta name=\"twitter:data2\" content=\"2 minutos\" \/>\n<script type=\"application\/ld+json\" class=\"yoast-schema-graph\">{\"@context\":\"https:\/\/schema.org\",\"@graph\":[{\"@type\":\"Organization\",\"@id\":\"http:\/\/blog.panrotas.com.br\/semreserva\/#organization\",\"name\":\"Sem Reserva - Blog no Portal PANROTAS\",\"url\":\"http:\/\/blog.panrotas.com.br\/semreserva\/\",\"sameAs\":[\"https:\/\/www.facebook.com\/portalpanrotas\/\",\"https:\/\/www.instagram.com\/portalpanrotas\/\",\"https:\/\/br.linkedin.com\/company\/panrotas\",\"https:\/\/www.youtube.com\/tvpanrotas\",\"https:\/\/twitter.com\/portalpanrotas\"],\"logo\":{\"@type\":\"ImageObject\",\"@id\":\"http:\/\/blog.panrotas.com.br\/semreserva\/#logo\",\"inLanguage\":\"pt-BR\",\"url\":\"https:\/\/blog.panrotas.com.br\/semreserva\/wp-content\/uploads\/sites\/5\/2020\/06\/logo.png\",\"contentUrl\":\"https:\/\/blog.panrotas.com.br\/semreserva\/wp-content\/uploads\/sites\/5\/2020\/06\/logo.png\",\"width\":259,\"height\":53,\"caption\":\"Sem Reserva - Blog no Portal PANROTAS\"},\"image\":{\"@id\":\"http:\/\/blog.panrotas.com.br\/semreserva\/#logo\"}},{\"@type\":\"WebSite\",\"@id\":\"http:\/\/blog.panrotas.com.br\/semreserva\/#website\",\"url\":\"http:\/\/blog.panrotas.com.br\/semreserva\/\",\"name\":\"Sem reserva\",\"description\":\"Blogosfera PANROTAS\",\"publisher\":{\"@id\":\"http:\/\/blog.panrotas.com.br\/semreserva\/#organization\"},\"potentialAction\":[{\"@type\":\"SearchAction\",\"target\":{\"@type\":\"EntryPoint\",\"urlTemplate\":\"http:\/\/blog.panrotas.com.br\/semreserva\/?s={search_term_string}\"},\"query-input\":\"required name=search_term_string\"}],\"inLanguage\":\"pt-BR\"},{\"@type\":\"WebPage\",\"@id\":\"https:\/\/blog.panrotas.com.br\/semreserva\/numeros-nao-mentem-nos-humanos-sim\/27-05-2013\/#webpage\",\"url\":\"https:\/\/blog.panrotas.com.br\/semreserva\/numeros-nao-mentem-nos-humanos-sim\/27-05-2013\/\",\"name\":\"N\\u00daMEROS N\\u00c3O MENTEM. N\\u00d3S, HUMANOS, SIM -\",\"isPartOf\":{\"@id\":\"http:\/\/blog.panrotas.com.br\/semreserva\/#website\"},\"datePublished\":\"2013-05-27T03:06:36+00:00\",\"dateModified\":\"2013-05-27T03:06:36+00:00\",\"description\":\"N\\u00daMEROS N\\u00c3O MENTEM. N\\u00d3S, HUMANOS, SIM. Confira essa Mat\\u00e9ria no Canal Sem reserva. \\u27a4 Projeto em parceria com a PANROTAS.\",\"breadcrumb\":{\"@id\":\"https:\/\/blog.panrotas.com.br\/semreserva\/numeros-nao-mentem-nos-humanos-sim\/27-05-2013\/#breadcrumb\"},\"inLanguage\":\"pt-BR\",\"potentialAction\":[{\"@type\":\"ReadAction\",\"target\":[\"https:\/\/blog.panrotas.com.br\/semreserva\/numeros-nao-mentem-nos-humanos-sim\/27-05-2013\/\"]}]},{\"@type\":\"BreadcrumbList\",\"@id\":\"https:\/\/blog.panrotas.com.br\/semreserva\/numeros-nao-mentem-nos-humanos-sim\/27-05-2013\/#breadcrumb\",\"itemListElement\":[{\"@type\":\"ListItem\",\"position\":1,\"name\":\"Home do Blog\",\"item\":\"http:\/\/blog.panrotas.com.br\/semreserva\/\"},{\"@type\":\"ListItem\",\"position\":2,\"name\":\"Dia a dia\",\"item\":\"https:\/\/blog.panrotas.com.br\/semreserva\/category\/dia-a-dia\/\"},{\"@type\":\"ListItem\",\"position\":3,\"name\":\"N\\u00daMEROS N\\u00c3O MENTEM. N\\u00d3S, HUMANOS, SIM\"}]},{\"@type\":\"Article\",\"@id\":\"https:\/\/blog.panrotas.com.br\/semreserva\/numeros-nao-mentem-nos-humanos-sim\/27-05-2013\/#article\",\"isPartOf\":{\"@id\":\"https:\/\/blog.panrotas.com.br\/semreserva\/numeros-nao-mentem-nos-humanos-sim\/27-05-2013\/#webpage\"},\"author\":{\"@id\":\"http:\/\/blog.panrotas.com.br\/semreserva\/#\/schema\/person\/c93b4555f6a497d2d83c25dcb80f61ed\"},\"headline\":\"N\\u00daMEROS N\\u00c3O MENTEM. N\\u00d3S, HUMANOS, SIM\",\"datePublished\":\"2013-05-27T03:06:36+00:00\",\"dateModified\":\"2013-05-27T03:06:36+00:00\",\"mainEntityOfPage\":{\"@id\":\"https:\/\/blog.panrotas.com.br\/semreserva\/numeros-nao-mentem-nos-humanos-sim\/27-05-2013\/#webpage\"},\"wordCount\":495,\"commentCount\":0,\"publisher\":{\"@id\":\"http:\/\/blog.panrotas.com.br\/semreserva\/#organization\"},\"articleSection\":[\"Dia a dia\"],\"inLanguage\":\"pt-BR\",\"potentialAction\":[{\"@type\":\"CommentAction\",\"name\":\"Comment\",\"target\":[\"https:\/\/blog.panrotas.com.br\/semreserva\/numeros-nao-mentem-nos-humanos-sim\/27-05-2013\/#respond\"]}]},{\"@type\":\"Person\",\"@id\":\"http:\/\/blog.panrotas.com.br\/semreserva\/#\/schema\/person\/c93b4555f6a497d2d83c25dcb80f61ed\",\"name\":\"Artur Andrade\",\"image\":{\"@type\":\"ImageObject\",\"@id\":\"http:\/\/blog.panrotas.com.br\/semreserva\/#personlogo\",\"inLanguage\":\"pt-BR\",\"url\":\"https:\/\/secure.gravatar.com\/avatar\/a94564d630220cefd5c82f3452ac1ef4?s=96&d=mm&r=g\",\"contentUrl\":\"https:\/\/secure.gravatar.com\/avatar\/a94564d630220cefd5c82f3452ac1ef4?s=96&d=mm&r=g\",\"caption\":\"Artur Andrade\"},\"description\":\"Artur Luiz Andrade \\u00e9 carioca, taurino, jornalista e nasceu em 1969. \\u00c9 editor-chefe da PANROTAS Editora e mora em S\\u00e3o Paulo desde 1998\",\"sameAs\":[\"http:\/\/www.panrotas.com.br\"]}]}<\/script>\n<!-- \/ Yoast SEO plugin. -->","yoast_head_json":{"title":"N\u00daMEROS N\u00c3O MENTEM. N\u00d3S, HUMANOS, SIM -","description":"N\u00daMEROS N\u00c3O MENTEM. N\u00d3S, HUMANOS, SIM. Confira essa Mat\u00e9ria no Canal Sem reserva. \u27a4 Projeto em parceria com a PANROTAS.","robots":{"index":"index","follow":"follow","max-snippet":"max-snippet:-1","max-image-preview":"max-image-preview:large","max-video-preview":"max-video-preview:-1"},"canonical":"https:\/\/blog.panrotas.com.br\/semreserva\/numeros-nao-mentem-nos-humanos-sim\/27-05-2013\/","og_locale":"pt_BR","og_type":"article","og_title":"N\u00daMEROS N\u00c3O MENTEM. N\u00d3S, HUMANOS, SIM -","og_description":"N\u00daMEROS N\u00c3O MENTEM. N\u00d3S, HUMANOS, SIM. Confira essa Mat\u00e9ria no Canal Sem reserva. \u27a4 Projeto em parceria com a PANROTAS.","og_url":"https:\/\/blog.panrotas.com.br\/semreserva\/numeros-nao-mentem-nos-humanos-sim\/27-05-2013\/","og_site_name":"Sem reserva","article_publisher":"https:\/\/www.facebook.com\/portalpanrotas\/","article_published_time":"2013-05-27T03:06:36+00:00","twitter_card":"summary_large_image","twitter_creator":"@portalpanrotas","twitter_site":"@portalpanrotas","twitter_misc":{"Escrito por":"Artur Andrade","Est. tempo de leitura":"2 minutos"},"schema":{"@context":"https:\/\/schema.org","@graph":[{"@type":"Organization","@id":"http:\/\/blog.panrotas.com.br\/semreserva\/#organization","name":"Sem Reserva - Blog no Portal PANROTAS","url":"http:\/\/blog.panrotas.com.br\/semreserva\/","sameAs":["https:\/\/www.facebook.com\/portalpanrotas\/","https:\/\/www.instagram.com\/portalpanrotas\/","https:\/\/br.linkedin.com\/company\/panrotas","https:\/\/www.youtube.com\/tvpanrotas","https:\/\/twitter.com\/portalpanrotas"],"logo":{"@type":"ImageObject","@id":"http:\/\/blog.panrotas.com.br\/semreserva\/#logo","inLanguage":"pt-BR","url":"https:\/\/blog.panrotas.com.br\/semreserva\/wp-content\/uploads\/sites\/5\/2020\/06\/logo.png","contentUrl":"https:\/\/blog.panrotas.com.br\/semreserva\/wp-content\/uploads\/sites\/5\/2020\/06\/logo.png","width":259,"height":53,"caption":"Sem Reserva - Blog no Portal PANROTAS"},"image":{"@id":"http:\/\/blog.panrotas.com.br\/semreserva\/#logo"}},{"@type":"WebSite","@id":"http:\/\/blog.panrotas.com.br\/semreserva\/#website","url":"http:\/\/blog.panrotas.com.br\/semreserva\/","name":"Sem reserva","description":"Blogosfera PANROTAS","publisher":{"@id":"http:\/\/blog.panrotas.com.br\/semreserva\/#organization"},"potentialAction":[{"@type":"SearchAction","target":{"@type":"EntryPoint","urlTemplate":"http:\/\/blog.panrotas.com.br\/semreserva\/?s={search_term_string}"},"query-input":"required name=search_term_string"}],"inLanguage":"pt-BR"},{"@type":"WebPage","@id":"https:\/\/blog.panrotas.com.br\/semreserva\/numeros-nao-mentem-nos-humanos-sim\/27-05-2013\/#webpage","url":"https:\/\/blog.panrotas.com.br\/semreserva\/numeros-nao-mentem-nos-humanos-sim\/27-05-2013\/","name":"N\u00daMEROS N\u00c3O MENTEM. N\u00d3S, HUMANOS, SIM -","isPartOf":{"@id":"http:\/\/blog.panrotas.com.br\/semreserva\/#website"},"datePublished":"2013-05-27T03:06:36+00:00","dateModified":"2013-05-27T03:06:36+00:00","description":"N\u00daMEROS N\u00c3O MENTEM. N\u00d3S, HUMANOS, SIM. Confira essa Mat\u00e9ria no Canal Sem reserva. \u27a4 Projeto em parceria com a PANROTAS.","breadcrumb":{"@id":"https:\/\/blog.panrotas.com.br\/semreserva\/numeros-nao-mentem-nos-humanos-sim\/27-05-2013\/#breadcrumb"},"inLanguage":"pt-BR","potentialAction":[{"@type":"ReadAction","target":["https:\/\/blog.panrotas.com.br\/semreserva\/numeros-nao-mentem-nos-humanos-sim\/27-05-2013\/"]}]},{"@type":"BreadcrumbList","@id":"https:\/\/blog.panrotas.com.br\/semreserva\/numeros-nao-mentem-nos-humanos-sim\/27-05-2013\/#breadcrumb","itemListElement":[{"@type":"ListItem","position":1,"name":"Home do Blog","item":"http:\/\/blog.panrotas.com.br\/semreserva\/"},{"@type":"ListItem","position":2,"name":"Dia a dia","item":"https:\/\/blog.panrotas.com.br\/semreserva\/category\/dia-a-dia\/"},{"@type":"ListItem","position":3,"name":"N\u00daMEROS N\u00c3O MENTEM. N\u00d3S, HUMANOS, SIM"}]},{"@type":"Article","@id":"https:\/\/blog.panrotas.com.br\/semreserva\/numeros-nao-mentem-nos-humanos-sim\/27-05-2013\/#article","isPartOf":{"@id":"https:\/\/blog.panrotas.com.br\/semreserva\/numeros-nao-mentem-nos-humanos-sim\/27-05-2013\/#webpage"},"author":{"@id":"http:\/\/blog.panrotas.com.br\/semreserva\/#\/schema\/person\/c93b4555f6a497d2d83c25dcb80f61ed"},"headline":"N\u00daMEROS N\u00c3O MENTEM. N\u00d3S, HUMANOS, SIM","datePublished":"2013-05-27T03:06:36+00:00","dateModified":"2013-05-27T03:06:36+00:00","mainEntityOfPage":{"@id":"https:\/\/blog.panrotas.com.br\/semreserva\/numeros-nao-mentem-nos-humanos-sim\/27-05-2013\/#webpage"},"wordCount":495,"commentCount":0,"publisher":{"@id":"http:\/\/blog.panrotas.com.br\/semreserva\/#organization"},"articleSection":["Dia a dia"],"inLanguage":"pt-BR","potentialAction":[{"@type":"CommentAction","name":"Comment","target":["https:\/\/blog.panrotas.com.br\/semreserva\/numeros-nao-mentem-nos-humanos-sim\/27-05-2013\/#respond"]}]},{"@type":"Person","@id":"http:\/\/blog.panrotas.com.br\/semreserva\/#\/schema\/person\/c93b4555f6a497d2d83c25dcb80f61ed","name":"Artur Andrade","image":{"@type":"ImageObject","@id":"http:\/\/blog.panrotas.com.br\/semreserva\/#personlogo","inLanguage":"pt-BR","url":"https:\/\/secure.gravatar.com\/avatar\/a94564d630220cefd5c82f3452ac1ef4?s=96&d=mm&r=g","contentUrl":"https:\/\/secure.gravatar.com\/avatar\/a94564d630220cefd5c82f3452ac1ef4?s=96&d=mm&r=g","caption":"Artur Andrade"},"description":"Artur Luiz Andrade \u00e9 carioca, taurino, jornalista e nasceu em 1969. \u00c9 editor-chefe da PANROTAS Editora e mora em S\u00e3o Paulo desde 1998","sameAs":["http:\/\/www.panrotas.com.br"]}]}},"jetpack_featured_media_url":"","jetpack_shortlink":"https:\/\/wp.me\/p7idIU-VG","_links":{"self":[{"href":"https:\/\/blog.panrotas.com.br\/semreserva\/wp-json\/wp\/v2\/posts\/3576"}],"collection":[{"href":"https:\/\/blog.panrotas.com.br\/semreserva\/wp-json\/wp\/v2\/posts"}],"about":[{"href":"https:\/\/blog.panrotas.com.br\/semreserva\/wp-json\/wp\/v2\/types\/post"}],"author":[{"embeddable":true,"href":"https:\/\/blog.panrotas.com.br\/semreserva\/wp-json\/wp\/v2\/users\/7"}],"replies":[{"embeddable":true,"href":"https:\/\/blog.panrotas.com.br\/semreserva\/wp-json\/wp\/v2\/comments?post=3576"}],"version-history":[{"count":0,"href":"https:\/\/blog.panrotas.com.br\/semreserva\/wp-json\/wp\/v2\/posts\/3576\/revisions"}],"wp:attachment":[{"href":"https:\/\/blog.panrotas.com.br\/semreserva\/wp-json\/wp\/v2\/media?parent=3576"}],"wp:term":[{"taxonomy":"category","embeddable":true,"href":"https:\/\/blog.panrotas.com.br\/semreserva\/wp-json\/wp\/v2\/categories?post=3576"},{"taxonomy":"post_tag","embeddable":true,"href":"https:\/\/blog.panrotas.com.br\/semreserva\/wp-json\/wp\/v2\/tags?post=3576"}],"curies":[{"name":"wp","href":"https:\/\/api.w.org\/{rel}","templated":true}]}}