{"id":3614,"date":"2013-06-02T20:12:50","date_gmt":"2013-06-02T23:12:50","guid":{"rendered":"http:\/\/blog.panrotas.com.br\/semreserva\/?p=3614"},"modified":"2013-06-02T20:12:50","modified_gmt":"2013-06-02T23:12:50","slug":"40-minutos","status":"publish","type":"post","link":"https:\/\/blog.panrotas.com.br\/semreserva\/40-minutos\/02-06-2013\/","title":{"rendered":"40 minutos"},"content":{"rendered":"<p>(clique para aumentar as fotos)<\/p>\n<figure id=\"attachment_3616\" aria-describedby=\"caption-attachment-3616\" style=\"width: 300px\" class=\"wp-caption alignnone\"><a href=\"http:\/\/blog.panrotas.com.br\/semreserva\/wp-content\/uploads\/2013\/06\/P1150415g.jpg\"><img loading=\"lazy\" class=\"size-medium wp-image-3616\" title=\"P1150415g\" src=\"http:\/\/blog.panrotas.com.br\/semreserva\/wp-content\/uploads\/2013\/06\/P1150415g-300x206.jpg\" alt=\"\" width=\"300\" height=\"206\" srcset=\"https:\/\/blog.panrotas.com.br\/semreserva\/wp-content\/uploads\/sites\/5\/2013\/06\/P1150415g-300x206.jpg 300w, https:\/\/blog.panrotas.com.br\/semreserva\/wp-content\/uploads\/sites\/5\/2013\/06\/P1150415g-768x528.jpg 768w, https:\/\/blog.panrotas.com.br\/semreserva\/wp-content\/uploads\/sites\/5\/2013\/06\/P1150415g.jpg 800w\" sizes=\"(max-width: 300px) 100vw, 300px\" \/><\/a><figcaption id=\"caption-attachment-3616\" class=\"wp-caption-text\">Ainda h\u00e1 muita neve, mas a cada dia a paisagem muda em dire\u00e7\u00e3o ao ver\u00e3o no Alasca<\/figcaption><\/figure>\n<p>&nbsp;<\/p>\n<p>40 minutos sobre um glacial. Ch\u00e3o de gelo. Que se move lentgamente. Morre e cresce ao mesmo tempo,\u00a0a cada ver\u00e3o, inverno, ver\u00e3o, inverno&#8230; Bem no come\u00e7o de um deles, onde h\u00e1 menores riscos de desabamentos, buracos encobertos pela neve branca, armadilhas para novatos, desembarcamos de um passeio deslumbrante de helic\u00f3ptero. Visto l\u00e1 de cima ele \u00e9 fascinante. De perto, poderoso, azul e branco, infinito, mesmo n\u00e3o sendo.\u00a0O sobrevoo pela cidade, pelos rios e cachoeiras, pelos lagos congelados, e pelo topo das montanhas ainda cobertas de neve nos preparou para essa chegada. Somente em julho (quase) toda a neve derreter\u00e1. At\u00e9 l\u00e1 inverno e primavera convivem em (des)harmonia). Um querendo ficar. A outra desabrochando. O ver\u00e3o dar\u00e1 o veredicto e com ele vir\u00e3o os ursos, alces e demais animais das montanhas. E o glacial continuar\u00e1 l\u00e1&#8230; G\u00e9lido, mas n\u00e3o impass\u00edvel.<\/p>\n<figure id=\"attachment_3617\" aria-describedby=\"caption-attachment-3617\" style=\"width: 300px\" class=\"wp-caption alignnone\"><a href=\"http:\/\/blog.panrotas.com.br\/semreserva\/wp-content\/uploads\/2013\/06\/P1150443G.jpg\"><img loading=\"lazy\" class=\"size-medium wp-image-3617\" title=\"P1150443G\" src=\"http:\/\/blog.panrotas.com.br\/semreserva\/wp-content\/uploads\/2013\/06\/P1150443G-300x202.jpg\" alt=\"\" width=\"300\" height=\"202\" srcset=\"https:\/\/blog.panrotas.com.br\/semreserva\/wp-content\/uploads\/sites\/5\/2013\/06\/P1150443G-300x202.jpg 300w, https:\/\/blog.panrotas.com.br\/semreserva\/wp-content\/uploads\/sites\/5\/2013\/06\/P1150443G-768x518.jpg 768w, https:\/\/blog.panrotas.com.br\/semreserva\/wp-content\/uploads\/sites\/5\/2013\/06\/P1150443G.jpg 830w\" sizes=\"(max-width: 300px) 100vw, 300px\" \/><\/a><figcaption id=\"caption-attachment-3617\" class=\"wp-caption-text\">L\u00e1 do alto avisto o glacial...<\/figcaption><\/figure>\n<p>Uma experi\u00eancia que vale a viagem, que j\u00e1 vinha sendo surpreendente e bel\u00edssima. Por 40 minutos, nem sentimos frio. Nem nos cansamos de tirar foto. Nem imaginamos como \u00e9 passar todo o inverno cercado de&#8230; gelo.<\/p>\n<figure id=\"attachment_3618\" aria-describedby=\"caption-attachment-3618\" style=\"width: 300px\" class=\"wp-caption alignnone\"><a href=\"http:\/\/blog.panrotas.com.br\/semreserva\/wp-content\/uploads\/2013\/06\/P1150461G.jpg\"><img loading=\"lazy\" class=\"size-medium wp-image-3618\" title=\"P1150461G\" src=\"http:\/\/blog.panrotas.com.br\/semreserva\/wp-content\/uploads\/2013\/06\/P1150461G-300x202.jpg\" alt=\"\" width=\"300\" height=\"202\" srcset=\"https:\/\/blog.panrotas.com.br\/semreserva\/wp-content\/uploads\/sites\/5\/2013\/06\/P1150461G-300x202.jpg 300w, https:\/\/blog.panrotas.com.br\/semreserva\/wp-content\/uploads\/sites\/5\/2013\/06\/P1150461G-768x518.jpg 768w, https:\/\/blog.panrotas.com.br\/semreserva\/wp-content\/uploads\/sites\/5\/2013\/06\/P1150461G.jpg 830w\" sizes=\"(max-width: 300px) 100vw, 300px\" \/><\/a><figcaption id=\"caption-attachment-3618\" class=\"wp-caption-text\">No acampamento...40 minutos explorando o glacial<\/figcaption><\/figure>\n<figure id=\"attachment_3619\" aria-describedby=\"caption-attachment-3619\" style=\"width: 195px\" class=\"wp-caption alignnone\"><a href=\"http:\/\/blog.panrotas.com.br\/semreserva\/wp-content\/uploads\/2013\/06\/P1150484G.jpg\"><img loading=\"lazy\" class=\"size-medium wp-image-3619\" title=\"P1150484G\" src=\"http:\/\/blog.panrotas.com.br\/semreserva\/wp-content\/uploads\/2013\/06\/P1150484G-195x300.jpg\" alt=\"\" width=\"195\" height=\"300\" srcset=\"https:\/\/blog.panrotas.com.br\/semreserva\/wp-content\/uploads\/sites\/5\/2013\/06\/P1150484G-195x300.jpg 195w, https:\/\/blog.panrotas.com.br\/semreserva\/wp-content\/uploads\/sites\/5\/2013\/06\/P1150484G.jpg 560w\" sizes=\"(max-width: 195px) 100vw, 195px\" \/><\/a><figcaption id=\"caption-attachment-3619\" class=\"wp-caption-text\">Tem sangue azul...<\/figcaption><\/figure>\n<figure id=\"attachment_3620\" aria-describedby=\"caption-attachment-3620\" style=\"width: 300px\" class=\"wp-caption alignnone\"><a href=\"http:\/\/blog.panrotas.com.br\/semreserva\/wp-content\/uploads\/2013\/06\/P1150548g.jpg\"><img loading=\"lazy\" class=\"size-medium wp-image-3620\" title=\"P1150548g\" src=\"http:\/\/blog.panrotas.com.br\/semreserva\/wp-content\/uploads\/2013\/06\/P1150548g-300x191.jpg\" alt=\"\" width=\"300\" height=\"191\" \/><\/a><figcaption id=\"caption-attachment-3620\" class=\"wp-caption-text\">N\u00e3o pise na neve fofa branca, ela pode esconder um buraco no glacial... N\u00e3o pise no gelo fino... N\u00e3o corra... N\u00e3o fume<\/figcaption><\/figure>\n<figure id=\"attachment_3621\" aria-describedby=\"caption-attachment-3621\" style=\"width: 300px\" class=\"wp-caption alignnone\"><a href=\"http:\/\/blog.panrotas.com.br\/semreserva\/wp-content\/uploads\/2013\/06\/P1150599g.jpg\"><img loading=\"lazy\" class=\"size-medium wp-image-3621\" title=\"P1150599g\" src=\"http:\/\/blog.panrotas.com.br\/semreserva\/wp-content\/uploads\/2013\/06\/P1150599g-300x191.jpg\" alt=\"\" width=\"300\" height=\"191\" \/><\/a><figcaption id=\"caption-attachment-3621\" class=\"wp-caption-text\">Infinito pois n\u00e3o estaremos aqui para vermos seu fim... a n\u00e3o ser que reencarnemos como uma \u00e1guia, um urso...<\/figcaption><\/figure>\n<figure id=\"attachment_3622\" aria-describedby=\"caption-attachment-3622\" style=\"width: 187px\" class=\"wp-caption alignnone\"><a href=\"http:\/\/blog.panrotas.com.br\/semreserva\/wp-content\/uploads\/2013\/06\/P1150606g.jpg\"><img loading=\"lazy\" class=\"size-medium wp-image-3622\" title=\"P1150606g\" src=\"http:\/\/blog.panrotas.com.br\/semreserva\/wp-content\/uploads\/2013\/06\/P1150606g-187x300.jpg\" alt=\"\" width=\"187\" height=\"300\" \/><\/a><figcaption id=\"caption-attachment-3622\" class=\"wp-caption-text\">LOST<\/figcaption><\/figure>\n<figure id=\"attachment_3623\" aria-describedby=\"caption-attachment-3623\" style=\"width: 187px\" class=\"wp-caption alignnone\"><a href=\"http:\/\/blog.panrotas.com.br\/semreserva\/wp-content\/uploads\/2013\/06\/P1150625g.jpg\"><img loading=\"lazy\" class=\"size-medium wp-image-3623\" title=\"P1150625g\" src=\"http:\/\/blog.panrotas.com.br\/semreserva\/wp-content\/uploads\/2013\/06\/P1150625g-187x300.jpg\" alt=\"\" width=\"187\" height=\"300\" \/><\/a><figcaption id=\"caption-attachment-3623\" class=\"wp-caption-text\">O helic\u00f3ptero faz meia volta e o glacial... segue. Al\u00e9m daqueles picos j\u00e1 \u00e9 o Canad\u00e1<\/figcaption><\/figure>\n<p>Viagem a convite da Oceania Cruises, via American Airlines, com prote\u00e7\u00e3o GTA<\/p>\n","protected":false},"excerpt":{"rendered":"<p>(clique para aumentar as fotos) &nbsp; 40 minutos sobre um glacial. Ch\u00e3o de gelo. Que se move lentgamente. Morre e cresce ao mesmo tempo,\u00a0a cada ver\u00e3o, inverno, ver\u00e3o, inverno&#8230; Bem no come\u00e7o de um deles, onde h\u00e1 menores riscos de desabamentos, buracos encobertos pela neve branca, armadilhas para novatos, desembarcamos de um passeio deslumbrante de [&hellip;]<\/p>\n","protected":false},"author":7,"featured_media":0,"comment_status":"open","ping_status":"open","sticky":false,"template":"","format":"standard","meta":{"spay_email":""},"categories":[2],"tags":[],"yoast_head":"<!-- This site is optimized with the Yoast SEO plugin v17.3 - https:\/\/yoast.com\/wordpress\/plugins\/seo\/ -->\n<title>40 minutos -<\/title>\n<meta name=\"description\" content=\"40 minutos. Confira essa Mat\u00e9ria no Canal Sem reserva. \u27a4 Projeto em parceria com a PANROTAS.\" \/>\n<meta name=\"robots\" content=\"index, follow, max-snippet:-1, max-image-preview:large, max-video-preview:-1\" \/>\n<link rel=\"canonical\" href=\"https:\/\/blog.panrotas.com.br\/semreserva\/40-minutos\/02-06-2013\/\" \/>\n<meta property=\"og:locale\" content=\"pt_BR\" \/>\n<meta property=\"og:type\" content=\"article\" \/>\n<meta property=\"og:title\" content=\"40 minutos -\" \/>\n<meta property=\"og:description\" content=\"40 minutos. Confira essa Mat\u00e9ria no Canal Sem reserva. \u27a4 Projeto em parceria com a PANROTAS.\" \/>\n<meta property=\"og:url\" content=\"https:\/\/blog.panrotas.com.br\/semreserva\/40-minutos\/02-06-2013\/\" \/>\n<meta property=\"og:site_name\" content=\"Sem reserva\" \/>\n<meta property=\"article:publisher\" content=\"https:\/\/www.facebook.com\/portalpanrotas\/\" \/>\n<meta property=\"article:published_time\" content=\"2013-06-02T23:12:50+00:00\" \/>\n<meta property=\"og:image\" content=\"http:\/\/blog.panrotas.com.br\/semreserva\/wp-content\/uploads\/2013\/06\/P1150415g-300x206.jpg\" \/>\n<meta name=\"twitter:card\" content=\"summary_large_image\" \/>\n<meta name=\"twitter:creator\" content=\"@portalpanrotas\" \/>\n<meta name=\"twitter:site\" content=\"@portalpanrotas\" \/>\n<meta name=\"twitter:label1\" content=\"Escrito por\" \/>\n\t<meta name=\"twitter:data1\" content=\"Artur Andrade\" \/>\n\t<meta name=\"twitter:label2\" content=\"Est. tempo de leitura\" \/>\n\t<meta name=\"twitter:data2\" content=\"2 minutos\" \/>\n<script type=\"application\/ld+json\" class=\"yoast-schema-graph\">{\"@context\":\"https:\/\/schema.org\",\"@graph\":[{\"@type\":\"Organization\",\"@id\":\"http:\/\/blog.panrotas.com.br\/semreserva\/#organization\",\"name\":\"Sem Reserva - Blog no Portal PANROTAS\",\"url\":\"http:\/\/blog.panrotas.com.br\/semreserva\/\",\"sameAs\":[\"https:\/\/www.facebook.com\/portalpanrotas\/\",\"https:\/\/www.instagram.com\/portalpanrotas\/\",\"https:\/\/br.linkedin.com\/company\/panrotas\",\"https:\/\/www.youtube.com\/tvpanrotas\",\"https:\/\/twitter.com\/portalpanrotas\"],\"logo\":{\"@type\":\"ImageObject\",\"@id\":\"http:\/\/blog.panrotas.com.br\/semreserva\/#logo\",\"inLanguage\":\"pt-BR\",\"url\":\"https:\/\/blog.panrotas.com.br\/semreserva\/wp-content\/uploads\/sites\/5\/2020\/06\/logo.png\",\"contentUrl\":\"https:\/\/blog.panrotas.com.br\/semreserva\/wp-content\/uploads\/sites\/5\/2020\/06\/logo.png\",\"width\":259,\"height\":53,\"caption\":\"Sem Reserva - Blog no Portal PANROTAS\"},\"image\":{\"@id\":\"http:\/\/blog.panrotas.com.br\/semreserva\/#logo\"}},{\"@type\":\"WebSite\",\"@id\":\"http:\/\/blog.panrotas.com.br\/semreserva\/#website\",\"url\":\"http:\/\/blog.panrotas.com.br\/semreserva\/\",\"name\":\"Sem reserva\",\"description\":\"Blogosfera PANROTAS\",\"publisher\":{\"@id\":\"http:\/\/blog.panrotas.com.br\/semreserva\/#organization\"},\"potentialAction\":[{\"@type\":\"SearchAction\",\"target\":{\"@type\":\"EntryPoint\",\"urlTemplate\":\"http:\/\/blog.panrotas.com.br\/semreserva\/?s={search_term_string}\"},\"query-input\":\"required name=search_term_string\"}],\"inLanguage\":\"pt-BR\"},{\"@type\":\"ImageObject\",\"@id\":\"https:\/\/blog.panrotas.com.br\/semreserva\/40-minutos\/02-06-2013\/#primaryimage\",\"inLanguage\":\"pt-BR\",\"url\":\"http:\/\/blog.panrotas.com.br\/semreserva\/wp-content\/uploads\/2013\/06\/P1150415g-300x206.jpg\",\"contentUrl\":\"http:\/\/blog.panrotas.com.br\/semreserva\/wp-content\/uploads\/2013\/06\/P1150415g-300x206.jpg\"},{\"@type\":\"WebPage\",\"@id\":\"https:\/\/blog.panrotas.com.br\/semreserva\/40-minutos\/02-06-2013\/#webpage\",\"url\":\"https:\/\/blog.panrotas.com.br\/semreserva\/40-minutos\/02-06-2013\/\",\"name\":\"40 minutos -\",\"isPartOf\":{\"@id\":\"http:\/\/blog.panrotas.com.br\/semreserva\/#website\"},\"primaryImageOfPage\":{\"@id\":\"https:\/\/blog.panrotas.com.br\/semreserva\/40-minutos\/02-06-2013\/#primaryimage\"},\"datePublished\":\"2013-06-02T23:12:50+00:00\",\"dateModified\":\"2013-06-02T23:12:50+00:00\",\"description\":\"40 minutos. Confira essa Mat\\u00e9ria no Canal Sem reserva. \\u27a4 Projeto em parceria com a PANROTAS.\",\"breadcrumb\":{\"@id\":\"https:\/\/blog.panrotas.com.br\/semreserva\/40-minutos\/02-06-2013\/#breadcrumb\"},\"inLanguage\":\"pt-BR\",\"potentialAction\":[{\"@type\":\"ReadAction\",\"target\":[\"https:\/\/blog.panrotas.com.br\/semreserva\/40-minutos\/02-06-2013\/\"]}]},{\"@type\":\"BreadcrumbList\",\"@id\":\"https:\/\/blog.panrotas.com.br\/semreserva\/40-minutos\/02-06-2013\/#breadcrumb\",\"itemListElement\":[{\"@type\":\"ListItem\",\"position\":1,\"name\":\"Home do Blog\",\"item\":\"http:\/\/blog.panrotas.com.br\/semreserva\/\"},{\"@type\":\"ListItem\",\"position\":2,\"name\":\"Dia a dia\",\"item\":\"https:\/\/blog.panrotas.com.br\/semreserva\/category\/dia-a-dia\/\"},{\"@type\":\"ListItem\",\"position\":3,\"name\":\"40 minutos\"}]},{\"@type\":\"Article\",\"@id\":\"https:\/\/blog.panrotas.com.br\/semreserva\/40-minutos\/02-06-2013\/#article\",\"isPartOf\":{\"@id\":\"https:\/\/blog.panrotas.com.br\/semreserva\/40-minutos\/02-06-2013\/#webpage\"},\"author\":{\"@id\":\"http:\/\/blog.panrotas.com.br\/semreserva\/#\/schema\/person\/c93b4555f6a497d2d83c25dcb80f61ed\"},\"headline\":\"40 minutos\",\"datePublished\":\"2013-06-02T23:12:50+00:00\",\"dateModified\":\"2013-06-02T23:12:50+00:00\",\"mainEntityOfPage\":{\"@id\":\"https:\/\/blog.panrotas.com.br\/semreserva\/40-minutos\/02-06-2013\/#webpage\"},\"wordCount\":370,\"commentCount\":0,\"publisher\":{\"@id\":\"http:\/\/blog.panrotas.com.br\/semreserva\/#organization\"},\"image\":{\"@id\":\"https:\/\/blog.panrotas.com.br\/semreserva\/40-minutos\/02-06-2013\/#primaryimage\"},\"thumbnailUrl\":\"http:\/\/blog.panrotas.com.br\/semreserva\/wp-content\/uploads\/2013\/06\/P1150415g-300x206.jpg\",\"articleSection\":[\"Dia a dia\"],\"inLanguage\":\"pt-BR\",\"potentialAction\":[{\"@type\":\"CommentAction\",\"name\":\"Comment\",\"target\":[\"https:\/\/blog.panrotas.com.br\/semreserva\/40-minutos\/02-06-2013\/#respond\"]}]},{\"@type\":\"Person\",\"@id\":\"http:\/\/blog.panrotas.com.br\/semreserva\/#\/schema\/person\/c93b4555f6a497d2d83c25dcb80f61ed\",\"name\":\"Artur Andrade\",\"image\":{\"@type\":\"ImageObject\",\"@id\":\"http:\/\/blog.panrotas.com.br\/semreserva\/#personlogo\",\"inLanguage\":\"pt-BR\",\"url\":\"https:\/\/secure.gravatar.com\/avatar\/a94564d630220cefd5c82f3452ac1ef4?s=96&d=mm&r=g\",\"contentUrl\":\"https:\/\/secure.gravatar.com\/avatar\/a94564d630220cefd5c82f3452ac1ef4?s=96&d=mm&r=g\",\"caption\":\"Artur Andrade\"},\"description\":\"Artur Luiz Andrade \\u00e9 carioca, taurino, jornalista e nasceu em 1969. \\u00c9 editor-chefe da PANROTAS Editora e mora em S\\u00e3o Paulo desde 1998\",\"sameAs\":[\"http:\/\/www.panrotas.com.br\"]}]}<\/script>\n<!-- \/ Yoast SEO plugin. -->","yoast_head_json":{"title":"40 minutos -","description":"40 minutos. Confira essa Mat\u00e9ria no Canal Sem reserva. \u27a4 Projeto em parceria com a PANROTAS.","robots":{"index":"index","follow":"follow","max-snippet":"max-snippet:-1","max-image-preview":"max-image-preview:large","max-video-preview":"max-video-preview:-1"},"canonical":"https:\/\/blog.panrotas.com.br\/semreserva\/40-minutos\/02-06-2013\/","og_locale":"pt_BR","og_type":"article","og_title":"40 minutos -","og_description":"40 minutos. Confira essa Mat\u00e9ria no Canal Sem reserva. \u27a4 Projeto em parceria com a PANROTAS.","og_url":"https:\/\/blog.panrotas.com.br\/semreserva\/40-minutos\/02-06-2013\/","og_site_name":"Sem reserva","article_publisher":"https:\/\/www.facebook.com\/portalpanrotas\/","article_published_time":"2013-06-02T23:12:50+00:00","og_image":[{"url":"http:\/\/blog.panrotas.com.br\/semreserva\/wp-content\/uploads\/2013\/06\/P1150415g-300x206.jpg"}],"twitter_card":"summary_large_image","twitter_creator":"@portalpanrotas","twitter_site":"@portalpanrotas","twitter_misc":{"Escrito por":"Artur Andrade","Est. tempo de leitura":"2 minutos"},"schema":{"@context":"https:\/\/schema.org","@graph":[{"@type":"Organization","@id":"http:\/\/blog.panrotas.com.br\/semreserva\/#organization","name":"Sem Reserva - Blog no Portal PANROTAS","url":"http:\/\/blog.panrotas.com.br\/semreserva\/","sameAs":["https:\/\/www.facebook.com\/portalpanrotas\/","https:\/\/www.instagram.com\/portalpanrotas\/","https:\/\/br.linkedin.com\/company\/panrotas","https:\/\/www.youtube.com\/tvpanrotas","https:\/\/twitter.com\/portalpanrotas"],"logo":{"@type":"ImageObject","@id":"http:\/\/blog.panrotas.com.br\/semreserva\/#logo","inLanguage":"pt-BR","url":"https:\/\/blog.panrotas.com.br\/semreserva\/wp-content\/uploads\/sites\/5\/2020\/06\/logo.png","contentUrl":"https:\/\/blog.panrotas.com.br\/semreserva\/wp-content\/uploads\/sites\/5\/2020\/06\/logo.png","width":259,"height":53,"caption":"Sem Reserva - Blog no Portal PANROTAS"},"image":{"@id":"http:\/\/blog.panrotas.com.br\/semreserva\/#logo"}},{"@type":"WebSite","@id":"http:\/\/blog.panrotas.com.br\/semreserva\/#website","url":"http:\/\/blog.panrotas.com.br\/semreserva\/","name":"Sem reserva","description":"Blogosfera PANROTAS","publisher":{"@id":"http:\/\/blog.panrotas.com.br\/semreserva\/#organization"},"potentialAction":[{"@type":"SearchAction","target":{"@type":"EntryPoint","urlTemplate":"http:\/\/blog.panrotas.com.br\/semreserva\/?s={search_term_string}"},"query-input":"required name=search_term_string"}],"inLanguage":"pt-BR"},{"@type":"ImageObject","@id":"https:\/\/blog.panrotas.com.br\/semreserva\/40-minutos\/02-06-2013\/#primaryimage","inLanguage":"pt-BR","url":"http:\/\/blog.panrotas.com.br\/semreserva\/wp-content\/uploads\/2013\/06\/P1150415g-300x206.jpg","contentUrl":"http:\/\/blog.panrotas.com.br\/semreserva\/wp-content\/uploads\/2013\/06\/P1150415g-300x206.jpg"},{"@type":"WebPage","@id":"https:\/\/blog.panrotas.com.br\/semreserva\/40-minutos\/02-06-2013\/#webpage","url":"https:\/\/blog.panrotas.com.br\/semreserva\/40-minutos\/02-06-2013\/","name":"40 minutos -","isPartOf":{"@id":"http:\/\/blog.panrotas.com.br\/semreserva\/#website"},"primaryImageOfPage":{"@id":"https:\/\/blog.panrotas.com.br\/semreserva\/40-minutos\/02-06-2013\/#primaryimage"},"datePublished":"2013-06-02T23:12:50+00:00","dateModified":"2013-06-02T23:12:50+00:00","description":"40 minutos. Confira essa Mat\u00e9ria no Canal Sem reserva. \u27a4 Projeto em parceria com a PANROTAS.","breadcrumb":{"@id":"https:\/\/blog.panrotas.com.br\/semreserva\/40-minutos\/02-06-2013\/#breadcrumb"},"inLanguage":"pt-BR","potentialAction":[{"@type":"ReadAction","target":["https:\/\/blog.panrotas.com.br\/semreserva\/40-minutos\/02-06-2013\/"]}]},{"@type":"BreadcrumbList","@id":"https:\/\/blog.panrotas.com.br\/semreserva\/40-minutos\/02-06-2013\/#breadcrumb","itemListElement":[{"@type":"ListItem","position":1,"name":"Home do Blog","item":"http:\/\/blog.panrotas.com.br\/semreserva\/"},{"@type":"ListItem","position":2,"name":"Dia a dia","item":"https:\/\/blog.panrotas.com.br\/semreserva\/category\/dia-a-dia\/"},{"@type":"ListItem","position":3,"name":"40 minutos"}]},{"@type":"Article","@id":"https:\/\/blog.panrotas.com.br\/semreserva\/40-minutos\/02-06-2013\/#article","isPartOf":{"@id":"https:\/\/blog.panrotas.com.br\/semreserva\/40-minutos\/02-06-2013\/#webpage"},"author":{"@id":"http:\/\/blog.panrotas.com.br\/semreserva\/#\/schema\/person\/c93b4555f6a497d2d83c25dcb80f61ed"},"headline":"40 minutos","datePublished":"2013-06-02T23:12:50+00:00","dateModified":"2013-06-02T23:12:50+00:00","mainEntityOfPage":{"@id":"https:\/\/blog.panrotas.com.br\/semreserva\/40-minutos\/02-06-2013\/#webpage"},"wordCount":370,"commentCount":0,"publisher":{"@id":"http:\/\/blog.panrotas.com.br\/semreserva\/#organization"},"image":{"@id":"https:\/\/blog.panrotas.com.br\/semreserva\/40-minutos\/02-06-2013\/#primaryimage"},"thumbnailUrl":"http:\/\/blog.panrotas.com.br\/semreserva\/wp-content\/uploads\/2013\/06\/P1150415g-300x206.jpg","articleSection":["Dia a dia"],"inLanguage":"pt-BR","potentialAction":[{"@type":"CommentAction","name":"Comment","target":["https:\/\/blog.panrotas.com.br\/semreserva\/40-minutos\/02-06-2013\/#respond"]}]},{"@type":"Person","@id":"http:\/\/blog.panrotas.com.br\/semreserva\/#\/schema\/person\/c93b4555f6a497d2d83c25dcb80f61ed","name":"Artur Andrade","image":{"@type":"ImageObject","@id":"http:\/\/blog.panrotas.com.br\/semreserva\/#personlogo","inLanguage":"pt-BR","url":"https:\/\/secure.gravatar.com\/avatar\/a94564d630220cefd5c82f3452ac1ef4?s=96&d=mm&r=g","contentUrl":"https:\/\/secure.gravatar.com\/avatar\/a94564d630220cefd5c82f3452ac1ef4?s=96&d=mm&r=g","caption":"Artur Andrade"},"description":"Artur Luiz Andrade \u00e9 carioca, taurino, jornalista e nasceu em 1969. \u00c9 editor-chefe da PANROTAS Editora e mora em S\u00e3o Paulo desde 1998","sameAs":["http:\/\/www.panrotas.com.br"]}]}},"jetpack_featured_media_url":"","jetpack_shortlink":"https:\/\/wp.me\/p7idIU-Wi","_links":{"self":[{"href":"https:\/\/blog.panrotas.com.br\/semreserva\/wp-json\/wp\/v2\/posts\/3614"}],"collection":[{"href":"https:\/\/blog.panrotas.com.br\/semreserva\/wp-json\/wp\/v2\/posts"}],"about":[{"href":"https:\/\/blog.panrotas.com.br\/semreserva\/wp-json\/wp\/v2\/types\/post"}],"author":[{"embeddable":true,"href":"https:\/\/blog.panrotas.com.br\/semreserva\/wp-json\/wp\/v2\/users\/7"}],"replies":[{"embeddable":true,"href":"https:\/\/blog.panrotas.com.br\/semreserva\/wp-json\/wp\/v2\/comments?post=3614"}],"version-history":[{"count":0,"href":"https:\/\/blog.panrotas.com.br\/semreserva\/wp-json\/wp\/v2\/posts\/3614\/revisions"}],"wp:attachment":[{"href":"https:\/\/blog.panrotas.com.br\/semreserva\/wp-json\/wp\/v2\/media?parent=3614"}],"wp:term":[{"taxonomy":"category","embeddable":true,"href":"https:\/\/blog.panrotas.com.br\/semreserva\/wp-json\/wp\/v2\/categories?post=3614"},{"taxonomy":"post_tag","embeddable":true,"href":"https:\/\/blog.panrotas.com.br\/semreserva\/wp-json\/wp\/v2\/tags?post=3614"}],"curies":[{"name":"wp","href":"https:\/\/api.w.org\/{rel}","templated":true}]}}