{"id":3669,"date":"2013-07-03T14:14:36","date_gmt":"2013-07-03T17:14:36","guid":{"rendered":"http:\/\/blog.panrotas.com.br\/semreserva\/?p=3669"},"modified":"2013-07-03T14:14:36","modified_gmt":"2013-07-03T17:14:36","slug":"paixao-cega-pelo-galeao","status":"publish","type":"post","link":"https:\/\/blog.panrotas.com.br\/semreserva\/paixao-cega-pelo-galeao\/03-07-2013\/","title":{"rendered":"PAIX\u00c3O (CEGA) PELO GALE\u00c3O"},"content":{"rendered":"<p>Na cobertura que fiz sobre a chegada do 787 da Ethiopian no Gale\u00e3o, relatei o descaso que existe com o aeroporto e tr\u00eas leitores ficaram indignados. Nenhum, por\u00e9m, defendeu o Gale\u00e3o. Nenhum contestou o que eu disse: que havia in\u00fameras goteiras (inclusive em cima das cadeiras onde os passageiros em conex\u00e3o da Ethiopian aguardavam o reembarque), que os banheiros s\u00e3o imundos (em um deles havia vazamento e pobre das mulheres que viajam de sand\u00e1lia ou sapato baixos, sem salto), que a estrutura \u00e9 prec\u00e1ria, que os funcion\u00e1rios s\u00e3o rudes e n\u00e3o t\u00eam informa\u00e7\u00f5es (um seguran\u00e7a desabafou na frente de cerca de 30 jornalistas: \u201cisso est\u00e1 uma bagun\u00e7a\u201d), que n\u00e3o h\u00e1 lugar para todos se sentarem e que os funcion\u00e1rios da Infraero agem como autoridade que n\u00e3o ouve ningu\u00e9m. N\u00e3o vou entrar em detalhes para n\u00e3o expor funcion\u00e1rios.<\/p>\n<p>O que esses leitores indignados rebateram quando eu critiquei o Gale\u00e3o foi: \u201ce Guarulhos?\u201d. Como se eu estivesse advogando em defesa de Guarulhos. Um aeroporto longe do ideal mas que, depois da concess\u00e3o, j\u00e1 demonstra melhorias. O mesmo vai acontecer com o Gale\u00e3o. Depois da concess\u00e3o, v\u00e3o realmente cuidar e n\u00e3o apenas tocar o aeroporto. Outro perguntou: e qual o melhor aeroporto? Guarulhos? Mais uma vez meu foco n\u00e3o era esse e sim apontar que \u00e9 uma vergonha termos um aeroporto assim. Na hora H sobra para os funcion\u00e1rios de limpeza, como se a culpa das goteiras fosse deles, que corriam de um lado para outro. A corda sempre vai arrebentar no lado mais fraco&#8230;<\/p>\n<p>O Brasil \u00e9 pobre na qualidade de aeroportos. Por isso, prefiro os pequenos Santos Dumont e Congonhas, pois em qualquer mudan\u00e7a de port\u00e3o, andamos menos. Em qualquer emerg\u00eancia, estamos perto de casa. E recentemente receberam melhorias que est\u00e3o longe de os tornarem perfeitos (basta lembrar a falta de ar condicionado no ver\u00e3o carioca ou os problemas de seguran\u00e7a em Congonhas), mas que serviram de paliativos.<\/p>\n<p>Os defensores do Gale\u00e3o devem cobrar mudan\u00e7as e eu, como carioca, quero v\u00ea-lo como um dos melhores do mundo. N\u00e3o adianta rebater cr\u00edticas dizendo que outros tamb\u00e9m s\u00e3o ruins. Isso pode servir de consolo, mas n\u00e3o resolve os problemas.<\/p>\n<p>Nas palavras do secret\u00e1rio de Turismo do Rio, Antonio Pedro Figueira de Mello: \u201co Gale\u00e3o \u00e9 uma trag\u00e9dia\u201d. Nas palavras do seguran\u00e7a do Gale\u00e3o: \u201cIsso aqui est\u00e1 uma bagun\u00e7a\u201d. Em minhas palavras: \u201cOs cariocas e os brasileiros merecem aeroportos melhores\u201d.<\/p>\n<p>PS: Um dos &#8220;cr\u00edticos&#8221; acaba de ligar. Pediu para tirar a identifica\u00e7\u00e3o de sua empresa para n\u00e3o o expor&#8230; Como assim?<\/p>\n","protected":false},"excerpt":{"rendered":"<p>Na cobertura que fiz sobre a chegada do 787 da Ethiopian no Gale\u00e3o, relatei o descaso que existe com o aeroporto e tr\u00eas leitores ficaram indignados. Nenhum, por\u00e9m, defendeu o Gale\u00e3o. Nenhum contestou o que eu disse: que havia in\u00fameras goteiras (inclusive em cima das cadeiras onde os passageiros em conex\u00e3o da Ethiopian aguardavam o [&hellip;]<\/p>\n","protected":false},"author":7,"featured_media":0,"comment_status":"open","ping_status":"open","sticky":false,"template":"","format":"standard","meta":{"spay_email":""},"categories":[2],"tags":[],"yoast_head":"<!-- This site is optimized with the Yoast SEO plugin v17.3 - https:\/\/yoast.com\/wordpress\/plugins\/seo\/ -->\n<title>PAIX\u00c3O (CEGA) PELO GALE\u00c3O -<\/title>\n<meta name=\"description\" content=\"PAIX\u00c3O (CEGA) PELO GALE\u00c3O. Confira essa Mat\u00e9ria no Canal Sem reserva. \u27a4 Projeto em parceria com a PANROTAS.\" \/>\n<meta name=\"robots\" content=\"index, follow, max-snippet:-1, max-image-preview:large, max-video-preview:-1\" \/>\n<link rel=\"canonical\" href=\"https:\/\/blog.panrotas.com.br\/semreserva\/paixao-cega-pelo-galeao\/03-07-2013\/\" \/>\n<meta property=\"og:locale\" content=\"pt_BR\" \/>\n<meta property=\"og:type\" content=\"article\" \/>\n<meta property=\"og:title\" content=\"PAIX\u00c3O (CEGA) PELO GALE\u00c3O -\" \/>\n<meta property=\"og:description\" content=\"PAIX\u00c3O (CEGA) PELO GALE\u00c3O. Confira essa Mat\u00e9ria no Canal Sem reserva. \u27a4 Projeto em parceria com a PANROTAS.\" \/>\n<meta property=\"og:url\" content=\"https:\/\/blog.panrotas.com.br\/semreserva\/paixao-cega-pelo-galeao\/03-07-2013\/\" \/>\n<meta property=\"og:site_name\" content=\"Sem reserva\" \/>\n<meta property=\"article:publisher\" content=\"https:\/\/www.facebook.com\/portalpanrotas\/\" \/>\n<meta property=\"article:published_time\" content=\"2013-07-03T17:14:36+00:00\" \/>\n<meta name=\"twitter:card\" content=\"summary_large_image\" \/>\n<meta name=\"twitter:creator\" content=\"@portalpanrotas\" \/>\n<meta name=\"twitter:site\" content=\"@portalpanrotas\" \/>\n<meta name=\"twitter:label1\" content=\"Escrito por\" \/>\n\t<meta name=\"twitter:data1\" content=\"Artur Andrade\" \/>\n\t<meta name=\"twitter:label2\" content=\"Est. tempo de leitura\" \/>\n\t<meta name=\"twitter:data2\" content=\"2 minutos\" \/>\n<script type=\"application\/ld+json\" class=\"yoast-schema-graph\">{\"@context\":\"https:\/\/schema.org\",\"@graph\":[{\"@type\":\"Organization\",\"@id\":\"http:\/\/blog.panrotas.com.br\/semreserva\/#organization\",\"name\":\"Sem Reserva - Blog no Portal PANROTAS\",\"url\":\"http:\/\/blog.panrotas.com.br\/semreserva\/\",\"sameAs\":[\"https:\/\/www.facebook.com\/portalpanrotas\/\",\"https:\/\/www.instagram.com\/portalpanrotas\/\",\"https:\/\/br.linkedin.com\/company\/panrotas\",\"https:\/\/www.youtube.com\/tvpanrotas\",\"https:\/\/twitter.com\/portalpanrotas\"],\"logo\":{\"@type\":\"ImageObject\",\"@id\":\"http:\/\/blog.panrotas.com.br\/semreserva\/#logo\",\"inLanguage\":\"pt-BR\",\"url\":\"https:\/\/blog.panrotas.com.br\/semreserva\/wp-content\/uploads\/sites\/5\/2020\/06\/logo.png\",\"contentUrl\":\"https:\/\/blog.panrotas.com.br\/semreserva\/wp-content\/uploads\/sites\/5\/2020\/06\/logo.png\",\"width\":259,\"height\":53,\"caption\":\"Sem Reserva - Blog no Portal PANROTAS\"},\"image\":{\"@id\":\"http:\/\/blog.panrotas.com.br\/semreserva\/#logo\"}},{\"@type\":\"WebSite\",\"@id\":\"http:\/\/blog.panrotas.com.br\/semreserva\/#website\",\"url\":\"http:\/\/blog.panrotas.com.br\/semreserva\/\",\"name\":\"Sem reserva\",\"description\":\"Blogosfera PANROTAS\",\"publisher\":{\"@id\":\"http:\/\/blog.panrotas.com.br\/semreserva\/#organization\"},\"potentialAction\":[{\"@type\":\"SearchAction\",\"target\":{\"@type\":\"EntryPoint\",\"urlTemplate\":\"http:\/\/blog.panrotas.com.br\/semreserva\/?s={search_term_string}\"},\"query-input\":\"required name=search_term_string\"}],\"inLanguage\":\"pt-BR\"},{\"@type\":\"WebPage\",\"@id\":\"https:\/\/blog.panrotas.com.br\/semreserva\/paixao-cega-pelo-galeao\/03-07-2013\/#webpage\",\"url\":\"https:\/\/blog.panrotas.com.br\/semreserva\/paixao-cega-pelo-galeao\/03-07-2013\/\",\"name\":\"PAIX\\u00c3O (CEGA) PELO GALE\\u00c3O -\",\"isPartOf\":{\"@id\":\"http:\/\/blog.panrotas.com.br\/semreserva\/#website\"},\"datePublished\":\"2013-07-03T17:14:36+00:00\",\"dateModified\":\"2013-07-03T17:14:36+00:00\",\"description\":\"PAIX\\u00c3O (CEGA) PELO GALE\\u00c3O. Confira essa Mat\\u00e9ria no Canal Sem reserva. \\u27a4 Projeto em parceria com a PANROTAS.\",\"breadcrumb\":{\"@id\":\"https:\/\/blog.panrotas.com.br\/semreserva\/paixao-cega-pelo-galeao\/03-07-2013\/#breadcrumb\"},\"inLanguage\":\"pt-BR\",\"potentialAction\":[{\"@type\":\"ReadAction\",\"target\":[\"https:\/\/blog.panrotas.com.br\/semreserva\/paixao-cega-pelo-galeao\/03-07-2013\/\"]}]},{\"@type\":\"BreadcrumbList\",\"@id\":\"https:\/\/blog.panrotas.com.br\/semreserva\/paixao-cega-pelo-galeao\/03-07-2013\/#breadcrumb\",\"itemListElement\":[{\"@type\":\"ListItem\",\"position\":1,\"name\":\"Home do Blog\",\"item\":\"http:\/\/blog.panrotas.com.br\/semreserva\/\"},{\"@type\":\"ListItem\",\"position\":2,\"name\":\"Dia a dia\",\"item\":\"https:\/\/blog.panrotas.com.br\/semreserva\/category\/dia-a-dia\/\"},{\"@type\":\"ListItem\",\"position\":3,\"name\":\"PAIX\\u00c3O (CEGA) PELO GALE\\u00c3O\"}]},{\"@type\":\"Article\",\"@id\":\"https:\/\/blog.panrotas.com.br\/semreserva\/paixao-cega-pelo-galeao\/03-07-2013\/#article\",\"isPartOf\":{\"@id\":\"https:\/\/blog.panrotas.com.br\/semreserva\/paixao-cega-pelo-galeao\/03-07-2013\/#webpage\"},\"author\":{\"@id\":\"http:\/\/blog.panrotas.com.br\/semreserva\/#\/schema\/person\/c93b4555f6a497d2d83c25dcb80f61ed\"},\"headline\":\"PAIX\\u00c3O (CEGA) PELO GALE\\u00c3O\",\"datePublished\":\"2013-07-03T17:14:36+00:00\",\"dateModified\":\"2013-07-03T17:14:36+00:00\",\"mainEntityOfPage\":{\"@id\":\"https:\/\/blog.panrotas.com.br\/semreserva\/paixao-cega-pelo-galeao\/03-07-2013\/#webpage\"},\"wordCount\":471,\"commentCount\":0,\"publisher\":{\"@id\":\"http:\/\/blog.panrotas.com.br\/semreserva\/#organization\"},\"articleSection\":[\"Dia a dia\"],\"inLanguage\":\"pt-BR\",\"potentialAction\":[{\"@type\":\"CommentAction\",\"name\":\"Comment\",\"target\":[\"https:\/\/blog.panrotas.com.br\/semreserva\/paixao-cega-pelo-galeao\/03-07-2013\/#respond\"]}]},{\"@type\":\"Person\",\"@id\":\"http:\/\/blog.panrotas.com.br\/semreserva\/#\/schema\/person\/c93b4555f6a497d2d83c25dcb80f61ed\",\"name\":\"Artur Andrade\",\"image\":{\"@type\":\"ImageObject\",\"@id\":\"http:\/\/blog.panrotas.com.br\/semreserva\/#personlogo\",\"inLanguage\":\"pt-BR\",\"url\":\"https:\/\/secure.gravatar.com\/avatar\/a94564d630220cefd5c82f3452ac1ef4?s=96&d=mm&r=g\",\"contentUrl\":\"https:\/\/secure.gravatar.com\/avatar\/a94564d630220cefd5c82f3452ac1ef4?s=96&d=mm&r=g\",\"caption\":\"Artur Andrade\"},\"description\":\"Artur Luiz Andrade \\u00e9 carioca, taurino, jornalista e nasceu em 1969. \\u00c9 editor-chefe da PANROTAS Editora e mora em S\\u00e3o Paulo desde 1998\",\"sameAs\":[\"http:\/\/www.panrotas.com.br\"]}]}<\/script>\n<!-- \/ Yoast SEO plugin. -->","yoast_head_json":{"title":"PAIX\u00c3O (CEGA) PELO GALE\u00c3O -","description":"PAIX\u00c3O (CEGA) PELO GALE\u00c3O. Confira essa Mat\u00e9ria no Canal Sem reserva. \u27a4 Projeto em parceria com a PANROTAS.","robots":{"index":"index","follow":"follow","max-snippet":"max-snippet:-1","max-image-preview":"max-image-preview:large","max-video-preview":"max-video-preview:-1"},"canonical":"https:\/\/blog.panrotas.com.br\/semreserva\/paixao-cega-pelo-galeao\/03-07-2013\/","og_locale":"pt_BR","og_type":"article","og_title":"PAIX\u00c3O (CEGA) PELO GALE\u00c3O -","og_description":"PAIX\u00c3O (CEGA) PELO GALE\u00c3O. Confira essa Mat\u00e9ria no Canal Sem reserva. \u27a4 Projeto em parceria com a PANROTAS.","og_url":"https:\/\/blog.panrotas.com.br\/semreserva\/paixao-cega-pelo-galeao\/03-07-2013\/","og_site_name":"Sem reserva","article_publisher":"https:\/\/www.facebook.com\/portalpanrotas\/","article_published_time":"2013-07-03T17:14:36+00:00","twitter_card":"summary_large_image","twitter_creator":"@portalpanrotas","twitter_site":"@portalpanrotas","twitter_misc":{"Escrito por":"Artur Andrade","Est. tempo de leitura":"2 minutos"},"schema":{"@context":"https:\/\/schema.org","@graph":[{"@type":"Organization","@id":"http:\/\/blog.panrotas.com.br\/semreserva\/#organization","name":"Sem Reserva - Blog no Portal PANROTAS","url":"http:\/\/blog.panrotas.com.br\/semreserva\/","sameAs":["https:\/\/www.facebook.com\/portalpanrotas\/","https:\/\/www.instagram.com\/portalpanrotas\/","https:\/\/br.linkedin.com\/company\/panrotas","https:\/\/www.youtube.com\/tvpanrotas","https:\/\/twitter.com\/portalpanrotas"],"logo":{"@type":"ImageObject","@id":"http:\/\/blog.panrotas.com.br\/semreserva\/#logo","inLanguage":"pt-BR","url":"https:\/\/blog.panrotas.com.br\/semreserva\/wp-content\/uploads\/sites\/5\/2020\/06\/logo.png","contentUrl":"https:\/\/blog.panrotas.com.br\/semreserva\/wp-content\/uploads\/sites\/5\/2020\/06\/logo.png","width":259,"height":53,"caption":"Sem Reserva - Blog no Portal PANROTAS"},"image":{"@id":"http:\/\/blog.panrotas.com.br\/semreserva\/#logo"}},{"@type":"WebSite","@id":"http:\/\/blog.panrotas.com.br\/semreserva\/#website","url":"http:\/\/blog.panrotas.com.br\/semreserva\/","name":"Sem reserva","description":"Blogosfera PANROTAS","publisher":{"@id":"http:\/\/blog.panrotas.com.br\/semreserva\/#organization"},"potentialAction":[{"@type":"SearchAction","target":{"@type":"EntryPoint","urlTemplate":"http:\/\/blog.panrotas.com.br\/semreserva\/?s={search_term_string}"},"query-input":"required name=search_term_string"}],"inLanguage":"pt-BR"},{"@type":"WebPage","@id":"https:\/\/blog.panrotas.com.br\/semreserva\/paixao-cega-pelo-galeao\/03-07-2013\/#webpage","url":"https:\/\/blog.panrotas.com.br\/semreserva\/paixao-cega-pelo-galeao\/03-07-2013\/","name":"PAIX\u00c3O (CEGA) PELO GALE\u00c3O -","isPartOf":{"@id":"http:\/\/blog.panrotas.com.br\/semreserva\/#website"},"datePublished":"2013-07-03T17:14:36+00:00","dateModified":"2013-07-03T17:14:36+00:00","description":"PAIX\u00c3O (CEGA) PELO GALE\u00c3O. Confira essa Mat\u00e9ria no Canal Sem reserva. \u27a4 Projeto em parceria com a PANROTAS.","breadcrumb":{"@id":"https:\/\/blog.panrotas.com.br\/semreserva\/paixao-cega-pelo-galeao\/03-07-2013\/#breadcrumb"},"inLanguage":"pt-BR","potentialAction":[{"@type":"ReadAction","target":["https:\/\/blog.panrotas.com.br\/semreserva\/paixao-cega-pelo-galeao\/03-07-2013\/"]}]},{"@type":"BreadcrumbList","@id":"https:\/\/blog.panrotas.com.br\/semreserva\/paixao-cega-pelo-galeao\/03-07-2013\/#breadcrumb","itemListElement":[{"@type":"ListItem","position":1,"name":"Home do Blog","item":"http:\/\/blog.panrotas.com.br\/semreserva\/"},{"@type":"ListItem","position":2,"name":"Dia a dia","item":"https:\/\/blog.panrotas.com.br\/semreserva\/category\/dia-a-dia\/"},{"@type":"ListItem","position":3,"name":"PAIX\u00c3O (CEGA) PELO GALE\u00c3O"}]},{"@type":"Article","@id":"https:\/\/blog.panrotas.com.br\/semreserva\/paixao-cega-pelo-galeao\/03-07-2013\/#article","isPartOf":{"@id":"https:\/\/blog.panrotas.com.br\/semreserva\/paixao-cega-pelo-galeao\/03-07-2013\/#webpage"},"author":{"@id":"http:\/\/blog.panrotas.com.br\/semreserva\/#\/schema\/person\/c93b4555f6a497d2d83c25dcb80f61ed"},"headline":"PAIX\u00c3O (CEGA) PELO GALE\u00c3O","datePublished":"2013-07-03T17:14:36+00:00","dateModified":"2013-07-03T17:14:36+00:00","mainEntityOfPage":{"@id":"https:\/\/blog.panrotas.com.br\/semreserva\/paixao-cega-pelo-galeao\/03-07-2013\/#webpage"},"wordCount":471,"commentCount":0,"publisher":{"@id":"http:\/\/blog.panrotas.com.br\/semreserva\/#organization"},"articleSection":["Dia a dia"],"inLanguage":"pt-BR","potentialAction":[{"@type":"CommentAction","name":"Comment","target":["https:\/\/blog.panrotas.com.br\/semreserva\/paixao-cega-pelo-galeao\/03-07-2013\/#respond"]}]},{"@type":"Person","@id":"http:\/\/blog.panrotas.com.br\/semreserva\/#\/schema\/person\/c93b4555f6a497d2d83c25dcb80f61ed","name":"Artur Andrade","image":{"@type":"ImageObject","@id":"http:\/\/blog.panrotas.com.br\/semreserva\/#personlogo","inLanguage":"pt-BR","url":"https:\/\/secure.gravatar.com\/avatar\/a94564d630220cefd5c82f3452ac1ef4?s=96&d=mm&r=g","contentUrl":"https:\/\/secure.gravatar.com\/avatar\/a94564d630220cefd5c82f3452ac1ef4?s=96&d=mm&r=g","caption":"Artur Andrade"},"description":"Artur Luiz Andrade \u00e9 carioca, taurino, jornalista e nasceu em 1969. \u00c9 editor-chefe da PANROTAS Editora e mora em S\u00e3o Paulo desde 1998","sameAs":["http:\/\/www.panrotas.com.br"]}]}},"jetpack_featured_media_url":"","jetpack_shortlink":"https:\/\/wp.me\/p7idIU-Xb","_links":{"self":[{"href":"https:\/\/blog.panrotas.com.br\/semreserva\/wp-json\/wp\/v2\/posts\/3669"}],"collection":[{"href":"https:\/\/blog.panrotas.com.br\/semreserva\/wp-json\/wp\/v2\/posts"}],"about":[{"href":"https:\/\/blog.panrotas.com.br\/semreserva\/wp-json\/wp\/v2\/types\/post"}],"author":[{"embeddable":true,"href":"https:\/\/blog.panrotas.com.br\/semreserva\/wp-json\/wp\/v2\/users\/7"}],"replies":[{"embeddable":true,"href":"https:\/\/blog.panrotas.com.br\/semreserva\/wp-json\/wp\/v2\/comments?post=3669"}],"version-history":[{"count":0,"href":"https:\/\/blog.panrotas.com.br\/semreserva\/wp-json\/wp\/v2\/posts\/3669\/revisions"}],"wp:attachment":[{"href":"https:\/\/blog.panrotas.com.br\/semreserva\/wp-json\/wp\/v2\/media?parent=3669"}],"wp:term":[{"taxonomy":"category","embeddable":true,"href":"https:\/\/blog.panrotas.com.br\/semreserva\/wp-json\/wp\/v2\/categories?post=3669"},{"taxonomy":"post_tag","embeddable":true,"href":"https:\/\/blog.panrotas.com.br\/semreserva\/wp-json\/wp\/v2\/tags?post=3669"}],"curies":[{"name":"wp","href":"https:\/\/api.w.org\/{rel}","templated":true}]}}