{"id":3675,"date":"2013-07-10T19:19:03","date_gmt":"2013-07-10T22:19:03","guid":{"rendered":"http:\/\/blog.panrotas.com.br\/semreserva\/?p=3675"},"modified":"2013-07-10T19:19:03","modified_gmt":"2013-07-10T22:19:03","slug":"industria-de-viagens-quem-se-importa","status":"publish","type":"post","link":"https:\/\/blog.panrotas.com.br\/semreserva\/industria-de-viagens-quem-se-importa\/10-07-2013\/","title":{"rendered":"IND\u00daSTRIA DE VIAGENS. QUEM SE IMPORTA?"},"content":{"rendered":"<p>Sa\u00fade, educa\u00e7\u00e3o e seguran\u00e7a. O trip\u00e9 de mudan\u00e7as que o Brasil pede, exige e merece. Com a seriedade e a honestidade que devem permear todos os passos profissionais e pessoais, p\u00fablicos e privados.<\/p>\n<p>Sa\u00fade e seguran\u00e7a precisam de choques imediatos. De a\u00e7\u00f5es que resolvam problemas a curto prazo. N\u00e3o \u00e9 poss\u00edvel ser governante nesse Pa\u00eds ou diretor de \u00f3rg\u00e3o p\u00fablico e n\u00e3o tomar essas medidas \u201cfora da caixa\u201d para tratar desses dois assuntos. Os m\u00e9dicos fogem da rede p\u00fablica, pois o dinheiro (e a fama) est\u00e1 na iniciativa privada, que s\u00f3 cresce porque a rede p\u00fablica de sa\u00fade fica cada vez pior e o ciclo s\u00f3 piora. Trazer m\u00e9dicos de fora \u00e9 a solu\u00e7\u00e3o? N\u00e3o sei, n\u00e3o sou especialista. Mas \u00e9 preciso de algo assim, que assuste e fa\u00e7a todo o setor se mexer. N\u00e3o d\u00e1 para ver brasileiros morrendo por causa de descaso, corrup\u00e7\u00e3o, incompet\u00eancia. Os holofotes se voltam para os hospitais de celebridades, tipo Eisntein e S\u00edrio Liban\u00eas, mas s\u00e3o nos hospitais p\u00fablico que est\u00e3o as not\u00edcias: n\u00e3o d\u00e1 para continuar assim.<\/p>\n<p>O mesmo com a seguran\u00e7a. Est\u00e1 quase imposs\u00edvel ler jornais di\u00e1rios ou na internet. S\u00f3 desgra\u00e7a. S\u00f3 trag\u00e9dia. S\u00f3 assassinatos por trocados. E com a garantia de que os assassinos ou se livrar\u00e3o da cadeia em curto espa\u00e7o de tempo ou fugir\u00e3o de penitenci\u00e1rias sucateadas ou comandar\u00e3o mais crimes l\u00e1 de dentro. Tamb\u00e9m imposs\u00edvel que as autoridades n\u00e3o se comovam com tantas mortes est\u00fapidas. Por que \u00e9 interessante para o Estado manter um sistema judici\u00e1rio t\u00e3o ultrapassado, lento e com penas ris\u00edveis? Por que a ind\u00fastria do \u201cquanto pior melhor (para n\u00f3s)\u201d impera nessas duas \u00e1reas?<\/p>\n<p>Em rela\u00e7\u00e3o \u00e0 educa\u00e7\u00e3o infelizmente o choque n\u00e3o resolver\u00e1. O processo \u00e9 mais lento, de longo prazo. E at\u00e9 agora n\u00e3o come\u00e7ou.<\/p>\n<p>A\u00ed, n\u00f3s, que trabalhamos na ind\u00fastria de viagens, vendo tanto \u201chorror e iniq\u00fcidade\u201d, como na can\u00e7\u00e3o de Chico (Geni e o Zepelim), paramos e nos questionamos: qual nosso papel diante de tudo isso? Temos prioridade zero no governo, n\u00e3o temos bandeira, n\u00e3o temos imagem como ind\u00fastria&#8230; Somos sup\u00e9rfluos?<\/p>\n<p>Mas nada de crise existencial&#8230; Em um pa\u00eds s\u00e9rio e com o potencial tur\u00edstico que temos, ser\u00edamos sim prioridade. Primeiro porque a ind\u00fastria de viagens inclui desde a viagem da presidenta ou a do papa e tudo aquilo que impactos, at\u00e9 as viagens necess\u00e1rias que movimentam a economia, at\u00e9 as n\u00e3o menos importantes viagens a lazer, que tocam in\u00fameros outros segmentos, da gastronomia ao com\u00e9rcio, do setor de energia ao automobil\u00edstico, do ambulante vendendo camar\u00e3o na praia ao restaurante excessivamente caro dos Jardins, na capital paulista, das compras na rua da Alf\u00e2ndega, no Rio, \u00e0 Louis Vuitton da Oscar Freire, em S\u00e3o Paulo.<\/p>\n<p>O turismo, n\u00f3s, dessa ind\u00fastria, j\u00e1 gera uma enormidade de empregos, receita, impostos&#8230; neg\u00f3cios. Impostos e neg\u00f3cios que seriam suficientes, em um pa\u00eds s\u00e9rio, para colaborar na constru\u00e7\u00e3o e na qualidade dos servi\u00e7os de hospitais, por exemplo. Rodovias. Pres\u00eddios. Equipamentos para a pol\u00edcia. Escolas&#8230;<\/p>\n<p>Mas n\u00e3o sabemos quantificar e nos valorizar. Quando somos not\u00edcia, ou \u00e9 o governo dizendo que os empres\u00e1rios, que at\u00e9 agora cuidaram sozinhos do turismo no Pa\u00eds (com resultados), est\u00e3o cobrando alto demais por hospedagens e passagens, ou quando h\u00e1 alguma not\u00edcia ruim, seja acidente, assalto, atraso, doen\u00e7a&#8230;<\/p>\n<p>Assistindo a uma apresenta\u00e7\u00e3o de Roger Dow, da US Travel Association, vi que os americanos sabem quantificar muito bem o que significa o turismo. E l\u00e1 a ind\u00fastria passou anos cobrando investimentos do governo federal, que s\u00f3 agora se mexeu. At\u00e9 ent\u00e3o, eram os Estados e munic\u00edpios, em uma alian\u00e7a com os empres\u00e1rios, que elevaram o pa\u00eds a pot\u00eancia tur\u00edstica e n\u00famero um em receita gerada pelas viagens.<\/p>\n<p>Para exemplificar a quantidade de empregos gerados pelo turismo, Dow foi bem claro: em cada Boeing 737 que aterrissa em um aeroporto, \u00e9 o turismo gerando seis novos empregos (a conta \u00e9: a cada 33 visitantes, um emprego \u00e9 criado com a ajuda do turismo). E aqui no Brasil? Em uma churrascaria como a Fogo de Ch\u00e3o, onde 90% dos pagamentos durante a semana devem ser de PJ (recebendo algu\u00e9m de fora ou em viagem), quantos empregos s\u00e3o mantidos pela ind\u00fastria de viagem? E em um shopping como o Rio Sul, ao lado de Copacabana, no Rio? E nos postos de gasolina? Em reda\u00e7\u00f5es de jornal? Em teatros e cinemas? Em hospitais? Em cursos de idioma? Em refinarias? Em livrarias? Em supermercados? Em empresas de tecnologia? Na Louis Vuitton? Na Apple? Nas empresas de telefonia? Etc etc etc&#8230;<\/p>\n<p>Qual nossa representatividade? Qual nossa for\u00e7a? O que emperra o incremento desse nosso poder de contribuir com o desenvolvimento do Pa\u00eds? Gerando milh\u00f5es em receita e empregos n\u00e3o dever\u00edamos ser prioridade? Ser ouvidos? Ou continuaremos a ser tratados como vidra\u00e7a ou como sup\u00e9rfluos? Como uma ind\u00fastria menor?<\/p>\n<p>Se o Pa\u00eds n\u00e3o utiliza bem seu potencial, no que depende da \u201cparte que cabe ao governo\u201d (infraestrutura e estrat\u00e9gia, por exemplo) e se os recursos gerados s\u00e3o desviados, mal utilizados ou engolidos pelo custo da m\u00e1quina p\u00fablica, n\u00e3o \u00e9 a ind\u00fastria que deve ser marginalizada.<\/p>\n<p>O me\u00e3 culpa do lado de c\u00e1 tamb\u00e9m \u00e9 necess\u00e1rio: falta posicionamento. Falta gritar alto, pelo visto, como os que foram \u00e0s ruas.<\/p>\n<p>Ainda \u00e9 tempo.<\/p>\n","protected":false},"excerpt":{"rendered":"<p>Sa\u00fade, educa\u00e7\u00e3o e seguran\u00e7a. O trip\u00e9 de mudan\u00e7as que o Brasil pede, exige e merece. Com a seriedade e a honestidade que devem permear todos os passos profissionais e pessoais, p\u00fablicos e privados. Sa\u00fade e seguran\u00e7a precisam de choques imediatos. De a\u00e7\u00f5es que resolvam problemas a curto prazo. N\u00e3o \u00e9 poss\u00edvel ser governante nesse Pa\u00eds [&hellip;]<\/p>\n","protected":false},"author":7,"featured_media":0,"comment_status":"open","ping_status":"open","sticky":false,"template":"","format":"standard","meta":{"spay_email":""},"categories":[2],"tags":[],"yoast_head":"<!-- This site is optimized with the Yoast SEO plugin v17.3 - https:\/\/yoast.com\/wordpress\/plugins\/seo\/ -->\n<title>IND\u00daSTRIA DE VIAGENS. QUEM SE IMPORTA? -<\/title>\n<meta name=\"description\" content=\"IND\u00daSTRIA DE VIAGENS. QUEM SE IMPORTA?. Confira essa Mat\u00e9ria no Canal Sem reserva. \u27a4 Projeto em parceria com a PANROTAS.\" \/>\n<meta name=\"robots\" content=\"index, follow, max-snippet:-1, max-image-preview:large, max-video-preview:-1\" \/>\n<link rel=\"canonical\" href=\"https:\/\/blog.panrotas.com.br\/semreserva\/industria-de-viagens-quem-se-importa\/10-07-2013\/\" \/>\n<meta property=\"og:locale\" content=\"pt_BR\" \/>\n<meta property=\"og:type\" content=\"article\" \/>\n<meta property=\"og:title\" content=\"IND\u00daSTRIA DE VIAGENS. QUEM SE IMPORTA? -\" \/>\n<meta property=\"og:description\" content=\"IND\u00daSTRIA DE VIAGENS. QUEM SE IMPORTA?. Confira essa Mat\u00e9ria no Canal Sem reserva. \u27a4 Projeto em parceria com a PANROTAS.\" \/>\n<meta property=\"og:url\" content=\"https:\/\/blog.panrotas.com.br\/semreserva\/industria-de-viagens-quem-se-importa\/10-07-2013\/\" \/>\n<meta property=\"og:site_name\" content=\"Sem reserva\" \/>\n<meta property=\"article:publisher\" content=\"https:\/\/www.facebook.com\/portalpanrotas\/\" \/>\n<meta property=\"article:published_time\" content=\"2013-07-10T22:19:03+00:00\" \/>\n<meta name=\"twitter:card\" content=\"summary_large_image\" \/>\n<meta name=\"twitter:creator\" content=\"@portalpanrotas\" \/>\n<meta name=\"twitter:site\" content=\"@portalpanrotas\" \/>\n<meta name=\"twitter:label1\" content=\"Escrito por\" \/>\n\t<meta name=\"twitter:data1\" content=\"Artur Andrade\" \/>\n\t<meta name=\"twitter:label2\" content=\"Est. tempo de leitura\" \/>\n\t<meta name=\"twitter:data2\" content=\"5 minutos\" \/>\n<script type=\"application\/ld+json\" class=\"yoast-schema-graph\">{\"@context\":\"https:\/\/schema.org\",\"@graph\":[{\"@type\":\"Organization\",\"@id\":\"http:\/\/blog.panrotas.com.br\/semreserva\/#organization\",\"name\":\"Sem Reserva - Blog no Portal PANROTAS\",\"url\":\"http:\/\/blog.panrotas.com.br\/semreserva\/\",\"sameAs\":[\"https:\/\/www.facebook.com\/portalpanrotas\/\",\"https:\/\/www.instagram.com\/portalpanrotas\/\",\"https:\/\/br.linkedin.com\/company\/panrotas\",\"https:\/\/www.youtube.com\/tvpanrotas\",\"https:\/\/twitter.com\/portalpanrotas\"],\"logo\":{\"@type\":\"ImageObject\",\"@id\":\"http:\/\/blog.panrotas.com.br\/semreserva\/#logo\",\"inLanguage\":\"pt-BR\",\"url\":\"https:\/\/blog.panrotas.com.br\/semreserva\/wp-content\/uploads\/sites\/5\/2020\/06\/logo.png\",\"contentUrl\":\"https:\/\/blog.panrotas.com.br\/semreserva\/wp-content\/uploads\/sites\/5\/2020\/06\/logo.png\",\"width\":259,\"height\":53,\"caption\":\"Sem Reserva - Blog no Portal PANROTAS\"},\"image\":{\"@id\":\"http:\/\/blog.panrotas.com.br\/semreserva\/#logo\"}},{\"@type\":\"WebSite\",\"@id\":\"http:\/\/blog.panrotas.com.br\/semreserva\/#website\",\"url\":\"http:\/\/blog.panrotas.com.br\/semreserva\/\",\"name\":\"Sem reserva\",\"description\":\"Blogosfera PANROTAS\",\"publisher\":{\"@id\":\"http:\/\/blog.panrotas.com.br\/semreserva\/#organization\"},\"potentialAction\":[{\"@type\":\"SearchAction\",\"target\":{\"@type\":\"EntryPoint\",\"urlTemplate\":\"http:\/\/blog.panrotas.com.br\/semreserva\/?s={search_term_string}\"},\"query-input\":\"required name=search_term_string\"}],\"inLanguage\":\"pt-BR\"},{\"@type\":\"WebPage\",\"@id\":\"https:\/\/blog.panrotas.com.br\/semreserva\/industria-de-viagens-quem-se-importa\/10-07-2013\/#webpage\",\"url\":\"https:\/\/blog.panrotas.com.br\/semreserva\/industria-de-viagens-quem-se-importa\/10-07-2013\/\",\"name\":\"IND\\u00daSTRIA DE VIAGENS. QUEM SE IMPORTA? -\",\"isPartOf\":{\"@id\":\"http:\/\/blog.panrotas.com.br\/semreserva\/#website\"},\"datePublished\":\"2013-07-10T22:19:03+00:00\",\"dateModified\":\"2013-07-10T22:19:03+00:00\",\"description\":\"IND\\u00daSTRIA DE VIAGENS. QUEM SE IMPORTA?. Confira essa Mat\\u00e9ria no Canal Sem reserva. \\u27a4 Projeto em parceria com a PANROTAS.\",\"breadcrumb\":{\"@id\":\"https:\/\/blog.panrotas.com.br\/semreserva\/industria-de-viagens-quem-se-importa\/10-07-2013\/#breadcrumb\"},\"inLanguage\":\"pt-BR\",\"potentialAction\":[{\"@type\":\"ReadAction\",\"target\":[\"https:\/\/blog.panrotas.com.br\/semreserva\/industria-de-viagens-quem-se-importa\/10-07-2013\/\"]}]},{\"@type\":\"BreadcrumbList\",\"@id\":\"https:\/\/blog.panrotas.com.br\/semreserva\/industria-de-viagens-quem-se-importa\/10-07-2013\/#breadcrumb\",\"itemListElement\":[{\"@type\":\"ListItem\",\"position\":1,\"name\":\"Home do Blog\",\"item\":\"http:\/\/blog.panrotas.com.br\/semreserva\/\"},{\"@type\":\"ListItem\",\"position\":2,\"name\":\"Dia a dia\",\"item\":\"https:\/\/blog.panrotas.com.br\/semreserva\/category\/dia-a-dia\/\"},{\"@type\":\"ListItem\",\"position\":3,\"name\":\"IND\\u00daSTRIA DE VIAGENS. QUEM SE IMPORTA?\"}]},{\"@type\":\"Article\",\"@id\":\"https:\/\/blog.panrotas.com.br\/semreserva\/industria-de-viagens-quem-se-importa\/10-07-2013\/#article\",\"isPartOf\":{\"@id\":\"https:\/\/blog.panrotas.com.br\/semreserva\/industria-de-viagens-quem-se-importa\/10-07-2013\/#webpage\"},\"author\":{\"@id\":\"http:\/\/blog.panrotas.com.br\/semreserva\/#\/schema\/person\/c93b4555f6a497d2d83c25dcb80f61ed\"},\"headline\":\"IND\\u00daSTRIA DE VIAGENS. QUEM SE IMPORTA?\",\"datePublished\":\"2013-07-10T22:19:03+00:00\",\"dateModified\":\"2013-07-10T22:19:03+00:00\",\"mainEntityOfPage\":{\"@id\":\"https:\/\/blog.panrotas.com.br\/semreserva\/industria-de-viagens-quem-se-importa\/10-07-2013\/#webpage\"},\"wordCount\":978,\"commentCount\":0,\"publisher\":{\"@id\":\"http:\/\/blog.panrotas.com.br\/semreserva\/#organization\"},\"articleSection\":[\"Dia a dia\"],\"inLanguage\":\"pt-BR\",\"potentialAction\":[{\"@type\":\"CommentAction\",\"name\":\"Comment\",\"target\":[\"https:\/\/blog.panrotas.com.br\/semreserva\/industria-de-viagens-quem-se-importa\/10-07-2013\/#respond\"]}]},{\"@type\":\"Person\",\"@id\":\"http:\/\/blog.panrotas.com.br\/semreserva\/#\/schema\/person\/c93b4555f6a497d2d83c25dcb80f61ed\",\"name\":\"Artur Andrade\",\"image\":{\"@type\":\"ImageObject\",\"@id\":\"http:\/\/blog.panrotas.com.br\/semreserva\/#personlogo\",\"inLanguage\":\"pt-BR\",\"url\":\"https:\/\/secure.gravatar.com\/avatar\/a94564d630220cefd5c82f3452ac1ef4?s=96&d=mm&r=g\",\"contentUrl\":\"https:\/\/secure.gravatar.com\/avatar\/a94564d630220cefd5c82f3452ac1ef4?s=96&d=mm&r=g\",\"caption\":\"Artur Andrade\"},\"description\":\"Artur Luiz Andrade \\u00e9 carioca, taurino, jornalista e nasceu em 1969. \\u00c9 editor-chefe da PANROTAS Editora e mora em S\\u00e3o Paulo desde 1998\",\"sameAs\":[\"http:\/\/www.panrotas.com.br\"]}]}<\/script>\n<!-- \/ Yoast SEO plugin. -->","yoast_head_json":{"title":"IND\u00daSTRIA DE VIAGENS. QUEM SE IMPORTA? -","description":"IND\u00daSTRIA DE VIAGENS. QUEM SE IMPORTA?. Confira essa Mat\u00e9ria no Canal Sem reserva. \u27a4 Projeto em parceria com a PANROTAS.","robots":{"index":"index","follow":"follow","max-snippet":"max-snippet:-1","max-image-preview":"max-image-preview:large","max-video-preview":"max-video-preview:-1"},"canonical":"https:\/\/blog.panrotas.com.br\/semreserva\/industria-de-viagens-quem-se-importa\/10-07-2013\/","og_locale":"pt_BR","og_type":"article","og_title":"IND\u00daSTRIA DE VIAGENS. QUEM SE IMPORTA? -","og_description":"IND\u00daSTRIA DE VIAGENS. QUEM SE IMPORTA?. Confira essa Mat\u00e9ria no Canal Sem reserva. \u27a4 Projeto em parceria com a PANROTAS.","og_url":"https:\/\/blog.panrotas.com.br\/semreserva\/industria-de-viagens-quem-se-importa\/10-07-2013\/","og_site_name":"Sem reserva","article_publisher":"https:\/\/www.facebook.com\/portalpanrotas\/","article_published_time":"2013-07-10T22:19:03+00:00","twitter_card":"summary_large_image","twitter_creator":"@portalpanrotas","twitter_site":"@portalpanrotas","twitter_misc":{"Escrito por":"Artur Andrade","Est. tempo de leitura":"5 minutos"},"schema":{"@context":"https:\/\/schema.org","@graph":[{"@type":"Organization","@id":"http:\/\/blog.panrotas.com.br\/semreserva\/#organization","name":"Sem Reserva - Blog no Portal PANROTAS","url":"http:\/\/blog.panrotas.com.br\/semreserva\/","sameAs":["https:\/\/www.facebook.com\/portalpanrotas\/","https:\/\/www.instagram.com\/portalpanrotas\/","https:\/\/br.linkedin.com\/company\/panrotas","https:\/\/www.youtube.com\/tvpanrotas","https:\/\/twitter.com\/portalpanrotas"],"logo":{"@type":"ImageObject","@id":"http:\/\/blog.panrotas.com.br\/semreserva\/#logo","inLanguage":"pt-BR","url":"https:\/\/blog.panrotas.com.br\/semreserva\/wp-content\/uploads\/sites\/5\/2020\/06\/logo.png","contentUrl":"https:\/\/blog.panrotas.com.br\/semreserva\/wp-content\/uploads\/sites\/5\/2020\/06\/logo.png","width":259,"height":53,"caption":"Sem Reserva - Blog no Portal PANROTAS"},"image":{"@id":"http:\/\/blog.panrotas.com.br\/semreserva\/#logo"}},{"@type":"WebSite","@id":"http:\/\/blog.panrotas.com.br\/semreserva\/#website","url":"http:\/\/blog.panrotas.com.br\/semreserva\/","name":"Sem reserva","description":"Blogosfera PANROTAS","publisher":{"@id":"http:\/\/blog.panrotas.com.br\/semreserva\/#organization"},"potentialAction":[{"@type":"SearchAction","target":{"@type":"EntryPoint","urlTemplate":"http:\/\/blog.panrotas.com.br\/semreserva\/?s={search_term_string}"},"query-input":"required name=search_term_string"}],"inLanguage":"pt-BR"},{"@type":"WebPage","@id":"https:\/\/blog.panrotas.com.br\/semreserva\/industria-de-viagens-quem-se-importa\/10-07-2013\/#webpage","url":"https:\/\/blog.panrotas.com.br\/semreserva\/industria-de-viagens-quem-se-importa\/10-07-2013\/","name":"IND\u00daSTRIA DE VIAGENS. QUEM SE IMPORTA? -","isPartOf":{"@id":"http:\/\/blog.panrotas.com.br\/semreserva\/#website"},"datePublished":"2013-07-10T22:19:03+00:00","dateModified":"2013-07-10T22:19:03+00:00","description":"IND\u00daSTRIA DE VIAGENS. QUEM SE IMPORTA?. Confira essa Mat\u00e9ria no Canal Sem reserva. \u27a4 Projeto em parceria com a PANROTAS.","breadcrumb":{"@id":"https:\/\/blog.panrotas.com.br\/semreserva\/industria-de-viagens-quem-se-importa\/10-07-2013\/#breadcrumb"},"inLanguage":"pt-BR","potentialAction":[{"@type":"ReadAction","target":["https:\/\/blog.panrotas.com.br\/semreserva\/industria-de-viagens-quem-se-importa\/10-07-2013\/"]}]},{"@type":"BreadcrumbList","@id":"https:\/\/blog.panrotas.com.br\/semreserva\/industria-de-viagens-quem-se-importa\/10-07-2013\/#breadcrumb","itemListElement":[{"@type":"ListItem","position":1,"name":"Home do Blog","item":"http:\/\/blog.panrotas.com.br\/semreserva\/"},{"@type":"ListItem","position":2,"name":"Dia a dia","item":"https:\/\/blog.panrotas.com.br\/semreserva\/category\/dia-a-dia\/"},{"@type":"ListItem","position":3,"name":"IND\u00daSTRIA DE VIAGENS. QUEM SE IMPORTA?"}]},{"@type":"Article","@id":"https:\/\/blog.panrotas.com.br\/semreserva\/industria-de-viagens-quem-se-importa\/10-07-2013\/#article","isPartOf":{"@id":"https:\/\/blog.panrotas.com.br\/semreserva\/industria-de-viagens-quem-se-importa\/10-07-2013\/#webpage"},"author":{"@id":"http:\/\/blog.panrotas.com.br\/semreserva\/#\/schema\/person\/c93b4555f6a497d2d83c25dcb80f61ed"},"headline":"IND\u00daSTRIA DE VIAGENS. QUEM SE IMPORTA?","datePublished":"2013-07-10T22:19:03+00:00","dateModified":"2013-07-10T22:19:03+00:00","mainEntityOfPage":{"@id":"https:\/\/blog.panrotas.com.br\/semreserva\/industria-de-viagens-quem-se-importa\/10-07-2013\/#webpage"},"wordCount":978,"commentCount":0,"publisher":{"@id":"http:\/\/blog.panrotas.com.br\/semreserva\/#organization"},"articleSection":["Dia a dia"],"inLanguage":"pt-BR","potentialAction":[{"@type":"CommentAction","name":"Comment","target":["https:\/\/blog.panrotas.com.br\/semreserva\/industria-de-viagens-quem-se-importa\/10-07-2013\/#respond"]}]},{"@type":"Person","@id":"http:\/\/blog.panrotas.com.br\/semreserva\/#\/schema\/person\/c93b4555f6a497d2d83c25dcb80f61ed","name":"Artur Andrade","image":{"@type":"ImageObject","@id":"http:\/\/blog.panrotas.com.br\/semreserva\/#personlogo","inLanguage":"pt-BR","url":"https:\/\/secure.gravatar.com\/avatar\/a94564d630220cefd5c82f3452ac1ef4?s=96&d=mm&r=g","contentUrl":"https:\/\/secure.gravatar.com\/avatar\/a94564d630220cefd5c82f3452ac1ef4?s=96&d=mm&r=g","caption":"Artur Andrade"},"description":"Artur Luiz Andrade \u00e9 carioca, taurino, jornalista e nasceu em 1969. \u00c9 editor-chefe da PANROTAS Editora e mora em S\u00e3o Paulo desde 1998","sameAs":["http:\/\/www.panrotas.com.br"]}]}},"jetpack_featured_media_url":"","jetpack_shortlink":"https:\/\/wp.me\/p7idIU-Xh","_links":{"self":[{"href":"https:\/\/blog.panrotas.com.br\/semreserva\/wp-json\/wp\/v2\/posts\/3675"}],"collection":[{"href":"https:\/\/blog.panrotas.com.br\/semreserva\/wp-json\/wp\/v2\/posts"}],"about":[{"href":"https:\/\/blog.panrotas.com.br\/semreserva\/wp-json\/wp\/v2\/types\/post"}],"author":[{"embeddable":true,"href":"https:\/\/blog.panrotas.com.br\/semreserva\/wp-json\/wp\/v2\/users\/7"}],"replies":[{"embeddable":true,"href":"https:\/\/blog.panrotas.com.br\/semreserva\/wp-json\/wp\/v2\/comments?post=3675"}],"version-history":[{"count":0,"href":"https:\/\/blog.panrotas.com.br\/semreserva\/wp-json\/wp\/v2\/posts\/3675\/revisions"}],"wp:attachment":[{"href":"https:\/\/blog.panrotas.com.br\/semreserva\/wp-json\/wp\/v2\/media?parent=3675"}],"wp:term":[{"taxonomy":"category","embeddable":true,"href":"https:\/\/blog.panrotas.com.br\/semreserva\/wp-json\/wp\/v2\/categories?post=3675"},{"taxonomy":"post_tag","embeddable":true,"href":"https:\/\/blog.panrotas.com.br\/semreserva\/wp-json\/wp\/v2\/tags?post=3675"}],"curies":[{"name":"wp","href":"https:\/\/api.w.org\/{rel}","templated":true}]}}