{"id":3722,"date":"2013-08-04T22:21:29","date_gmt":"2013-08-05T01:21:29","guid":{"rendered":"http:\/\/blog.panrotas.com.br\/semreserva\/?p=3722"},"modified":"2013-08-04T22:21:29","modified_gmt":"2013-08-05T01:21:29","slug":"reuniao-em-brasilia-e-assim","status":"publish","type":"post","link":"https:\/\/blog.panrotas.com.br\/semreserva\/reuniao-em-brasilia-e-assim\/04-08-2013\/","title":{"rendered":"Reuni\u00e3o em Bras\u00edlia \u00e9 assim\u2026"},"content":{"rendered":"<p>1)\u00a0\u00a0\u00a0\u00a0\u00a0 Quem est\u00e1 falando n\u00e3o est\u00e1 realmente falando e sim discursando. Pior ainda os que leem os discursos. Ao abrir a boca em uma reuni\u00e3o na capital federal, parece que os pol\u00edticos ficam mais pol\u00edticos e quem n\u00e3o \u00e9 (ou tem aptid\u00e3o) mostra sua inaptid\u00e3o para a orat\u00f3ria. Os que falam com desenvoltura, como o presidente da Embratur, Fl\u00e1vio Dino, a quem sempre gosto de ouvir (concordando ou n\u00e3o com ele) saem na frente.<\/p>\n<p>2)\u00a0\u00a0\u00a0\u00a0\u00a0 Quem est\u00e1 escutando as falas da reuni\u00e3o (os discursos, na verdade) n\u00e3o est\u00e1 realmente escutando (at\u00e9 porque discurso s\u00f3 \u00e9 bom no primeiro minuto&#8230;). Fica aquela plateia com cara de s\u00e9rio mas o olhar no smartphone, no tablet ou buscando na sala o contato que lhe interessa.<\/p>\n<p>3)\u00a0\u00a0\u00a0\u00a0\u00a0 Depois de falar (discursar), ainda mais se h\u00e1 uma cr\u00edtica veemente no discurso, o orador rapidamente sai da sala por algum motivo. Assim, n\u00e3o ouve os coment\u00e1rios ou resposta (por direito) \u00e0s cr\u00edticas. Influ\u00eancia do Congresso. Fala-se, desce-se da plen\u00e1ria e volta-se ao gabinete. Tipo: recado dado. Mas sem retorno.<\/p>\n<p>4)\u00a0\u00a0\u00a0\u00a0\u00a0 Para se mostrar influente, durante a reuni\u00e3o voc\u00ea tem de levantar e cochichar no ouvido de algu\u00e9m (teoricamente) mais importante que voc\u00ea (naquele momento, ao menos). Se houver risadas de cumplicidade, ent\u00e3o, seu \u00edndice de poder vai subindo. N\u00e3o importa se tem algu\u00e9m falando (discursando), d\u00ea a volta na sala (pelo caminho mais longo), abaixe no ouvido do ministro (por exemplo) e conte uma piada para ele rir. V\u00e3o te achar o m\u00e1ximo (ou assim alguns acreditam).<\/p>\n<p>5)\u00a0\u00a0\u00a0\u00a0\u00a0 Alguns levantam em dire\u00e7\u00e3o \u00e0 fileira de autoridade e em vez de cumprimentar os cinco ou seis, fala apenas com um ou dois. N\u00e3o se surpreenda, provavelmente s\u00e3o esses dois que v\u00e3o assinar a libera\u00e7\u00e3o da verba para o projeto do interlocutor mal educado. Piscadinhas e acenos do outro lado da mesa tamb\u00e9m serve. Tem que se fazer presente. Tem at\u00e9 um ditado novo: diga-me quem abra\u00e7as em Bras\u00edlia, que te direi quem financia teu projeto (ou ao menos quem assina a libera\u00e7\u00e3o).<\/p>\n<p>6)\u00a0\u00a0\u00a0\u00a0\u00a0 Pedir a palavra para protestar contra quem n\u00e3o est\u00e1 presente tamb\u00e9m chama a aten\u00e7\u00e3o. N\u00e3o \u00e9 muito \u00e9tico, mas&#8230; estamos em Bras\u00edlia.<\/p>\n<p>7)\u00a0\u00a0\u00a0\u00a0\u00a0 Ser um dos primeiros a falar \u00e9 importante. Pois em Bras\u00edlia h\u00e1 sempre a desculpa: \u201cmeu voo sai tal hora\u201d. Do meio para o final, s\u00f3 fica quem mora na cidade ou tem tempo para ouvir todos os discursos. Todo mundo sabe que reuni\u00e3o longa n\u00e3o \u00e9 proveitosa&#8230; menos os pol\u00edticos de Bras\u00edlia.<\/p>\n<p>8)\u00a0\u00a0\u00a0\u00a0\u00a0 Se voc\u00ea \u00e9 importante leve ao menos um assessor, pois eles atendem telefone, passam informa\u00e7\u00f5es, levam recados&#8230; E salvam na hora H. Atender o telefone e sair da sala olhando para o infinito \u00e9 outra cena cl\u00e1ssica.<\/p>\n<p>9)\u00a0\u00a0\u00a0\u00a0\u00a0 N\u00e3o tem argumentos? Fa\u00e7a-se de injusti\u00e7ado e se a cara de pau for grande, diga que inventou a roda. Nesses poucos meses ou anos que est\u00e1 no poder, diga que reinventou o universo. Ningu\u00e9m ouve, ningu\u00e9m leva a s\u00e9rio. Mas reafirma o seu poder.<\/p>\n<p>10)\u00a0\u00a0 O problema maior \u00e9: na reuni\u00e3o seguinte, dois ou tr\u00eas podem ter sido substitu\u00eddos. Se for troca de governo ent\u00e3o&#8230; come\u00e7a-se tudo de novo. Do zero. E l\u00e1 v\u00eam discursos, discursos, discursos e o mesmo rito de sempre: reuni\u00f5es sem di\u00e1logo. O poder que est\u00e1 em gabinetes. Longe do que de fato acontece no Pa\u00eds. O Brasil de Bras\u00edlia \u00e9 outro. Mas temos de fazer essa viagem sempre que necess\u00e1rio, at\u00e9 porque quem est\u00e1 l\u00e1 deve satisfa\u00e7\u00e3o a todos n\u00f3s. Seja por causa de um centavo ou um milh\u00e3o de reais. Seja por uma carona de FAB, seja pela n\u00e3o continuidade de um projeto. Seja pela promessa n\u00e3o cumprida, seja pelo que poderia ser mas n\u00e3o \u00e9. Aqui que tem rem\u00e9dio, mas parece que nunca ter\u00e1.<\/p>\n","protected":false},"excerpt":{"rendered":"<p>1)\u00a0\u00a0\u00a0\u00a0\u00a0 Quem est\u00e1 falando n\u00e3o est\u00e1 realmente falando e sim discursando. Pior ainda os que leem os discursos. Ao abrir a boca em uma reuni\u00e3o na capital federal, parece que os pol\u00edticos ficam mais pol\u00edticos e quem n\u00e3o \u00e9 (ou tem aptid\u00e3o) mostra sua inaptid\u00e3o para a orat\u00f3ria. Os que falam com desenvoltura, como o [&hellip;]<\/p>\n","protected":false},"author":7,"featured_media":0,"comment_status":"open","ping_status":"open","sticky":false,"template":"","format":"standard","meta":{"spay_email":""},"categories":[2],"tags":[],"yoast_head":"<!-- This site is optimized with the Yoast SEO plugin v17.3 - https:\/\/yoast.com\/wordpress\/plugins\/seo\/ -->\n<title>Reuni\u00e3o em Bras\u00edlia \u00e9 assim\u2026 -<\/title>\n<meta name=\"description\" content=\"Reuni\u00e3o em Bras\u00edlia \u00e9 assim\u2026. Confira essa Mat\u00e9ria no Canal Sem reserva. \u27a4 Projeto em parceria com a PANROTAS.\" \/>\n<meta name=\"robots\" content=\"index, follow, max-snippet:-1, max-image-preview:large, max-video-preview:-1\" \/>\n<link rel=\"canonical\" href=\"https:\/\/blog.panrotas.com.br\/semreserva\/reuniao-em-brasilia-e-assim\/04-08-2013\/\" \/>\n<meta property=\"og:locale\" content=\"pt_BR\" \/>\n<meta property=\"og:type\" content=\"article\" \/>\n<meta property=\"og:title\" content=\"Reuni\u00e3o em Bras\u00edlia \u00e9 assim\u2026 -\" \/>\n<meta property=\"og:description\" content=\"Reuni\u00e3o em Bras\u00edlia \u00e9 assim\u2026. Confira essa Mat\u00e9ria no Canal Sem reserva. \u27a4 Projeto em parceria com a PANROTAS.\" \/>\n<meta property=\"og:url\" content=\"https:\/\/blog.panrotas.com.br\/semreserva\/reuniao-em-brasilia-e-assim\/04-08-2013\/\" \/>\n<meta property=\"og:site_name\" content=\"Sem reserva\" \/>\n<meta property=\"article:publisher\" content=\"https:\/\/www.facebook.com\/portalpanrotas\/\" \/>\n<meta property=\"article:published_time\" content=\"2013-08-05T01:21:29+00:00\" \/>\n<meta name=\"twitter:card\" content=\"summary_large_image\" \/>\n<meta name=\"twitter:creator\" content=\"@portalpanrotas\" \/>\n<meta name=\"twitter:site\" content=\"@portalpanrotas\" \/>\n<meta name=\"twitter:label1\" content=\"Escrito por\" \/>\n\t<meta name=\"twitter:data1\" content=\"Artur Andrade\" \/>\n\t<meta name=\"twitter:label2\" content=\"Est. tempo de leitura\" \/>\n\t<meta name=\"twitter:data2\" content=\"3 minutos\" \/>\n<script type=\"application\/ld+json\" class=\"yoast-schema-graph\">{\"@context\":\"https:\/\/schema.org\",\"@graph\":[{\"@type\":\"Organization\",\"@id\":\"http:\/\/blog.panrotas.com.br\/semreserva\/#organization\",\"name\":\"Sem Reserva - Blog no Portal PANROTAS\",\"url\":\"http:\/\/blog.panrotas.com.br\/semreserva\/\",\"sameAs\":[\"https:\/\/www.facebook.com\/portalpanrotas\/\",\"https:\/\/www.instagram.com\/portalpanrotas\/\",\"https:\/\/br.linkedin.com\/company\/panrotas\",\"https:\/\/www.youtube.com\/tvpanrotas\",\"https:\/\/twitter.com\/portalpanrotas\"],\"logo\":{\"@type\":\"ImageObject\",\"@id\":\"http:\/\/blog.panrotas.com.br\/semreserva\/#logo\",\"inLanguage\":\"pt-BR\",\"url\":\"https:\/\/blog.panrotas.com.br\/semreserva\/wp-content\/uploads\/sites\/5\/2020\/06\/logo.png\",\"contentUrl\":\"https:\/\/blog.panrotas.com.br\/semreserva\/wp-content\/uploads\/sites\/5\/2020\/06\/logo.png\",\"width\":259,\"height\":53,\"caption\":\"Sem Reserva - Blog no Portal PANROTAS\"},\"image\":{\"@id\":\"http:\/\/blog.panrotas.com.br\/semreserva\/#logo\"}},{\"@type\":\"WebSite\",\"@id\":\"http:\/\/blog.panrotas.com.br\/semreserva\/#website\",\"url\":\"http:\/\/blog.panrotas.com.br\/semreserva\/\",\"name\":\"Sem reserva\",\"description\":\"Blogosfera PANROTAS\",\"publisher\":{\"@id\":\"http:\/\/blog.panrotas.com.br\/semreserva\/#organization\"},\"potentialAction\":[{\"@type\":\"SearchAction\",\"target\":{\"@type\":\"EntryPoint\",\"urlTemplate\":\"http:\/\/blog.panrotas.com.br\/semreserva\/?s={search_term_string}\"},\"query-input\":\"required name=search_term_string\"}],\"inLanguage\":\"pt-BR\"},{\"@type\":\"WebPage\",\"@id\":\"https:\/\/blog.panrotas.com.br\/semreserva\/reuniao-em-brasilia-e-assim\/04-08-2013\/#webpage\",\"url\":\"https:\/\/blog.panrotas.com.br\/semreserva\/reuniao-em-brasilia-e-assim\/04-08-2013\/\",\"name\":\"Reuni\\u00e3o em Bras\\u00edlia \\u00e9 assim\\u2026 -\",\"isPartOf\":{\"@id\":\"http:\/\/blog.panrotas.com.br\/semreserva\/#website\"},\"datePublished\":\"2013-08-05T01:21:29+00:00\",\"dateModified\":\"2013-08-05T01:21:29+00:00\",\"description\":\"Reuni\\u00e3o em Bras\\u00edlia \\u00e9 assim\\u2026. Confira essa Mat\\u00e9ria no Canal Sem reserva. \\u27a4 Projeto em parceria com a PANROTAS.\",\"breadcrumb\":{\"@id\":\"https:\/\/blog.panrotas.com.br\/semreserva\/reuniao-em-brasilia-e-assim\/04-08-2013\/#breadcrumb\"},\"inLanguage\":\"pt-BR\",\"potentialAction\":[{\"@type\":\"ReadAction\",\"target\":[\"https:\/\/blog.panrotas.com.br\/semreserva\/reuniao-em-brasilia-e-assim\/04-08-2013\/\"]}]},{\"@type\":\"BreadcrumbList\",\"@id\":\"https:\/\/blog.panrotas.com.br\/semreserva\/reuniao-em-brasilia-e-assim\/04-08-2013\/#breadcrumb\",\"itemListElement\":[{\"@type\":\"ListItem\",\"position\":1,\"name\":\"Home do Blog\",\"item\":\"http:\/\/blog.panrotas.com.br\/semreserva\/\"},{\"@type\":\"ListItem\",\"position\":2,\"name\":\"Dia a dia\",\"item\":\"https:\/\/blog.panrotas.com.br\/semreserva\/category\/dia-a-dia\/\"},{\"@type\":\"ListItem\",\"position\":3,\"name\":\"Reuni\\u00e3o em Bras\\u00edlia \\u00e9 assim\\u2026\"}]},{\"@type\":\"Article\",\"@id\":\"https:\/\/blog.panrotas.com.br\/semreserva\/reuniao-em-brasilia-e-assim\/04-08-2013\/#article\",\"isPartOf\":{\"@id\":\"https:\/\/blog.panrotas.com.br\/semreserva\/reuniao-em-brasilia-e-assim\/04-08-2013\/#webpage\"},\"author\":{\"@id\":\"http:\/\/blog.panrotas.com.br\/semreserva\/#\/schema\/person\/c93b4555f6a497d2d83c25dcb80f61ed\"},\"headline\":\"Reuni\\u00e3o em Bras\\u00edlia \\u00e9 assim\\u2026\",\"datePublished\":\"2013-08-05T01:21:29+00:00\",\"dateModified\":\"2013-08-05T01:21:29+00:00\",\"mainEntityOfPage\":{\"@id\":\"https:\/\/blog.panrotas.com.br\/semreserva\/reuniao-em-brasilia-e-assim\/04-08-2013\/#webpage\"},\"wordCount\":678,\"commentCount\":0,\"publisher\":{\"@id\":\"http:\/\/blog.panrotas.com.br\/semreserva\/#organization\"},\"articleSection\":[\"Dia a dia\"],\"inLanguage\":\"pt-BR\",\"potentialAction\":[{\"@type\":\"CommentAction\",\"name\":\"Comment\",\"target\":[\"https:\/\/blog.panrotas.com.br\/semreserva\/reuniao-em-brasilia-e-assim\/04-08-2013\/#respond\"]}]},{\"@type\":\"Person\",\"@id\":\"http:\/\/blog.panrotas.com.br\/semreserva\/#\/schema\/person\/c93b4555f6a497d2d83c25dcb80f61ed\",\"name\":\"Artur Andrade\",\"image\":{\"@type\":\"ImageObject\",\"@id\":\"http:\/\/blog.panrotas.com.br\/semreserva\/#personlogo\",\"inLanguage\":\"pt-BR\",\"url\":\"https:\/\/secure.gravatar.com\/avatar\/a94564d630220cefd5c82f3452ac1ef4?s=96&d=mm&r=g\",\"contentUrl\":\"https:\/\/secure.gravatar.com\/avatar\/a94564d630220cefd5c82f3452ac1ef4?s=96&d=mm&r=g\",\"caption\":\"Artur Andrade\"},\"description\":\"Artur Luiz Andrade \\u00e9 carioca, taurino, jornalista e nasceu em 1969. \\u00c9 editor-chefe da PANROTAS Editora e mora em S\\u00e3o Paulo desde 1998\",\"sameAs\":[\"http:\/\/www.panrotas.com.br\"]}]}<\/script>\n<!-- \/ Yoast SEO plugin. -->","yoast_head_json":{"title":"Reuni\u00e3o em Bras\u00edlia \u00e9 assim\u2026 -","description":"Reuni\u00e3o em Bras\u00edlia \u00e9 assim\u2026. Confira essa Mat\u00e9ria no Canal Sem reserva. \u27a4 Projeto em parceria com a PANROTAS.","robots":{"index":"index","follow":"follow","max-snippet":"max-snippet:-1","max-image-preview":"max-image-preview:large","max-video-preview":"max-video-preview:-1"},"canonical":"https:\/\/blog.panrotas.com.br\/semreserva\/reuniao-em-brasilia-e-assim\/04-08-2013\/","og_locale":"pt_BR","og_type":"article","og_title":"Reuni\u00e3o em Bras\u00edlia \u00e9 assim\u2026 -","og_description":"Reuni\u00e3o em Bras\u00edlia \u00e9 assim\u2026. Confira essa Mat\u00e9ria no Canal Sem reserva. \u27a4 Projeto em parceria com a PANROTAS.","og_url":"https:\/\/blog.panrotas.com.br\/semreserva\/reuniao-em-brasilia-e-assim\/04-08-2013\/","og_site_name":"Sem reserva","article_publisher":"https:\/\/www.facebook.com\/portalpanrotas\/","article_published_time":"2013-08-05T01:21:29+00:00","twitter_card":"summary_large_image","twitter_creator":"@portalpanrotas","twitter_site":"@portalpanrotas","twitter_misc":{"Escrito por":"Artur Andrade","Est. tempo de leitura":"3 minutos"},"schema":{"@context":"https:\/\/schema.org","@graph":[{"@type":"Organization","@id":"http:\/\/blog.panrotas.com.br\/semreserva\/#organization","name":"Sem Reserva - Blog no Portal PANROTAS","url":"http:\/\/blog.panrotas.com.br\/semreserva\/","sameAs":["https:\/\/www.facebook.com\/portalpanrotas\/","https:\/\/www.instagram.com\/portalpanrotas\/","https:\/\/br.linkedin.com\/company\/panrotas","https:\/\/www.youtube.com\/tvpanrotas","https:\/\/twitter.com\/portalpanrotas"],"logo":{"@type":"ImageObject","@id":"http:\/\/blog.panrotas.com.br\/semreserva\/#logo","inLanguage":"pt-BR","url":"https:\/\/blog.panrotas.com.br\/semreserva\/wp-content\/uploads\/sites\/5\/2020\/06\/logo.png","contentUrl":"https:\/\/blog.panrotas.com.br\/semreserva\/wp-content\/uploads\/sites\/5\/2020\/06\/logo.png","width":259,"height":53,"caption":"Sem Reserva - Blog no Portal PANROTAS"},"image":{"@id":"http:\/\/blog.panrotas.com.br\/semreserva\/#logo"}},{"@type":"WebSite","@id":"http:\/\/blog.panrotas.com.br\/semreserva\/#website","url":"http:\/\/blog.panrotas.com.br\/semreserva\/","name":"Sem reserva","description":"Blogosfera PANROTAS","publisher":{"@id":"http:\/\/blog.panrotas.com.br\/semreserva\/#organization"},"potentialAction":[{"@type":"SearchAction","target":{"@type":"EntryPoint","urlTemplate":"http:\/\/blog.panrotas.com.br\/semreserva\/?s={search_term_string}"},"query-input":"required name=search_term_string"}],"inLanguage":"pt-BR"},{"@type":"WebPage","@id":"https:\/\/blog.panrotas.com.br\/semreserva\/reuniao-em-brasilia-e-assim\/04-08-2013\/#webpage","url":"https:\/\/blog.panrotas.com.br\/semreserva\/reuniao-em-brasilia-e-assim\/04-08-2013\/","name":"Reuni\u00e3o em Bras\u00edlia \u00e9 assim\u2026 -","isPartOf":{"@id":"http:\/\/blog.panrotas.com.br\/semreserva\/#website"},"datePublished":"2013-08-05T01:21:29+00:00","dateModified":"2013-08-05T01:21:29+00:00","description":"Reuni\u00e3o em Bras\u00edlia \u00e9 assim\u2026. Confira essa Mat\u00e9ria no Canal Sem reserva. \u27a4 Projeto em parceria com a PANROTAS.","breadcrumb":{"@id":"https:\/\/blog.panrotas.com.br\/semreserva\/reuniao-em-brasilia-e-assim\/04-08-2013\/#breadcrumb"},"inLanguage":"pt-BR","potentialAction":[{"@type":"ReadAction","target":["https:\/\/blog.panrotas.com.br\/semreserva\/reuniao-em-brasilia-e-assim\/04-08-2013\/"]}]},{"@type":"BreadcrumbList","@id":"https:\/\/blog.panrotas.com.br\/semreserva\/reuniao-em-brasilia-e-assim\/04-08-2013\/#breadcrumb","itemListElement":[{"@type":"ListItem","position":1,"name":"Home do Blog","item":"http:\/\/blog.panrotas.com.br\/semreserva\/"},{"@type":"ListItem","position":2,"name":"Dia a dia","item":"https:\/\/blog.panrotas.com.br\/semreserva\/category\/dia-a-dia\/"},{"@type":"ListItem","position":3,"name":"Reuni\u00e3o em Bras\u00edlia \u00e9 assim\u2026"}]},{"@type":"Article","@id":"https:\/\/blog.panrotas.com.br\/semreserva\/reuniao-em-brasilia-e-assim\/04-08-2013\/#article","isPartOf":{"@id":"https:\/\/blog.panrotas.com.br\/semreserva\/reuniao-em-brasilia-e-assim\/04-08-2013\/#webpage"},"author":{"@id":"http:\/\/blog.panrotas.com.br\/semreserva\/#\/schema\/person\/c93b4555f6a497d2d83c25dcb80f61ed"},"headline":"Reuni\u00e3o em Bras\u00edlia \u00e9 assim\u2026","datePublished":"2013-08-05T01:21:29+00:00","dateModified":"2013-08-05T01:21:29+00:00","mainEntityOfPage":{"@id":"https:\/\/blog.panrotas.com.br\/semreserva\/reuniao-em-brasilia-e-assim\/04-08-2013\/#webpage"},"wordCount":678,"commentCount":0,"publisher":{"@id":"http:\/\/blog.panrotas.com.br\/semreserva\/#organization"},"articleSection":["Dia a dia"],"inLanguage":"pt-BR","potentialAction":[{"@type":"CommentAction","name":"Comment","target":["https:\/\/blog.panrotas.com.br\/semreserva\/reuniao-em-brasilia-e-assim\/04-08-2013\/#respond"]}]},{"@type":"Person","@id":"http:\/\/blog.panrotas.com.br\/semreserva\/#\/schema\/person\/c93b4555f6a497d2d83c25dcb80f61ed","name":"Artur Andrade","image":{"@type":"ImageObject","@id":"http:\/\/blog.panrotas.com.br\/semreserva\/#personlogo","inLanguage":"pt-BR","url":"https:\/\/secure.gravatar.com\/avatar\/a94564d630220cefd5c82f3452ac1ef4?s=96&d=mm&r=g","contentUrl":"https:\/\/secure.gravatar.com\/avatar\/a94564d630220cefd5c82f3452ac1ef4?s=96&d=mm&r=g","caption":"Artur Andrade"},"description":"Artur Luiz Andrade \u00e9 carioca, taurino, jornalista e nasceu em 1969. \u00c9 editor-chefe da PANROTAS Editora e mora em S\u00e3o Paulo desde 1998","sameAs":["http:\/\/www.panrotas.com.br"]}]}},"jetpack_featured_media_url":"","jetpack_shortlink":"https:\/\/wp.me\/p7idIU-Y2","_links":{"self":[{"href":"https:\/\/blog.panrotas.com.br\/semreserva\/wp-json\/wp\/v2\/posts\/3722"}],"collection":[{"href":"https:\/\/blog.panrotas.com.br\/semreserva\/wp-json\/wp\/v2\/posts"}],"about":[{"href":"https:\/\/blog.panrotas.com.br\/semreserva\/wp-json\/wp\/v2\/types\/post"}],"author":[{"embeddable":true,"href":"https:\/\/blog.panrotas.com.br\/semreserva\/wp-json\/wp\/v2\/users\/7"}],"replies":[{"embeddable":true,"href":"https:\/\/blog.panrotas.com.br\/semreserva\/wp-json\/wp\/v2\/comments?post=3722"}],"version-history":[{"count":0,"href":"https:\/\/blog.panrotas.com.br\/semreserva\/wp-json\/wp\/v2\/posts\/3722\/revisions"}],"wp:attachment":[{"href":"https:\/\/blog.panrotas.com.br\/semreserva\/wp-json\/wp\/v2\/media?parent=3722"}],"wp:term":[{"taxonomy":"category","embeddable":true,"href":"https:\/\/blog.panrotas.com.br\/semreserva\/wp-json\/wp\/v2\/categories?post=3722"},{"taxonomy":"post_tag","embeddable":true,"href":"https:\/\/blog.panrotas.com.br\/semreserva\/wp-json\/wp\/v2\/tags?post=3722"}],"curies":[{"name":"wp","href":"https:\/\/api.w.org\/{rel}","templated":true}]}}